{"id":5036,"date":"2014-11-11T17:42:22","date_gmt":"2014-11-11T16:42:22","guid":{"rendered":"http:\/\/www.eel-fotografie.de\/?p=5036"},"modified":"2016-12-05T11:33:04","modified_gmt":"2016-12-05T10:33:04","slug":"eintracht-frankfurt-fc-bayern-muenchen-04","status":"publish","type":"post","link":"http:\/\/www.eel-fotografie.de\/wp2\/eintracht-frankfurt-fc-bayern-muenchen-04\/","title":{"rendered":"Eintracht Frankfurt &#8211; FC Bayern M\u00fcnchen 0:4"},"content":{"rendered":"<p style=\"text-align: justify;\">Ohne gr\u00f6\u00dferen Aufwand besiegte der FC Bayern M\u00fcnchen am 11. Spieltag der Fussball Bundesliga die Frankfurter Eintracht. Nationalspieler Thomas M\u00fcller erzielte 3 Tore, f\u00fcr den Endstand zum 0:4 sorgte Xherdan Shaqiri.<\/p>\n<p style=\"text-align: justify;\"><div class=\"nextgen_pro_thumbnail_grid\" id=\"displayed_gallery_d5359f2cc9cb7a7c93af9d5c68aba8a2\"><div id=\"ngg-image-0\" class=\"image-wrapper\"><a href=\"http:\/\/www.eel-fotografie.de\/wp2\/wp-content\/gallery\/post_11_11_2014_sge_fc_bayern-muenchen\/DSC_6990.jpg\"\n               title=\"&lt;font&gt;\u00a9 eel-fotografie&lt;\/font&gt;\"\n               data-src=\"http:\/\/www.eel-fotografie.de\/wp2\/wp-content\/gallery\/post_11_11_2014_sge_fc_bayern-muenchen\/DSC_6990.jpg\"\n               data-thumbnail=\"http:\/\/www.eel-fotografie.de\/wp2\/wp-content\/gallery\/post_11_11_2014_sge_fc_bayern-muenchen\/thumbs\/thumbs_DSC_6990.jpg\"\n               data-image-id=\"1568\"\n               data-title=\"DSC_6990 | \u00a9 eel-fotografie\"\n               data-description=\"&lt;font&gt;\u00a9 eel-fotografie&lt;\/font&gt;\"\n               class=\"shutterset_d5359f2cc9cb7a7c93af9d5c68aba8a2\" data-ngg-protect=\"1\"><picture><source srcset='http:\/\/www.eel-fotografie.de\/wp2\/wp-content\/gallery\/post_11_11_2014_sge_fc_bayern-muenchen\/cache\/DSC_6990.jpg-nggid041568-ngg0dyn-120x90x100-00f0w010c011r110f110r010t010.jpg' media=''><img title=\"DSC_6990 | \u00a9 eel-fotografie\" alt=\"DSC_6990 | \u00a9 eel-fotografie\" width=\"120\" height=\"90\" style=\"max-width:120px;max-height:90px\" src=\"http:\/\/www.eel-fotografie.de\/wp2\/wp-content\/gallery\/post_11_11_2014_sge_fc_bayern-muenchen\/cache\/DSC_6990.jpg-nggid041568-ngg0dyn-120x90x100-00f0w010c011r110f110r010t010.jpg\" srcset=\"http:\/\/www.eel-fotografie.de\/wp2\/wp-content\/gallery\/post_11_11_2014_sge_fc_bayern-muenchen\/cache\/DSC_6990.jpg-nggid041568-ngg0dyn-120x90x100-00f0w010c011r110f110r010t010.jpg\" onerror=\"nggRetryFailedImage(this);\"\/><\/picture>                <noscript><img src=\"http:\/\/www.eel-fotografie.de\/wp2\/wp-content\/gallery\/post_11_11_2014_sge_fc_bayern-muenchen\/cache\/DSC_6990.jpg-nggid041568-ngg0dyn-120x90x100-00f0w010c011r110f110r010t010.jpg\"\n                         title=\"DSC_6990 | \u00a9 eel-fotografie\"\n                         alt=\"DSC_6990 | \u00a9 eel-fotografie\"\n                         width=\"120\"\n                         height=\"90\"\n                         style=\"max-width:100%; height: auto;\"\/><\/noscript><\/a><\/div><div id=\"ngg-image-1\" class=\"image-wrapper\"><a href=\"http:\/\/www.eel-fotografie.de\/wp2\/wp-content\/gallery\/post_11_11_2014_sge_fc_bayern-muenchen\/DSC_7064.jpg\"\n               title=\"&lt;font&gt;\u00a9 eel-fotografie&lt;\/font&gt;\"\n               data-src=\"http:\/\/www.eel-fotografie.de\/wp2\/wp-content\/gallery\/post_11_11_2014_sge_fc_bayern-muenchen\/DSC_7064.jpg\"\n               data-thumbnail=\"http:\/\/www.eel-fotografie.de\/wp2\/wp-content\/gallery\/post_11_11_2014_sge_fc_bayern-muenchen\/thumbs\/thumbs_DSC_7064.jpg\"\n               data-image-id=\"1571\"\n               data-title=\"DSC_7064 | \u00a9 eel-fotografie\"\n               data-description=\"&lt;font&gt;\u00a9 eel-fotografie&lt;\/font&gt;\"\n               class=\"shutterset_d5359f2cc9cb7a7c93af9d5c68aba8a2\" data-ngg-protect=\"1\"><picture><source srcset='http:\/\/www.eel-fotografie.de\/wp2\/wp-content\/gallery\/post_11_11_2014_sge_fc_bayern-muenchen\/cache\/DSC_7064.jpg-nggid041571-ngg0dyn-120x90x100-00f0w010c011r110f110r010t010.jpg' media=''><img title=\"DSC_7064 | \u00a9 eel-fotografie\" alt=\"DSC_7064 | \u00a9 eel-fotografie\" width=\"120\" height=\"90\" style=\"max-width:120px;max-height:90px\" src=\"http:\/\/www.eel-fotografie.de\/wp2\/wp-content\/gallery\/post_11_11_2014_sge_fc_bayern-muenchen\/cache\/DSC_7064.jpg-nggid041571-ngg0dyn-120x90x100-00f0w010c011r110f110r010t010.jpg\" srcset=\"http:\/\/www.eel-fotografie.de\/wp2\/wp-content\/gallery\/post_11_11_2014_sge_fc_bayern-muenchen\/cache\/DSC_7064.jpg-nggid041571-ngg0dyn-120x90x100-00f0w010c011r110f110r010t010.jpg\" onerror=\"nggRetryFailedImage(this);\"\/><\/picture>                <noscript><img src=\"http:\/\/www.eel-fotografie.de\/wp2\/wp-content\/gallery\/post_11_11_2014_sge_fc_bayern-muenchen\/cache\/DSC_7064.jpg-nggid041571-ngg0dyn-120x90x100-00f0w010c011r110f110r010t010.jpg\"\n                         title=\"DSC_7064 | \u00a9 eel-fotografie\"\n                         alt=\"DSC_7064 | \u00a9 eel-fotografie\"\n                         width=\"120\"\n                         height=\"90\"\n                         style=\"max-width:100%; height: auto;\"\/><\/noscript><\/a><\/div><div id=\"ngg-image-2\" class=\"image-wrapper\"><a href=\"http:\/\/www.eel-fotografie.de\/wp2\/wp-content\/gallery\/post_11_11_2014_sge_fc_bayern-muenchen\/DSC_7015.jpg\"\n               title=\"&lt;font&gt;\u00a9 eel-fotografie&lt;\/font&gt;\"\n               data-src=\"http:\/\/www.eel-fotografie.de\/wp2\/wp-content\/gallery\/post_11_11_2014_sge_fc_bayern-muenchen\/DSC_7015.jpg\"\n               data-thumbnail=\"http:\/\/www.eel-fotografie.de\/wp2\/wp-content\/gallery\/post_11_11_2014_sge_fc_bayern-muenchen\/thumbs\/thumbs_DSC_7015.jpg\"\n               data-image-id=\"1569\"\n               data-title=\"DSC_7015 | \u00a9 eel-fotografie\"\n               data-description=\"&lt;font&gt;\u00a9 eel-fotografie&lt;\/font&gt;\"\n               class=\"shutterset_d5359f2cc9cb7a7c93af9d5c68aba8a2\" data-ngg-protect=\"1\"><picture><source srcset='http:\/\/www.eel-fotografie.de\/wp2\/wp-content\/gallery\/post_11_11_2014_sge_fc_bayern-muenchen\/cache\/DSC_7015.jpg-nggid041569-ngg0dyn-120x90x100-00f0w010c011r110f110r010t010.jpg' media=''><img title=\"DSC_7015 | \u00a9 eel-fotografie\" alt=\"DSC_7015 | \u00a9 eel-fotografie\" width=\"120\" height=\"90\" style=\"max-width:120px;max-height:90px\" src=\"http:\/\/www.eel-fotografie.de\/wp2\/wp-content\/gallery\/post_11_11_2014_sge_fc_bayern-muenchen\/cache\/DSC_7015.jpg-nggid041569-ngg0dyn-120x90x100-00f0w010c011r110f110r010t010.jpg\" srcset=\"http:\/\/www.eel-fotografie.de\/wp2\/wp-content\/gallery\/post_11_11_2014_sge_fc_bayern-muenchen\/cache\/DSC_7015.jpg-nggid041569-ngg0dyn-120x90x100-00f0w010c011r110f110r010t010.jpg\" onerror=\"nggRetryFailedImage(this);\"\/><\/picture>                <noscript><img src=\"http:\/\/www.eel-fotografie.de\/wp2\/wp-content\/gallery\/post_11_11_2014_sge_fc_bayern-muenchen\/cache\/DSC_7015.jpg-nggid041569-ngg0dyn-120x90x100-00f0w010c011r110f110r010t010.jpg\"\n                         title=\"DSC_7015 | \u00a9 eel-fotografie\"\n                         alt=\"DSC_7015 | \u00a9 eel-fotografie\"\n                         width=\"120\"\n                         height=\"90\"\n                         style=\"max-width:100%; height: auto;\"\/><\/noscript><\/a><\/div><div id=\"ngg-image-3\" class=\"image-wrapper\"><a href=\"http:\/\/www.eel-fotografie.de\/wp2\/wp-content\/gallery\/post_11_11_2014_sge_fc_bayern-muenchen\/DSC_6985.jpg\"\n               title=\"&lt;font&gt;\u00a9 eel-fotografie&lt;\/font&gt;\"\n               data-src=\"http:\/\/www.eel-fotografie.de\/wp2\/wp-content\/gallery\/post_11_11_2014_sge_fc_bayern-muenchen\/DSC_6985.jpg\"\n               data-thumbnail=\"http:\/\/www.eel-fotografie.de\/wp2\/wp-content\/gallery\/post_11_11_2014_sge_fc_bayern-muenchen\/thumbs\/thumbs_DSC_6985.jpg\"\n               data-image-id=\"1567\"\n               data-title=\"DSC_6985 | \u00a9 eel-fotografie\"\n               data-description=\"&lt;font&gt;\u00a9 eel-fotografie&lt;\/font&gt;\"\n               class=\"shutterset_d5359f2cc9cb7a7c93af9d5c68aba8a2\" data-ngg-protect=\"1\"><picture><source srcset='http:\/\/www.eel-fotografie.de\/wp2\/wp-content\/gallery\/post_11_11_2014_sge_fc_bayern-muenchen\/cache\/DSC_6985.jpg-nggid041567-ngg0dyn-120x90x100-00f0w010c011r110f110r010t010.jpg' media=''><img title=\"DSC_6985 | \u00a9 eel-fotografie\" alt=\"DSC_6985 | \u00a9 eel-fotografie\" width=\"120\" height=\"90\" style=\"max-width:120px;max-height:90px\" src=\"http:\/\/www.eel-fotografie.de\/wp2\/wp-content\/gallery\/post_11_11_2014_sge_fc_bayern-muenchen\/cache\/DSC_6985.jpg-nggid041567-ngg0dyn-120x90x100-00f0w010c011r110f110r010t010.jpg\" srcset=\"http:\/\/www.eel-fotografie.de\/wp2\/wp-content\/gallery\/post_11_11_2014_sge_fc_bayern-muenchen\/cache\/DSC_6985.jpg-nggid041567-ngg0dyn-120x90x100-00f0w010c011r110f110r010t010.jpg\" onerror=\"nggRetryFailedImage(this);\"\/><\/picture>                <noscript><img src=\"http:\/\/www.eel-fotografie.de\/wp2\/wp-content\/gallery\/post_11_11_2014_sge_fc_bayern-muenchen\/cache\/DSC_6985.jpg-nggid041567-ngg0dyn-120x90x100-00f0w010c011r110f110r010t010.jpg\"\n                         title=\"DSC_6985 | \u00a9 eel-fotografie\"\n                         alt=\"DSC_6985 | \u00a9 eel-fotografie\"\n                         width=\"120\"\n                         height=\"90\"\n                         style=\"max-width:100%; height: auto;\"\/><\/noscript><\/a><\/div><br style='clear: both'\/><div id=\"ngg-image-4\" class=\"image-wrapper\"><a href=\"http:\/\/www.eel-fotografie.de\/wp2\/wp-content\/gallery\/post_11_11_2014_sge_fc_bayern-muenchen\/DSC_0940.jpg\"\n               title=\"&lt;font&gt;\u00a9 eel-fotografie&lt;\/font&gt;\"\n               data-src=\"http:\/\/www.eel-fotografie.de\/wp2\/wp-content\/gallery\/post_11_11_2014_sge_fc_bayern-muenchen\/DSC_0940.jpg\"\n               data-thumbnail=\"http:\/\/www.eel-fotografie.de\/wp2\/wp-content\/gallery\/post_11_11_2014_sge_fc_bayern-muenchen\/thumbs\/thumbs_DSC_0940.jpg\"\n               data-image-id=\"1566\"\n               data-title=\"DSC_0940 | \u00a9 eel-fotografie\"\n               data-description=\"&lt;font&gt;\u00a9 eel-fotografie&lt;\/font&gt;\"\n               class=\"shutterset_d5359f2cc9cb7a7c93af9d5c68aba8a2\" data-ngg-protect=\"1\"><picture><source srcset='http:\/\/www.eel-fotografie.de\/wp2\/wp-content\/gallery\/post_11_11_2014_sge_fc_bayern-muenchen\/cache\/DSC_0940.jpg-nggid041566-ngg0dyn-120x90x100-00f0w010c011r110f110r010t010.jpg' media=''><img title=\"DSC_0940 | \u00a9 eel-fotografie\" alt=\"DSC_0940 | \u00a9 eel-fotografie\" width=\"120\" height=\"90\" style=\"max-width:120px;max-height:90px\" src=\"http:\/\/www.eel-fotografie.de\/wp2\/wp-content\/gallery\/post_11_11_2014_sge_fc_bayern-muenchen\/cache\/DSC_0940.jpg-nggid041566-ngg0dyn-120x90x100-00f0w010c011r110f110r010t010.jpg\" srcset=\"http:\/\/www.eel-fotografie.de\/wp2\/wp-content\/gallery\/post_11_11_2014_sge_fc_bayern-muenchen\/cache\/DSC_0940.jpg-nggid041566-ngg0dyn-120x90x100-00f0w010c011r110f110r010t010.jpg\" onerror=\"nggRetryFailedImage(this);\"\/><\/picture>                <noscript><img src=\"http:\/\/www.eel-fotografie.de\/wp2\/wp-content\/gallery\/post_11_11_2014_sge_fc_bayern-muenchen\/cache\/DSC_0940.jpg-nggid041566-ngg0dyn-120x90x100-00f0w010c011r110f110r010t010.jpg\"\n                         title=\"DSC_0940 | \u00a9 eel-fotografie\"\n                         alt=\"DSC_0940 | \u00a9 eel-fotografie\"\n                         width=\"120\"\n                         height=\"90\"\n                         style=\"max-width:100%; height: auto;\"\/><\/noscript><\/a><\/div><div id=\"ngg-image-5\" class=\"image-wrapper\"><a href=\"http:\/\/www.eel-fotografie.de\/wp2\/wp-content\/gallery\/post_11_11_2014_sge_fc_bayern-muenchen\/DSC_7016.jpg\"\n               title=\"&lt;font&gt;\u00a9 eel-fotografie&lt;\/font&gt;\"\n               data-src=\"http:\/\/www.eel-fotografie.de\/wp2\/wp-content\/gallery\/post_11_11_2014_sge_fc_bayern-muenchen\/DSC_7016.jpg\"\n               data-thumbnail=\"http:\/\/www.eel-fotografie.de\/wp2\/wp-content\/gallery\/post_11_11_2014_sge_fc_bayern-muenchen\/thumbs\/thumbs_DSC_7016.jpg\"\n               data-image-id=\"1570\"\n               data-title=\"DSC_7016 | \u00a9 eel-fotografie\"\n               data-description=\"&lt;font&gt;\u00a9 eel-fotografie&lt;\/font&gt;\"\n               class=\"shutterset_d5359f2cc9cb7a7c93af9d5c68aba8a2\" data-ngg-protect=\"1\"><picture><source srcset='http:\/\/www.eel-fotografie.de\/wp2\/wp-content\/gallery\/post_11_11_2014_sge_fc_bayern-muenchen\/cache\/DSC_7016.jpg-nggid041570-ngg0dyn-120x90x100-00f0w010c011r110f110r010t010.jpg' media=''><img title=\"DSC_7016 | \u00a9 eel-fotografie\" alt=\"DSC_7016 | \u00a9 eel-fotografie\" width=\"120\" height=\"90\" style=\"max-width:120px;max-height:90px\" src=\"http:\/\/www.eel-fotografie.de\/wp2\/wp-content\/gallery\/post_11_11_2014_sge_fc_bayern-muenchen\/cache\/DSC_7016.jpg-nggid041570-ngg0dyn-120x90x100-00f0w010c011r110f110r010t010.jpg\" srcset=\"http:\/\/www.eel-fotografie.de\/wp2\/wp-content\/gallery\/post_11_11_2014_sge_fc_bayern-muenchen\/cache\/DSC_7016.jpg-nggid041570-ngg0dyn-120x90x100-00f0w010c011r110f110r010t010.jpg\" onerror=\"nggRetryFailedImage(this);\"\/><\/picture>                <noscript><img src=\"http:\/\/www.eel-fotografie.de\/wp2\/wp-content\/gallery\/post_11_11_2014_sge_fc_bayern-muenchen\/cache\/DSC_7016.jpg-nggid041570-ngg0dyn-120x90x100-00f0w010c011r110f110r010t010.jpg\"\n                         title=\"DSC_7016 | \u00a9 eel-fotografie\"\n                         alt=\"DSC_7016 | \u00a9 eel-fotografie\"\n                         width=\"120\"\n                         height=\"90\"\n                         style=\"max-width:100%; height: auto;\"\/><\/noscript><\/a><\/div><div id=\"ngg-image-6\" class=\"image-wrapper\"><a href=\"http:\/\/www.eel-fotografie.de\/wp2\/wp-content\/gallery\/post_11_11_2014_sge_fc_bayern-muenchen\/DSC_7093.jpg\"\n               title=\"&lt;font&gt;\u00a9 eel-fotografie&lt;\/font&gt;\"\n               data-src=\"http:\/\/www.eel-fotografie.de\/wp2\/wp-content\/gallery\/post_11_11_2014_sge_fc_bayern-muenchen\/DSC_7093.jpg\"\n               data-thumbnail=\"http:\/\/www.eel-fotografie.de\/wp2\/wp-content\/gallery\/post_11_11_2014_sge_fc_bayern-muenchen\/thumbs\/thumbs_DSC_7093.jpg\"\n               data-image-id=\"1572\"\n               data-title=\"DSC_7093 | \u00a9 eel-fotografie\"\n               data-description=\"&lt;font&gt;\u00a9 eel-fotografie&lt;\/font&gt;\"\n               class=\"shutterset_d5359f2cc9cb7a7c93af9d5c68aba8a2\" data-ngg-protect=\"1\"><picture><source srcset='http:\/\/www.eel-fotografie.de\/wp2\/wp-content\/gallery\/post_11_11_2014_sge_fc_bayern-muenchen\/cache\/DSC_7093.jpg-nggid041572-ngg0dyn-120x90x100-00f0w010c011r110f110r010t010.jpg' media=''><img title=\"DSC_7093 | \u00a9 eel-fotografie\" alt=\"DSC_7093 | \u00a9 eel-fotografie\" width=\"120\" height=\"90\" style=\"max-width:120px;max-height:90px\" src=\"http:\/\/www.eel-fotografie.de\/wp2\/wp-content\/gallery\/post_11_11_2014_sge_fc_bayern-muenchen\/cache\/DSC_7093.jpg-nggid041572-ngg0dyn-120x90x100-00f0w010c011r110f110r010t010.jpg\" srcset=\"http:\/\/www.eel-fotografie.de\/wp2\/wp-content\/gallery\/post_11_11_2014_sge_fc_bayern-muenchen\/cache\/DSC_7093.jpg-nggid041572-ngg0dyn-120x90x100-00f0w010c011r110f110r010t010.jpg\" onerror=\"nggRetryFailedImage(this);\"\/><\/picture>                <noscript><img src=\"http:\/\/www.eel-fotografie.de\/wp2\/wp-content\/gallery\/post_11_11_2014_sge_fc_bayern-muenchen\/cache\/DSC_7093.jpg-nggid041572-ngg0dyn-120x90x100-00f0w010c011r110f110r010t010.jpg\"\n                         title=\"DSC_7093 | \u00a9 eel-fotografie\"\n                         alt=\"DSC_7093 | \u00a9 eel-fotografie\"\n                         width=\"120\"\n                         height=\"90\"\n                         style=\"max-width:100%; height: auto;\"\/><\/noscript><\/a><\/div><div id=\"ngg-image-7\" class=\"image-wrapper\"><a href=\"http:\/\/www.eel-fotografie.de\/wp2\/wp-content\/gallery\/post_11_11_2014_sge_fc_bayern-muenchen\/DSC_7365.jpg\"\n               title=\"&lt;font&gt;\u00a9 eel-fotografie&lt;\/font&gt;\"\n               data-src=\"http:\/\/www.eel-fotografie.de\/wp2\/wp-content\/gallery\/post_11_11_2014_sge_fc_bayern-muenchen\/DSC_7365.jpg\"\n               data-thumbnail=\"http:\/\/www.eel-fotografie.de\/wp2\/wp-content\/gallery\/post_11_11_2014_sge_fc_bayern-muenchen\/thumbs\/thumbs_DSC_7365.jpg\"\n               data-image-id=\"1580\"\n               data-title=\"DSC_7365 | \u00a9 eel-fotografie\"\n               data-description=\"&lt;font&gt;\u00a9 eel-fotografie&lt;\/font&gt;\"\n               class=\"shutterset_d5359f2cc9cb7a7c93af9d5c68aba8a2\" data-ngg-protect=\"1\"><picture><source srcset='http:\/\/www.eel-fotografie.de\/wp2\/wp-content\/gallery\/post_11_11_2014_sge_fc_bayern-muenchen\/cache\/DSC_7365.jpg-nggid041580-ngg0dyn-120x90x100-00f0w010c011r110f110r010t010.jpg' media=''><img title=\"DSC_7365 | \u00a9 eel-fotografie\" alt=\"DSC_7365 | \u00a9 eel-fotografie\" width=\"120\" height=\"90\" style=\"max-width:120px;max-height:90px\" src=\"http:\/\/www.eel-fotografie.de\/wp2\/wp-content\/gallery\/post_11_11_2014_sge_fc_bayern-muenchen\/cache\/DSC_7365.jpg-nggid041580-ngg0dyn-120x90x100-00f0w010c011r110f110r010t010.jpg\" srcset=\"http:\/\/www.eel-fotografie.de\/wp2\/wp-content\/gallery\/post_11_11_2014_sge_fc_bayern-muenchen\/cache\/DSC_7365.jpg-nggid041580-ngg0dyn-120x90x100-00f0w010c011r110f110r010t010.jpg\" onerror=\"nggRetryFailedImage(this);\"\/><\/picture>                <noscript><img src=\"http:\/\/www.eel-fotografie.de\/wp2\/wp-content\/gallery\/post_11_11_2014_sge_fc_bayern-muenchen\/cache\/DSC_7365.jpg-nggid041580-ngg0dyn-120x90x100-00f0w010c011r110f110r010t010.jpg\"\n                         title=\"DSC_7365 | \u00a9 eel-fotografie\"\n                         alt=\"DSC_7365 | \u00a9 eel-fotografie\"\n                         width=\"120\"\n                         height=\"90\"\n                         style=\"max-width:100%; height: auto;\"\/><\/noscript><\/a><\/div><br style='clear: both'\/><div id=\"ngg-image-8\" class=\"image-wrapper\"><a href=\"http:\/\/www.eel-fotografie.de\/wp2\/wp-content\/gallery\/post_11_11_2014_sge_fc_bayern-muenchen\/DSC_7124.jpg\"\n               title=\"&lt;font&gt;\u00a9 eel-fotografie&lt;\/font&gt;\"\n               data-src=\"http:\/\/www.eel-fotografie.de\/wp2\/wp-content\/gallery\/post_11_11_2014_sge_fc_bayern-muenchen\/DSC_7124.jpg\"\n               data-thumbnail=\"http:\/\/www.eel-fotografie.de\/wp2\/wp-content\/gallery\/post_11_11_2014_sge_fc_bayern-muenchen\/thumbs\/thumbs_DSC_7124.jpg\"\n               data-image-id=\"1573\"\n               data-title=\"DSC_7124 | \u00a9 eel-fotografie\"\n               data-description=\"&lt;font&gt;\u00a9 eel-fotografie&lt;\/font&gt;\"\n               class=\"shutterset_d5359f2cc9cb7a7c93af9d5c68aba8a2\" data-ngg-protect=\"1\"><picture><source srcset='http:\/\/www.eel-fotografie.de\/wp2\/wp-content\/gallery\/post_11_11_2014_sge_fc_bayern-muenchen\/cache\/DSC_7124.jpg-nggid041573-ngg0dyn-120x90x100-00f0w010c011r110f110r010t010.jpg' media=''><img title=\"DSC_7124 | \u00a9 eel-fotografie\" alt=\"DSC_7124 | \u00a9 eel-fotografie\" width=\"120\" height=\"90\" style=\"max-width:120px;max-height:90px\" src=\"http:\/\/www.eel-fotografie.de\/wp2\/wp-content\/gallery\/post_11_11_2014_sge_fc_bayern-muenchen\/cache\/DSC_7124.jpg-nggid041573-ngg0dyn-120x90x100-00f0w010c011r110f110r010t010.jpg\" srcset=\"http:\/\/www.eel-fotografie.de\/wp2\/wp-content\/gallery\/post_11_11_2014_sge_fc_bayern-muenchen\/cache\/DSC_7124.jpg-nggid041573-ngg0dyn-120x90x100-00f0w010c011r110f110r010t010.jpg\" onerror=\"nggRetryFailedImage(this);\"\/><\/picture>                <noscript><img src=\"http:\/\/www.eel-fotografie.de\/wp2\/wp-content\/gallery\/post_11_11_2014_sge_fc_bayern-muenchen\/cache\/DSC_7124.jpg-nggid041573-ngg0dyn-120x90x100-00f0w010c011r110f110r010t010.jpg\"\n                         title=\"DSC_7124 | \u00a9 eel-fotografie\"\n                         alt=\"DSC_7124 | \u00a9 eel-fotografie\"\n                         width=\"120\"\n                         height=\"90\"\n                         style=\"max-width:100%; height: auto;\"\/><\/noscript><\/a><\/div><div id=\"ngg-image-9\" class=\"image-wrapper\"><a href=\"http:\/\/www.eel-fotografie.de\/wp2\/wp-content\/gallery\/post_11_11_2014_sge_fc_bayern-muenchen\/DSC_7131.jpg\"\n               title=\"&lt;font&gt;\u00a9 eel-fotografie&lt;\/font&gt;\"\n               data-src=\"http:\/\/www.eel-fotografie.de\/wp2\/wp-content\/gallery\/post_11_11_2014_sge_fc_bayern-muenchen\/DSC_7131.jpg\"\n               data-thumbnail=\"http:\/\/www.eel-fotografie.de\/wp2\/wp-content\/gallery\/post_11_11_2014_sge_fc_bayern-muenchen\/thumbs\/thumbs_DSC_7131.jpg\"\n               data-image-id=\"1574\"\n               data-title=\"DSC_7131 | \u00a9 eel-fotografie\"\n               data-description=\"&lt;font&gt;\u00a9 eel-fotografie&lt;\/font&gt;\"\n               class=\"shutterset_d5359f2cc9cb7a7c93af9d5c68aba8a2\" data-ngg-protect=\"1\"><picture><source srcset='http:\/\/www.eel-fotografie.de\/wp2\/wp-content\/gallery\/post_11_11_2014_sge_fc_bayern-muenchen\/cache\/DSC_7131.jpg-nggid041574-ngg0dyn-120x90x100-00f0w010c011r110f110r010t010.jpg' media=''><img title=\"DSC_7131 | \u00a9 eel-fotografie\" alt=\"DSC_7131 | \u00a9 eel-fotografie\" width=\"120\" height=\"90\" style=\"max-width:120px;max-height:90px\" src=\"http:\/\/www.eel-fotografie.de\/wp2\/wp-content\/gallery\/post_11_11_2014_sge_fc_bayern-muenchen\/cache\/DSC_7131.jpg-nggid041574-ngg0dyn-120x90x100-00f0w010c011r110f110r010t010.jpg\" srcset=\"http:\/\/www.eel-fotografie.de\/wp2\/wp-content\/gallery\/post_11_11_2014_sge_fc_bayern-muenchen\/cache\/DSC_7131.jpg-nggid041574-ngg0dyn-120x90x100-00f0w010c011r110f110r010t010.jpg\" onerror=\"nggRetryFailedImage(this);\"\/><\/picture>                <noscript><img src=\"http:\/\/www.eel-fotografie.de\/wp2\/wp-content\/gallery\/post_11_11_2014_sge_fc_bayern-muenchen\/cache\/DSC_7131.jpg-nggid041574-ngg0dyn-120x90x100-00f0w010c011r110f110r010t010.jpg\"\n                         title=\"DSC_7131 | \u00a9 eel-fotografie\"\n                         alt=\"DSC_7131 | \u00a9 eel-fotografie\"\n                         width=\"120\"\n                         height=\"90\"\n                         style=\"max-width:100%; height: auto;\"\/><\/noscript><\/a><\/div><div id=\"ngg-image-10\" class=\"image-wrapper\"><a href=\"http:\/\/www.eel-fotografie.de\/wp2\/wp-content\/gallery\/post_11_11_2014_sge_fc_bayern-muenchen\/DSC_7170.jpg\"\n               title=\"&lt;font&gt;\u00a9 eel-fotografie&lt;\/font&gt;\"\n               data-src=\"http:\/\/www.eel-fotografie.de\/wp2\/wp-content\/gallery\/post_11_11_2014_sge_fc_bayern-muenchen\/DSC_7170.jpg\"\n               data-thumbnail=\"http:\/\/www.eel-fotografie.de\/wp2\/wp-content\/gallery\/post_11_11_2014_sge_fc_bayern-muenchen\/thumbs\/thumbs_DSC_7170.jpg\"\n               data-image-id=\"1575\"\n               data-title=\"DSC_7170 | \u00a9 eel-fotografie\"\n               data-description=\"&lt;font&gt;\u00a9 eel-fotografie&lt;\/font&gt;\"\n               class=\"shutterset_d5359f2cc9cb7a7c93af9d5c68aba8a2\" data-ngg-protect=\"1\"><picture><source srcset='http:\/\/www.eel-fotografie.de\/wp2\/wp-content\/gallery\/post_11_11_2014_sge_fc_bayern-muenchen\/cache\/DSC_7170.jpg-nggid041575-ngg0dyn-120x90x100-00f0w010c011r110f110r010t010.jpg' media=''><img title=\"DSC_7170 | \u00a9 eel-fotografie\" alt=\"DSC_7170 | \u00a9 eel-fotografie\" width=\"120\" height=\"90\" style=\"max-width:120px;max-height:90px\" src=\"http:\/\/www.eel-fotografie.de\/wp2\/wp-content\/gallery\/post_11_11_2014_sge_fc_bayern-muenchen\/cache\/DSC_7170.jpg-nggid041575-ngg0dyn-120x90x100-00f0w010c011r110f110r010t010.jpg\" srcset=\"http:\/\/www.eel-fotografie.de\/wp2\/wp-content\/gallery\/post_11_11_2014_sge_fc_bayern-muenchen\/cache\/DSC_7170.jpg-nggid041575-ngg0dyn-120x90x100-00f0w010c011r110f110r010t010.jpg\" onerror=\"nggRetryFailedImage(this);\"\/><\/picture>                <noscript><img src=\"http:\/\/www.eel-fotografie.de\/wp2\/wp-content\/gallery\/post_11_11_2014_sge_fc_bayern-muenchen\/cache\/DSC_7170.jpg-nggid041575-ngg0dyn-120x90x100-00f0w010c011r110f110r010t010.jpg\"\n                         title=\"DSC_7170 | \u00a9 eel-fotografie\"\n                         alt=\"DSC_7170 | \u00a9 eel-fotografie\"\n                         width=\"120\"\n                         height=\"90\"\n                         style=\"max-width:100%; height: auto;\"\/><\/noscript><\/a><\/div><div id=\"ngg-image-11\" class=\"image-wrapper\"><a href=\"http:\/\/www.eel-fotografie.de\/wp2\/wp-content\/gallery\/post_11_11_2014_sge_fc_bayern-muenchen\/DSC_7220.jpg\"\n               title=\"&lt;font&gt;\u00a9 eel-fotografie&lt;\/font&gt;\"\n               data-src=\"http:\/\/www.eel-fotografie.de\/wp2\/wp-content\/gallery\/post_11_11_2014_sge_fc_bayern-muenchen\/DSC_7220.jpg\"\n               data-thumbnail=\"http:\/\/www.eel-fotografie.de\/wp2\/wp-content\/gallery\/post_11_11_2014_sge_fc_bayern-muenchen\/thumbs\/thumbs_DSC_7220.jpg\"\n               data-image-id=\"1576\"\n               data-title=\"DSC_7220 | \u00a9 eel-fotografie\"\n               data-description=\"&lt;font&gt;\u00a9 eel-fotografie&lt;\/font&gt;\"\n               class=\"shutterset_d5359f2cc9cb7a7c93af9d5c68aba8a2\" data-ngg-protect=\"1\"><picture><source srcset='http:\/\/www.eel-fotografie.de\/wp2\/wp-content\/gallery\/post_11_11_2014_sge_fc_bayern-muenchen\/cache\/DSC_7220.jpg-nggid041576-ngg0dyn-120x90x100-00f0w010c011r110f110r010t010.jpg' media=''><img title=\"DSC_7220 | \u00a9 eel-fotografie\" alt=\"DSC_7220 | \u00a9 eel-fotografie\" width=\"120\" height=\"90\" style=\"max-width:120px;max-height:90px\" src=\"http:\/\/www.eel-fotografie.de\/wp2\/wp-content\/gallery\/post_11_11_2014_sge_fc_bayern-muenchen\/cache\/DSC_7220.jpg-nggid041576-ngg0dyn-120x90x100-00f0w010c011r110f110r010t010.jpg\" srcset=\"http:\/\/www.eel-fotografie.de\/wp2\/wp-content\/gallery\/post_11_11_2014_sge_fc_bayern-muenchen\/cache\/DSC_7220.jpg-nggid041576-ngg0dyn-120x90x100-00f0w010c011r110f110r010t010.jpg\" onerror=\"nggRetryFailedImage(this);\"\/><\/picture>                <noscript><img src=\"http:\/\/www.eel-fotografie.de\/wp2\/wp-content\/gallery\/post_11_11_2014_sge_fc_bayern-muenchen\/cache\/DSC_7220.jpg-nggid041576-ngg0dyn-120x90x100-00f0w010c011r110f110r010t010.jpg\"\n                         title=\"DSC_7220 | \u00a9 eel-fotografie\"\n                         alt=\"DSC_7220 | \u00a9 eel-fotografie\"\n                         width=\"120\"\n                         height=\"90\"\n                         style=\"max-width:100%; height: auto;\"\/><\/noscript><\/a><\/div><br style='clear: both'\/><div id=\"ngg-image-12\" class=\"image-wrapper\"><a href=\"http:\/\/www.eel-fotografie.de\/wp2\/wp-content\/gallery\/post_11_11_2014_sge_fc_bayern-muenchen\/DSC_7280.jpg\"\n               title=\"&lt;font&gt;\u00a9 eel-fotografie&lt;\/font&gt;\"\n               data-src=\"http:\/\/www.eel-fotografie.de\/wp2\/wp-content\/gallery\/post_11_11_2014_sge_fc_bayern-muenchen\/DSC_7280.jpg\"\n               data-thumbnail=\"http:\/\/www.eel-fotografie.de\/wp2\/wp-content\/gallery\/post_11_11_2014_sge_fc_bayern-muenchen\/thumbs\/thumbs_DSC_7280.jpg\"\n               data-image-id=\"1577\"\n               data-title=\"DSC_7280 | \u00a9 eel-fotografie\"\n               data-description=\"&lt;font&gt;\u00a9 eel-fotografie&lt;\/font&gt;\"\n               class=\"shutterset_d5359f2cc9cb7a7c93af9d5c68aba8a2\" data-ngg-protect=\"1\"><picture><source srcset='http:\/\/www.eel-fotografie.de\/wp2\/wp-content\/gallery\/post_11_11_2014_sge_fc_bayern-muenchen\/cache\/DSC_7280.jpg-nggid041577-ngg0dyn-120x90x100-00f0w010c011r110f110r010t010.jpg' media=''><img title=\"DSC_7280 | \u00a9 eel-fotografie\" alt=\"DSC_7280 | \u00a9 eel-fotografie\" width=\"120\" height=\"90\" style=\"max-width:120px;max-height:90px\" src=\"http:\/\/www.eel-fotografie.de\/wp2\/wp-content\/gallery\/post_11_11_2014_sge_fc_bayern-muenchen\/cache\/DSC_7280.jpg-nggid041577-ngg0dyn-120x90x100-00f0w010c011r110f110r010t010.jpg\" srcset=\"http:\/\/www.eel-fotografie.de\/wp2\/wp-content\/gallery\/post_11_11_2014_sge_fc_bayern-muenchen\/cache\/DSC_7280.jpg-nggid041577-ngg0dyn-120x90x100-00f0w010c011r110f110r010t010.jpg\" onerror=\"nggRetryFailedImage(this);\"\/><\/picture>                <noscript><img src=\"http:\/\/www.eel-fotografie.de\/wp2\/wp-content\/gallery\/post_11_11_2014_sge_fc_bayern-muenchen\/cache\/DSC_7280.jpg-nggid041577-ngg0dyn-120x90x100-00f0w010c011r110f110r010t010.jpg\"\n                         title=\"DSC_7280 | \u00a9 eel-fotografie\"\n                         alt=\"DSC_7280 | \u00a9 eel-fotografie\"\n                         width=\"120\"\n                         height=\"90\"\n                         style=\"max-width:100%; height: auto;\"\/><\/noscript><\/a><\/div><div id=\"ngg-image-13\" class=\"image-wrapper\"><a href=\"http:\/\/www.eel-fotografie.de\/wp2\/wp-content\/gallery\/post_11_11_2014_sge_fc_bayern-muenchen\/DSC_7325.jpg\"\n               title=\"&lt;font&gt;\u00a9 eel-fotografie&lt;\/font&gt;\"\n               data-src=\"http:\/\/www.eel-fotografie.de\/wp2\/wp-content\/gallery\/post_11_11_2014_sge_fc_bayern-muenchen\/DSC_7325.jpg\"\n               data-thumbnail=\"http:\/\/www.eel-fotografie.de\/wp2\/wp-content\/gallery\/post_11_11_2014_sge_fc_bayern-muenchen\/thumbs\/thumbs_DSC_7325.jpg\"\n               data-image-id=\"1578\"\n               data-title=\"DSC_7325 | \u00a9 eel-fotografie\"\n               data-description=\"&lt;font&gt;\u00a9 eel-fotografie&lt;\/font&gt;\"\n               class=\"shutterset_d5359f2cc9cb7a7c93af9d5c68aba8a2\" data-ngg-protect=\"1\"><picture><source srcset='http:\/\/www.eel-fotografie.de\/wp2\/wp-content\/gallery\/post_11_11_2014_sge_fc_bayern-muenchen\/cache\/DSC_7325.jpg-nggid041578-ngg0dyn-120x90x100-00f0w010c011r110f110r010t010.jpg' media=''><img title=\"DSC_7325 | \u00a9 eel-fotografie\" alt=\"DSC_7325 | \u00a9 eel-fotografie\" width=\"120\" height=\"90\" style=\"max-width:120px;max-height:90px\" src=\"http:\/\/www.eel-fotografie.de\/wp2\/wp-content\/gallery\/post_11_11_2014_sge_fc_bayern-muenchen\/cache\/DSC_7325.jpg-nggid041578-ngg0dyn-120x90x100-00f0w010c011r110f110r010t010.jpg\" srcset=\"http:\/\/www.eel-fotografie.de\/wp2\/wp-content\/gallery\/post_11_11_2014_sge_fc_bayern-muenchen\/cache\/DSC_7325.jpg-nggid041578-ngg0dyn-120x90x100-00f0w010c011r110f110r010t010.jpg\" onerror=\"nggRetryFailedImage(this);\"\/><\/picture>                <noscript><img src=\"http:\/\/www.eel-fotografie.de\/wp2\/wp-content\/gallery\/post_11_11_2014_sge_fc_bayern-muenchen\/cache\/DSC_7325.jpg-nggid041578-ngg0dyn-120x90x100-00f0w010c011r110f110r010t010.jpg\"\n                         title=\"DSC_7325 | \u00a9 eel-fotografie\"\n                         alt=\"DSC_7325 | \u00a9 eel-fotografie\"\n                         width=\"120\"\n                         height=\"90\"\n                         style=\"max-width:100%; height: auto;\"\/><\/noscript><\/a><\/div><div id=\"ngg-image-14\" class=\"image-wrapper\"><a href=\"http:\/\/www.eel-fotografie.de\/wp2\/wp-content\/gallery\/post_11_11_2014_sge_fc_bayern-muenchen\/DSC_0934.jpg\"\n               title=\"&lt;font&gt;\u00a9 eel-fotografie&lt;\/font&gt;\"\n               data-src=\"http:\/\/www.eel-fotografie.de\/wp2\/wp-content\/gallery\/post_11_11_2014_sge_fc_bayern-muenchen\/DSC_0934.jpg\"\n               data-thumbnail=\"http:\/\/www.eel-fotografie.de\/wp2\/wp-content\/gallery\/post_11_11_2014_sge_fc_bayern-muenchen\/thumbs\/thumbs_DSC_0934.jpg\"\n               data-image-id=\"1565\"\n               data-title=\"DSC_0934 | \u00a9 eel-fotografie\"\n               data-description=\"&lt;font&gt;\u00a9 eel-fotografie&lt;\/font&gt;\"\n               class=\"shutterset_d5359f2cc9cb7a7c93af9d5c68aba8a2\" data-ngg-protect=\"1\"><picture><source srcset='http:\/\/www.eel-fotografie.de\/wp2\/wp-content\/gallery\/post_11_11_2014_sge_fc_bayern-muenchen\/cache\/DSC_0934.jpg-nggid041565-ngg0dyn-120x90x100-00f0w010c011r110f110r010t010.jpg' media=''><img title=\"DSC_0934 | \u00a9 eel-fotografie\" alt=\"DSC_0934 | \u00a9 eel-fotografie\" width=\"120\" height=\"90\" style=\"max-width:120px;max-height:90px\" src=\"http:\/\/www.eel-fotografie.de\/wp2\/wp-content\/gallery\/post_11_11_2014_sge_fc_bayern-muenchen\/cache\/DSC_0934.jpg-nggid041565-ngg0dyn-120x90x100-00f0w010c011r110f110r010t010.jpg\" srcset=\"http:\/\/www.eel-fotografie.de\/wp2\/wp-content\/gallery\/post_11_11_2014_sge_fc_bayern-muenchen\/cache\/DSC_0934.jpg-nggid041565-ngg0dyn-120x90x100-00f0w010c011r110f110r010t010.jpg\" onerror=\"nggRetryFailedImage(this);\"\/><\/picture>                <noscript><img src=\"http:\/\/www.eel-fotografie.de\/wp2\/wp-content\/gallery\/post_11_11_2014_sge_fc_bayern-muenchen\/cache\/DSC_0934.jpg-nggid041565-ngg0dyn-120x90x100-00f0w010c011r110f110r010t010.jpg\"\n                         title=\"DSC_0934 | \u00a9 eel-fotografie\"\n                         alt=\"DSC_0934 | \u00a9 eel-fotografie\"\n                         width=\"120\"\n                         height=\"90\"\n                         style=\"max-width:100%; height: auto;\"\/><\/noscript><\/a><\/div><div id=\"ngg-image-15\" class=\"image-wrapper\"><a href=\"http:\/\/www.eel-fotografie.de\/wp2\/wp-content\/gallery\/post_11_11_2014_sge_fc_bayern-muenchen\/DSC_7341.jpg\"\n               title=\"&lt;font&gt;\u00a9 eel-fotografie&lt;\/font&gt;\"\n               data-src=\"http:\/\/www.eel-fotografie.de\/wp2\/wp-content\/gallery\/post_11_11_2014_sge_fc_bayern-muenchen\/DSC_7341.jpg\"\n               data-thumbnail=\"http:\/\/www.eel-fotografie.de\/wp2\/wp-content\/gallery\/post_11_11_2014_sge_fc_bayern-muenchen\/thumbs\/thumbs_DSC_7341.jpg\"\n               data-image-id=\"1579\"\n               data-title=\"DSC_7341 | \u00a9 eel-fotografie\"\n               data-description=\"&lt;font&gt;\u00a9 eel-fotografie&lt;\/font&gt;\"\n               class=\"shutterset_d5359f2cc9cb7a7c93af9d5c68aba8a2\" data-ngg-protect=\"1\"><picture><source srcset='http:\/\/www.eel-fotografie.de\/wp2\/wp-content\/gallery\/post_11_11_2014_sge_fc_bayern-muenchen\/cache\/DSC_7341.jpg-nggid041579-ngg0dyn-120x90x100-00f0w010c011r110f110r010t010.jpg' media=''><img title=\"DSC_7341 | \u00a9 eel-fotografie\" alt=\"DSC_7341 | \u00a9 eel-fotografie\" width=\"120\" height=\"90\" style=\"max-width:120px;max-height:90px\" src=\"http:\/\/www.eel-fotografie.de\/wp2\/wp-content\/gallery\/post_11_11_2014_sge_fc_bayern-muenchen\/cache\/DSC_7341.jpg-nggid041579-ngg0dyn-120x90x100-00f0w010c011r110f110r010t010.jpg\" srcset=\"http:\/\/www.eel-fotografie.de\/wp2\/wp-content\/gallery\/post_11_11_2014_sge_fc_bayern-muenchen\/cache\/DSC_7341.jpg-nggid041579-ngg0dyn-120x90x100-00f0w010c011r110f110r010t010.jpg\" onerror=\"nggRetryFailedImage(this);\"\/><\/picture>                <noscript><img src=\"http:\/\/www.eel-fotografie.de\/wp2\/wp-content\/gallery\/post_11_11_2014_sge_fc_bayern-muenchen\/cache\/DSC_7341.jpg-nggid041579-ngg0dyn-120x90x100-00f0w010c011r110f110r010t010.jpg\"\n                         title=\"DSC_7341 | \u00a9 eel-fotografie\"\n                         alt=\"DSC_7341 | \u00a9 eel-fotografie\"\n                         width=\"120\"\n                         height=\"90\"\n                         style=\"max-width:100%; height: auto;\"\/><\/noscript><\/a><\/div><br style='clear: both'\/><div class='ngg-clear'><\/div><\/div>\n<\/p>\n<p style=\"text-align: justify;\">(16 Fotos)<\/p>\n<p style=\"text-align: justify;\">&nbsp;<\/p>\n","protected":false},"excerpt":{"rendered":"<p>Ohne gr\u00f6\u00dferen Aufwand besiegte der FC Bayern M\u00fcnchen am 11. Spieltag der Fussball Bundesliga die Frankfurter Eintracht. Nationalspieler Thomas M\u00fcller erzielte 3 Tore, f\u00fcr den Endstand zum 0:4 sorgte Xherdan Shaqiri. (16 Fotos) &nbsp;<\/p>\n","protected":false},"author":1,"featured_media":9210,"comment_status":"closed","ping_status":"closed","sticky":false,"template":"","format":"standard","meta":{"_genesis_hide_title":false,"_genesis_hide_breadcrumbs":false,"_genesis_hide_singular_image":false,"_genesis_hide_footer_widgets":false,"_genesis_custom_body_class":"","_genesis_custom_post_class":"","_genesis_layout":"","ngg_post_thumbnail":0,"footnotes":""},"categories":[23,17],"tags":[35,36,6,7,19,103,22,163,16,11],"class_list":{"0":"post-5036","1":"post","2":"type-post","3":"status-publish","4":"format-standard","5":"has-post-thumbnail","7":"category-fussball","8":"category-sport","9":"tag-bundesliga","10":"tag-dfl","11":"tag-eberhard-krieger","12":"tag-eel-fotografie","13":"tag-eintracht-frankfurt","14":"tag-fc-bayern-muenchen","15":"tag-fussball","16":"tag-krieger-foto","17":"tag-sport","18":"tag-sportfoto-krieger","19":"entry"},"yoast_head":"<!-- This site is optimized with the Yoast SEO plugin v26.5 - https:\/\/yoast.com\/wordpress\/plugins\/seo\/ -->\n<title>Eintracht Frankfurt - FC Bayern M\u00fcnchen 0:4 - eel-fotografie<\/title>\n<meta name=\"description\" content=\"Eintracht Frankfurt - FC Bayern M\u00fcnchen 0:4. (16 Fotos)\" \/>\n<meta name=\"robots\" content=\"index, follow, max-snippet:-1, max-image-preview:large, max-video-preview:-1\" \/>\n<link rel=\"canonical\" href=\"http:\/\/www.eel-fotografie.de\/wp2\/eintracht-frankfurt-fc-bayern-muenchen-04\/\" \/>\n<meta name=\"twitter:label1\" content=\"Verfasst von\" \/>\n\t<meta name=\"twitter:data1\" content=\"admin\" \/>\n<script type=\"application\/ld+json\" class=\"yoast-schema-graph\">{\"@context\":\"https:\/\/schema.org\",\"@graph\":[{\"@type\":\"Article\",\"@id\":\"http:\/\/www.eel-fotografie.de\/wp2\/eintracht-frankfurt-fc-bayern-muenchen-04\/#article\",\"isPartOf\":{\"@id\":\"http:\/\/www.eel-fotografie.de\/wp2\/eintracht-frankfurt-fc-bayern-muenchen-04\/\"},\"author\":{\"name\":\"admin\",\"@id\":\"https:\/\/www.eel-fotografie.de\/wp2\/#\/schema\/person\/48b675d7a081d02af2929c3629214db0\"},\"headline\":\"Eintracht Frankfurt &#8211; FC Bayern M\u00fcnchen 0:4\",\"datePublished\":\"2014-11-11T16:42:22+00:00\",\"dateModified\":\"2016-12-05T10:33:04+00:00\",\"mainEntityOfPage\":{\"@id\":\"http:\/\/www.eel-fotografie.de\/wp2\/eintracht-frankfurt-fc-bayern-muenchen-04\/\"},\"wordCount\":41,\"publisher\":{\"@id\":\"https:\/\/www.eel-fotografie.de\/wp2\/#organization\"},\"image\":{\"@id\":\"http:\/\/www.eel-fotografie.de\/wp2\/eintracht-frankfurt-fc-bayern-muenchen-04\/#primaryimage\"},\"thumbnailUrl\":\"http:\/\/www.eel-fotografie.de\/wp2\/wp-content\/uploads\/DSC_6990.jpg\",\"keywords\":[\"Bundesliga\",\"DFL\",\"Eberhard Krieger\",\"eel fotografie\",\"Eintracht Frankfurt\",\"FC Bayern M\u00fcnchen\",\"Fussball\",\"krieger-foto\",\"Sport\",\"sportfoto-krieger\"],\"articleSection\":[\"Fussball\",\"Sport\"],\"inLanguage\":\"de\"},{\"@type\":\"WebPage\",\"@id\":\"http:\/\/www.eel-fotografie.de\/wp2\/eintracht-frankfurt-fc-bayern-muenchen-04\/\",\"url\":\"http:\/\/www.eel-fotografie.de\/wp2\/eintracht-frankfurt-fc-bayern-muenchen-04\/\",\"name\":\"Eintracht Frankfurt - FC Bayern M\u00fcnchen 0:4 - eel-fotografie\",\"isPartOf\":{\"@id\":\"https:\/\/www.eel-fotografie.de\/wp2\/#website\"},\"primaryImageOfPage\":{\"@id\":\"http:\/\/www.eel-fotografie.de\/wp2\/eintracht-frankfurt-fc-bayern-muenchen-04\/#primaryimage\"},\"image\":{\"@id\":\"http:\/\/www.eel-fotografie.de\/wp2\/eintracht-frankfurt-fc-bayern-muenchen-04\/#primaryimage\"},\"thumbnailUrl\":\"http:\/\/www.eel-fotografie.de\/wp2\/wp-content\/uploads\/DSC_6990.jpg\",\"datePublished\":\"2014-11-11T16:42:22+00:00\",\"dateModified\":\"2016-12-05T10:33:04+00:00\",\"description\":\"Eintracht Frankfurt - FC Bayern M\u00fcnchen 0:4. (16 Fotos)\",\"breadcrumb\":{\"@id\":\"http:\/\/www.eel-fotografie.de\/wp2\/eintracht-frankfurt-fc-bayern-muenchen-04\/#breadcrumb\"},\"inLanguage\":\"de\",\"potentialAction\":[{\"@type\":\"ReadAction\",\"target\":[\"http:\/\/www.eel-fotografie.de\/wp2\/eintracht-frankfurt-fc-bayern-muenchen-04\/\"]}]},{\"@type\":\"ImageObject\",\"inLanguage\":\"de\",\"@id\":\"http:\/\/www.eel-fotografie.de\/wp2\/eintracht-frankfurt-fc-bayern-muenchen-04\/#primaryimage\",\"url\":\"http:\/\/www.eel-fotografie.de\/wp2\/wp-content\/uploads\/DSC_6990.jpg\",\"contentUrl\":\"http:\/\/www.eel-fotografie.de\/wp2\/wp-content\/uploads\/DSC_6990.jpg\",\"width\":1024,\"height\":681,\"caption\":\"eel-fotografie|fotografie - bildagentur\"},{\"@type\":\"BreadcrumbList\",\"@id\":\"http:\/\/www.eel-fotografie.de\/wp2\/eintracht-frankfurt-fc-bayern-muenchen-04\/#breadcrumb\",\"itemListElement\":[{\"@type\":\"ListItem\",\"position\":1,\"name\":\"Home\",\"item\":\"https:\/\/www.eel-fotografie.de\/wp2\/\"},{\"@type\":\"ListItem\",\"position\":2,\"name\":\"Eintracht Frankfurt &#8211; FC Bayern M\u00fcnchen 0:4\"}]},{\"@type\":\"WebSite\",\"@id\":\"https:\/\/www.eel-fotografie.de\/wp2\/#website\",\"url\":\"https:\/\/www.eel-fotografie.de\/wp2\/\",\"name\":\"eel-fotografie\",\"description\":\"fotografie - bildagentur\",\"publisher\":{\"@id\":\"https:\/\/www.eel-fotografie.de\/wp2\/#organization\"},\"potentialAction\":[{\"@type\":\"SearchAction\",\"target\":{\"@type\":\"EntryPoint\",\"urlTemplate\":\"https:\/\/www.eel-fotografie.de\/wp2\/?s={search_term_string}\"},\"query-input\":{\"@type\":\"PropertyValueSpecification\",\"valueRequired\":true,\"valueName\":\"search_term_string\"}}],\"inLanguage\":\"de\"},{\"@type\":\"Organization\",\"@id\":\"https:\/\/www.eel-fotografie.de\/wp2\/#organization\",\"name\":\"eel-fotografie | fotografie - bildagentur\",\"url\":\"https:\/\/www.eel-fotografie.de\/wp2\/\",\"logo\":{\"@type\":\"ImageObject\",\"inLanguage\":\"de\",\"@id\":\"https:\/\/www.eel-fotografie.de\/wp2\/#\/schema\/logo\/image\/\",\"url\":\"http:\/\/www.eel-fotografie.de\/wp2\/wp-content\/uploads\/eel-fotografie_logo_2_500x250.png\",\"contentUrl\":\"http:\/\/www.eel-fotografie.de\/wp2\/wp-content\/uploads\/eel-fotografie_logo_2_500x250.png\",\"width\":500,\"height\":254,\"caption\":\"eel-fotografie | fotografie - bildagentur\"},\"image\":{\"@id\":\"https:\/\/www.eel-fotografie.de\/wp2\/#\/schema\/logo\/image\/\"},\"sameAs\":[\"https:\/\/www.instagram.com\/eelfotografie\/\"]},{\"@type\":\"Person\",\"@id\":\"https:\/\/www.eel-fotografie.de\/wp2\/#\/schema\/person\/48b675d7a081d02af2929c3629214db0\",\"name\":\"admin\",\"image\":{\"@type\":\"ImageObject\",\"inLanguage\":\"de\",\"@id\":\"https:\/\/www.eel-fotografie.de\/wp2\/#\/schema\/person\/image\/\",\"url\":\"https:\/\/secure.gravatar.com\/avatar\/0238886d5b298e452983f5d971ee0c60774f53da880f3705d3087707fa31096c?s=96&d=mm&r=g\",\"contentUrl\":\"https:\/\/secure.gravatar.com\/avatar\/0238886d5b298e452983f5d971ee0c60774f53da880f3705d3087707fa31096c?s=96&d=mm&r=g\",\"caption\":\"admin\"},\"description\":\"Head of eel-fotografie | fotografie-bildagentur\",\"sameAs\":[\"http:\/\/www.eel-fotografie.de\"],\"url\":\"http:\/\/www.eel-fotografie.de\/wp2\/author\/admin\/\"}]}<\/script>\n<!-- \/ Yoast SEO plugin. -->","yoast_head_json":{"title":"Eintracht Frankfurt - FC Bayern M\u00fcnchen 0:4 - eel-fotografie","description":"Eintracht Frankfurt - FC Bayern M\u00fcnchen 0:4. (16 Fotos)","robots":{"index":"index","follow":"follow","max-snippet":"max-snippet:-1","max-image-preview":"max-image-preview:large","max-video-preview":"max-video-preview:-1"},"canonical":"http:\/\/www.eel-fotografie.de\/wp2\/eintracht-frankfurt-fc-bayern-muenchen-04\/","twitter_misc":{"Verfasst von":"admin"},"schema":{"@context":"https:\/\/schema.org","@graph":[{"@type":"Article","@id":"http:\/\/www.eel-fotografie.de\/wp2\/eintracht-frankfurt-fc-bayern-muenchen-04\/#article","isPartOf":{"@id":"http:\/\/www.eel-fotografie.de\/wp2\/eintracht-frankfurt-fc-bayern-muenchen-04\/"},"author":{"name":"admin","@id":"https:\/\/www.eel-fotografie.de\/wp2\/#\/schema\/person\/48b675d7a081d02af2929c3629214db0"},"headline":"Eintracht Frankfurt &#8211; FC Bayern M\u00fcnchen 0:4","datePublished":"2014-11-11T16:42:22+00:00","dateModified":"2016-12-05T10:33:04+00:00","mainEntityOfPage":{"@id":"http:\/\/www.eel-fotografie.de\/wp2\/eintracht-frankfurt-fc-bayern-muenchen-04\/"},"wordCount":41,"publisher":{"@id":"https:\/\/www.eel-fotografie.de\/wp2\/#organization"},"image":{"@id":"http:\/\/www.eel-fotografie.de\/wp2\/eintracht-frankfurt-fc-bayern-muenchen-04\/#primaryimage"},"thumbnailUrl":"http:\/\/www.eel-fotografie.de\/wp2\/wp-content\/uploads\/DSC_6990.jpg","keywords":["Bundesliga","DFL","Eberhard Krieger","eel fotografie","Eintracht Frankfurt","FC Bayern M\u00fcnchen","Fussball","krieger-foto","Sport","sportfoto-krieger"],"articleSection":["Fussball","Sport"],"inLanguage":"de"},{"@type":"WebPage","@id":"http:\/\/www.eel-fotografie.de\/wp2\/eintracht-frankfurt-fc-bayern-muenchen-04\/","url":"http:\/\/www.eel-fotografie.de\/wp2\/eintracht-frankfurt-fc-bayern-muenchen-04\/","name":"Eintracht Frankfurt - FC Bayern M\u00fcnchen 0:4 - eel-fotografie","isPartOf":{"@id":"https:\/\/www.eel-fotografie.de\/wp2\/#website"},"primaryImageOfPage":{"@id":"http:\/\/www.eel-fotografie.de\/wp2\/eintracht-frankfurt-fc-bayern-muenchen-04\/#primaryimage"},"image":{"@id":"http:\/\/www.eel-fotografie.de\/wp2\/eintracht-frankfurt-fc-bayern-muenchen-04\/#primaryimage"},"thumbnailUrl":"http:\/\/www.eel-fotografie.de\/wp2\/wp-content\/uploads\/DSC_6990.jpg","datePublished":"2014-11-11T16:42:22+00:00","dateModified":"2016-12-05T10:33:04+00:00","description":"Eintracht Frankfurt - FC Bayern M\u00fcnchen 0:4. (16 Fotos)","breadcrumb":{"@id":"http:\/\/www.eel-fotografie.de\/wp2\/eintracht-frankfurt-fc-bayern-muenchen-04\/#breadcrumb"},"inLanguage":"de","potentialAction":[{"@type":"ReadAction","target":["http:\/\/www.eel-fotografie.de\/wp2\/eintracht-frankfurt-fc-bayern-muenchen-04\/"]}]},{"@type":"ImageObject","inLanguage":"de","@id":"http:\/\/www.eel-fotografie.de\/wp2\/eintracht-frankfurt-fc-bayern-muenchen-04\/#primaryimage","url":"http:\/\/www.eel-fotografie.de\/wp2\/wp-content\/uploads\/DSC_6990.jpg","contentUrl":"http:\/\/www.eel-fotografie.de\/wp2\/wp-content\/uploads\/DSC_6990.jpg","width":1024,"height":681,"caption":"eel-fotografie|fotografie - bildagentur"},{"@type":"BreadcrumbList","@id":"http:\/\/www.eel-fotografie.de\/wp2\/eintracht-frankfurt-fc-bayern-muenchen-04\/#breadcrumb","itemListElement":[{"@type":"ListItem","position":1,"name":"Home","item":"https:\/\/www.eel-fotografie.de\/wp2\/"},{"@type":"ListItem","position":2,"name":"Eintracht Frankfurt &#8211; FC Bayern M\u00fcnchen 0:4"}]},{"@type":"WebSite","@id":"https:\/\/www.eel-fotografie.de\/wp2\/#website","url":"https:\/\/www.eel-fotografie.de\/wp2\/","name":"eel-fotografie","description":"fotografie - bildagentur","publisher":{"@id":"https:\/\/www.eel-fotografie.de\/wp2\/#organization"},"potentialAction":[{"@type":"SearchAction","target":{"@type":"EntryPoint","urlTemplate":"https:\/\/www.eel-fotografie.de\/wp2\/?s={search_term_string}"},"query-input":{"@type":"PropertyValueSpecification","valueRequired":true,"valueName":"search_term_string"}}],"inLanguage":"de"},{"@type":"Organization","@id":"https:\/\/www.eel-fotografie.de\/wp2\/#organization","name":"eel-fotografie | fotografie - bildagentur","url":"https:\/\/www.eel-fotografie.de\/wp2\/","logo":{"@type":"ImageObject","inLanguage":"de","@id":"https:\/\/www.eel-fotografie.de\/wp2\/#\/schema\/logo\/image\/","url":"http:\/\/www.eel-fotografie.de\/wp2\/wp-content\/uploads\/eel-fotografie_logo_2_500x250.png","contentUrl":"http:\/\/www.eel-fotografie.de\/wp2\/wp-content\/uploads\/eel-fotografie_logo_2_500x250.png","width":500,"height":254,"caption":"eel-fotografie | fotografie - bildagentur"},"image":{"@id":"https:\/\/www.eel-fotografie.de\/wp2\/#\/schema\/logo\/image\/"},"sameAs":["https:\/\/www.instagram.com\/eelfotografie\/"]},{"@type":"Person","@id":"https:\/\/www.eel-fotografie.de\/wp2\/#\/schema\/person\/48b675d7a081d02af2929c3629214db0","name":"admin","image":{"@type":"ImageObject","inLanguage":"de","@id":"https:\/\/www.eel-fotografie.de\/wp2\/#\/schema\/person\/image\/","url":"https:\/\/secure.gravatar.com\/avatar\/0238886d5b298e452983f5d971ee0c60774f53da880f3705d3087707fa31096c?s=96&d=mm&r=g","contentUrl":"https:\/\/secure.gravatar.com\/avatar\/0238886d5b298e452983f5d971ee0c60774f53da880f3705d3087707fa31096c?s=96&d=mm&r=g","caption":"admin"},"description":"Head of eel-fotografie | fotografie-bildagentur","sameAs":["http:\/\/www.eel-fotografie.de"],"url":"http:\/\/www.eel-fotografie.de\/wp2\/author\/admin\/"}]}},"_links":{"self":[{"href":"http:\/\/www.eel-fotografie.de\/wp2\/wp-json\/wp\/v2\/posts\/5036","targetHints":{"allow":["GET"]}}],"collection":[{"href":"http:\/\/www.eel-fotografie.de\/wp2\/wp-json\/wp\/v2\/posts"}],"about":[{"href":"http:\/\/www.eel-fotografie.de\/wp2\/wp-json\/wp\/v2\/types\/post"}],"author":[{"embeddable":true,"href":"http:\/\/www.eel-fotografie.de\/wp2\/wp-json\/wp\/v2\/users\/1"}],"replies":[{"embeddable":true,"href":"http:\/\/www.eel-fotografie.de\/wp2\/wp-json\/wp\/v2\/comments?post=5036"}],"version-history":[{"count":0,"href":"http:\/\/www.eel-fotografie.de\/wp2\/wp-json\/wp\/v2\/posts\/5036\/revisions"}],"wp:featuredmedia":[{"embeddable":true,"href":"http:\/\/www.eel-fotografie.de\/wp2\/wp-json\/wp\/v2\/media\/9210"}],"wp:attachment":[{"href":"http:\/\/www.eel-fotografie.de\/wp2\/wp-json\/wp\/v2\/media?parent=5036"}],"wp:term":[{"taxonomy":"category","embeddable":true,"href":"http:\/\/www.eel-fotografie.de\/wp2\/wp-json\/wp\/v2\/categories?post=5036"},{"taxonomy":"post_tag","embeddable":true,"href":"http:\/\/www.eel-fotografie.de\/wp2\/wp-json\/wp\/v2\/tags?post=5036"}],"curies":[{"name":"wp","href":"https:\/\/api.w.org\/{rel}","templated":true}]}}