{"id":6115,"date":"2015-05-21T08:31:57","date_gmt":"2015-05-21T06:31:57","guid":{"rendered":"http:\/\/www.eel-fotografie.de\/?p=6115"},"modified":"2016-11-11T10:58:54","modified_gmt":"2016-11-11T09:58:54","slug":"24-stunden-rennen-2015-nuerburgring-nordschleife","status":"publish","type":"post","link":"http:\/\/www.eel-fotografie.de\/wp2\/24-stunden-rennen-2015-nuerburgring-nordschleife\/","title":{"rendered":"24 Stunden Rennen 2015 &#8211; N\u00fcrburgring Nordschleife"},"content":{"rendered":"<p style=\"text-align: justify;\">24 Stunden Rennen 2015 &#8211; N\u00fcrburgring Nordschleife.<\/p>\n<p style=\"text-align: justify;\">Fotos vom ADAC 24h Rennen auf dem N\u00fcrburgring. Ein Spektakel, bei dem es mehr als nur um Rennsport geht. 200.000 Zuschauer rund um die Nordschleife sorgen f\u00fcr Party, laute Musik, Lagerfeuer und gute Stimmung. Eine geniale Veranstaltung.<\/p>\n<p><div class=\"nextgen_pro_thumbnail_grid\" id=\"displayed_gallery_4136da88d16d5fe14e6b3322c825057a\"><div id=\"ngg-image-0\" class=\"image-wrapper\"><a href=\"http:\/\/www.eel-fotografie.de\/wp2\/wp-content\/gallery\/post_21_05_2015_24h_rennen_nuerburgring\/DSC_5787.jpg\"\n               title=\"&lt;font&gt;\u00a9 eel-fotografie&lt;\/font&gt;\"\n               data-src=\"http:\/\/www.eel-fotografie.de\/wp2\/wp-content\/gallery\/post_21_05_2015_24h_rennen_nuerburgring\/DSC_5787.jpg\"\n               data-thumbnail=\"http:\/\/www.eel-fotografie.de\/wp2\/wp-content\/gallery\/post_21_05_2015_24h_rennen_nuerburgring\/thumbs\/thumbs_DSC_5787.jpg\"\n               data-image-id=\"1954\"\n               data-title=\"DSC_5787 | \u00a9 eel-fotografie\"\n               data-description=\"&lt;font&gt;\u00a9 eel-fotografie&lt;\/font&gt;\"\n               class=\"shutterset_4136da88d16d5fe14e6b3322c825057a\" data-ngg-protect=\"1\"><picture><source srcset='http:\/\/www.eel-fotografie.de\/wp2\/wp-content\/gallery\/post_21_05_2015_24h_rennen_nuerburgring\/cache\/DSC_5787.jpg-nggid041954-ngg0dyn-120x90x100-00f0w010c011r110f110r010t010.jpg' media=''><img title=\"DSC_5787 | \u00a9 eel-fotografie\" alt=\"DSC_5787 | \u00a9 eel-fotografie\" width=\"120\" height=\"90\" style=\"max-width:120px;max-height:90px\" src=\"http:\/\/www.eel-fotografie.de\/wp2\/wp-content\/gallery\/post_21_05_2015_24h_rennen_nuerburgring\/cache\/DSC_5787.jpg-nggid041954-ngg0dyn-120x90x100-00f0w010c011r110f110r010t010.jpg\" srcset=\"http:\/\/www.eel-fotografie.de\/wp2\/wp-content\/gallery\/post_21_05_2015_24h_rennen_nuerburgring\/cache\/DSC_5787.jpg-nggid041954-ngg0dyn-120x90x100-00f0w010c011r110f110r010t010.jpg\" onerror=\"nggRetryFailedImage(this);\"\/><\/picture>                <noscript><img src=\"http:\/\/www.eel-fotografie.de\/wp2\/wp-content\/gallery\/post_21_05_2015_24h_rennen_nuerburgring\/cache\/DSC_5787.jpg-nggid041954-ngg0dyn-120x90x100-00f0w010c011r110f110r010t010.jpg\"\n                         title=\"DSC_5787 | \u00a9 eel-fotografie\"\n                         alt=\"DSC_5787 | \u00a9 eel-fotografie\"\n                         width=\"120\"\n                         height=\"90\"\n                         style=\"max-width:100%; height: auto;\"\/><\/noscript><\/a><\/div><div id=\"ngg-image-1\" class=\"image-wrapper\"><a href=\"http:\/\/www.eel-fotografie.de\/wp2\/wp-content\/gallery\/post_21_05_2015_24h_rennen_nuerburgring\/DSC_5636.jpg\"\n               title=\"&lt;font&gt;\u00a9 eel-fotografie&lt;\/font&gt;\"\n               data-src=\"http:\/\/www.eel-fotografie.de\/wp2\/wp-content\/gallery\/post_21_05_2015_24h_rennen_nuerburgring\/DSC_5636.jpg\"\n               data-thumbnail=\"http:\/\/www.eel-fotografie.de\/wp2\/wp-content\/gallery\/post_21_05_2015_24h_rennen_nuerburgring\/thumbs\/thumbs_DSC_5636.jpg\"\n               data-image-id=\"1952\"\n               data-title=\"DSC_5636 | \u00a9 eel-fotografie\"\n               data-description=\"&lt;font&gt;\u00a9 eel-fotografie&lt;\/font&gt;\"\n               class=\"shutterset_4136da88d16d5fe14e6b3322c825057a\" data-ngg-protect=\"1\"><picture><source srcset='http:\/\/www.eel-fotografie.de\/wp2\/wp-content\/gallery\/post_21_05_2015_24h_rennen_nuerburgring\/cache\/DSC_5636.jpg-nggid041952-ngg0dyn-120x90x100-00f0w010c011r110f110r010t010.jpg' media=''><img title=\"DSC_5636 | \u00a9 eel-fotografie\" alt=\"DSC_5636 | \u00a9 eel-fotografie\" width=\"120\" height=\"90\" style=\"max-width:120px;max-height:90px\" src=\"http:\/\/www.eel-fotografie.de\/wp2\/wp-content\/gallery\/post_21_05_2015_24h_rennen_nuerburgring\/cache\/DSC_5636.jpg-nggid041952-ngg0dyn-120x90x100-00f0w010c011r110f110r010t010.jpg\" srcset=\"http:\/\/www.eel-fotografie.de\/wp2\/wp-content\/gallery\/post_21_05_2015_24h_rennen_nuerburgring\/cache\/DSC_5636.jpg-nggid041952-ngg0dyn-120x90x100-00f0w010c011r110f110r010t010.jpg\" onerror=\"nggRetryFailedImage(this);\"\/><\/picture>                <noscript><img src=\"http:\/\/www.eel-fotografie.de\/wp2\/wp-content\/gallery\/post_21_05_2015_24h_rennen_nuerburgring\/cache\/DSC_5636.jpg-nggid041952-ngg0dyn-120x90x100-00f0w010c011r110f110r010t010.jpg\"\n                         title=\"DSC_5636 | \u00a9 eel-fotografie\"\n                         alt=\"DSC_5636 | \u00a9 eel-fotografie\"\n                         width=\"120\"\n                         height=\"90\"\n                         style=\"max-width:100%; height: auto;\"\/><\/noscript><\/a><\/div><div id=\"ngg-image-2\" class=\"image-wrapper\"><a href=\"http:\/\/www.eel-fotografie.de\/wp2\/wp-content\/gallery\/post_21_05_2015_24h_rennen_nuerburgring\/DSC_5934.jpg\"\n               title=\"&lt;font&gt;\u00a9 eel-fotografie&lt;\/font&gt;\"\n               data-src=\"http:\/\/www.eel-fotografie.de\/wp2\/wp-content\/gallery\/post_21_05_2015_24h_rennen_nuerburgring\/DSC_5934.jpg\"\n               data-thumbnail=\"http:\/\/www.eel-fotografie.de\/wp2\/wp-content\/gallery\/post_21_05_2015_24h_rennen_nuerburgring\/thumbs\/thumbs_DSC_5934.jpg\"\n               data-image-id=\"1955\"\n               data-title=\"DSC_5934 | \u00a9 eel-fotografie\"\n               data-description=\"&lt;font&gt;\u00a9 eel-fotografie&lt;\/font&gt;\"\n               class=\"shutterset_4136da88d16d5fe14e6b3322c825057a\" data-ngg-protect=\"1\"><picture><source srcset='http:\/\/www.eel-fotografie.de\/wp2\/wp-content\/gallery\/post_21_05_2015_24h_rennen_nuerburgring\/cache\/DSC_5934.jpg-nggid041955-ngg0dyn-120x90x100-00f0w010c011r110f110r010t010.jpg' media=''><img title=\"DSC_5934 | \u00a9 eel-fotografie\" alt=\"DSC_5934 | \u00a9 eel-fotografie\" width=\"120\" height=\"90\" style=\"max-width:120px;max-height:90px\" src=\"http:\/\/www.eel-fotografie.de\/wp2\/wp-content\/gallery\/post_21_05_2015_24h_rennen_nuerburgring\/cache\/DSC_5934.jpg-nggid041955-ngg0dyn-120x90x100-00f0w010c011r110f110r010t010.jpg\" srcset=\"http:\/\/www.eel-fotografie.de\/wp2\/wp-content\/gallery\/post_21_05_2015_24h_rennen_nuerburgring\/cache\/DSC_5934.jpg-nggid041955-ngg0dyn-120x90x100-00f0w010c011r110f110r010t010.jpg\" onerror=\"nggRetryFailedImage(this);\"\/><\/picture>                <noscript><img src=\"http:\/\/www.eel-fotografie.de\/wp2\/wp-content\/gallery\/post_21_05_2015_24h_rennen_nuerburgring\/cache\/DSC_5934.jpg-nggid041955-ngg0dyn-120x90x100-00f0w010c011r110f110r010t010.jpg\"\n                         title=\"DSC_5934 | \u00a9 eel-fotografie\"\n                         alt=\"DSC_5934 | \u00a9 eel-fotografie\"\n                         width=\"120\"\n                         height=\"90\"\n                         style=\"max-width:100%; height: auto;\"\/><\/noscript><\/a><\/div><div id=\"ngg-image-3\" class=\"image-wrapper\"><a href=\"http:\/\/www.eel-fotografie.de\/wp2\/wp-content\/gallery\/post_21_05_2015_24h_rennen_nuerburgring\/DSC_6003.jpg\"\n               title=\"&lt;font&gt;\u00a9 eel-fotografie&lt;\/font&gt;\"\n               data-src=\"http:\/\/www.eel-fotografie.de\/wp2\/wp-content\/gallery\/post_21_05_2015_24h_rennen_nuerburgring\/DSC_6003.jpg\"\n               data-thumbnail=\"http:\/\/www.eel-fotografie.de\/wp2\/wp-content\/gallery\/post_21_05_2015_24h_rennen_nuerburgring\/thumbs\/thumbs_DSC_6003.jpg\"\n               data-image-id=\"1956\"\n               data-title=\"DSC_6003 | \u00a9 eel-fotografie\"\n               data-description=\"&lt;font&gt;\u00a9 eel-fotografie&lt;\/font&gt;\"\n               class=\"shutterset_4136da88d16d5fe14e6b3322c825057a\" data-ngg-protect=\"1\"><picture><source srcset='http:\/\/www.eel-fotografie.de\/wp2\/wp-content\/gallery\/post_21_05_2015_24h_rennen_nuerburgring\/cache\/DSC_6003.jpg-nggid041956-ngg0dyn-120x90x100-00f0w010c011r110f110r010t010.jpg' media=''><img title=\"DSC_6003 | \u00a9 eel-fotografie\" alt=\"DSC_6003 | \u00a9 eel-fotografie\" width=\"120\" height=\"90\" style=\"max-width:120px;max-height:90px\" src=\"http:\/\/www.eel-fotografie.de\/wp2\/wp-content\/gallery\/post_21_05_2015_24h_rennen_nuerburgring\/cache\/DSC_6003.jpg-nggid041956-ngg0dyn-120x90x100-00f0w010c011r110f110r010t010.jpg\" srcset=\"http:\/\/www.eel-fotografie.de\/wp2\/wp-content\/gallery\/post_21_05_2015_24h_rennen_nuerburgring\/cache\/DSC_6003.jpg-nggid041956-ngg0dyn-120x90x100-00f0w010c011r110f110r010t010.jpg\" onerror=\"nggRetryFailedImage(this);\"\/><\/picture>                <noscript><img src=\"http:\/\/www.eel-fotografie.de\/wp2\/wp-content\/gallery\/post_21_05_2015_24h_rennen_nuerburgring\/cache\/DSC_6003.jpg-nggid041956-ngg0dyn-120x90x100-00f0w010c011r110f110r010t010.jpg\"\n                         title=\"DSC_6003 | \u00a9 eel-fotografie\"\n                         alt=\"DSC_6003 | \u00a9 eel-fotografie\"\n                         width=\"120\"\n                         height=\"90\"\n                         style=\"max-width:100%; height: auto;\"\/><\/noscript><\/a><\/div><br style='clear: both'\/><div id=\"ngg-image-4\" class=\"image-wrapper\"><a href=\"http:\/\/www.eel-fotografie.de\/wp2\/wp-content\/gallery\/post_21_05_2015_24h_rennen_nuerburgring\/DSC_6478.jpg\"\n               title=\"&lt;font&gt;\u00a9 eel-fotografie&lt;\/font&gt;\"\n               data-src=\"http:\/\/www.eel-fotografie.de\/wp2\/wp-content\/gallery\/post_21_05_2015_24h_rennen_nuerburgring\/DSC_6478.jpg\"\n               data-thumbnail=\"http:\/\/www.eel-fotografie.de\/wp2\/wp-content\/gallery\/post_21_05_2015_24h_rennen_nuerburgring\/thumbs\/thumbs_DSC_6478.jpg\"\n               data-image-id=\"1965\"\n               data-title=\"DSC_6478 | \u00a9 eel-fotografie\"\n               data-description=\"&lt;font&gt;\u00a9 eel-fotografie&lt;\/font&gt;\"\n               class=\"shutterset_4136da88d16d5fe14e6b3322c825057a\" data-ngg-protect=\"1\"><picture><source srcset='http:\/\/www.eel-fotografie.de\/wp2\/wp-content\/gallery\/post_21_05_2015_24h_rennen_nuerburgring\/cache\/DSC_6478.jpg-nggid041965-ngg0dyn-120x90x100-00f0w010c011r110f110r010t010.jpg' media=''><img title=\"DSC_6478 | \u00a9 eel-fotografie\" alt=\"DSC_6478 | \u00a9 eel-fotografie\" width=\"120\" height=\"90\" style=\"max-width:120px;max-height:90px\" src=\"http:\/\/www.eel-fotografie.de\/wp2\/wp-content\/gallery\/post_21_05_2015_24h_rennen_nuerburgring\/cache\/DSC_6478.jpg-nggid041965-ngg0dyn-120x90x100-00f0w010c011r110f110r010t010.jpg\" srcset=\"http:\/\/www.eel-fotografie.de\/wp2\/wp-content\/gallery\/post_21_05_2015_24h_rennen_nuerburgring\/cache\/DSC_6478.jpg-nggid041965-ngg0dyn-120x90x100-00f0w010c011r110f110r010t010.jpg\" onerror=\"nggRetryFailedImage(this);\"\/><\/picture>                <noscript><img src=\"http:\/\/www.eel-fotografie.de\/wp2\/wp-content\/gallery\/post_21_05_2015_24h_rennen_nuerburgring\/cache\/DSC_6478.jpg-nggid041965-ngg0dyn-120x90x100-00f0w010c011r110f110r010t010.jpg\"\n                         title=\"DSC_6478 | \u00a9 eel-fotografie\"\n                         alt=\"DSC_6478 | \u00a9 eel-fotografie\"\n                         width=\"120\"\n                         height=\"90\"\n                         style=\"max-width:100%; height: auto;\"\/><\/noscript><\/a><\/div><div id=\"ngg-image-5\" class=\"image-wrapper\"><a href=\"http:\/\/www.eel-fotografie.de\/wp2\/wp-content\/gallery\/post_21_05_2015_24h_rennen_nuerburgring\/DSC_5762.jpg\"\n               title=\"&lt;font&gt;\u00a9 eel-fotografie&lt;\/font&gt;\"\n               data-src=\"http:\/\/www.eel-fotografie.de\/wp2\/wp-content\/gallery\/post_21_05_2015_24h_rennen_nuerburgring\/DSC_5762.jpg\"\n               data-thumbnail=\"http:\/\/www.eel-fotografie.de\/wp2\/wp-content\/gallery\/post_21_05_2015_24h_rennen_nuerburgring\/thumbs\/thumbs_DSC_5762.jpg\"\n               data-image-id=\"1953\"\n               data-title=\"DSC_5762 | \u00a9 eel-fotografie\"\n               data-description=\"&lt;font&gt;\u00a9 eel-fotografie&lt;\/font&gt;\"\n               class=\"shutterset_4136da88d16d5fe14e6b3322c825057a\" data-ngg-protect=\"1\"><picture><source srcset='http:\/\/www.eel-fotografie.de\/wp2\/wp-content\/gallery\/post_21_05_2015_24h_rennen_nuerburgring\/cache\/DSC_5762.jpg-nggid041953-ngg0dyn-120x90x100-00f0w010c011r110f110r010t010.jpg' media=''><img title=\"DSC_5762 | \u00a9 eel-fotografie\" alt=\"DSC_5762 | \u00a9 eel-fotografie\" width=\"120\" height=\"90\" style=\"max-width:120px;max-height:90px\" src=\"http:\/\/www.eel-fotografie.de\/wp2\/wp-content\/gallery\/post_21_05_2015_24h_rennen_nuerburgring\/cache\/DSC_5762.jpg-nggid041953-ngg0dyn-120x90x100-00f0w010c011r110f110r010t010.jpg\" srcset=\"http:\/\/www.eel-fotografie.de\/wp2\/wp-content\/gallery\/post_21_05_2015_24h_rennen_nuerburgring\/cache\/DSC_5762.jpg-nggid041953-ngg0dyn-120x90x100-00f0w010c011r110f110r010t010.jpg\" onerror=\"nggRetryFailedImage(this);\"\/><\/picture>                <noscript><img src=\"http:\/\/www.eel-fotografie.de\/wp2\/wp-content\/gallery\/post_21_05_2015_24h_rennen_nuerburgring\/cache\/DSC_5762.jpg-nggid041953-ngg0dyn-120x90x100-00f0w010c011r110f110r010t010.jpg\"\n                         title=\"DSC_5762 | \u00a9 eel-fotografie\"\n                         alt=\"DSC_5762 | \u00a9 eel-fotografie\"\n                         width=\"120\"\n                         height=\"90\"\n                         style=\"max-width:100%; height: auto;\"\/><\/noscript><\/a><\/div><div id=\"ngg-image-6\" class=\"image-wrapper\"><a href=\"http:\/\/www.eel-fotografie.de\/wp2\/wp-content\/gallery\/post_21_05_2015_24h_rennen_nuerburgring\/DSC_6019.jpg\"\n               title=\"&lt;font&gt;\u00a9 eel-fotografie&lt;\/font&gt;\"\n               data-src=\"http:\/\/www.eel-fotografie.de\/wp2\/wp-content\/gallery\/post_21_05_2015_24h_rennen_nuerburgring\/DSC_6019.jpg\"\n               data-thumbnail=\"http:\/\/www.eel-fotografie.de\/wp2\/wp-content\/gallery\/post_21_05_2015_24h_rennen_nuerburgring\/thumbs\/thumbs_DSC_6019.jpg\"\n               data-image-id=\"1958\"\n               data-title=\"DSC_6019 | \u00a9 eel-fotografie\"\n               data-description=\"&lt;font&gt;\u00a9 eel-fotografie&lt;\/font&gt;\"\n               class=\"shutterset_4136da88d16d5fe14e6b3322c825057a\" data-ngg-protect=\"1\"><picture><source srcset='http:\/\/www.eel-fotografie.de\/wp2\/wp-content\/gallery\/post_21_05_2015_24h_rennen_nuerburgring\/cache\/DSC_6019.jpg-nggid041958-ngg0dyn-120x90x100-00f0w010c011r110f110r010t010.jpg' media=''><img title=\"DSC_6019 | \u00a9 eel-fotografie\" alt=\"DSC_6019 | \u00a9 eel-fotografie\" width=\"120\" height=\"90\" style=\"max-width:120px;max-height:90px\" src=\"http:\/\/www.eel-fotografie.de\/wp2\/wp-content\/gallery\/post_21_05_2015_24h_rennen_nuerburgring\/cache\/DSC_6019.jpg-nggid041958-ngg0dyn-120x90x100-00f0w010c011r110f110r010t010.jpg\" srcset=\"http:\/\/www.eel-fotografie.de\/wp2\/wp-content\/gallery\/post_21_05_2015_24h_rennen_nuerburgring\/cache\/DSC_6019.jpg-nggid041958-ngg0dyn-120x90x100-00f0w010c011r110f110r010t010.jpg\" onerror=\"nggRetryFailedImage(this);\"\/><\/picture>                <noscript><img src=\"http:\/\/www.eel-fotografie.de\/wp2\/wp-content\/gallery\/post_21_05_2015_24h_rennen_nuerburgring\/cache\/DSC_6019.jpg-nggid041958-ngg0dyn-120x90x100-00f0w010c011r110f110r010t010.jpg\"\n                         title=\"DSC_6019 | \u00a9 eel-fotografie\"\n                         alt=\"DSC_6019 | \u00a9 eel-fotografie\"\n                         width=\"120\"\n                         height=\"90\"\n                         style=\"max-width:100%; height: auto;\"\/><\/noscript><\/a><\/div><div id=\"ngg-image-7\" class=\"image-wrapper\"><a href=\"http:\/\/www.eel-fotografie.de\/wp2\/wp-content\/gallery\/post_21_05_2015_24h_rennen_nuerburgring\/DSC_6262.jpg\"\n               title=\"&lt;font&gt;\u00a9 eel-fotografie&lt;\/font&gt;\"\n               data-src=\"http:\/\/www.eel-fotografie.de\/wp2\/wp-content\/gallery\/post_21_05_2015_24h_rennen_nuerburgring\/DSC_6262.jpg\"\n               data-thumbnail=\"http:\/\/www.eel-fotografie.de\/wp2\/wp-content\/gallery\/post_21_05_2015_24h_rennen_nuerburgring\/thumbs\/thumbs_DSC_6262.jpg\"\n               data-image-id=\"1959\"\n               data-title=\"DSC_6262 | \u00a9 eel-fotografie\"\n               data-description=\"&lt;font&gt;\u00a9 eel-fotografie&lt;\/font&gt;\"\n               class=\"shutterset_4136da88d16d5fe14e6b3322c825057a\" data-ngg-protect=\"1\"><picture><source srcset='http:\/\/www.eel-fotografie.de\/wp2\/wp-content\/gallery\/post_21_05_2015_24h_rennen_nuerburgring\/cache\/DSC_6262.jpg-nggid041959-ngg0dyn-120x90x100-00f0w010c011r110f110r010t010.jpg' media=''><img title=\"DSC_6262 | \u00a9 eel-fotografie\" alt=\"DSC_6262 | \u00a9 eel-fotografie\" width=\"120\" height=\"90\" style=\"max-width:120px;max-height:90px\" src=\"http:\/\/www.eel-fotografie.de\/wp2\/wp-content\/gallery\/post_21_05_2015_24h_rennen_nuerburgring\/cache\/DSC_6262.jpg-nggid041959-ngg0dyn-120x90x100-00f0w010c011r110f110r010t010.jpg\" srcset=\"http:\/\/www.eel-fotografie.de\/wp2\/wp-content\/gallery\/post_21_05_2015_24h_rennen_nuerburgring\/cache\/DSC_6262.jpg-nggid041959-ngg0dyn-120x90x100-00f0w010c011r110f110r010t010.jpg\" onerror=\"nggRetryFailedImage(this);\"\/><\/picture>                <noscript><img src=\"http:\/\/www.eel-fotografie.de\/wp2\/wp-content\/gallery\/post_21_05_2015_24h_rennen_nuerburgring\/cache\/DSC_6262.jpg-nggid041959-ngg0dyn-120x90x100-00f0w010c011r110f110r010t010.jpg\"\n                         title=\"DSC_6262 | \u00a9 eel-fotografie\"\n                         alt=\"DSC_6262 | \u00a9 eel-fotografie\"\n                         width=\"120\"\n                         height=\"90\"\n                         style=\"max-width:100%; height: auto;\"\/><\/noscript><\/a><\/div><br style='clear: both'\/><div id=\"ngg-image-8\" class=\"image-wrapper\"><a href=\"http:\/\/www.eel-fotografie.de\/wp2\/wp-content\/gallery\/post_21_05_2015_24h_rennen_nuerburgring\/DSC_6339.jpg\"\n               title=\"&lt;font&gt;\u00a9 eel-fotografie&lt;\/font&gt;\"\n               data-src=\"http:\/\/www.eel-fotografie.de\/wp2\/wp-content\/gallery\/post_21_05_2015_24h_rennen_nuerburgring\/DSC_6339.jpg\"\n               data-thumbnail=\"http:\/\/www.eel-fotografie.de\/wp2\/wp-content\/gallery\/post_21_05_2015_24h_rennen_nuerburgring\/thumbs\/thumbs_DSC_6339.jpg\"\n               data-image-id=\"1961\"\n               data-title=\"DSC_6339 | \u00a9 eel-fotografie\"\n               data-description=\"&lt;font&gt;\u00a9 eel-fotografie&lt;\/font&gt;\"\n               class=\"shutterset_4136da88d16d5fe14e6b3322c825057a\" data-ngg-protect=\"1\"><picture><source srcset='http:\/\/www.eel-fotografie.de\/wp2\/wp-content\/gallery\/post_21_05_2015_24h_rennen_nuerburgring\/cache\/DSC_6339.jpg-nggid041961-ngg0dyn-120x90x100-00f0w010c011r110f110r010t010.jpg' media=''><img title=\"DSC_6339 | \u00a9 eel-fotografie\" alt=\"DSC_6339 | \u00a9 eel-fotografie\" width=\"120\" height=\"90\" style=\"max-width:120px;max-height:90px\" src=\"http:\/\/www.eel-fotografie.de\/wp2\/wp-content\/gallery\/post_21_05_2015_24h_rennen_nuerburgring\/cache\/DSC_6339.jpg-nggid041961-ngg0dyn-120x90x100-00f0w010c011r110f110r010t010.jpg\" srcset=\"http:\/\/www.eel-fotografie.de\/wp2\/wp-content\/gallery\/post_21_05_2015_24h_rennen_nuerburgring\/cache\/DSC_6339.jpg-nggid041961-ngg0dyn-120x90x100-00f0w010c011r110f110r010t010.jpg\" onerror=\"nggRetryFailedImage(this);\"\/><\/picture>                <noscript><img src=\"http:\/\/www.eel-fotografie.de\/wp2\/wp-content\/gallery\/post_21_05_2015_24h_rennen_nuerburgring\/cache\/DSC_6339.jpg-nggid041961-ngg0dyn-120x90x100-00f0w010c011r110f110r010t010.jpg\"\n                         title=\"DSC_6339 | \u00a9 eel-fotografie\"\n                         alt=\"DSC_6339 | \u00a9 eel-fotografie\"\n                         width=\"120\"\n                         height=\"90\"\n                         style=\"max-width:100%; height: auto;\"\/><\/noscript><\/a><\/div><div id=\"ngg-image-9\" class=\"image-wrapper\"><a href=\"http:\/\/www.eel-fotografie.de\/wp2\/wp-content\/gallery\/post_21_05_2015_24h_rennen_nuerburgring\/DSC_6389.jpg\"\n               title=\"&lt;font&gt;\u00a9 eel-fotografie&lt;\/font&gt;\"\n               data-src=\"http:\/\/www.eel-fotografie.de\/wp2\/wp-content\/gallery\/post_21_05_2015_24h_rennen_nuerburgring\/DSC_6389.jpg\"\n               data-thumbnail=\"http:\/\/www.eel-fotografie.de\/wp2\/wp-content\/gallery\/post_21_05_2015_24h_rennen_nuerburgring\/thumbs\/thumbs_DSC_6389.jpg\"\n               data-image-id=\"1962\"\n               data-title=\"DSC_6389 | \u00a9 eel-fotografie\"\n               data-description=\"&lt;font&gt;\u00a9 eel-fotografie&lt;\/font&gt;\"\n               class=\"shutterset_4136da88d16d5fe14e6b3322c825057a\" data-ngg-protect=\"1\"><picture><source srcset='http:\/\/www.eel-fotografie.de\/wp2\/wp-content\/gallery\/post_21_05_2015_24h_rennen_nuerburgring\/cache\/DSC_6389.jpg-nggid041962-ngg0dyn-120x90x100-00f0w010c011r110f110r010t010.jpg' media=''><img title=\"DSC_6389 | \u00a9 eel-fotografie\" alt=\"DSC_6389 | \u00a9 eel-fotografie\" width=\"120\" height=\"90\" style=\"max-width:120px;max-height:90px\" src=\"http:\/\/www.eel-fotografie.de\/wp2\/wp-content\/gallery\/post_21_05_2015_24h_rennen_nuerburgring\/cache\/DSC_6389.jpg-nggid041962-ngg0dyn-120x90x100-00f0w010c011r110f110r010t010.jpg\" srcset=\"http:\/\/www.eel-fotografie.de\/wp2\/wp-content\/gallery\/post_21_05_2015_24h_rennen_nuerburgring\/cache\/DSC_6389.jpg-nggid041962-ngg0dyn-120x90x100-00f0w010c011r110f110r010t010.jpg\" onerror=\"nggRetryFailedImage(this);\"\/><\/picture>                <noscript><img src=\"http:\/\/www.eel-fotografie.de\/wp2\/wp-content\/gallery\/post_21_05_2015_24h_rennen_nuerburgring\/cache\/DSC_6389.jpg-nggid041962-ngg0dyn-120x90x100-00f0w010c011r110f110r010t010.jpg\"\n                         title=\"DSC_6389 | \u00a9 eel-fotografie\"\n                         alt=\"DSC_6389 | \u00a9 eel-fotografie\"\n                         width=\"120\"\n                         height=\"90\"\n                         style=\"max-width:100%; height: auto;\"\/><\/noscript><\/a><\/div><div id=\"ngg-image-10\" class=\"image-wrapper\"><a href=\"http:\/\/www.eel-fotografie.de\/wp2\/wp-content\/gallery\/post_21_05_2015_24h_rennen_nuerburgring\/DSC_6682.jpg\"\n               title=\"&lt;font&gt;\u00a9 eel-fotografie&lt;\/font&gt;\"\n               data-src=\"http:\/\/www.eel-fotografie.de\/wp2\/wp-content\/gallery\/post_21_05_2015_24h_rennen_nuerburgring\/DSC_6682.jpg\"\n               data-thumbnail=\"http:\/\/www.eel-fotografie.de\/wp2\/wp-content\/gallery\/post_21_05_2015_24h_rennen_nuerburgring\/thumbs\/thumbs_DSC_6682.jpg\"\n               data-image-id=\"1966\"\n               data-title=\"DSC_6682 | \u00a9 eel-fotografie\"\n               data-description=\"&lt;font&gt;\u00a9 eel-fotografie&lt;\/font&gt;\"\n               class=\"shutterset_4136da88d16d5fe14e6b3322c825057a\" data-ngg-protect=\"1\"><picture><source srcset='http:\/\/www.eel-fotografie.de\/wp2\/wp-content\/gallery\/post_21_05_2015_24h_rennen_nuerburgring\/cache\/DSC_6682.jpg-nggid041966-ngg0dyn-120x90x100-00f0w010c011r110f110r010t010.jpg' media=''><img title=\"DSC_6682 | \u00a9 eel-fotografie\" alt=\"DSC_6682 | \u00a9 eel-fotografie\" width=\"120\" height=\"90\" style=\"max-width:120px;max-height:90px\" src=\"http:\/\/www.eel-fotografie.de\/wp2\/wp-content\/gallery\/post_21_05_2015_24h_rennen_nuerburgring\/cache\/DSC_6682.jpg-nggid041966-ngg0dyn-120x90x100-00f0w010c011r110f110r010t010.jpg\" srcset=\"http:\/\/www.eel-fotografie.de\/wp2\/wp-content\/gallery\/post_21_05_2015_24h_rennen_nuerburgring\/cache\/DSC_6682.jpg-nggid041966-ngg0dyn-120x90x100-00f0w010c011r110f110r010t010.jpg\" onerror=\"nggRetryFailedImage(this);\"\/><\/picture>                <noscript><img src=\"http:\/\/www.eel-fotografie.de\/wp2\/wp-content\/gallery\/post_21_05_2015_24h_rennen_nuerburgring\/cache\/DSC_6682.jpg-nggid041966-ngg0dyn-120x90x100-00f0w010c011r110f110r010t010.jpg\"\n                         title=\"DSC_6682 | \u00a9 eel-fotografie\"\n                         alt=\"DSC_6682 | \u00a9 eel-fotografie\"\n                         width=\"120\"\n                         height=\"90\"\n                         style=\"max-width:100%; height: auto;\"\/><\/noscript><\/a><\/div><div id=\"ngg-image-11\" class=\"image-wrapper\"><a href=\"http:\/\/www.eel-fotografie.de\/wp2\/wp-content\/gallery\/post_21_05_2015_24h_rennen_nuerburgring\/DSC_6460.jpg\"\n               title=\"&lt;font&gt;\u00a9 eel-fotografie&lt;\/font&gt;\"\n               data-src=\"http:\/\/www.eel-fotografie.de\/wp2\/wp-content\/gallery\/post_21_05_2015_24h_rennen_nuerburgring\/DSC_6460.jpg\"\n               data-thumbnail=\"http:\/\/www.eel-fotografie.de\/wp2\/wp-content\/gallery\/post_21_05_2015_24h_rennen_nuerburgring\/thumbs\/thumbs_DSC_6460.jpg\"\n               data-image-id=\"1964\"\n               data-title=\"DSC_6460 | \u00a9 eel-fotografie\"\n               data-description=\"&lt;font&gt;\u00a9 eel-fotografie&lt;\/font&gt;\"\n               class=\"shutterset_4136da88d16d5fe14e6b3322c825057a\" data-ngg-protect=\"1\"><picture><source srcset='http:\/\/www.eel-fotografie.de\/wp2\/wp-content\/gallery\/post_21_05_2015_24h_rennen_nuerburgring\/cache\/DSC_6460.jpg-nggid041964-ngg0dyn-120x90x100-00f0w010c011r110f110r010t010.jpg' media=''><img title=\"DSC_6460 | \u00a9 eel-fotografie\" alt=\"DSC_6460 | \u00a9 eel-fotografie\" width=\"120\" height=\"90\" style=\"max-width:120px;max-height:90px\" src=\"http:\/\/www.eel-fotografie.de\/wp2\/wp-content\/gallery\/post_21_05_2015_24h_rennen_nuerburgring\/cache\/DSC_6460.jpg-nggid041964-ngg0dyn-120x90x100-00f0w010c011r110f110r010t010.jpg\" srcset=\"http:\/\/www.eel-fotografie.de\/wp2\/wp-content\/gallery\/post_21_05_2015_24h_rennen_nuerburgring\/cache\/DSC_6460.jpg-nggid041964-ngg0dyn-120x90x100-00f0w010c011r110f110r010t010.jpg\" onerror=\"nggRetryFailedImage(this);\"\/><\/picture>                <noscript><img src=\"http:\/\/www.eel-fotografie.de\/wp2\/wp-content\/gallery\/post_21_05_2015_24h_rennen_nuerburgring\/cache\/DSC_6460.jpg-nggid041964-ngg0dyn-120x90x100-00f0w010c011r110f110r010t010.jpg\"\n                         title=\"DSC_6460 | \u00a9 eel-fotografie\"\n                         alt=\"DSC_6460 | \u00a9 eel-fotografie\"\n                         width=\"120\"\n                         height=\"90\"\n                         style=\"max-width:100%; height: auto;\"\/><\/noscript><\/a><\/div><br style='clear: both'\/><div id=\"ngg-image-12\" class=\"image-wrapper\"><a href=\"http:\/\/www.eel-fotografie.de\/wp2\/wp-content\/gallery\/post_21_05_2015_24h_rennen_nuerburgring\/DSC_5616.jpg\"\n               title=\"&lt;font&gt;\u00a9 eel-fotografie&lt;\/font&gt;\"\n               data-src=\"http:\/\/www.eel-fotografie.de\/wp2\/wp-content\/gallery\/post_21_05_2015_24h_rennen_nuerburgring\/DSC_5616.jpg\"\n               data-thumbnail=\"http:\/\/www.eel-fotografie.de\/wp2\/wp-content\/gallery\/post_21_05_2015_24h_rennen_nuerburgring\/thumbs\/thumbs_DSC_5616.jpg\"\n               data-image-id=\"1951\"\n               data-title=\"DSC_5616 | \u00a9 eel-fotografie\"\n               data-description=\"&lt;font&gt;\u00a9 eel-fotografie&lt;\/font&gt;\"\n               class=\"shutterset_4136da88d16d5fe14e6b3322c825057a\" data-ngg-protect=\"1\"><picture><source srcset='http:\/\/www.eel-fotografie.de\/wp2\/wp-content\/gallery\/post_21_05_2015_24h_rennen_nuerburgring\/cache\/DSC_5616.jpg-nggid041951-ngg0dyn-120x90x100-00f0w010c011r110f110r010t010.jpg' media=''><img title=\"DSC_5616 | \u00a9 eel-fotografie\" alt=\"DSC_5616 | \u00a9 eel-fotografie\" width=\"120\" height=\"90\" style=\"max-width:120px;max-height:90px\" src=\"http:\/\/www.eel-fotografie.de\/wp2\/wp-content\/gallery\/post_21_05_2015_24h_rennen_nuerburgring\/cache\/DSC_5616.jpg-nggid041951-ngg0dyn-120x90x100-00f0w010c011r110f110r010t010.jpg\" srcset=\"http:\/\/www.eel-fotografie.de\/wp2\/wp-content\/gallery\/post_21_05_2015_24h_rennen_nuerburgring\/cache\/DSC_5616.jpg-nggid041951-ngg0dyn-120x90x100-00f0w010c011r110f110r010t010.jpg\" onerror=\"nggRetryFailedImage(this);\"\/><\/picture>                <noscript><img src=\"http:\/\/www.eel-fotografie.de\/wp2\/wp-content\/gallery\/post_21_05_2015_24h_rennen_nuerburgring\/cache\/DSC_5616.jpg-nggid041951-ngg0dyn-120x90x100-00f0w010c011r110f110r010t010.jpg\"\n                         title=\"DSC_5616 | \u00a9 eel-fotografie\"\n                         alt=\"DSC_5616 | \u00a9 eel-fotografie\"\n                         width=\"120\"\n                         height=\"90\"\n                         style=\"max-width:100%; height: auto;\"\/><\/noscript><\/a><\/div><div id=\"ngg-image-13\" class=\"image-wrapper\"><a href=\"http:\/\/www.eel-fotografie.de\/wp2\/wp-content\/gallery\/post_21_05_2015_24h_rennen_nuerburgring\/DSC_6697.jpg\"\n               title=\"&lt;font&gt;\u00a9 eel-fotografie&lt;\/font&gt;\"\n               data-src=\"http:\/\/www.eel-fotografie.de\/wp2\/wp-content\/gallery\/post_21_05_2015_24h_rennen_nuerburgring\/DSC_6697.jpg\"\n               data-thumbnail=\"http:\/\/www.eel-fotografie.de\/wp2\/wp-content\/gallery\/post_21_05_2015_24h_rennen_nuerburgring\/thumbs\/thumbs_DSC_6697.jpg\"\n               data-image-id=\"1967\"\n               data-title=\"DSC_6697 | \u00a9 eel-fotografie\"\n               data-description=\"&lt;font&gt;\u00a9 eel-fotografie&lt;\/font&gt;\"\n               class=\"shutterset_4136da88d16d5fe14e6b3322c825057a\" data-ngg-protect=\"1\"><picture><source srcset='http:\/\/www.eel-fotografie.de\/wp2\/wp-content\/gallery\/post_21_05_2015_24h_rennen_nuerburgring\/cache\/DSC_6697.jpg-nggid041967-ngg0dyn-120x90x100-00f0w010c011r110f110r010t010.jpg' media=''><img title=\"DSC_6697 | \u00a9 eel-fotografie\" alt=\"DSC_6697 | \u00a9 eel-fotografie\" width=\"120\" height=\"90\" style=\"max-width:120px;max-height:90px\" src=\"http:\/\/www.eel-fotografie.de\/wp2\/wp-content\/gallery\/post_21_05_2015_24h_rennen_nuerburgring\/cache\/DSC_6697.jpg-nggid041967-ngg0dyn-120x90x100-00f0w010c011r110f110r010t010.jpg\" srcset=\"http:\/\/www.eel-fotografie.de\/wp2\/wp-content\/gallery\/post_21_05_2015_24h_rennen_nuerburgring\/cache\/DSC_6697.jpg-nggid041967-ngg0dyn-120x90x100-00f0w010c011r110f110r010t010.jpg\" onerror=\"nggRetryFailedImage(this);\"\/><\/picture>                <noscript><img src=\"http:\/\/www.eel-fotografie.de\/wp2\/wp-content\/gallery\/post_21_05_2015_24h_rennen_nuerburgring\/cache\/DSC_6697.jpg-nggid041967-ngg0dyn-120x90x100-00f0w010c011r110f110r010t010.jpg\"\n                         title=\"DSC_6697 | \u00a9 eel-fotografie\"\n                         alt=\"DSC_6697 | \u00a9 eel-fotografie\"\n                         width=\"120\"\n                         height=\"90\"\n                         style=\"max-width:100%; height: auto;\"\/><\/noscript><\/a><\/div><div id=\"ngg-image-14\" class=\"image-wrapper\"><a href=\"http:\/\/www.eel-fotografie.de\/wp2\/wp-content\/gallery\/post_21_05_2015_24h_rennen_nuerburgring\/DSC_6441.jpg\"\n               title=\"&lt;font&gt;\u00a9 eel-fotografie&lt;\/font&gt;\"\n               data-src=\"http:\/\/www.eel-fotografie.de\/wp2\/wp-content\/gallery\/post_21_05_2015_24h_rennen_nuerburgring\/DSC_6441.jpg\"\n               data-thumbnail=\"http:\/\/www.eel-fotografie.de\/wp2\/wp-content\/gallery\/post_21_05_2015_24h_rennen_nuerburgring\/thumbs\/thumbs_DSC_6441.jpg\"\n               data-image-id=\"1963\"\n               data-title=\"DSC_6441 | \u00a9 eel-fotografie\"\n               data-description=\"&lt;font&gt;\u00a9 eel-fotografie&lt;\/font&gt;\"\n               class=\"shutterset_4136da88d16d5fe14e6b3322c825057a\" data-ngg-protect=\"1\"><picture><source srcset='http:\/\/www.eel-fotografie.de\/wp2\/wp-content\/gallery\/post_21_05_2015_24h_rennen_nuerburgring\/cache\/DSC_6441.jpg-nggid041963-ngg0dyn-120x90x100-00f0w010c011r110f110r010t010.jpg' media=''><img title=\"DSC_6441 | \u00a9 eel-fotografie\" alt=\"DSC_6441 | \u00a9 eel-fotografie\" width=\"120\" height=\"90\" style=\"max-width:120px;max-height:90px\" src=\"http:\/\/www.eel-fotografie.de\/wp2\/wp-content\/gallery\/post_21_05_2015_24h_rennen_nuerburgring\/cache\/DSC_6441.jpg-nggid041963-ngg0dyn-120x90x100-00f0w010c011r110f110r010t010.jpg\" srcset=\"http:\/\/www.eel-fotografie.de\/wp2\/wp-content\/gallery\/post_21_05_2015_24h_rennen_nuerburgring\/cache\/DSC_6441.jpg-nggid041963-ngg0dyn-120x90x100-00f0w010c011r110f110r010t010.jpg\" onerror=\"nggRetryFailedImage(this);\"\/><\/picture>                <noscript><img src=\"http:\/\/www.eel-fotografie.de\/wp2\/wp-content\/gallery\/post_21_05_2015_24h_rennen_nuerburgring\/cache\/DSC_6441.jpg-nggid041963-ngg0dyn-120x90x100-00f0w010c011r110f110r010t010.jpg\"\n                         title=\"DSC_6441 | \u00a9 eel-fotografie\"\n                         alt=\"DSC_6441 | \u00a9 eel-fotografie\"\n                         width=\"120\"\n                         height=\"90\"\n                         style=\"max-width:100%; height: auto;\"\/><\/noscript><\/a><\/div><div id=\"ngg-image-15\" class=\"image-wrapper\"><a href=\"http:\/\/www.eel-fotografie.de\/wp2\/wp-content\/gallery\/post_21_05_2015_24h_rennen_nuerburgring\/DSC_6310.jpg\"\n               title=\"&lt;font&gt;\u00a9 eel-fotografie&lt;\/font&gt;\"\n               data-src=\"http:\/\/www.eel-fotografie.de\/wp2\/wp-content\/gallery\/post_21_05_2015_24h_rennen_nuerburgring\/DSC_6310.jpg\"\n               data-thumbnail=\"http:\/\/www.eel-fotografie.de\/wp2\/wp-content\/gallery\/post_21_05_2015_24h_rennen_nuerburgring\/thumbs\/thumbs_DSC_6310.jpg\"\n               data-image-id=\"1960\"\n               data-title=\"DSC_6310 | \u00a9 eel-fotografie\"\n               data-description=\"&lt;font&gt;\u00a9 eel-fotografie&lt;\/font&gt;\"\n               class=\"shutterset_4136da88d16d5fe14e6b3322c825057a\" data-ngg-protect=\"1\"><picture><source srcset='http:\/\/www.eel-fotografie.de\/wp2\/wp-content\/gallery\/post_21_05_2015_24h_rennen_nuerburgring\/cache\/DSC_6310.jpg-nggid041960-ngg0dyn-120x90x100-00f0w010c011r110f110r010t010.jpg' media=''><img title=\"DSC_6310 | \u00a9 eel-fotografie\" alt=\"DSC_6310 | \u00a9 eel-fotografie\" width=\"120\" height=\"90\" style=\"max-width:120px;max-height:90px\" src=\"http:\/\/www.eel-fotografie.de\/wp2\/wp-content\/gallery\/post_21_05_2015_24h_rennen_nuerburgring\/cache\/DSC_6310.jpg-nggid041960-ngg0dyn-120x90x100-00f0w010c011r110f110r010t010.jpg\" srcset=\"http:\/\/www.eel-fotografie.de\/wp2\/wp-content\/gallery\/post_21_05_2015_24h_rennen_nuerburgring\/cache\/DSC_6310.jpg-nggid041960-ngg0dyn-120x90x100-00f0w010c011r110f110r010t010.jpg\" onerror=\"nggRetryFailedImage(this);\"\/><\/picture>                <noscript><img src=\"http:\/\/www.eel-fotografie.de\/wp2\/wp-content\/gallery\/post_21_05_2015_24h_rennen_nuerburgring\/cache\/DSC_6310.jpg-nggid041960-ngg0dyn-120x90x100-00f0w010c011r110f110r010t010.jpg\"\n                         title=\"DSC_6310 | \u00a9 eel-fotografie\"\n                         alt=\"DSC_6310 | \u00a9 eel-fotografie\"\n                         width=\"120\"\n                         height=\"90\"\n                         style=\"max-width:100%; height: auto;\"\/><\/noscript><\/a><\/div><br style='clear: both'\/><div id=\"ngg-image-16\" class=\"image-wrapper\"><a href=\"http:\/\/www.eel-fotografie.de\/wp2\/wp-content\/gallery\/post_21_05_2015_24h_rennen_nuerburgring\/DSC_6777.jpg\"\n               title=\"&lt;font&gt;\u00a9 eel-fotografie&lt;\/font&gt;\"\n               data-src=\"http:\/\/www.eel-fotografie.de\/wp2\/wp-content\/gallery\/post_21_05_2015_24h_rennen_nuerburgring\/DSC_6777.jpg\"\n               data-thumbnail=\"http:\/\/www.eel-fotografie.de\/wp2\/wp-content\/gallery\/post_21_05_2015_24h_rennen_nuerburgring\/thumbs\/thumbs_DSC_6777.jpg\"\n               data-image-id=\"1968\"\n               data-title=\"DSC_6777 | \u00a9 eel-fotografie\"\n               data-description=\"&lt;font&gt;\u00a9 eel-fotografie&lt;\/font&gt;\"\n               class=\"shutterset_4136da88d16d5fe14e6b3322c825057a\" data-ngg-protect=\"1\"><picture><source srcset='http:\/\/www.eel-fotografie.de\/wp2\/wp-content\/gallery\/post_21_05_2015_24h_rennen_nuerburgring\/cache\/DSC_6777.jpg-nggid041968-ngg0dyn-120x90x100-00f0w010c011r110f110r010t010.jpg' media=''><img title=\"DSC_6777 | \u00a9 eel-fotografie\" alt=\"DSC_6777 | \u00a9 eel-fotografie\" width=\"120\" height=\"90\" style=\"max-width:120px;max-height:90px\" src=\"http:\/\/www.eel-fotografie.de\/wp2\/wp-content\/gallery\/post_21_05_2015_24h_rennen_nuerburgring\/cache\/DSC_6777.jpg-nggid041968-ngg0dyn-120x90x100-00f0w010c011r110f110r010t010.jpg\" srcset=\"http:\/\/www.eel-fotografie.de\/wp2\/wp-content\/gallery\/post_21_05_2015_24h_rennen_nuerburgring\/cache\/DSC_6777.jpg-nggid041968-ngg0dyn-120x90x100-00f0w010c011r110f110r010t010.jpg\" onerror=\"nggRetryFailedImage(this);\"\/><\/picture>                <noscript><img src=\"http:\/\/www.eel-fotografie.de\/wp2\/wp-content\/gallery\/post_21_05_2015_24h_rennen_nuerburgring\/cache\/DSC_6777.jpg-nggid041968-ngg0dyn-120x90x100-00f0w010c011r110f110r010t010.jpg\"\n                         title=\"DSC_6777 | \u00a9 eel-fotografie\"\n                         alt=\"DSC_6777 | \u00a9 eel-fotografie\"\n                         width=\"120\"\n                         height=\"90\"\n                         style=\"max-width:100%; height: auto;\"\/><\/noscript><\/a><\/div><div id=\"ngg-image-17\" class=\"image-wrapper\"><a href=\"http:\/\/www.eel-fotografie.de\/wp2\/wp-content\/gallery\/post_21_05_2015_24h_rennen_nuerburgring\/DSC_6009.jpg\"\n               title=\"&lt;font&gt;\u00a9 eel-fotografie&lt;\/font&gt;\"\n               data-src=\"http:\/\/www.eel-fotografie.de\/wp2\/wp-content\/gallery\/post_21_05_2015_24h_rennen_nuerburgring\/DSC_6009.jpg\"\n               data-thumbnail=\"http:\/\/www.eel-fotografie.de\/wp2\/wp-content\/gallery\/post_21_05_2015_24h_rennen_nuerburgring\/thumbs\/thumbs_DSC_6009.jpg\"\n               data-image-id=\"1957\"\n               data-title=\"DSC_6009 | \u00a9 eel-fotografie\"\n               data-description=\"&lt;font&gt;\u00a9 eel-fotografie&lt;\/font&gt;\"\n               class=\"shutterset_4136da88d16d5fe14e6b3322c825057a\" data-ngg-protect=\"1\"><picture><source srcset='http:\/\/www.eel-fotografie.de\/wp2\/wp-content\/gallery\/post_21_05_2015_24h_rennen_nuerburgring\/cache\/DSC_6009.jpg-nggid041957-ngg0dyn-120x90x100-00f0w010c011r110f110r010t010.jpg' media=''><img title=\"DSC_6009 | \u00a9 eel-fotografie\" alt=\"DSC_6009 | \u00a9 eel-fotografie\" width=\"120\" height=\"90\" style=\"max-width:120px;max-height:90px\" src=\"http:\/\/www.eel-fotografie.de\/wp2\/wp-content\/gallery\/post_21_05_2015_24h_rennen_nuerburgring\/cache\/DSC_6009.jpg-nggid041957-ngg0dyn-120x90x100-00f0w010c011r110f110r010t010.jpg\" srcset=\"http:\/\/www.eel-fotografie.de\/wp2\/wp-content\/gallery\/post_21_05_2015_24h_rennen_nuerburgring\/cache\/DSC_6009.jpg-nggid041957-ngg0dyn-120x90x100-00f0w010c011r110f110r010t010.jpg\" onerror=\"nggRetryFailedImage(this);\"\/><\/picture>                <noscript><img src=\"http:\/\/www.eel-fotografie.de\/wp2\/wp-content\/gallery\/post_21_05_2015_24h_rennen_nuerburgring\/cache\/DSC_6009.jpg-nggid041957-ngg0dyn-120x90x100-00f0w010c011r110f110r010t010.jpg\"\n                         title=\"DSC_6009 | \u00a9 eel-fotografie\"\n                         alt=\"DSC_6009 | \u00a9 eel-fotografie\"\n                         width=\"120\"\n                         height=\"90\"\n                         style=\"max-width:100%; height: auto;\"\/><\/noscript><\/a><\/div><div id=\"ngg-image-18\" class=\"image-wrapper\"><a href=\"http:\/\/www.eel-fotografie.de\/wp2\/wp-content\/gallery\/post_21_05_2015_24h_rennen_nuerburgring\/DSC_6851.jpg\"\n               title=\"&lt;font&gt;\u00a9 eel-fotografie&lt;\/font&gt;\"\n               data-src=\"http:\/\/www.eel-fotografie.de\/wp2\/wp-content\/gallery\/post_21_05_2015_24h_rennen_nuerburgring\/DSC_6851.jpg\"\n               data-thumbnail=\"http:\/\/www.eel-fotografie.de\/wp2\/wp-content\/gallery\/post_21_05_2015_24h_rennen_nuerburgring\/thumbs\/thumbs_DSC_6851.jpg\"\n               data-image-id=\"1970\"\n               data-title=\"DSC_6851 | \u00a9 eel-fotografie\"\n               data-description=\"&lt;font&gt;\u00a9 eel-fotografie&lt;\/font&gt;\"\n               class=\"shutterset_4136da88d16d5fe14e6b3322c825057a\" data-ngg-protect=\"1\"><picture><source srcset='http:\/\/www.eel-fotografie.de\/wp2\/wp-content\/gallery\/post_21_05_2015_24h_rennen_nuerburgring\/cache\/DSC_6851.jpg-nggid041970-ngg0dyn-120x90x100-00f0w010c011r110f110r010t010.jpg' media=''><img title=\"DSC_6851 | \u00a9 eel-fotografie\" alt=\"DSC_6851 | \u00a9 eel-fotografie\" width=\"120\" height=\"90\" style=\"max-width:120px;max-height:90px\" src=\"http:\/\/www.eel-fotografie.de\/wp2\/wp-content\/gallery\/post_21_05_2015_24h_rennen_nuerburgring\/cache\/DSC_6851.jpg-nggid041970-ngg0dyn-120x90x100-00f0w010c011r110f110r010t010.jpg\" srcset=\"http:\/\/www.eel-fotografie.de\/wp2\/wp-content\/gallery\/post_21_05_2015_24h_rennen_nuerburgring\/cache\/DSC_6851.jpg-nggid041970-ngg0dyn-120x90x100-00f0w010c011r110f110r010t010.jpg\" onerror=\"nggRetryFailedImage(this);\"\/><\/picture>                <noscript><img src=\"http:\/\/www.eel-fotografie.de\/wp2\/wp-content\/gallery\/post_21_05_2015_24h_rennen_nuerburgring\/cache\/DSC_6851.jpg-nggid041970-ngg0dyn-120x90x100-00f0w010c011r110f110r010t010.jpg\"\n                         title=\"DSC_6851 | \u00a9 eel-fotografie\"\n                         alt=\"DSC_6851 | \u00a9 eel-fotografie\"\n                         width=\"120\"\n                         height=\"90\"\n                         style=\"max-width:100%; height: auto;\"\/><\/noscript><\/a><\/div><div id=\"ngg-image-19\" class=\"image-wrapper\"><a href=\"http:\/\/www.eel-fotografie.de\/wp2\/wp-content\/gallery\/post_21_05_2015_24h_rennen_nuerburgring\/DSC_6839.jpg\"\n               title=\"&lt;font&gt;\u00a9 eel-fotografie&lt;\/font&gt;\"\n               data-src=\"http:\/\/www.eel-fotografie.de\/wp2\/wp-content\/gallery\/post_21_05_2015_24h_rennen_nuerburgring\/DSC_6839.jpg\"\n               data-thumbnail=\"http:\/\/www.eel-fotografie.de\/wp2\/wp-content\/gallery\/post_21_05_2015_24h_rennen_nuerburgring\/thumbs\/thumbs_DSC_6839.jpg\"\n               data-image-id=\"1969\"\n               data-title=\"DSC_6839 | \u00a9 eel-fotografie\"\n               data-description=\"&lt;font&gt;\u00a9 eel-fotografie&lt;\/font&gt;\"\n               class=\"shutterset_4136da88d16d5fe14e6b3322c825057a\" data-ngg-protect=\"1\"><picture><source srcset='http:\/\/www.eel-fotografie.de\/wp2\/wp-content\/gallery\/post_21_05_2015_24h_rennen_nuerburgring\/cache\/DSC_6839.jpg-nggid041969-ngg0dyn-120x90x100-00f0w010c011r110f110r010t010.jpg' media=''><img title=\"DSC_6839 | \u00a9 eel-fotografie\" alt=\"DSC_6839 | \u00a9 eel-fotografie\" width=\"120\" height=\"90\" style=\"max-width:120px;max-height:90px\" src=\"http:\/\/www.eel-fotografie.de\/wp2\/wp-content\/gallery\/post_21_05_2015_24h_rennen_nuerburgring\/cache\/DSC_6839.jpg-nggid041969-ngg0dyn-120x90x100-00f0w010c011r110f110r010t010.jpg\" srcset=\"http:\/\/www.eel-fotografie.de\/wp2\/wp-content\/gallery\/post_21_05_2015_24h_rennen_nuerburgring\/cache\/DSC_6839.jpg-nggid041969-ngg0dyn-120x90x100-00f0w010c011r110f110r010t010.jpg\" onerror=\"nggRetryFailedImage(this);\"\/><\/picture>                <noscript><img src=\"http:\/\/www.eel-fotografie.de\/wp2\/wp-content\/gallery\/post_21_05_2015_24h_rennen_nuerburgring\/cache\/DSC_6839.jpg-nggid041969-ngg0dyn-120x90x100-00f0w010c011r110f110r010t010.jpg\"\n                         title=\"DSC_6839 | \u00a9 eel-fotografie\"\n                         alt=\"DSC_6839 | \u00a9 eel-fotografie\"\n                         width=\"120\"\n                         height=\"90\"\n                         style=\"max-width:100%; height: auto;\"\/><\/noscript><\/a><\/div><br style='clear: both'\/><div class='ngg-clear'><\/div><\/div>\n<\/p>\n<p>(20 Fotos)<\/p>\n","protected":false},"excerpt":{"rendered":"<p>24 Stunden Rennen 2015 &#8211; N\u00fcrburgring Nordschleife. Fotos vom ADAC 24h Rennen auf dem N\u00fcrburgring. Ein Spektakel, bei dem es mehr als nur um Rennsport geht. 200.000 Zuschauer rund um die Nordschleife sorgen f\u00fcr Party, laute Musik, Lagerfeuer und gute Stimmung. Eine geniale Veranstaltung. (20 Fotos)<\/p>\n","protected":false},"author":1,"featured_media":9165,"comment_status":"closed","ping_status":"closed","sticky":false,"template":"","format":"standard","meta":{"_genesis_hide_title":false,"_genesis_hide_breadcrumbs":false,"_genesis_hide_singular_image":false,"_genesis_hide_footer_widgets":false,"_genesis_custom_body_class":"","_genesis_custom_post_class":"","_genesis_layout":"","ngg_post_thumbnail":0,"footnotes":""},"categories":[176,185,17],"tags":[175,144,74,177,75,6,7,10,77,15,178,210,18,211,89,16,11],"class_list":{"0":"post-6115","1":"post","2":"type-post","3":"status-publish","4":"format-standard","5":"has-post-thumbnail","7":"category-24-stunden-rennen","8":"category-motorsport","9":"category-sport","10":"tag-24-stunden-rennen","11":"tag-adac","12":"tag-audi","13":"tag-bentley","14":"tag-bmw","15":"tag-eberhard-krieger","16":"tag-eel-fotografie","17":"tag-foto-krieger","18":"tag-mercedes","19":"tag-motorsport","20":"tag-nissan","21":"tag-nordschleife","22":"tag-nuerburgring","23":"tag-opel","24":"tag-porsche","25":"tag-sport","26":"tag-sportfoto-krieger","27":"entry"},"yoast_head":"<!-- This site is optimized with the Yoast SEO plugin v26.5 - https:\/\/yoast.com\/wordpress\/plugins\/seo\/ -->\n<title>24 Stunden Rennen 2015 - N\u00fcrburgring Nordschleife - eel-fotografie<\/title>\n<meta name=\"description\" content=\"24 Stunden Rennen 2015 - N\u00fcrburgring Nordschleife.\" \/>\n<meta name=\"robots\" content=\"index, follow, max-snippet:-1, max-image-preview:large, max-video-preview:-1\" \/>\n<link rel=\"canonical\" href=\"http:\/\/www.eel-fotografie.de\/wp2\/24-stunden-rennen-2015-nuerburgring-nordschleife\/\" \/>\n<meta name=\"twitter:label1\" content=\"Verfasst von\" \/>\n\t<meta name=\"twitter:data1\" content=\"admin\" \/>\n<script type=\"application\/ld+json\" class=\"yoast-schema-graph\">{\"@context\":\"https:\/\/schema.org\",\"@graph\":[{\"@type\":\"Article\",\"@id\":\"http:\/\/www.eel-fotografie.de\/wp2\/24-stunden-rennen-2015-nuerburgring-nordschleife\/#article\",\"isPartOf\":{\"@id\":\"http:\/\/www.eel-fotografie.de\/wp2\/24-stunden-rennen-2015-nuerburgring-nordschleife\/\"},\"author\":{\"name\":\"admin\",\"@id\":\"https:\/\/www.eel-fotografie.de\/wp2\/#\/schema\/person\/48b675d7a081d02af2929c3629214db0\"},\"headline\":\"24 Stunden Rennen 2015 &#8211; N\u00fcrburgring Nordschleife\",\"datePublished\":\"2015-05-21T06:31:57+00:00\",\"dateModified\":\"2016-11-11T09:58:54+00:00\",\"mainEntityOfPage\":{\"@id\":\"http:\/\/www.eel-fotografie.de\/wp2\/24-stunden-rennen-2015-nuerburgring-nordschleife\/\"},\"wordCount\":51,\"publisher\":{\"@id\":\"https:\/\/www.eel-fotografie.de\/wp2\/#organization\"},\"image\":{\"@id\":\"http:\/\/www.eel-fotografie.de\/wp2\/24-stunden-rennen-2015-nuerburgring-nordschleife\/#primaryimage\"},\"thumbnailUrl\":\"http:\/\/www.eel-fotografie.de\/wp2\/wp-content\/uploads\/DSC_5934.jpg\",\"keywords\":[\"24 Stunden Rennen\",\"ADAC\",\"Audi\",\"Bentley\",\"BMW\",\"Eberhard Krieger\",\"eel fotografie\",\"foto-krieger\",\"Mercedes\",\"Motorsport\",\"Nissan\",\"Nordschleife\",\"N\u00fcrburgring\",\"Opel\",\"Porsche\",\"Sport\",\"sportfoto-krieger\"],\"articleSection\":[\"24 Stunden Rennen\",\"Motorsport\",\"Sport\"],\"inLanguage\":\"de\"},{\"@type\":\"WebPage\",\"@id\":\"http:\/\/www.eel-fotografie.de\/wp2\/24-stunden-rennen-2015-nuerburgring-nordschleife\/\",\"url\":\"http:\/\/www.eel-fotografie.de\/wp2\/24-stunden-rennen-2015-nuerburgring-nordschleife\/\",\"name\":\"24 Stunden Rennen 2015 - N\u00fcrburgring Nordschleife - eel-fotografie\",\"isPartOf\":{\"@id\":\"https:\/\/www.eel-fotografie.de\/wp2\/#website\"},\"primaryImageOfPage\":{\"@id\":\"http:\/\/www.eel-fotografie.de\/wp2\/24-stunden-rennen-2015-nuerburgring-nordschleife\/#primaryimage\"},\"image\":{\"@id\":\"http:\/\/www.eel-fotografie.de\/wp2\/24-stunden-rennen-2015-nuerburgring-nordschleife\/#primaryimage\"},\"thumbnailUrl\":\"http:\/\/www.eel-fotografie.de\/wp2\/wp-content\/uploads\/DSC_5934.jpg\",\"datePublished\":\"2015-05-21T06:31:57+00:00\",\"dateModified\":\"2016-11-11T09:58:54+00:00\",\"description\":\"24 Stunden Rennen 2015 - N\u00fcrburgring Nordschleife.\",\"breadcrumb\":{\"@id\":\"http:\/\/www.eel-fotografie.de\/wp2\/24-stunden-rennen-2015-nuerburgring-nordschleife\/#breadcrumb\"},\"inLanguage\":\"de\",\"potentialAction\":[{\"@type\":\"ReadAction\",\"target\":[\"http:\/\/www.eel-fotografie.de\/wp2\/24-stunden-rennen-2015-nuerburgring-nordschleife\/\"]}]},{\"@type\":\"ImageObject\",\"inLanguage\":\"de\",\"@id\":\"http:\/\/www.eel-fotografie.de\/wp2\/24-stunden-rennen-2015-nuerburgring-nordschleife\/#primaryimage\",\"url\":\"http:\/\/www.eel-fotografie.de\/wp2\/wp-content\/uploads\/DSC_5934.jpg\",\"contentUrl\":\"http:\/\/www.eel-fotografie.de\/wp2\/wp-content\/uploads\/DSC_5934.jpg\",\"width\":1024,\"height\":681,\"caption\":\"eel-fotografie|fotografie - bildagentur\"},{\"@type\":\"BreadcrumbList\",\"@id\":\"http:\/\/www.eel-fotografie.de\/wp2\/24-stunden-rennen-2015-nuerburgring-nordschleife\/#breadcrumb\",\"itemListElement\":[{\"@type\":\"ListItem\",\"position\":1,\"name\":\"Home\",\"item\":\"https:\/\/www.eel-fotografie.de\/wp2\/\"},{\"@type\":\"ListItem\",\"position\":2,\"name\":\"24 Stunden Rennen 2015 &#8211; N\u00fcrburgring Nordschleife\"}]},{\"@type\":\"WebSite\",\"@id\":\"https:\/\/www.eel-fotografie.de\/wp2\/#website\",\"url\":\"https:\/\/www.eel-fotografie.de\/wp2\/\",\"name\":\"eel-fotografie\",\"description\":\"fotografie - bildagentur\",\"publisher\":{\"@id\":\"https:\/\/www.eel-fotografie.de\/wp2\/#organization\"},\"potentialAction\":[{\"@type\":\"SearchAction\",\"target\":{\"@type\":\"EntryPoint\",\"urlTemplate\":\"https:\/\/www.eel-fotografie.de\/wp2\/?s={search_term_string}\"},\"query-input\":{\"@type\":\"PropertyValueSpecification\",\"valueRequired\":true,\"valueName\":\"search_term_string\"}}],\"inLanguage\":\"de\"},{\"@type\":\"Organization\",\"@id\":\"https:\/\/www.eel-fotografie.de\/wp2\/#organization\",\"name\":\"eel-fotografie | fotografie - bildagentur\",\"url\":\"https:\/\/www.eel-fotografie.de\/wp2\/\",\"logo\":{\"@type\":\"ImageObject\",\"inLanguage\":\"de\",\"@id\":\"https:\/\/www.eel-fotografie.de\/wp2\/#\/schema\/logo\/image\/\",\"url\":\"http:\/\/www.eel-fotografie.de\/wp2\/wp-content\/uploads\/eel-fotografie_logo_2_500x250.png\",\"contentUrl\":\"http:\/\/www.eel-fotografie.de\/wp2\/wp-content\/uploads\/eel-fotografie_logo_2_500x250.png\",\"width\":500,\"height\":254,\"caption\":\"eel-fotografie | fotografie - bildagentur\"},\"image\":{\"@id\":\"https:\/\/www.eel-fotografie.de\/wp2\/#\/schema\/logo\/image\/\"},\"sameAs\":[\"https:\/\/www.instagram.com\/eelfotografie\/\"]},{\"@type\":\"Person\",\"@id\":\"https:\/\/www.eel-fotografie.de\/wp2\/#\/schema\/person\/48b675d7a081d02af2929c3629214db0\",\"name\":\"admin\",\"image\":{\"@type\":\"ImageObject\",\"inLanguage\":\"de\",\"@id\":\"https:\/\/www.eel-fotografie.de\/wp2\/#\/schema\/person\/image\/\",\"url\":\"https:\/\/secure.gravatar.com\/avatar\/0238886d5b298e452983f5d971ee0c60774f53da880f3705d3087707fa31096c?s=96&d=mm&r=g\",\"contentUrl\":\"https:\/\/secure.gravatar.com\/avatar\/0238886d5b298e452983f5d971ee0c60774f53da880f3705d3087707fa31096c?s=96&d=mm&r=g\",\"caption\":\"admin\"},\"description\":\"Head of eel-fotografie | fotografie-bildagentur\",\"sameAs\":[\"http:\/\/www.eel-fotografie.de\"],\"url\":\"http:\/\/www.eel-fotografie.de\/wp2\/author\/admin\/\"}]}<\/script>\n<!-- \/ Yoast SEO plugin. -->","yoast_head_json":{"title":"24 Stunden Rennen 2015 - N\u00fcrburgring Nordschleife - eel-fotografie","description":"24 Stunden Rennen 2015 - N\u00fcrburgring Nordschleife.","robots":{"index":"index","follow":"follow","max-snippet":"max-snippet:-1","max-image-preview":"max-image-preview:large","max-video-preview":"max-video-preview:-1"},"canonical":"http:\/\/www.eel-fotografie.de\/wp2\/24-stunden-rennen-2015-nuerburgring-nordschleife\/","twitter_misc":{"Verfasst von":"admin"},"schema":{"@context":"https:\/\/schema.org","@graph":[{"@type":"Article","@id":"http:\/\/www.eel-fotografie.de\/wp2\/24-stunden-rennen-2015-nuerburgring-nordschleife\/#article","isPartOf":{"@id":"http:\/\/www.eel-fotografie.de\/wp2\/24-stunden-rennen-2015-nuerburgring-nordschleife\/"},"author":{"name":"admin","@id":"https:\/\/www.eel-fotografie.de\/wp2\/#\/schema\/person\/48b675d7a081d02af2929c3629214db0"},"headline":"24 Stunden Rennen 2015 &#8211; N\u00fcrburgring Nordschleife","datePublished":"2015-05-21T06:31:57+00:00","dateModified":"2016-11-11T09:58:54+00:00","mainEntityOfPage":{"@id":"http:\/\/www.eel-fotografie.de\/wp2\/24-stunden-rennen-2015-nuerburgring-nordschleife\/"},"wordCount":51,"publisher":{"@id":"https:\/\/www.eel-fotografie.de\/wp2\/#organization"},"image":{"@id":"http:\/\/www.eel-fotografie.de\/wp2\/24-stunden-rennen-2015-nuerburgring-nordschleife\/#primaryimage"},"thumbnailUrl":"http:\/\/www.eel-fotografie.de\/wp2\/wp-content\/uploads\/DSC_5934.jpg","keywords":["24 Stunden Rennen","ADAC","Audi","Bentley","BMW","Eberhard Krieger","eel fotografie","foto-krieger","Mercedes","Motorsport","Nissan","Nordschleife","N\u00fcrburgring","Opel","Porsche","Sport","sportfoto-krieger"],"articleSection":["24 Stunden Rennen","Motorsport","Sport"],"inLanguage":"de"},{"@type":"WebPage","@id":"http:\/\/www.eel-fotografie.de\/wp2\/24-stunden-rennen-2015-nuerburgring-nordschleife\/","url":"http:\/\/www.eel-fotografie.de\/wp2\/24-stunden-rennen-2015-nuerburgring-nordschleife\/","name":"24 Stunden Rennen 2015 - N\u00fcrburgring Nordschleife - eel-fotografie","isPartOf":{"@id":"https:\/\/www.eel-fotografie.de\/wp2\/#website"},"primaryImageOfPage":{"@id":"http:\/\/www.eel-fotografie.de\/wp2\/24-stunden-rennen-2015-nuerburgring-nordschleife\/#primaryimage"},"image":{"@id":"http:\/\/www.eel-fotografie.de\/wp2\/24-stunden-rennen-2015-nuerburgring-nordschleife\/#primaryimage"},"thumbnailUrl":"http:\/\/www.eel-fotografie.de\/wp2\/wp-content\/uploads\/DSC_5934.jpg","datePublished":"2015-05-21T06:31:57+00:00","dateModified":"2016-11-11T09:58:54+00:00","description":"24 Stunden Rennen 2015 - N\u00fcrburgring Nordschleife.","breadcrumb":{"@id":"http:\/\/www.eel-fotografie.de\/wp2\/24-stunden-rennen-2015-nuerburgring-nordschleife\/#breadcrumb"},"inLanguage":"de","potentialAction":[{"@type":"ReadAction","target":["http:\/\/www.eel-fotografie.de\/wp2\/24-stunden-rennen-2015-nuerburgring-nordschleife\/"]}]},{"@type":"ImageObject","inLanguage":"de","@id":"http:\/\/www.eel-fotografie.de\/wp2\/24-stunden-rennen-2015-nuerburgring-nordschleife\/#primaryimage","url":"http:\/\/www.eel-fotografie.de\/wp2\/wp-content\/uploads\/DSC_5934.jpg","contentUrl":"http:\/\/www.eel-fotografie.de\/wp2\/wp-content\/uploads\/DSC_5934.jpg","width":1024,"height":681,"caption":"eel-fotografie|fotografie - bildagentur"},{"@type":"BreadcrumbList","@id":"http:\/\/www.eel-fotografie.de\/wp2\/24-stunden-rennen-2015-nuerburgring-nordschleife\/#breadcrumb","itemListElement":[{"@type":"ListItem","position":1,"name":"Home","item":"https:\/\/www.eel-fotografie.de\/wp2\/"},{"@type":"ListItem","position":2,"name":"24 Stunden Rennen 2015 &#8211; N\u00fcrburgring Nordschleife"}]},{"@type":"WebSite","@id":"https:\/\/www.eel-fotografie.de\/wp2\/#website","url":"https:\/\/www.eel-fotografie.de\/wp2\/","name":"eel-fotografie","description":"fotografie - bildagentur","publisher":{"@id":"https:\/\/www.eel-fotografie.de\/wp2\/#organization"},"potentialAction":[{"@type":"SearchAction","target":{"@type":"EntryPoint","urlTemplate":"https:\/\/www.eel-fotografie.de\/wp2\/?s={search_term_string}"},"query-input":{"@type":"PropertyValueSpecification","valueRequired":true,"valueName":"search_term_string"}}],"inLanguage":"de"},{"@type":"Organization","@id":"https:\/\/www.eel-fotografie.de\/wp2\/#organization","name":"eel-fotografie | fotografie - bildagentur","url":"https:\/\/www.eel-fotografie.de\/wp2\/","logo":{"@type":"ImageObject","inLanguage":"de","@id":"https:\/\/www.eel-fotografie.de\/wp2\/#\/schema\/logo\/image\/","url":"http:\/\/www.eel-fotografie.de\/wp2\/wp-content\/uploads\/eel-fotografie_logo_2_500x250.png","contentUrl":"http:\/\/www.eel-fotografie.de\/wp2\/wp-content\/uploads\/eel-fotografie_logo_2_500x250.png","width":500,"height":254,"caption":"eel-fotografie | fotografie - bildagentur"},"image":{"@id":"https:\/\/www.eel-fotografie.de\/wp2\/#\/schema\/logo\/image\/"},"sameAs":["https:\/\/www.instagram.com\/eelfotografie\/"]},{"@type":"Person","@id":"https:\/\/www.eel-fotografie.de\/wp2\/#\/schema\/person\/48b675d7a081d02af2929c3629214db0","name":"admin","image":{"@type":"ImageObject","inLanguage":"de","@id":"https:\/\/www.eel-fotografie.de\/wp2\/#\/schema\/person\/image\/","url":"https:\/\/secure.gravatar.com\/avatar\/0238886d5b298e452983f5d971ee0c60774f53da880f3705d3087707fa31096c?s=96&d=mm&r=g","contentUrl":"https:\/\/secure.gravatar.com\/avatar\/0238886d5b298e452983f5d971ee0c60774f53da880f3705d3087707fa31096c?s=96&d=mm&r=g","caption":"admin"},"description":"Head of eel-fotografie | fotografie-bildagentur","sameAs":["http:\/\/www.eel-fotografie.de"],"url":"http:\/\/www.eel-fotografie.de\/wp2\/author\/admin\/"}]}},"_links":{"self":[{"href":"http:\/\/www.eel-fotografie.de\/wp2\/wp-json\/wp\/v2\/posts\/6115","targetHints":{"allow":["GET"]}}],"collection":[{"href":"http:\/\/www.eel-fotografie.de\/wp2\/wp-json\/wp\/v2\/posts"}],"about":[{"href":"http:\/\/www.eel-fotografie.de\/wp2\/wp-json\/wp\/v2\/types\/post"}],"author":[{"embeddable":true,"href":"http:\/\/www.eel-fotografie.de\/wp2\/wp-json\/wp\/v2\/users\/1"}],"replies":[{"embeddable":true,"href":"http:\/\/www.eel-fotografie.de\/wp2\/wp-json\/wp\/v2\/comments?post=6115"}],"version-history":[{"count":0,"href":"http:\/\/www.eel-fotografie.de\/wp2\/wp-json\/wp\/v2\/posts\/6115\/revisions"}],"wp:featuredmedia":[{"embeddable":true,"href":"http:\/\/www.eel-fotografie.de\/wp2\/wp-json\/wp\/v2\/media\/9165"}],"wp:attachment":[{"href":"http:\/\/www.eel-fotografie.de\/wp2\/wp-json\/wp\/v2\/media?parent=6115"}],"wp:term":[{"taxonomy":"category","embeddable":true,"href":"http:\/\/www.eel-fotografie.de\/wp2\/wp-json\/wp\/v2\/categories?post=6115"},{"taxonomy":"post_tag","embeddable":true,"href":"http:\/\/www.eel-fotografie.de\/wp2\/wp-json\/wp\/v2\/tags?post=6115"}],"curies":[{"name":"wp","href":"https:\/\/api.w.org\/{rel}","templated":true}]}}