{"id":10441,"date":"2016-05-30T21:28:34","date_gmt":"2016-05-30T19:28:34","guid":{"rendered":"http:\/\/www.eel-fotografie.de\/wp2\/?p=10441"},"modified":"2016-12-05T11:38:45","modified_gmt":"2016-12-05T10:38:45","slug":"24h-rennen-nuerburgring-2016-teil-2","status":"publish","type":"post","link":"https:\/\/www.eel-fotografie.de\/wp2\/24h-rennen-nuerburgring-2016-teil-2\/","title":{"rendered":"24h Rennen N\u00fcrburgring 2016 &#8211; Teil 2"},"content":{"rendered":"<p><div class=\"nextgen_pro_blog_gallery\" id=\"displayed_gallery_dfe883c04e86e12f69f64b3119fa639b\">\n            <div id=\"ngg-image-displayed_gallery_dfe883c04e86e12f69f64b3119fa639b-0\" class=\"image-wrapper\" style=\"width: 798px\">\n                                    <a href=\"https:\/\/www.eel-fotografie.de\/wp2\/wp-content\/gallery\/post_30_05_2016_24h_Nuerburgring_2016_Teil2_Teaser\/DSC_3395_Teaser.jpg\"\n               title=\"\u00a9 eel-fotografie\"\n               data-src=\"https:\/\/www.eel-fotografie.de\/wp2\/wp-content\/gallery\/post_30_05_2016_24h_Nuerburgring_2016_Teil2_Teaser\/DSC_3395_Teaser.jpg\"\n               data-thumbnail=\"https:\/\/www.eel-fotografie.de\/wp2\/wp-content\/gallery\/post_30_05_2016_24h_Nuerburgring_2016_Teil2_Teaser\/thumbs\/thumbs_DSC_3395_Teaser.jpg\"\n               data-image-id=\"3011\"\n               data-title=\"DSC_3395_Teaser | \u00a9 eel-fotografie\"\n               data-description=\"\u00a9 eel-fotografie\"\n               class=\"shutterset_dfe883c04e86e12f69f64b3119fa639b\" data-ngg-protect=\"1\">\n                <picture>\n\t\n<source srcset='https:\/\/www.eel-fotografie.de\/wp2\/wp-content\/gallery\/post_30_05_2016_24h_Nuerburgring_2016_Teil2_Teaser\/DSC_3395_Teaser.jpg' media=''>\n<img width=\"798\" title=\"DSC_3395_Teaser | \u00a9 eel-fotografie\" alt=\"DSC_3395_Teaser | \u00a9 eel-fotografie\" style=\"max-width:798px;max-height:px\" src=\"https:\/\/www.eel-fotografie.de\/wp2\/wp-content\/gallery\/post_30_05_2016_24h_Nuerburgring_2016_Teil2_Teaser\/DSC_3395_Teaser.jpg\" srcset=\"https:\/\/www.eel-fotografie.de\/wp2\/wp-content\/gallery\/post_30_05_2016_24h_Nuerburgring_2016_Teil2_Teaser\/DSC_3395_Teaser.jpg\" onerror=\"nggRetryFailedImage(this);\"\/>\n<\/picture>            <\/a>\n                                <\/div>\n        <div class=\"ngg-clear\"><\/div>\n        <\/div>\n<\/p>\n<p style=\"text-align: justify;\">24h Rennen N\u00fcrburgring 2016 &#8211; Teil 2. Die 44. Auflage des 24 Stunden Rennens auf der N\u00fcrburgring Nordschleife geh\u00f6rte zu den denkw\u00fcrdigsten in der Historie dieser Rennveranstaltung. Weitere 32 Fotos.<\/p>\n<p><div class=\"nextgen_pro_thumbnail_grid\" id=\"displayed_gallery_59ae843967853deb4697dfd7155d027e\"><div id=\"ngg-image-0\" class=\"image-wrapper\"><a href=\"https:\/\/www.eel-fotografie.de\/wp2\/wp-content\/gallery\/post_30_05_2016_24h_Nuerburgring_2016_Teil2\/DSC_2679.jpg\"\n               title=\"&lt;font&gt;\u00a9 eel-fotografie&lt;\/font&gt;\"\n               data-src=\"https:\/\/www.eel-fotografie.de\/wp2\/wp-content\/gallery\/post_30_05_2016_24h_Nuerburgring_2016_Teil2\/DSC_2679.jpg\"\n               data-thumbnail=\"https:\/\/www.eel-fotografie.de\/wp2\/wp-content\/gallery\/post_30_05_2016_24h_Nuerburgring_2016_Teil2\/thumbs\/thumbs_DSC_2679.jpg\"\n               data-image-id=\"2979\"\n               data-title=\"DSC_2679 | \u00a9 eel-fotografie\"\n               data-description=\"&lt;font&gt;\u00a9 eel-fotografie&lt;\/font&gt;\"\n               class=\"shutterset_59ae843967853deb4697dfd7155d027e\" data-ngg-protect=\"1\"><picture><source srcset='https:\/\/www.eel-fotografie.de\/wp2\/wp-content\/gallery\/post_30_05_2016_24h_Nuerburgring_2016_Teil2\/cache\/DSC_2679.jpg-nggid042979-ngg0dyn-120x90x100-00f0w010c011r110f110r010t010.jpg' media=''><img title=\"DSC_2679 | \u00a9 eel-fotografie\" alt=\"DSC_2679 | \u00a9 eel-fotografie\" width=\"120\" height=\"90\" style=\"max-width:120px;max-height:90px\" src=\"https:\/\/www.eel-fotografie.de\/wp2\/wp-content\/gallery\/post_30_05_2016_24h_Nuerburgring_2016_Teil2\/cache\/DSC_2679.jpg-nggid042979-ngg0dyn-120x90x100-00f0w010c011r110f110r010t010.jpg\" srcset=\"https:\/\/www.eel-fotografie.de\/wp2\/wp-content\/gallery\/post_30_05_2016_24h_Nuerburgring_2016_Teil2\/cache\/DSC_2679.jpg-nggid042979-ngg0dyn-120x90x100-00f0w010c011r110f110r010t010.jpg\" onerror=\"nggRetryFailedImage(this);\"\/><\/picture>                <noscript><img src=\"https:\/\/www.eel-fotografie.de\/wp2\/wp-content\/gallery\/post_30_05_2016_24h_Nuerburgring_2016_Teil2\/cache\/DSC_2679.jpg-nggid042979-ngg0dyn-120x90x100-00f0w010c011r110f110r010t010.jpg\"\n                         title=\"DSC_2679 | \u00a9 eel-fotografie\"\n                         alt=\"DSC_2679 | \u00a9 eel-fotografie\"\n                         width=\"120\"\n                         height=\"90\"\n                         style=\"max-width:100%; height: auto;\"\/><\/noscript><\/a><\/div><div id=\"ngg-image-1\" class=\"image-wrapper\"><a href=\"https:\/\/www.eel-fotografie.de\/wp2\/wp-content\/gallery\/post_30_05_2016_24h_Nuerburgring_2016_Teil2\/DSC_4988.jpg\"\n               title=\"&lt;font&gt;\u00a9 eel-fotografie&lt;\/font&gt;\"\n               data-src=\"https:\/\/www.eel-fotografie.de\/wp2\/wp-content\/gallery\/post_30_05_2016_24h_Nuerburgring_2016_Teil2\/DSC_4988.jpg\"\n               data-thumbnail=\"https:\/\/www.eel-fotografie.de\/wp2\/wp-content\/gallery\/post_30_05_2016_24h_Nuerburgring_2016_Teil2\/thumbs\/thumbs_DSC_4988.jpg\"\n               data-image-id=\"2999\"\n               data-title=\"DSC_4988 | \u00a9 eel-fotografie\"\n               data-description=\"&lt;font&gt;\u00a9 eel-fotografie&lt;\/font&gt;\"\n               class=\"shutterset_59ae843967853deb4697dfd7155d027e\" data-ngg-protect=\"1\"><picture><source srcset='https:\/\/www.eel-fotografie.de\/wp2\/wp-content\/gallery\/post_30_05_2016_24h_Nuerburgring_2016_Teil2\/cache\/DSC_4988.jpg-nggid042999-ngg0dyn-120x90x100-00f0w010c011r110f110r010t010.jpg' media=''><img title=\"DSC_4988 | \u00a9 eel-fotografie\" alt=\"DSC_4988 | \u00a9 eel-fotografie\" width=\"120\" height=\"90\" style=\"max-width:120px;max-height:90px\" src=\"https:\/\/www.eel-fotografie.de\/wp2\/wp-content\/gallery\/post_30_05_2016_24h_Nuerburgring_2016_Teil2\/cache\/DSC_4988.jpg-nggid042999-ngg0dyn-120x90x100-00f0w010c011r110f110r010t010.jpg\" srcset=\"https:\/\/www.eel-fotografie.de\/wp2\/wp-content\/gallery\/post_30_05_2016_24h_Nuerburgring_2016_Teil2\/cache\/DSC_4988.jpg-nggid042999-ngg0dyn-120x90x100-00f0w010c011r110f110r010t010.jpg\" onerror=\"nggRetryFailedImage(this);\"\/><\/picture>                <noscript><img src=\"https:\/\/www.eel-fotografie.de\/wp2\/wp-content\/gallery\/post_30_05_2016_24h_Nuerburgring_2016_Teil2\/cache\/DSC_4988.jpg-nggid042999-ngg0dyn-120x90x100-00f0w010c011r110f110r010t010.jpg\"\n                         title=\"DSC_4988 | \u00a9 eel-fotografie\"\n                         alt=\"DSC_4988 | \u00a9 eel-fotografie\"\n                         width=\"120\"\n                         height=\"90\"\n                         style=\"max-width:100%; height: auto;\"\/><\/noscript><\/a><\/div><div id=\"ngg-image-2\" class=\"image-wrapper\"><a href=\"https:\/\/www.eel-fotografie.de\/wp2\/wp-content\/gallery\/post_30_05_2016_24h_Nuerburgring_2016_Teil2\/DSC_2759.jpg\"\n               title=\"&lt;font&gt;\u00a9 eel-fotografie&lt;\/font&gt;\"\n               data-src=\"https:\/\/www.eel-fotografie.de\/wp2\/wp-content\/gallery\/post_30_05_2016_24h_Nuerburgring_2016_Teil2\/DSC_2759.jpg\"\n               data-thumbnail=\"https:\/\/www.eel-fotografie.de\/wp2\/wp-content\/gallery\/post_30_05_2016_24h_Nuerburgring_2016_Teil2\/thumbs\/thumbs_DSC_2759.jpg\"\n               data-image-id=\"2980\"\n               data-title=\"DSC_2759 | \u00a9 eel-fotografie\"\n               data-description=\"&lt;font&gt;\u00a9 eel-fotografie&lt;\/font&gt;\"\n               class=\"shutterset_59ae843967853deb4697dfd7155d027e\" data-ngg-protect=\"1\"><picture><source srcset='https:\/\/www.eel-fotografie.de\/wp2\/wp-content\/gallery\/post_30_05_2016_24h_Nuerburgring_2016_Teil2\/cache\/DSC_2759.jpg-nggid042980-ngg0dyn-120x90x100-00f0w010c011r110f110r010t010.jpg' media=''><img title=\"DSC_2759 | \u00a9 eel-fotografie\" alt=\"DSC_2759 | \u00a9 eel-fotografie\" width=\"120\" height=\"90\" style=\"max-width:120px;max-height:90px\" src=\"https:\/\/www.eel-fotografie.de\/wp2\/wp-content\/gallery\/post_30_05_2016_24h_Nuerburgring_2016_Teil2\/cache\/DSC_2759.jpg-nggid042980-ngg0dyn-120x90x100-00f0w010c011r110f110r010t010.jpg\" srcset=\"https:\/\/www.eel-fotografie.de\/wp2\/wp-content\/gallery\/post_30_05_2016_24h_Nuerburgring_2016_Teil2\/cache\/DSC_2759.jpg-nggid042980-ngg0dyn-120x90x100-00f0w010c011r110f110r010t010.jpg\" onerror=\"nggRetryFailedImage(this);\"\/><\/picture>                <noscript><img src=\"https:\/\/www.eel-fotografie.de\/wp2\/wp-content\/gallery\/post_30_05_2016_24h_Nuerburgring_2016_Teil2\/cache\/DSC_2759.jpg-nggid042980-ngg0dyn-120x90x100-00f0w010c011r110f110r010t010.jpg\"\n                         title=\"DSC_2759 | \u00a9 eel-fotografie\"\n                         alt=\"DSC_2759 | \u00a9 eel-fotografie\"\n                         width=\"120\"\n                         height=\"90\"\n                         style=\"max-width:100%; height: auto;\"\/><\/noscript><\/a><\/div><div id=\"ngg-image-3\" class=\"image-wrapper\"><a href=\"https:\/\/www.eel-fotografie.de\/wp2\/wp-content\/gallery\/post_30_05_2016_24h_Nuerburgring_2016_Teil2\/DSC_3989.jpg\"\n               title=\"&lt;font&gt;\u00a9 eel-fotografie&lt;\/font&gt;\"\n               data-src=\"https:\/\/www.eel-fotografie.de\/wp2\/wp-content\/gallery\/post_30_05_2016_24h_Nuerburgring_2016_Teil2\/DSC_3989.jpg\"\n               data-thumbnail=\"https:\/\/www.eel-fotografie.de\/wp2\/wp-content\/gallery\/post_30_05_2016_24h_Nuerburgring_2016_Teil2\/thumbs\/thumbs_DSC_3989.jpg\"\n               data-image-id=\"2992\"\n               data-title=\"DSC_3989 | \u00a9 eel-fotografie\"\n               data-description=\"&lt;font&gt;\u00a9 eel-fotografie&lt;\/font&gt;\"\n               class=\"shutterset_59ae843967853deb4697dfd7155d027e\" data-ngg-protect=\"1\"><picture><source srcset='https:\/\/www.eel-fotografie.de\/wp2\/wp-content\/gallery\/post_30_05_2016_24h_Nuerburgring_2016_Teil2\/cache\/DSC_3989.jpg-nggid042992-ngg0dyn-120x90x100-00f0w010c011r110f110r010t010.jpg' media=''><img title=\"DSC_3989 | \u00a9 eel-fotografie\" alt=\"DSC_3989 | \u00a9 eel-fotografie\" width=\"120\" height=\"90\" style=\"max-width:120px;max-height:90px\" src=\"https:\/\/www.eel-fotografie.de\/wp2\/wp-content\/gallery\/post_30_05_2016_24h_Nuerburgring_2016_Teil2\/cache\/DSC_3989.jpg-nggid042992-ngg0dyn-120x90x100-00f0w010c011r110f110r010t010.jpg\" srcset=\"https:\/\/www.eel-fotografie.de\/wp2\/wp-content\/gallery\/post_30_05_2016_24h_Nuerburgring_2016_Teil2\/cache\/DSC_3989.jpg-nggid042992-ngg0dyn-120x90x100-00f0w010c011r110f110r010t010.jpg\" onerror=\"nggRetryFailedImage(this);\"\/><\/picture>                <noscript><img src=\"https:\/\/www.eel-fotografie.de\/wp2\/wp-content\/gallery\/post_30_05_2016_24h_Nuerburgring_2016_Teil2\/cache\/DSC_3989.jpg-nggid042992-ngg0dyn-120x90x100-00f0w010c011r110f110r010t010.jpg\"\n                         title=\"DSC_3989 | \u00a9 eel-fotografie\"\n                         alt=\"DSC_3989 | \u00a9 eel-fotografie\"\n                         width=\"120\"\n                         height=\"90\"\n                         style=\"max-width:100%; height: auto;\"\/><\/noscript><\/a><\/div><br style='clear: both'\/><div id=\"ngg-image-4\" class=\"image-wrapper\"><a href=\"https:\/\/www.eel-fotografie.de\/wp2\/wp-content\/gallery\/post_30_05_2016_24h_Nuerburgring_2016_Teil2\/DSC_3339.jpg\"\n               title=\"&lt;font&gt;\u00a9 eel-fotografie&lt;\/font&gt;\"\n               data-src=\"https:\/\/www.eel-fotografie.de\/wp2\/wp-content\/gallery\/post_30_05_2016_24h_Nuerburgring_2016_Teil2\/DSC_3339.jpg\"\n               data-thumbnail=\"https:\/\/www.eel-fotografie.de\/wp2\/wp-content\/gallery\/post_30_05_2016_24h_Nuerburgring_2016_Teil2\/thumbs\/thumbs_DSC_3339.jpg\"\n               data-image-id=\"2989\"\n               data-title=\"DSC_3339 | \u00a9 eel-fotografie\"\n               data-description=\"&lt;font&gt;\u00a9 eel-fotografie&lt;\/font&gt;\"\n               class=\"shutterset_59ae843967853deb4697dfd7155d027e\" data-ngg-protect=\"1\"><picture><source srcset='https:\/\/www.eel-fotografie.de\/wp2\/wp-content\/gallery\/post_30_05_2016_24h_Nuerburgring_2016_Teil2\/cache\/DSC_3339.jpg-nggid042989-ngg0dyn-120x90x100-00f0w010c011r110f110r010t010.jpg' media=''><img title=\"DSC_3339 | \u00a9 eel-fotografie\" alt=\"DSC_3339 | \u00a9 eel-fotografie\" width=\"120\" height=\"90\" style=\"max-width:120px;max-height:90px\" src=\"https:\/\/www.eel-fotografie.de\/wp2\/wp-content\/gallery\/post_30_05_2016_24h_Nuerburgring_2016_Teil2\/cache\/DSC_3339.jpg-nggid042989-ngg0dyn-120x90x100-00f0w010c011r110f110r010t010.jpg\" srcset=\"https:\/\/www.eel-fotografie.de\/wp2\/wp-content\/gallery\/post_30_05_2016_24h_Nuerburgring_2016_Teil2\/cache\/DSC_3339.jpg-nggid042989-ngg0dyn-120x90x100-00f0w010c011r110f110r010t010.jpg\" onerror=\"nggRetryFailedImage(this);\"\/><\/picture>                <noscript><img src=\"https:\/\/www.eel-fotografie.de\/wp2\/wp-content\/gallery\/post_30_05_2016_24h_Nuerburgring_2016_Teil2\/cache\/DSC_3339.jpg-nggid042989-ngg0dyn-120x90x100-00f0w010c011r110f110r010t010.jpg\"\n                         title=\"DSC_3339 | \u00a9 eel-fotografie\"\n                         alt=\"DSC_3339 | \u00a9 eel-fotografie\"\n                         width=\"120\"\n                         height=\"90\"\n                         style=\"max-width:100%; height: auto;\"\/><\/noscript><\/a><\/div><div id=\"ngg-image-5\" class=\"image-wrapper\"><a href=\"https:\/\/www.eel-fotografie.de\/wp2\/wp-content\/gallery\/post_30_05_2016_24h_Nuerburgring_2016_Teil2\/DSC_3868.jpg\"\n               title=\"&lt;font&gt;\u00a9 eel-fotografie&lt;\/font&gt;\"\n               data-src=\"https:\/\/www.eel-fotografie.de\/wp2\/wp-content\/gallery\/post_30_05_2016_24h_Nuerburgring_2016_Teil2\/DSC_3868.jpg\"\n               data-thumbnail=\"https:\/\/www.eel-fotografie.de\/wp2\/wp-content\/gallery\/post_30_05_2016_24h_Nuerburgring_2016_Teil2\/thumbs\/thumbs_DSC_3868.jpg\"\n               data-image-id=\"2991\"\n               data-title=\"DSC_3868 | \u00a9 eel-fotografie\"\n               data-description=\"&lt;font&gt;\u00a9 eel-fotografie&lt;\/font&gt;\"\n               class=\"shutterset_59ae843967853deb4697dfd7155d027e\" data-ngg-protect=\"1\"><picture><source srcset='https:\/\/www.eel-fotografie.de\/wp2\/wp-content\/gallery\/post_30_05_2016_24h_Nuerburgring_2016_Teil2\/cache\/DSC_3868.jpg-nggid042991-ngg0dyn-120x90x100-00f0w010c011r110f110r010t010.jpg' media=''><img title=\"DSC_3868 | \u00a9 eel-fotografie\" alt=\"DSC_3868 | \u00a9 eel-fotografie\" width=\"120\" height=\"90\" style=\"max-width:120px;max-height:90px\" src=\"https:\/\/www.eel-fotografie.de\/wp2\/wp-content\/gallery\/post_30_05_2016_24h_Nuerburgring_2016_Teil2\/cache\/DSC_3868.jpg-nggid042991-ngg0dyn-120x90x100-00f0w010c011r110f110r010t010.jpg\" srcset=\"https:\/\/www.eel-fotografie.de\/wp2\/wp-content\/gallery\/post_30_05_2016_24h_Nuerburgring_2016_Teil2\/cache\/DSC_3868.jpg-nggid042991-ngg0dyn-120x90x100-00f0w010c011r110f110r010t010.jpg\" onerror=\"nggRetryFailedImage(this);\"\/><\/picture>                <noscript><img src=\"https:\/\/www.eel-fotografie.de\/wp2\/wp-content\/gallery\/post_30_05_2016_24h_Nuerburgring_2016_Teil2\/cache\/DSC_3868.jpg-nggid042991-ngg0dyn-120x90x100-00f0w010c011r110f110r010t010.jpg\"\n                         title=\"DSC_3868 | \u00a9 eel-fotografie\"\n                         alt=\"DSC_3868 | \u00a9 eel-fotografie\"\n                         width=\"120\"\n                         height=\"90\"\n                         style=\"max-width:100%; height: auto;\"\/><\/noscript><\/a><\/div><div id=\"ngg-image-6\" class=\"image-wrapper\"><a href=\"https:\/\/www.eel-fotografie.de\/wp2\/wp-content\/gallery\/post_30_05_2016_24h_Nuerburgring_2016_Teil2\/DSC_5316.jpg\"\n               title=\"&lt;font&gt;\u00a9 eel-fotografie&lt;\/font&gt;\"\n               data-src=\"https:\/\/www.eel-fotografie.de\/wp2\/wp-content\/gallery\/post_30_05_2016_24h_Nuerburgring_2016_Teil2\/DSC_5316.jpg\"\n               data-thumbnail=\"https:\/\/www.eel-fotografie.de\/wp2\/wp-content\/gallery\/post_30_05_2016_24h_Nuerburgring_2016_Teil2\/thumbs\/thumbs_DSC_5316.jpg\"\n               data-image-id=\"3003\"\n               data-title=\"DSC_5316 | \u00a9 eel-fotografie\"\n               data-description=\"&lt;font&gt;\u00a9 eel-fotografie&lt;\/font&gt;\"\n               class=\"shutterset_59ae843967853deb4697dfd7155d027e\" data-ngg-protect=\"1\"><picture><source srcset='https:\/\/www.eel-fotografie.de\/wp2\/wp-content\/gallery\/post_30_05_2016_24h_Nuerburgring_2016_Teil2\/cache\/DSC_5316.jpg-nggid043003-ngg0dyn-120x90x100-00f0w010c011r110f110r010t010.jpg' media=''><img title=\"DSC_5316 | \u00a9 eel-fotografie\" alt=\"DSC_5316 | \u00a9 eel-fotografie\" width=\"120\" height=\"90\" style=\"max-width:120px;max-height:90px\" src=\"https:\/\/www.eel-fotografie.de\/wp2\/wp-content\/gallery\/post_30_05_2016_24h_Nuerburgring_2016_Teil2\/cache\/DSC_5316.jpg-nggid043003-ngg0dyn-120x90x100-00f0w010c011r110f110r010t010.jpg\" srcset=\"https:\/\/www.eel-fotografie.de\/wp2\/wp-content\/gallery\/post_30_05_2016_24h_Nuerburgring_2016_Teil2\/cache\/DSC_5316.jpg-nggid043003-ngg0dyn-120x90x100-00f0w010c011r110f110r010t010.jpg\" onerror=\"nggRetryFailedImage(this);\"\/><\/picture>                <noscript><img src=\"https:\/\/www.eel-fotografie.de\/wp2\/wp-content\/gallery\/post_30_05_2016_24h_Nuerburgring_2016_Teil2\/cache\/DSC_5316.jpg-nggid043003-ngg0dyn-120x90x100-00f0w010c011r110f110r010t010.jpg\"\n                         title=\"DSC_5316 | \u00a9 eel-fotografie\"\n                         alt=\"DSC_5316 | \u00a9 eel-fotografie\"\n                         width=\"120\"\n                         height=\"90\"\n                         style=\"max-width:100%; height: auto;\"\/><\/noscript><\/a><\/div><div id=\"ngg-image-7\" class=\"image-wrapper\"><a href=\"https:\/\/www.eel-fotografie.de\/wp2\/wp-content\/gallery\/post_30_05_2016_24h_Nuerburgring_2016_Teil2\/DSC_3065.jpg\"\n               title=\"&lt;font&gt;\u00a9 eel-fotografie&lt;\/font&gt;\"\n               data-src=\"https:\/\/www.eel-fotografie.de\/wp2\/wp-content\/gallery\/post_30_05_2016_24h_Nuerburgring_2016_Teil2\/DSC_3065.jpg\"\n               data-thumbnail=\"https:\/\/www.eel-fotografie.de\/wp2\/wp-content\/gallery\/post_30_05_2016_24h_Nuerburgring_2016_Teil2\/thumbs\/thumbs_DSC_3065.jpg\"\n               data-image-id=\"2981\"\n               data-title=\"DSC_3065 | \u00a9 eel-fotografie\"\n               data-description=\"&lt;font&gt;\u00a9 eel-fotografie&lt;\/font&gt;\"\n               class=\"shutterset_59ae843967853deb4697dfd7155d027e\" data-ngg-protect=\"1\"><picture><source srcset='https:\/\/www.eel-fotografie.de\/wp2\/wp-content\/gallery\/post_30_05_2016_24h_Nuerburgring_2016_Teil2\/cache\/DSC_3065.jpg-nggid042981-ngg0dyn-120x90x100-00f0w010c011r110f110r010t010.jpg' media=''><img title=\"DSC_3065 | \u00a9 eel-fotografie\" alt=\"DSC_3065 | \u00a9 eel-fotografie\" width=\"120\" height=\"90\" style=\"max-width:120px;max-height:90px\" src=\"https:\/\/www.eel-fotografie.de\/wp2\/wp-content\/gallery\/post_30_05_2016_24h_Nuerburgring_2016_Teil2\/cache\/DSC_3065.jpg-nggid042981-ngg0dyn-120x90x100-00f0w010c011r110f110r010t010.jpg\" srcset=\"https:\/\/www.eel-fotografie.de\/wp2\/wp-content\/gallery\/post_30_05_2016_24h_Nuerburgring_2016_Teil2\/cache\/DSC_3065.jpg-nggid042981-ngg0dyn-120x90x100-00f0w010c011r110f110r010t010.jpg\" onerror=\"nggRetryFailedImage(this);\"\/><\/picture>                <noscript><img src=\"https:\/\/www.eel-fotografie.de\/wp2\/wp-content\/gallery\/post_30_05_2016_24h_Nuerburgring_2016_Teil2\/cache\/DSC_3065.jpg-nggid042981-ngg0dyn-120x90x100-00f0w010c011r110f110r010t010.jpg\"\n                         title=\"DSC_3065 | \u00a9 eel-fotografie\"\n                         alt=\"DSC_3065 | \u00a9 eel-fotografie\"\n                         width=\"120\"\n                         height=\"90\"\n                         style=\"max-width:100%; height: auto;\"\/><\/noscript><\/a><\/div><br style='clear: both'\/><div id=\"ngg-image-8\" class=\"image-wrapper\"><a href=\"https:\/\/www.eel-fotografie.de\/wp2\/wp-content\/gallery\/post_30_05_2016_24h_Nuerburgring_2016_Teil2\/DSC_5469.jpg\"\n               title=\"&lt;font&gt;\u00a9 eel-fotografie&lt;\/font&gt;\"\n               data-src=\"https:\/\/www.eel-fotografie.de\/wp2\/wp-content\/gallery\/post_30_05_2016_24h_Nuerburgring_2016_Teil2\/DSC_5469.jpg\"\n               data-thumbnail=\"https:\/\/www.eel-fotografie.de\/wp2\/wp-content\/gallery\/post_30_05_2016_24h_Nuerburgring_2016_Teil2\/thumbs\/thumbs_DSC_5469.jpg\"\n               data-image-id=\"3005\"\n               data-title=\"DSC_5469 | \u00a9 eel-fotografie\"\n               data-description=\"&lt;font&gt;\u00a9 eel-fotografie&lt;\/font&gt;\"\n               class=\"shutterset_59ae843967853deb4697dfd7155d027e\" data-ngg-protect=\"1\"><picture><source srcset='https:\/\/www.eel-fotografie.de\/wp2\/wp-content\/gallery\/post_30_05_2016_24h_Nuerburgring_2016_Teil2\/cache\/DSC_5469.jpg-nggid043005-ngg0dyn-120x90x100-00f0w010c011r110f110r010t010.jpg' media=''><img title=\"DSC_5469 | \u00a9 eel-fotografie\" alt=\"DSC_5469 | \u00a9 eel-fotografie\" width=\"120\" height=\"90\" style=\"max-width:120px;max-height:90px\" src=\"https:\/\/www.eel-fotografie.de\/wp2\/wp-content\/gallery\/post_30_05_2016_24h_Nuerburgring_2016_Teil2\/cache\/DSC_5469.jpg-nggid043005-ngg0dyn-120x90x100-00f0w010c011r110f110r010t010.jpg\" srcset=\"https:\/\/www.eel-fotografie.de\/wp2\/wp-content\/gallery\/post_30_05_2016_24h_Nuerburgring_2016_Teil2\/cache\/DSC_5469.jpg-nggid043005-ngg0dyn-120x90x100-00f0w010c011r110f110r010t010.jpg\" onerror=\"nggRetryFailedImage(this);\"\/><\/picture>                <noscript><img src=\"https:\/\/www.eel-fotografie.de\/wp2\/wp-content\/gallery\/post_30_05_2016_24h_Nuerburgring_2016_Teil2\/cache\/DSC_5469.jpg-nggid043005-ngg0dyn-120x90x100-00f0w010c011r110f110r010t010.jpg\"\n                         title=\"DSC_5469 | \u00a9 eel-fotografie\"\n                         alt=\"DSC_5469 | \u00a9 eel-fotografie\"\n                         width=\"120\"\n                         height=\"90\"\n                         style=\"max-width:100%; height: auto;\"\/><\/noscript><\/a><\/div><div id=\"ngg-image-9\" class=\"image-wrapper\"><a href=\"https:\/\/www.eel-fotografie.de\/wp2\/wp-content\/gallery\/post_30_05_2016_24h_Nuerburgring_2016_Teil2\/DSC_3102.jpg\"\n               title=\"&lt;font&gt;\u00a9 eel-fotografie&lt;\/font&gt;\"\n               data-src=\"https:\/\/www.eel-fotografie.de\/wp2\/wp-content\/gallery\/post_30_05_2016_24h_Nuerburgring_2016_Teil2\/DSC_3102.jpg\"\n               data-thumbnail=\"https:\/\/www.eel-fotografie.de\/wp2\/wp-content\/gallery\/post_30_05_2016_24h_Nuerburgring_2016_Teil2\/thumbs\/thumbs_DSC_3102.jpg\"\n               data-image-id=\"2982\"\n               data-title=\"DSC_3102 | \u00a9 eel-fotografie\"\n               data-description=\"&lt;font&gt;\u00a9 eel-fotografie&lt;\/font&gt;\"\n               class=\"shutterset_59ae843967853deb4697dfd7155d027e\" data-ngg-protect=\"1\"><picture><source srcset='https:\/\/www.eel-fotografie.de\/wp2\/wp-content\/gallery\/post_30_05_2016_24h_Nuerburgring_2016_Teil2\/cache\/DSC_3102.jpg-nggid042982-ngg0dyn-120x90x100-00f0w010c011r110f110r010t010.jpg' media=''><img title=\"DSC_3102 | \u00a9 eel-fotografie\" alt=\"DSC_3102 | \u00a9 eel-fotografie\" width=\"120\" height=\"90\" style=\"max-width:120px;max-height:90px\" src=\"https:\/\/www.eel-fotografie.de\/wp2\/wp-content\/gallery\/post_30_05_2016_24h_Nuerburgring_2016_Teil2\/cache\/DSC_3102.jpg-nggid042982-ngg0dyn-120x90x100-00f0w010c011r110f110r010t010.jpg\" srcset=\"https:\/\/www.eel-fotografie.de\/wp2\/wp-content\/gallery\/post_30_05_2016_24h_Nuerburgring_2016_Teil2\/cache\/DSC_3102.jpg-nggid042982-ngg0dyn-120x90x100-00f0w010c011r110f110r010t010.jpg\" onerror=\"nggRetryFailedImage(this);\"\/><\/picture>                <noscript><img src=\"https:\/\/www.eel-fotografie.de\/wp2\/wp-content\/gallery\/post_30_05_2016_24h_Nuerburgring_2016_Teil2\/cache\/DSC_3102.jpg-nggid042982-ngg0dyn-120x90x100-00f0w010c011r110f110r010t010.jpg\"\n                         title=\"DSC_3102 | \u00a9 eel-fotografie\"\n                         alt=\"DSC_3102 | \u00a9 eel-fotografie\"\n                         width=\"120\"\n                         height=\"90\"\n                         style=\"max-width:100%; height: auto;\"\/><\/noscript><\/a><\/div><div id=\"ngg-image-10\" class=\"image-wrapper\"><a href=\"https:\/\/www.eel-fotografie.de\/wp2\/wp-content\/gallery\/post_30_05_2016_24h_Nuerburgring_2016_Teil2\/DSC_4600.jpg\"\n               title=\"&lt;font&gt;\u00a9 eel-fotografie&lt;\/font&gt;\"\n               data-src=\"https:\/\/www.eel-fotografie.de\/wp2\/wp-content\/gallery\/post_30_05_2016_24h_Nuerburgring_2016_Teil2\/DSC_4600.jpg\"\n               data-thumbnail=\"https:\/\/www.eel-fotografie.de\/wp2\/wp-content\/gallery\/post_30_05_2016_24h_Nuerburgring_2016_Teil2\/thumbs\/thumbs_DSC_4600.jpg\"\n               data-image-id=\"2998\"\n               data-title=\"DSC_4600 | \u00a9 eel-fotografie\"\n               data-description=\"&lt;font&gt;\u00a9 eel-fotografie&lt;\/font&gt;\"\n               class=\"shutterset_59ae843967853deb4697dfd7155d027e\" data-ngg-protect=\"1\"><picture><source srcset='https:\/\/www.eel-fotografie.de\/wp2\/wp-content\/gallery\/post_30_05_2016_24h_Nuerburgring_2016_Teil2\/cache\/DSC_4600.jpg-nggid042998-ngg0dyn-120x90x100-00f0w010c011r110f110r010t010.jpg' media=''><img title=\"DSC_4600 | \u00a9 eel-fotografie\" alt=\"DSC_4600 | \u00a9 eel-fotografie\" width=\"120\" height=\"90\" style=\"max-width:120px;max-height:90px\" src=\"https:\/\/www.eel-fotografie.de\/wp2\/wp-content\/gallery\/post_30_05_2016_24h_Nuerburgring_2016_Teil2\/cache\/DSC_4600.jpg-nggid042998-ngg0dyn-120x90x100-00f0w010c011r110f110r010t010.jpg\" srcset=\"https:\/\/www.eel-fotografie.de\/wp2\/wp-content\/gallery\/post_30_05_2016_24h_Nuerburgring_2016_Teil2\/cache\/DSC_4600.jpg-nggid042998-ngg0dyn-120x90x100-00f0w010c011r110f110r010t010.jpg\" onerror=\"nggRetryFailedImage(this);\"\/><\/picture>                <noscript><img src=\"https:\/\/www.eel-fotografie.de\/wp2\/wp-content\/gallery\/post_30_05_2016_24h_Nuerburgring_2016_Teil2\/cache\/DSC_4600.jpg-nggid042998-ngg0dyn-120x90x100-00f0w010c011r110f110r010t010.jpg\"\n                         title=\"DSC_4600 | \u00a9 eel-fotografie\"\n                         alt=\"DSC_4600 | \u00a9 eel-fotografie\"\n                         width=\"120\"\n                         height=\"90\"\n                         style=\"max-width:100%; height: auto;\"\/><\/noscript><\/a><\/div><div id=\"ngg-image-11\" class=\"image-wrapper\"><a href=\"https:\/\/www.eel-fotografie.de\/wp2\/wp-content\/gallery\/post_30_05_2016_24h_Nuerburgring_2016_Teil2\/DSC_5044.jpg\"\n               title=\"&lt;font&gt;\u00a9 eel-fotografie&lt;\/font&gt;\"\n               data-src=\"https:\/\/www.eel-fotografie.de\/wp2\/wp-content\/gallery\/post_30_05_2016_24h_Nuerburgring_2016_Teil2\/DSC_5044.jpg\"\n               data-thumbnail=\"https:\/\/www.eel-fotografie.de\/wp2\/wp-content\/gallery\/post_30_05_2016_24h_Nuerburgring_2016_Teil2\/thumbs\/thumbs_DSC_5044.jpg\"\n               data-image-id=\"3000\"\n               data-title=\"DSC_5044 | \u00a9 eel-fotografie\"\n               data-description=\"&lt;font&gt;\u00a9 eel-fotografie&lt;\/font&gt;\"\n               class=\"shutterset_59ae843967853deb4697dfd7155d027e\" data-ngg-protect=\"1\"><picture><source srcset='https:\/\/www.eel-fotografie.de\/wp2\/wp-content\/gallery\/post_30_05_2016_24h_Nuerburgring_2016_Teil2\/cache\/DSC_5044.jpg-nggid043000-ngg0dyn-120x90x100-00f0w010c011r110f110r010t010.jpg' media=''><img title=\"DSC_5044 | \u00a9 eel-fotografie\" alt=\"DSC_5044 | \u00a9 eel-fotografie\" width=\"120\" height=\"90\" style=\"max-width:120px;max-height:90px\" src=\"https:\/\/www.eel-fotografie.de\/wp2\/wp-content\/gallery\/post_30_05_2016_24h_Nuerburgring_2016_Teil2\/cache\/DSC_5044.jpg-nggid043000-ngg0dyn-120x90x100-00f0w010c011r110f110r010t010.jpg\" srcset=\"https:\/\/www.eel-fotografie.de\/wp2\/wp-content\/gallery\/post_30_05_2016_24h_Nuerburgring_2016_Teil2\/cache\/DSC_5044.jpg-nggid043000-ngg0dyn-120x90x100-00f0w010c011r110f110r010t010.jpg\" onerror=\"nggRetryFailedImage(this);\"\/><\/picture>                <noscript><img src=\"https:\/\/www.eel-fotografie.de\/wp2\/wp-content\/gallery\/post_30_05_2016_24h_Nuerburgring_2016_Teil2\/cache\/DSC_5044.jpg-nggid043000-ngg0dyn-120x90x100-00f0w010c011r110f110r010t010.jpg\"\n                         title=\"DSC_5044 | \u00a9 eel-fotografie\"\n                         alt=\"DSC_5044 | \u00a9 eel-fotografie\"\n                         width=\"120\"\n                         height=\"90\"\n                         style=\"max-width:100%; height: auto;\"\/><\/noscript><\/a><\/div><br style='clear: both'\/><div id=\"ngg-image-12\" class=\"image-wrapper\"><a href=\"https:\/\/www.eel-fotografie.de\/wp2\/wp-content\/gallery\/post_30_05_2016_24h_Nuerburgring_2016_Teil2\/DSC_3172.jpg\"\n               title=\"&lt;font&gt;\u00a9 eel-fotografie&lt;\/font&gt;\"\n               data-src=\"https:\/\/www.eel-fotografie.de\/wp2\/wp-content\/gallery\/post_30_05_2016_24h_Nuerburgring_2016_Teil2\/DSC_3172.jpg\"\n               data-thumbnail=\"https:\/\/www.eel-fotografie.de\/wp2\/wp-content\/gallery\/post_30_05_2016_24h_Nuerburgring_2016_Teil2\/thumbs\/thumbs_DSC_3172.jpg\"\n               data-image-id=\"2984\"\n               data-title=\"DSC_3172 | \u00a9 eel-fotografie\"\n               data-description=\"&lt;font&gt;\u00a9 eel-fotografie&lt;\/font&gt;\"\n               class=\"shutterset_59ae843967853deb4697dfd7155d027e\" data-ngg-protect=\"1\"><picture><source srcset='https:\/\/www.eel-fotografie.de\/wp2\/wp-content\/gallery\/post_30_05_2016_24h_Nuerburgring_2016_Teil2\/cache\/DSC_3172.jpg-nggid042984-ngg0dyn-120x90x100-00f0w010c011r110f110r010t010.jpg' media=''><img title=\"DSC_3172 | \u00a9 eel-fotografie\" alt=\"DSC_3172 | \u00a9 eel-fotografie\" width=\"120\" height=\"90\" style=\"max-width:120px;max-height:90px\" src=\"https:\/\/www.eel-fotografie.de\/wp2\/wp-content\/gallery\/post_30_05_2016_24h_Nuerburgring_2016_Teil2\/cache\/DSC_3172.jpg-nggid042984-ngg0dyn-120x90x100-00f0w010c011r110f110r010t010.jpg\" srcset=\"https:\/\/www.eel-fotografie.de\/wp2\/wp-content\/gallery\/post_30_05_2016_24h_Nuerburgring_2016_Teil2\/cache\/DSC_3172.jpg-nggid042984-ngg0dyn-120x90x100-00f0w010c011r110f110r010t010.jpg\" onerror=\"nggRetryFailedImage(this);\"\/><\/picture>                <noscript><img src=\"https:\/\/www.eel-fotografie.de\/wp2\/wp-content\/gallery\/post_30_05_2016_24h_Nuerburgring_2016_Teil2\/cache\/DSC_3172.jpg-nggid042984-ngg0dyn-120x90x100-00f0w010c011r110f110r010t010.jpg\"\n                         title=\"DSC_3172 | \u00a9 eel-fotografie\"\n                         alt=\"DSC_3172 | \u00a9 eel-fotografie\"\n                         width=\"120\"\n                         height=\"90\"\n                         style=\"max-width:100%; height: auto;\"\/><\/noscript><\/a><\/div><div id=\"ngg-image-13\" class=\"image-wrapper\"><a href=\"https:\/\/www.eel-fotografie.de\/wp2\/wp-content\/gallery\/post_30_05_2016_24h_Nuerburgring_2016_Teil2\/DSC_3240.jpg\"\n               title=\"&lt;font&gt;\u00a9 eel-fotografie&lt;\/font&gt;\"\n               data-src=\"https:\/\/www.eel-fotografie.de\/wp2\/wp-content\/gallery\/post_30_05_2016_24h_Nuerburgring_2016_Teil2\/DSC_3240.jpg\"\n               data-thumbnail=\"https:\/\/www.eel-fotografie.de\/wp2\/wp-content\/gallery\/post_30_05_2016_24h_Nuerburgring_2016_Teil2\/thumbs\/thumbs_DSC_3240.jpg\"\n               data-image-id=\"2985\"\n               data-title=\"DSC_3240 | \u00a9 eel-fotografie\"\n               data-description=\"&lt;font&gt;\u00a9 eel-fotografie&lt;\/font&gt;\"\n               class=\"shutterset_59ae843967853deb4697dfd7155d027e\" data-ngg-protect=\"1\"><picture><source srcset='https:\/\/www.eel-fotografie.de\/wp2\/wp-content\/gallery\/post_30_05_2016_24h_Nuerburgring_2016_Teil2\/cache\/DSC_3240.jpg-nggid042985-ngg0dyn-120x90x100-00f0w010c011r110f110r010t010.jpg' media=''><img title=\"DSC_3240 | \u00a9 eel-fotografie\" alt=\"DSC_3240 | \u00a9 eel-fotografie\" width=\"120\" height=\"90\" style=\"max-width:120px;max-height:90px\" src=\"https:\/\/www.eel-fotografie.de\/wp2\/wp-content\/gallery\/post_30_05_2016_24h_Nuerburgring_2016_Teil2\/cache\/DSC_3240.jpg-nggid042985-ngg0dyn-120x90x100-00f0w010c011r110f110r010t010.jpg\" srcset=\"https:\/\/www.eel-fotografie.de\/wp2\/wp-content\/gallery\/post_30_05_2016_24h_Nuerburgring_2016_Teil2\/cache\/DSC_3240.jpg-nggid042985-ngg0dyn-120x90x100-00f0w010c011r110f110r010t010.jpg\" onerror=\"nggRetryFailedImage(this);\"\/><\/picture>                <noscript><img src=\"https:\/\/www.eel-fotografie.de\/wp2\/wp-content\/gallery\/post_30_05_2016_24h_Nuerburgring_2016_Teil2\/cache\/DSC_3240.jpg-nggid042985-ngg0dyn-120x90x100-00f0w010c011r110f110r010t010.jpg\"\n                         title=\"DSC_3240 | \u00a9 eel-fotografie\"\n                         alt=\"DSC_3240 | \u00a9 eel-fotografie\"\n                         width=\"120\"\n                         height=\"90\"\n                         style=\"max-width:100%; height: auto;\"\/><\/noscript><\/a><\/div><div id=\"ngg-image-14\" class=\"image-wrapper\"><a href=\"https:\/\/www.eel-fotografie.de\/wp2\/wp-content\/gallery\/post_30_05_2016_24h_Nuerburgring_2016_Teil2\/DSC_3264.jpg\"\n               title=\"&lt;font&gt;\u00a9 eel-fotografie&lt;\/font&gt;\"\n               data-src=\"https:\/\/www.eel-fotografie.de\/wp2\/wp-content\/gallery\/post_30_05_2016_24h_Nuerburgring_2016_Teil2\/DSC_3264.jpg\"\n               data-thumbnail=\"https:\/\/www.eel-fotografie.de\/wp2\/wp-content\/gallery\/post_30_05_2016_24h_Nuerburgring_2016_Teil2\/thumbs\/thumbs_DSC_3264.jpg\"\n               data-image-id=\"2986\"\n               data-title=\"DSC_3264 | \u00a9 eel-fotografie\"\n               data-description=\"&lt;font&gt;\u00a9 eel-fotografie&lt;\/font&gt;\"\n               class=\"shutterset_59ae843967853deb4697dfd7155d027e\" data-ngg-protect=\"1\"><picture><source srcset='https:\/\/www.eel-fotografie.de\/wp2\/wp-content\/gallery\/post_30_05_2016_24h_Nuerburgring_2016_Teil2\/cache\/DSC_3264.jpg-nggid042986-ngg0dyn-120x90x100-00f0w010c011r110f110r010t010.jpg' media=''><img title=\"DSC_3264 | \u00a9 eel-fotografie\" alt=\"DSC_3264 | \u00a9 eel-fotografie\" width=\"120\" height=\"90\" style=\"max-width:120px;max-height:90px\" src=\"https:\/\/www.eel-fotografie.de\/wp2\/wp-content\/gallery\/post_30_05_2016_24h_Nuerburgring_2016_Teil2\/cache\/DSC_3264.jpg-nggid042986-ngg0dyn-120x90x100-00f0w010c011r110f110r010t010.jpg\" srcset=\"https:\/\/www.eel-fotografie.de\/wp2\/wp-content\/gallery\/post_30_05_2016_24h_Nuerburgring_2016_Teil2\/cache\/DSC_3264.jpg-nggid042986-ngg0dyn-120x90x100-00f0w010c011r110f110r010t010.jpg\" onerror=\"nggRetryFailedImage(this);\"\/><\/picture>                <noscript><img src=\"https:\/\/www.eel-fotografie.de\/wp2\/wp-content\/gallery\/post_30_05_2016_24h_Nuerburgring_2016_Teil2\/cache\/DSC_3264.jpg-nggid042986-ngg0dyn-120x90x100-00f0w010c011r110f110r010t010.jpg\"\n                         title=\"DSC_3264 | \u00a9 eel-fotografie\"\n                         alt=\"DSC_3264 | \u00a9 eel-fotografie\"\n                         width=\"120\"\n                         height=\"90\"\n                         style=\"max-width:100%; height: auto;\"\/><\/noscript><\/a><\/div><div id=\"ngg-image-15\" class=\"image-wrapper\"><a href=\"https:\/\/www.eel-fotografie.de\/wp2\/wp-content\/gallery\/post_30_05_2016_24h_Nuerburgring_2016_Teil2\/DSC_5412.jpg\"\n               title=\"&lt;font&gt;\u00a9 eel-fotografie&lt;\/font&gt;\"\n               data-src=\"https:\/\/www.eel-fotografie.de\/wp2\/wp-content\/gallery\/post_30_05_2016_24h_Nuerburgring_2016_Teil2\/DSC_5412.jpg\"\n               data-thumbnail=\"https:\/\/www.eel-fotografie.de\/wp2\/wp-content\/gallery\/post_30_05_2016_24h_Nuerburgring_2016_Teil2\/thumbs\/thumbs_DSC_5412.jpg\"\n               data-image-id=\"3004\"\n               data-title=\"DSC_5412 | \u00a9 eel-fotografie\"\n               data-description=\"&lt;font&gt;\u00a9 eel-fotografie&lt;\/font&gt;\"\n               class=\"shutterset_59ae843967853deb4697dfd7155d027e\" data-ngg-protect=\"1\"><picture><source srcset='https:\/\/www.eel-fotografie.de\/wp2\/wp-content\/gallery\/post_30_05_2016_24h_Nuerburgring_2016_Teil2\/cache\/DSC_5412.jpg-nggid043004-ngg0dyn-120x90x100-00f0w010c011r110f110r010t010.jpg' media=''><img title=\"DSC_5412 | \u00a9 eel-fotografie\" alt=\"DSC_5412 | \u00a9 eel-fotografie\" width=\"120\" height=\"90\" style=\"max-width:120px;max-height:90px\" src=\"https:\/\/www.eel-fotografie.de\/wp2\/wp-content\/gallery\/post_30_05_2016_24h_Nuerburgring_2016_Teil2\/cache\/DSC_5412.jpg-nggid043004-ngg0dyn-120x90x100-00f0w010c011r110f110r010t010.jpg\" srcset=\"https:\/\/www.eel-fotografie.de\/wp2\/wp-content\/gallery\/post_30_05_2016_24h_Nuerburgring_2016_Teil2\/cache\/DSC_5412.jpg-nggid043004-ngg0dyn-120x90x100-00f0w010c011r110f110r010t010.jpg\" onerror=\"nggRetryFailedImage(this);\"\/><\/picture>                <noscript><img src=\"https:\/\/www.eel-fotografie.de\/wp2\/wp-content\/gallery\/post_30_05_2016_24h_Nuerburgring_2016_Teil2\/cache\/DSC_5412.jpg-nggid043004-ngg0dyn-120x90x100-00f0w010c011r110f110r010t010.jpg\"\n                         title=\"DSC_5412 | \u00a9 eel-fotografie\"\n                         alt=\"DSC_5412 | \u00a9 eel-fotografie\"\n                         width=\"120\"\n                         height=\"90\"\n                         style=\"max-width:100%; height: auto;\"\/><\/noscript><\/a><\/div><br style='clear: both'\/><div id=\"ngg-image-16\" class=\"image-wrapper\"><a href=\"https:\/\/www.eel-fotografie.de\/wp2\/wp-content\/gallery\/post_30_05_2016_24h_Nuerburgring_2016_Teil2\/DSC_3283.jpg\"\n               title=\"&lt;font&gt;\u00a9 eel-fotografie&lt;\/font&gt;\"\n               data-src=\"https:\/\/www.eel-fotografie.de\/wp2\/wp-content\/gallery\/post_30_05_2016_24h_Nuerburgring_2016_Teil2\/DSC_3283.jpg\"\n               data-thumbnail=\"https:\/\/www.eel-fotografie.de\/wp2\/wp-content\/gallery\/post_30_05_2016_24h_Nuerburgring_2016_Teil2\/thumbs\/thumbs_DSC_3283.jpg\"\n               data-image-id=\"2987\"\n               data-title=\"DSC_3283 | \u00a9 eel-fotografie\"\n               data-description=\"&lt;font&gt;\u00a9 eel-fotografie&lt;\/font&gt;\"\n               class=\"shutterset_59ae843967853deb4697dfd7155d027e\" data-ngg-protect=\"1\"><picture><source srcset='https:\/\/www.eel-fotografie.de\/wp2\/wp-content\/gallery\/post_30_05_2016_24h_Nuerburgring_2016_Teil2\/cache\/DSC_3283.jpg-nggid042987-ngg0dyn-120x90x100-00f0w010c011r110f110r010t010.jpg' media=''><img title=\"DSC_3283 | \u00a9 eel-fotografie\" alt=\"DSC_3283 | \u00a9 eel-fotografie\" width=\"120\" height=\"90\" style=\"max-width:120px;max-height:90px\" src=\"https:\/\/www.eel-fotografie.de\/wp2\/wp-content\/gallery\/post_30_05_2016_24h_Nuerburgring_2016_Teil2\/cache\/DSC_3283.jpg-nggid042987-ngg0dyn-120x90x100-00f0w010c011r110f110r010t010.jpg\" srcset=\"https:\/\/www.eel-fotografie.de\/wp2\/wp-content\/gallery\/post_30_05_2016_24h_Nuerburgring_2016_Teil2\/cache\/DSC_3283.jpg-nggid042987-ngg0dyn-120x90x100-00f0w010c011r110f110r010t010.jpg\" onerror=\"nggRetryFailedImage(this);\"\/><\/picture>                <noscript><img src=\"https:\/\/www.eel-fotografie.de\/wp2\/wp-content\/gallery\/post_30_05_2016_24h_Nuerburgring_2016_Teil2\/cache\/DSC_3283.jpg-nggid042987-ngg0dyn-120x90x100-00f0w010c011r110f110r010t010.jpg\"\n                         title=\"DSC_3283 | \u00a9 eel-fotografie\"\n                         alt=\"DSC_3283 | \u00a9 eel-fotografie\"\n                         width=\"120\"\n                         height=\"90\"\n                         style=\"max-width:100%; height: auto;\"\/><\/noscript><\/a><\/div><div id=\"ngg-image-17\" class=\"image-wrapper\"><a href=\"https:\/\/www.eel-fotografie.de\/wp2\/wp-content\/gallery\/post_30_05_2016_24h_Nuerburgring_2016_Teil2\/DSC_4041.jpg\"\n               title=\"&lt;font&gt;\u00a9 eel-fotografie&lt;\/font&gt;\"\n               data-src=\"https:\/\/www.eel-fotografie.de\/wp2\/wp-content\/gallery\/post_30_05_2016_24h_Nuerburgring_2016_Teil2\/DSC_4041.jpg\"\n               data-thumbnail=\"https:\/\/www.eel-fotografie.de\/wp2\/wp-content\/gallery\/post_30_05_2016_24h_Nuerburgring_2016_Teil2\/thumbs\/thumbs_DSC_4041.jpg\"\n               data-image-id=\"2993\"\n               data-title=\"DSC_4041 | \u00a9 eel-fotografie\"\n               data-description=\"&lt;font&gt;\u00a9 eel-fotografie&lt;\/font&gt;\"\n               class=\"shutterset_59ae843967853deb4697dfd7155d027e\" data-ngg-protect=\"1\"><picture><source srcset='https:\/\/www.eel-fotografie.de\/wp2\/wp-content\/gallery\/post_30_05_2016_24h_Nuerburgring_2016_Teil2\/cache\/DSC_4041.jpg-nggid042993-ngg0dyn-120x90x100-00f0w010c011r110f110r010t010.jpg' media=''><img title=\"DSC_4041 | \u00a9 eel-fotografie\" alt=\"DSC_4041 | \u00a9 eel-fotografie\" width=\"120\" height=\"90\" style=\"max-width:120px;max-height:90px\" src=\"https:\/\/www.eel-fotografie.de\/wp2\/wp-content\/gallery\/post_30_05_2016_24h_Nuerburgring_2016_Teil2\/cache\/DSC_4041.jpg-nggid042993-ngg0dyn-120x90x100-00f0w010c011r110f110r010t010.jpg\" srcset=\"https:\/\/www.eel-fotografie.de\/wp2\/wp-content\/gallery\/post_30_05_2016_24h_Nuerburgring_2016_Teil2\/cache\/DSC_4041.jpg-nggid042993-ngg0dyn-120x90x100-00f0w010c011r110f110r010t010.jpg\" onerror=\"nggRetryFailedImage(this);\"\/><\/picture>                <noscript><img src=\"https:\/\/www.eel-fotografie.de\/wp2\/wp-content\/gallery\/post_30_05_2016_24h_Nuerburgring_2016_Teil2\/cache\/DSC_4041.jpg-nggid042993-ngg0dyn-120x90x100-00f0w010c011r110f110r010t010.jpg\"\n                         title=\"DSC_4041 | \u00a9 eel-fotografie\"\n                         alt=\"DSC_4041 | \u00a9 eel-fotografie\"\n                         width=\"120\"\n                         height=\"90\"\n                         style=\"max-width:100%; height: auto;\"\/><\/noscript><\/a><\/div><div id=\"ngg-image-18\" class=\"image-wrapper\"><a href=\"https:\/\/www.eel-fotografie.de\/wp2\/wp-content\/gallery\/post_30_05_2016_24h_Nuerburgring_2016_Teil2\/DSC_3286.jpg\"\n               title=\"&lt;font&gt;\u00a9 eel-fotografie&lt;\/font&gt;\"\n               data-src=\"https:\/\/www.eel-fotografie.de\/wp2\/wp-content\/gallery\/post_30_05_2016_24h_Nuerburgring_2016_Teil2\/DSC_3286.jpg\"\n               data-thumbnail=\"https:\/\/www.eel-fotografie.de\/wp2\/wp-content\/gallery\/post_30_05_2016_24h_Nuerburgring_2016_Teil2\/thumbs\/thumbs_DSC_3286.jpg\"\n               data-image-id=\"2988\"\n               data-title=\"DSC_3286 | \u00a9 eel-fotografie\"\n               data-description=\"&lt;font&gt;\u00a9 eel-fotografie&lt;\/font&gt;\"\n               class=\"shutterset_59ae843967853deb4697dfd7155d027e\" data-ngg-protect=\"1\"><picture><source srcset='https:\/\/www.eel-fotografie.de\/wp2\/wp-content\/gallery\/post_30_05_2016_24h_Nuerburgring_2016_Teil2\/cache\/DSC_3286.jpg-nggid042988-ngg0dyn-120x90x100-00f0w010c011r110f110r010t010.jpg' media=''><img title=\"DSC_3286 | \u00a9 eel-fotografie\" alt=\"DSC_3286 | \u00a9 eel-fotografie\" width=\"120\" height=\"90\" style=\"max-width:120px;max-height:90px\" src=\"https:\/\/www.eel-fotografie.de\/wp2\/wp-content\/gallery\/post_30_05_2016_24h_Nuerburgring_2016_Teil2\/cache\/DSC_3286.jpg-nggid042988-ngg0dyn-120x90x100-00f0w010c011r110f110r010t010.jpg\" srcset=\"https:\/\/www.eel-fotografie.de\/wp2\/wp-content\/gallery\/post_30_05_2016_24h_Nuerburgring_2016_Teil2\/cache\/DSC_3286.jpg-nggid042988-ngg0dyn-120x90x100-00f0w010c011r110f110r010t010.jpg\" onerror=\"nggRetryFailedImage(this);\"\/><\/picture>                <noscript><img src=\"https:\/\/www.eel-fotografie.de\/wp2\/wp-content\/gallery\/post_30_05_2016_24h_Nuerburgring_2016_Teil2\/cache\/DSC_3286.jpg-nggid042988-ngg0dyn-120x90x100-00f0w010c011r110f110r010t010.jpg\"\n                         title=\"DSC_3286 | \u00a9 eel-fotografie\"\n                         alt=\"DSC_3286 | \u00a9 eel-fotografie\"\n                         width=\"120\"\n                         height=\"90\"\n                         style=\"max-width:100%; height: auto;\"\/><\/noscript><\/a><\/div><div id=\"ngg-image-19\" class=\"image-wrapper\"><a href=\"https:\/\/www.eel-fotografie.de\/wp2\/wp-content\/gallery\/post_30_05_2016_24h_Nuerburgring_2016_Teil2\/DSC_4590.jpg\"\n               title=\"&lt;font&gt;\u00a9 eel-fotografie&lt;\/font&gt;\"\n               data-src=\"https:\/\/www.eel-fotografie.de\/wp2\/wp-content\/gallery\/post_30_05_2016_24h_Nuerburgring_2016_Teil2\/DSC_4590.jpg\"\n               data-thumbnail=\"https:\/\/www.eel-fotografie.de\/wp2\/wp-content\/gallery\/post_30_05_2016_24h_Nuerburgring_2016_Teil2\/thumbs\/thumbs_DSC_4590.jpg\"\n               data-image-id=\"2997\"\n               data-title=\"DSC_4590 | \u00a9 eel-fotografie\"\n               data-description=\"&lt;font&gt;\u00a9 eel-fotografie&lt;\/font&gt;\"\n               class=\"shutterset_59ae843967853deb4697dfd7155d027e\" data-ngg-protect=\"1\"><picture><source srcset='https:\/\/www.eel-fotografie.de\/wp2\/wp-content\/gallery\/post_30_05_2016_24h_Nuerburgring_2016_Teil2\/cache\/DSC_4590.jpg-nggid042997-ngg0dyn-120x90x100-00f0w010c011r110f110r010t010.jpg' media=''><img title=\"DSC_4590 | \u00a9 eel-fotografie\" alt=\"DSC_4590 | \u00a9 eel-fotografie\" width=\"120\" height=\"90\" style=\"max-width:120px;max-height:90px\" src=\"https:\/\/www.eel-fotografie.de\/wp2\/wp-content\/gallery\/post_30_05_2016_24h_Nuerburgring_2016_Teil2\/cache\/DSC_4590.jpg-nggid042997-ngg0dyn-120x90x100-00f0w010c011r110f110r010t010.jpg\" srcset=\"https:\/\/www.eel-fotografie.de\/wp2\/wp-content\/gallery\/post_30_05_2016_24h_Nuerburgring_2016_Teil2\/cache\/DSC_4590.jpg-nggid042997-ngg0dyn-120x90x100-00f0w010c011r110f110r010t010.jpg\" onerror=\"nggRetryFailedImage(this);\"\/><\/picture>                <noscript><img src=\"https:\/\/www.eel-fotografie.de\/wp2\/wp-content\/gallery\/post_30_05_2016_24h_Nuerburgring_2016_Teil2\/cache\/DSC_4590.jpg-nggid042997-ngg0dyn-120x90x100-00f0w010c011r110f110r010t010.jpg\"\n                         title=\"DSC_4590 | \u00a9 eel-fotografie\"\n                         alt=\"DSC_4590 | \u00a9 eel-fotografie\"\n                         width=\"120\"\n                         height=\"90\"\n                         style=\"max-width:100%; height: auto;\"\/><\/noscript><\/a><\/div><br style='clear: both'\/><div id=\"ngg-image-20\" class=\"image-wrapper\"><a href=\"https:\/\/www.eel-fotografie.de\/wp2\/wp-content\/gallery\/post_30_05_2016_24h_Nuerburgring_2016_Teil2\/DSC_4053.jpg\"\n               title=\"&lt;font&gt;\u00a9 eel-fotografie&lt;\/font&gt;\"\n               data-src=\"https:\/\/www.eel-fotografie.de\/wp2\/wp-content\/gallery\/post_30_05_2016_24h_Nuerburgring_2016_Teil2\/DSC_4053.jpg\"\n               data-thumbnail=\"https:\/\/www.eel-fotografie.de\/wp2\/wp-content\/gallery\/post_30_05_2016_24h_Nuerburgring_2016_Teil2\/thumbs\/thumbs_DSC_4053.jpg\"\n               data-image-id=\"2994\"\n               data-title=\"DSC_4053 | \u00a9 eel-fotografie\"\n               data-description=\"&lt;font&gt;\u00a9 eel-fotografie&lt;\/font&gt;\"\n               class=\"shutterset_59ae843967853deb4697dfd7155d027e\" data-ngg-protect=\"1\"><picture><source srcset='https:\/\/www.eel-fotografie.de\/wp2\/wp-content\/gallery\/post_30_05_2016_24h_Nuerburgring_2016_Teil2\/cache\/DSC_4053.jpg-nggid042994-ngg0dyn-120x90x100-00f0w010c011r110f110r010t010.jpg' media=''><img title=\"DSC_4053 | \u00a9 eel-fotografie\" alt=\"DSC_4053 | \u00a9 eel-fotografie\" width=\"120\" height=\"90\" style=\"max-width:120px;max-height:90px\" src=\"https:\/\/www.eel-fotografie.de\/wp2\/wp-content\/gallery\/post_30_05_2016_24h_Nuerburgring_2016_Teil2\/cache\/DSC_4053.jpg-nggid042994-ngg0dyn-120x90x100-00f0w010c011r110f110r010t010.jpg\" srcset=\"https:\/\/www.eel-fotografie.de\/wp2\/wp-content\/gallery\/post_30_05_2016_24h_Nuerburgring_2016_Teil2\/cache\/DSC_4053.jpg-nggid042994-ngg0dyn-120x90x100-00f0w010c011r110f110r010t010.jpg\" onerror=\"nggRetryFailedImage(this);\"\/><\/picture>                <noscript><img src=\"https:\/\/www.eel-fotografie.de\/wp2\/wp-content\/gallery\/post_30_05_2016_24h_Nuerburgring_2016_Teil2\/cache\/DSC_4053.jpg-nggid042994-ngg0dyn-120x90x100-00f0w010c011r110f110r010t010.jpg\"\n                         title=\"DSC_4053 | \u00a9 eel-fotografie\"\n                         alt=\"DSC_4053 | \u00a9 eel-fotografie\"\n                         width=\"120\"\n                         height=\"90\"\n                         style=\"max-width:100%; height: auto;\"\/><\/noscript><\/a><\/div><div id=\"ngg-image-21\" class=\"image-wrapper\"><a href=\"https:\/\/www.eel-fotografie.de\/wp2\/wp-content\/gallery\/post_30_05_2016_24h_Nuerburgring_2016_Teil2\/DSC_4313.jpg\"\n               title=\"&lt;font&gt;\u00a9 eel-fotografie&lt;\/font&gt;\"\n               data-src=\"https:\/\/www.eel-fotografie.de\/wp2\/wp-content\/gallery\/post_30_05_2016_24h_Nuerburgring_2016_Teil2\/DSC_4313.jpg\"\n               data-thumbnail=\"https:\/\/www.eel-fotografie.de\/wp2\/wp-content\/gallery\/post_30_05_2016_24h_Nuerburgring_2016_Teil2\/thumbs\/thumbs_DSC_4313.jpg\"\n               data-image-id=\"2996\"\n               data-title=\"DSC_4313 | \u00a9 eel-fotografie\"\n               data-description=\"&lt;font&gt;\u00a9 eel-fotografie&lt;\/font&gt;\"\n               class=\"shutterset_59ae843967853deb4697dfd7155d027e\" data-ngg-protect=\"1\"><picture><source srcset='https:\/\/www.eel-fotografie.de\/wp2\/wp-content\/gallery\/post_30_05_2016_24h_Nuerburgring_2016_Teil2\/cache\/DSC_4313.jpg-nggid042996-ngg0dyn-120x90x100-00f0w010c011r110f110r010t010.jpg' media=''><img title=\"DSC_4313 | \u00a9 eel-fotografie\" alt=\"DSC_4313 | \u00a9 eel-fotografie\" width=\"120\" height=\"90\" style=\"max-width:120px;max-height:90px\" src=\"https:\/\/www.eel-fotografie.de\/wp2\/wp-content\/gallery\/post_30_05_2016_24h_Nuerburgring_2016_Teil2\/cache\/DSC_4313.jpg-nggid042996-ngg0dyn-120x90x100-00f0w010c011r110f110r010t010.jpg\" srcset=\"https:\/\/www.eel-fotografie.de\/wp2\/wp-content\/gallery\/post_30_05_2016_24h_Nuerburgring_2016_Teil2\/cache\/DSC_4313.jpg-nggid042996-ngg0dyn-120x90x100-00f0w010c011r110f110r010t010.jpg\" onerror=\"nggRetryFailedImage(this);\"\/><\/picture>                <noscript><img src=\"https:\/\/www.eel-fotografie.de\/wp2\/wp-content\/gallery\/post_30_05_2016_24h_Nuerburgring_2016_Teil2\/cache\/DSC_4313.jpg-nggid042996-ngg0dyn-120x90x100-00f0w010c011r110f110r010t010.jpg\"\n                         title=\"DSC_4313 | \u00a9 eel-fotografie\"\n                         alt=\"DSC_4313 | \u00a9 eel-fotografie\"\n                         width=\"120\"\n                         height=\"90\"\n                         style=\"max-width:100%; height: auto;\"\/><\/noscript><\/a><\/div><div id=\"ngg-image-22\" class=\"image-wrapper\"><a href=\"https:\/\/www.eel-fotografie.de\/wp2\/wp-content\/gallery\/post_30_05_2016_24h_Nuerburgring_2016_Teil2\/DSC_3707.jpg\"\n               title=\"&lt;font&gt;\u00a9 eel-fotografie&lt;\/font&gt;\"\n               data-src=\"https:\/\/www.eel-fotografie.de\/wp2\/wp-content\/gallery\/post_30_05_2016_24h_Nuerburgring_2016_Teil2\/DSC_3707.jpg\"\n               data-thumbnail=\"https:\/\/www.eel-fotografie.de\/wp2\/wp-content\/gallery\/post_30_05_2016_24h_Nuerburgring_2016_Teil2\/thumbs\/thumbs_DSC_3707.jpg\"\n               data-image-id=\"2990\"\n               data-title=\"DSC_3707 | \u00a9 eel-fotografie\"\n               data-description=\"&lt;font&gt;\u00a9 eel-fotografie&lt;\/font&gt;\"\n               class=\"shutterset_59ae843967853deb4697dfd7155d027e\" data-ngg-protect=\"1\"><picture><source srcset='https:\/\/www.eel-fotografie.de\/wp2\/wp-content\/gallery\/post_30_05_2016_24h_Nuerburgring_2016_Teil2\/cache\/DSC_3707.jpg-nggid042990-ngg0dyn-120x90x100-00f0w010c011r110f110r010t010.jpg' media=''><img title=\"DSC_3707 | \u00a9 eel-fotografie\" alt=\"DSC_3707 | \u00a9 eel-fotografie\" width=\"120\" height=\"90\" style=\"max-width:120px;max-height:90px\" src=\"https:\/\/www.eel-fotografie.de\/wp2\/wp-content\/gallery\/post_30_05_2016_24h_Nuerburgring_2016_Teil2\/cache\/DSC_3707.jpg-nggid042990-ngg0dyn-120x90x100-00f0w010c011r110f110r010t010.jpg\" srcset=\"https:\/\/www.eel-fotografie.de\/wp2\/wp-content\/gallery\/post_30_05_2016_24h_Nuerburgring_2016_Teil2\/cache\/DSC_3707.jpg-nggid042990-ngg0dyn-120x90x100-00f0w010c011r110f110r010t010.jpg\" onerror=\"nggRetryFailedImage(this);\"\/><\/picture>                <noscript><img src=\"https:\/\/www.eel-fotografie.de\/wp2\/wp-content\/gallery\/post_30_05_2016_24h_Nuerburgring_2016_Teil2\/cache\/DSC_3707.jpg-nggid042990-ngg0dyn-120x90x100-00f0w010c011r110f110r010t010.jpg\"\n                         title=\"DSC_3707 | \u00a9 eel-fotografie\"\n                         alt=\"DSC_3707 | \u00a9 eel-fotografie\"\n                         width=\"120\"\n                         height=\"90\"\n                         style=\"max-width:100%; height: auto;\"\/><\/noscript><\/a><\/div><div id=\"ngg-image-23\" class=\"image-wrapper\"><a href=\"https:\/\/www.eel-fotografie.de\/wp2\/wp-content\/gallery\/post_30_05_2016_24h_Nuerburgring_2016_Teil2\/DSC_4299.jpg\"\n               title=\"&lt;font&gt;\u00a9 eel-fotografie&lt;\/font&gt;\"\n               data-src=\"https:\/\/www.eel-fotografie.de\/wp2\/wp-content\/gallery\/post_30_05_2016_24h_Nuerburgring_2016_Teil2\/DSC_4299.jpg\"\n               data-thumbnail=\"https:\/\/www.eel-fotografie.de\/wp2\/wp-content\/gallery\/post_30_05_2016_24h_Nuerburgring_2016_Teil2\/thumbs\/thumbs_DSC_4299.jpg\"\n               data-image-id=\"2995\"\n               data-title=\"DSC_4299 | \u00a9 eel-fotografie\"\n               data-description=\"&lt;font&gt;\u00a9 eel-fotografie&lt;\/font&gt;\"\n               class=\"shutterset_59ae843967853deb4697dfd7155d027e\" data-ngg-protect=\"1\"><picture><source srcset='https:\/\/www.eel-fotografie.de\/wp2\/wp-content\/gallery\/post_30_05_2016_24h_Nuerburgring_2016_Teil2\/cache\/DSC_4299.jpg-nggid042995-ngg0dyn-120x90x100-00f0w010c011r110f110r010t010.jpg' media=''><img title=\"DSC_4299 | \u00a9 eel-fotografie\" alt=\"DSC_4299 | \u00a9 eel-fotografie\" width=\"120\" height=\"90\" style=\"max-width:120px;max-height:90px\" src=\"https:\/\/www.eel-fotografie.de\/wp2\/wp-content\/gallery\/post_30_05_2016_24h_Nuerburgring_2016_Teil2\/cache\/DSC_4299.jpg-nggid042995-ngg0dyn-120x90x100-00f0w010c011r110f110r010t010.jpg\" srcset=\"https:\/\/www.eel-fotografie.de\/wp2\/wp-content\/gallery\/post_30_05_2016_24h_Nuerburgring_2016_Teil2\/cache\/DSC_4299.jpg-nggid042995-ngg0dyn-120x90x100-00f0w010c011r110f110r010t010.jpg\" onerror=\"nggRetryFailedImage(this);\"\/><\/picture>                <noscript><img src=\"https:\/\/www.eel-fotografie.de\/wp2\/wp-content\/gallery\/post_30_05_2016_24h_Nuerburgring_2016_Teil2\/cache\/DSC_4299.jpg-nggid042995-ngg0dyn-120x90x100-00f0w010c011r110f110r010t010.jpg\"\n                         title=\"DSC_4299 | \u00a9 eel-fotografie\"\n                         alt=\"DSC_4299 | \u00a9 eel-fotografie\"\n                         width=\"120\"\n                         height=\"90\"\n                         style=\"max-width:100%; height: auto;\"\/><\/noscript><\/a><\/div><br style='clear: both'\/><div id=\"ngg-image-24\" class=\"image-wrapper\"><a href=\"https:\/\/www.eel-fotografie.de\/wp2\/wp-content\/gallery\/post_30_05_2016_24h_Nuerburgring_2016_Teil2\/DSC_3148.jpg\"\n               title=\"&lt;font&gt;\u00a9 eel-fotografie&lt;\/font&gt;\"\n               data-src=\"https:\/\/www.eel-fotografie.de\/wp2\/wp-content\/gallery\/post_30_05_2016_24h_Nuerburgring_2016_Teil2\/DSC_3148.jpg\"\n               data-thumbnail=\"https:\/\/www.eel-fotografie.de\/wp2\/wp-content\/gallery\/post_30_05_2016_24h_Nuerburgring_2016_Teil2\/thumbs\/thumbs_DSC_3148.jpg\"\n               data-image-id=\"2983\"\n               data-title=\"DSC_3148 | \u00a9 eel-fotografie\"\n               data-description=\"&lt;font&gt;\u00a9 eel-fotografie&lt;\/font&gt;\"\n               class=\"shutterset_59ae843967853deb4697dfd7155d027e\" data-ngg-protect=\"1\"><picture><source srcset='https:\/\/www.eel-fotografie.de\/wp2\/wp-content\/gallery\/post_30_05_2016_24h_Nuerburgring_2016_Teil2\/cache\/DSC_3148.jpg-nggid042983-ngg0dyn-120x90x100-00f0w010c011r110f110r010t010.jpg' media=''><img title=\"DSC_3148 | \u00a9 eel-fotografie\" alt=\"DSC_3148 | \u00a9 eel-fotografie\" width=\"120\" height=\"90\" style=\"max-width:120px;max-height:90px\" src=\"https:\/\/www.eel-fotografie.de\/wp2\/wp-content\/gallery\/post_30_05_2016_24h_Nuerburgring_2016_Teil2\/cache\/DSC_3148.jpg-nggid042983-ngg0dyn-120x90x100-00f0w010c011r110f110r010t010.jpg\" srcset=\"https:\/\/www.eel-fotografie.de\/wp2\/wp-content\/gallery\/post_30_05_2016_24h_Nuerburgring_2016_Teil2\/cache\/DSC_3148.jpg-nggid042983-ngg0dyn-120x90x100-00f0w010c011r110f110r010t010.jpg\" onerror=\"nggRetryFailedImage(this);\"\/><\/picture>                <noscript><img src=\"https:\/\/www.eel-fotografie.de\/wp2\/wp-content\/gallery\/post_30_05_2016_24h_Nuerburgring_2016_Teil2\/cache\/DSC_3148.jpg-nggid042983-ngg0dyn-120x90x100-00f0w010c011r110f110r010t010.jpg\"\n                         title=\"DSC_3148 | \u00a9 eel-fotografie\"\n                         alt=\"DSC_3148 | \u00a9 eel-fotografie\"\n                         width=\"120\"\n                         height=\"90\"\n                         style=\"max-width:100%; height: auto;\"\/><\/noscript><\/a><\/div><div id=\"ngg-image-25\" class=\"image-wrapper\"><a href=\"https:\/\/www.eel-fotografie.de\/wp2\/wp-content\/gallery\/post_30_05_2016_24h_Nuerburgring_2016_Teil2\/DSC_5268.jpg\"\n               title=\"&lt;font&gt;\u00a9 eel-fotografie&lt;\/font&gt;\"\n               data-src=\"https:\/\/www.eel-fotografie.de\/wp2\/wp-content\/gallery\/post_30_05_2016_24h_Nuerburgring_2016_Teil2\/DSC_5268.jpg\"\n               data-thumbnail=\"https:\/\/www.eel-fotografie.de\/wp2\/wp-content\/gallery\/post_30_05_2016_24h_Nuerburgring_2016_Teil2\/thumbs\/thumbs_DSC_5268.jpg\"\n               data-image-id=\"3002\"\n               data-title=\"DSC_5268 | \u00a9 eel-fotografie\"\n               data-description=\"&lt;font&gt;\u00a9 eel-fotografie&lt;\/font&gt;\"\n               class=\"shutterset_59ae843967853deb4697dfd7155d027e\" data-ngg-protect=\"1\"><picture><source srcset='https:\/\/www.eel-fotografie.de\/wp2\/wp-content\/gallery\/post_30_05_2016_24h_Nuerburgring_2016_Teil2\/cache\/DSC_5268.jpg-nggid043002-ngg0dyn-120x90x100-00f0w010c011r110f110r010t010.jpg' media=''><img title=\"DSC_5268 | \u00a9 eel-fotografie\" alt=\"DSC_5268 | \u00a9 eel-fotografie\" width=\"120\" height=\"90\" style=\"max-width:120px;max-height:90px\" src=\"https:\/\/www.eel-fotografie.de\/wp2\/wp-content\/gallery\/post_30_05_2016_24h_Nuerburgring_2016_Teil2\/cache\/DSC_5268.jpg-nggid043002-ngg0dyn-120x90x100-00f0w010c011r110f110r010t010.jpg\" srcset=\"https:\/\/www.eel-fotografie.de\/wp2\/wp-content\/gallery\/post_30_05_2016_24h_Nuerburgring_2016_Teil2\/cache\/DSC_5268.jpg-nggid043002-ngg0dyn-120x90x100-00f0w010c011r110f110r010t010.jpg\" onerror=\"nggRetryFailedImage(this);\"\/><\/picture>                <noscript><img src=\"https:\/\/www.eel-fotografie.de\/wp2\/wp-content\/gallery\/post_30_05_2016_24h_Nuerburgring_2016_Teil2\/cache\/DSC_5268.jpg-nggid043002-ngg0dyn-120x90x100-00f0w010c011r110f110r010t010.jpg\"\n                         title=\"DSC_5268 | \u00a9 eel-fotografie\"\n                         alt=\"DSC_5268 | \u00a9 eel-fotografie\"\n                         width=\"120\"\n                         height=\"90\"\n                         style=\"max-width:100%; height: auto;\"\/><\/noscript><\/a><\/div><div id=\"ngg-image-26\" class=\"image-wrapper\"><a href=\"https:\/\/www.eel-fotografie.de\/wp2\/wp-content\/gallery\/post_30_05_2016_24h_Nuerburgring_2016_Teil2\/DSC_5588.jpg\"\n               title=\"&lt;font&gt;\u00a9 eel-fotografie&lt;\/font&gt;\"\n               data-src=\"https:\/\/www.eel-fotografie.de\/wp2\/wp-content\/gallery\/post_30_05_2016_24h_Nuerburgring_2016_Teil2\/DSC_5588.jpg\"\n               data-thumbnail=\"https:\/\/www.eel-fotografie.de\/wp2\/wp-content\/gallery\/post_30_05_2016_24h_Nuerburgring_2016_Teil2\/thumbs\/thumbs_DSC_5588.jpg\"\n               data-image-id=\"3006\"\n               data-title=\"DSC_5588 | \u00a9 eel-fotografie\"\n               data-description=\"&lt;font&gt;\u00a9 eel-fotografie&lt;\/font&gt;\"\n               class=\"shutterset_59ae843967853deb4697dfd7155d027e\" data-ngg-protect=\"1\"><picture><source srcset='https:\/\/www.eel-fotografie.de\/wp2\/wp-content\/gallery\/post_30_05_2016_24h_Nuerburgring_2016_Teil2\/cache\/DSC_5588.jpg-nggid043006-ngg0dyn-120x90x100-00f0w010c011r110f110r010t010.jpg' media=''><img title=\"DSC_5588 | \u00a9 eel-fotografie\" alt=\"DSC_5588 | \u00a9 eel-fotografie\" width=\"120\" height=\"90\" style=\"max-width:120px;max-height:90px\" src=\"https:\/\/www.eel-fotografie.de\/wp2\/wp-content\/gallery\/post_30_05_2016_24h_Nuerburgring_2016_Teil2\/cache\/DSC_5588.jpg-nggid043006-ngg0dyn-120x90x100-00f0w010c011r110f110r010t010.jpg\" srcset=\"https:\/\/www.eel-fotografie.de\/wp2\/wp-content\/gallery\/post_30_05_2016_24h_Nuerburgring_2016_Teil2\/cache\/DSC_5588.jpg-nggid043006-ngg0dyn-120x90x100-00f0w010c011r110f110r010t010.jpg\" onerror=\"nggRetryFailedImage(this);\"\/><\/picture>                <noscript><img src=\"https:\/\/www.eel-fotografie.de\/wp2\/wp-content\/gallery\/post_30_05_2016_24h_Nuerburgring_2016_Teil2\/cache\/DSC_5588.jpg-nggid043006-ngg0dyn-120x90x100-00f0w010c011r110f110r010t010.jpg\"\n                         title=\"DSC_5588 | \u00a9 eel-fotografie\"\n                         alt=\"DSC_5588 | \u00a9 eel-fotografie\"\n                         width=\"120\"\n                         height=\"90\"\n                         style=\"max-width:100%; height: auto;\"\/><\/noscript><\/a><\/div><div id=\"ngg-image-27\" class=\"image-wrapper\"><a href=\"https:\/\/www.eel-fotografie.de\/wp2\/wp-content\/gallery\/post_30_05_2016_24h_Nuerburgring_2016_Teil2\/DSC_5595.jpg\"\n               title=\"&lt;font&gt;\u00a9 eel-fotografie&lt;\/font&gt;\"\n               data-src=\"https:\/\/www.eel-fotografie.de\/wp2\/wp-content\/gallery\/post_30_05_2016_24h_Nuerburgring_2016_Teil2\/DSC_5595.jpg\"\n               data-thumbnail=\"https:\/\/www.eel-fotografie.de\/wp2\/wp-content\/gallery\/post_30_05_2016_24h_Nuerburgring_2016_Teil2\/thumbs\/thumbs_DSC_5595.jpg\"\n               data-image-id=\"3007\"\n               data-title=\"DSC_5595 | \u00a9 eel-fotografie\"\n               data-description=\"&lt;font&gt;\u00a9 eel-fotografie&lt;\/font&gt;\"\n               class=\"shutterset_59ae843967853deb4697dfd7155d027e\" data-ngg-protect=\"1\"><picture><source srcset='https:\/\/www.eel-fotografie.de\/wp2\/wp-content\/gallery\/post_30_05_2016_24h_Nuerburgring_2016_Teil2\/cache\/DSC_5595.jpg-nggid043007-ngg0dyn-120x90x100-00f0w010c011r110f110r010t010.jpg' media=''><img title=\"DSC_5595 | \u00a9 eel-fotografie\" alt=\"DSC_5595 | \u00a9 eel-fotografie\" width=\"120\" height=\"90\" style=\"max-width:120px;max-height:90px\" src=\"https:\/\/www.eel-fotografie.de\/wp2\/wp-content\/gallery\/post_30_05_2016_24h_Nuerburgring_2016_Teil2\/cache\/DSC_5595.jpg-nggid043007-ngg0dyn-120x90x100-00f0w010c011r110f110r010t010.jpg\" srcset=\"https:\/\/www.eel-fotografie.de\/wp2\/wp-content\/gallery\/post_30_05_2016_24h_Nuerburgring_2016_Teil2\/cache\/DSC_5595.jpg-nggid043007-ngg0dyn-120x90x100-00f0w010c011r110f110r010t010.jpg\" onerror=\"nggRetryFailedImage(this);\"\/><\/picture>                <noscript><img src=\"https:\/\/www.eel-fotografie.de\/wp2\/wp-content\/gallery\/post_30_05_2016_24h_Nuerburgring_2016_Teil2\/cache\/DSC_5595.jpg-nggid043007-ngg0dyn-120x90x100-00f0w010c011r110f110r010t010.jpg\"\n                         title=\"DSC_5595 | \u00a9 eel-fotografie\"\n                         alt=\"DSC_5595 | \u00a9 eel-fotografie\"\n                         width=\"120\"\n                         height=\"90\"\n                         style=\"max-width:100%; height: auto;\"\/><\/noscript><\/a><\/div><br style='clear: both'\/><div id=\"ngg-image-28\" class=\"image-wrapper\"><a href=\"https:\/\/www.eel-fotografie.de\/wp2\/wp-content\/gallery\/post_30_05_2016_24h_Nuerburgring_2016_Teil2\/DSC_5597.jpg\"\n               title=\"&lt;font&gt;\u00a9 eel-fotografie&lt;\/font&gt;\"\n               data-src=\"https:\/\/www.eel-fotografie.de\/wp2\/wp-content\/gallery\/post_30_05_2016_24h_Nuerburgring_2016_Teil2\/DSC_5597.jpg\"\n               data-thumbnail=\"https:\/\/www.eel-fotografie.de\/wp2\/wp-content\/gallery\/post_30_05_2016_24h_Nuerburgring_2016_Teil2\/thumbs\/thumbs_DSC_5597.jpg\"\n               data-image-id=\"3008\"\n               data-title=\"DSC_5597 | \u00a9 eel-fotografie\"\n               data-description=\"&lt;font&gt;\u00a9 eel-fotografie&lt;\/font&gt;\"\n               class=\"shutterset_59ae843967853deb4697dfd7155d027e\" data-ngg-protect=\"1\"><picture><source srcset='https:\/\/www.eel-fotografie.de\/wp2\/wp-content\/gallery\/post_30_05_2016_24h_Nuerburgring_2016_Teil2\/cache\/DSC_5597.jpg-nggid043008-ngg0dyn-120x90x100-00f0w010c011r110f110r010t010.jpg' media=''><img title=\"DSC_5597 | \u00a9 eel-fotografie\" alt=\"DSC_5597 | \u00a9 eel-fotografie\" width=\"120\" height=\"90\" style=\"max-width:120px;max-height:90px\" src=\"https:\/\/www.eel-fotografie.de\/wp2\/wp-content\/gallery\/post_30_05_2016_24h_Nuerburgring_2016_Teil2\/cache\/DSC_5597.jpg-nggid043008-ngg0dyn-120x90x100-00f0w010c011r110f110r010t010.jpg\" srcset=\"https:\/\/www.eel-fotografie.de\/wp2\/wp-content\/gallery\/post_30_05_2016_24h_Nuerburgring_2016_Teil2\/cache\/DSC_5597.jpg-nggid043008-ngg0dyn-120x90x100-00f0w010c011r110f110r010t010.jpg\" onerror=\"nggRetryFailedImage(this);\"\/><\/picture>                <noscript><img src=\"https:\/\/www.eel-fotografie.de\/wp2\/wp-content\/gallery\/post_30_05_2016_24h_Nuerburgring_2016_Teil2\/cache\/DSC_5597.jpg-nggid043008-ngg0dyn-120x90x100-00f0w010c011r110f110r010t010.jpg\"\n                         title=\"DSC_5597 | \u00a9 eel-fotografie\"\n                         alt=\"DSC_5597 | \u00a9 eel-fotografie\"\n                         width=\"120\"\n                         height=\"90\"\n                         style=\"max-width:100%; height: auto;\"\/><\/noscript><\/a><\/div><div id=\"ngg-image-29\" class=\"image-wrapper\"><a href=\"https:\/\/www.eel-fotografie.de\/wp2\/wp-content\/gallery\/post_30_05_2016_24h_Nuerburgring_2016_Teil2\/DSC_5624.jpg\"\n               title=\"&lt;font&gt;\u00a9 eel-fotografie&lt;\/font&gt;\"\n               data-src=\"https:\/\/www.eel-fotografie.de\/wp2\/wp-content\/gallery\/post_30_05_2016_24h_Nuerburgring_2016_Teil2\/DSC_5624.jpg\"\n               data-thumbnail=\"https:\/\/www.eel-fotografie.de\/wp2\/wp-content\/gallery\/post_30_05_2016_24h_Nuerburgring_2016_Teil2\/thumbs\/thumbs_DSC_5624.jpg\"\n               data-image-id=\"3009\"\n               data-title=\"DSC_5624 | \u00a9 eel-fotografie\"\n               data-description=\"&lt;font&gt;\u00a9 eel-fotografie&lt;\/font&gt;\"\n               class=\"shutterset_59ae843967853deb4697dfd7155d027e\" data-ngg-protect=\"1\"><picture><source srcset='https:\/\/www.eel-fotografie.de\/wp2\/wp-content\/gallery\/post_30_05_2016_24h_Nuerburgring_2016_Teil2\/cache\/DSC_5624.jpg-nggid043009-ngg0dyn-120x90x100-00f0w010c011r110f110r010t010.jpg' media=''><img title=\"DSC_5624 | \u00a9 eel-fotografie\" alt=\"DSC_5624 | \u00a9 eel-fotografie\" width=\"120\" height=\"90\" style=\"max-width:120px;max-height:90px\" src=\"https:\/\/www.eel-fotografie.de\/wp2\/wp-content\/gallery\/post_30_05_2016_24h_Nuerburgring_2016_Teil2\/cache\/DSC_5624.jpg-nggid043009-ngg0dyn-120x90x100-00f0w010c011r110f110r010t010.jpg\" srcset=\"https:\/\/www.eel-fotografie.de\/wp2\/wp-content\/gallery\/post_30_05_2016_24h_Nuerburgring_2016_Teil2\/cache\/DSC_5624.jpg-nggid043009-ngg0dyn-120x90x100-00f0w010c011r110f110r010t010.jpg\" onerror=\"nggRetryFailedImage(this);\"\/><\/picture>                <noscript><img src=\"https:\/\/www.eel-fotografie.de\/wp2\/wp-content\/gallery\/post_30_05_2016_24h_Nuerburgring_2016_Teil2\/cache\/DSC_5624.jpg-nggid043009-ngg0dyn-120x90x100-00f0w010c011r110f110r010t010.jpg\"\n                         title=\"DSC_5624 | \u00a9 eel-fotografie\"\n                         alt=\"DSC_5624 | \u00a9 eel-fotografie\"\n                         width=\"120\"\n                         height=\"90\"\n                         style=\"max-width:100%; height: auto;\"\/><\/noscript><\/a><\/div><div id=\"ngg-image-30\" class=\"image-wrapper\"><a href=\"https:\/\/www.eel-fotografie.de\/wp2\/wp-content\/gallery\/post_30_05_2016_24h_Nuerburgring_2016_Teil2\/DSC_5054.jpg\"\n               title=\"&lt;font&gt;\u00a9 eel-fotografie&lt;\/font&gt;\"\n               data-src=\"https:\/\/www.eel-fotografie.de\/wp2\/wp-content\/gallery\/post_30_05_2016_24h_Nuerburgring_2016_Teil2\/DSC_5054.jpg\"\n               data-thumbnail=\"https:\/\/www.eel-fotografie.de\/wp2\/wp-content\/gallery\/post_30_05_2016_24h_Nuerburgring_2016_Teil2\/thumbs\/thumbs_DSC_5054.jpg\"\n               data-image-id=\"3001\"\n               data-title=\"DSC_5054 | \u00a9 eel-fotografie\"\n               data-description=\"&lt;font&gt;\u00a9 eel-fotografie&lt;\/font&gt;\"\n               class=\"shutterset_59ae843967853deb4697dfd7155d027e\" data-ngg-protect=\"1\"><picture><source srcset='https:\/\/www.eel-fotografie.de\/wp2\/wp-content\/gallery\/post_30_05_2016_24h_Nuerburgring_2016_Teil2\/cache\/DSC_5054.jpg-nggid043001-ngg0dyn-120x90x100-00f0w010c011r110f110r010t010.jpg' media=''><img title=\"DSC_5054 | \u00a9 eel-fotografie\" alt=\"DSC_5054 | \u00a9 eel-fotografie\" width=\"120\" height=\"90\" style=\"max-width:120px;max-height:90px\" src=\"https:\/\/www.eel-fotografie.de\/wp2\/wp-content\/gallery\/post_30_05_2016_24h_Nuerburgring_2016_Teil2\/cache\/DSC_5054.jpg-nggid043001-ngg0dyn-120x90x100-00f0w010c011r110f110r010t010.jpg\" srcset=\"https:\/\/www.eel-fotografie.de\/wp2\/wp-content\/gallery\/post_30_05_2016_24h_Nuerburgring_2016_Teil2\/cache\/DSC_5054.jpg-nggid043001-ngg0dyn-120x90x100-00f0w010c011r110f110r010t010.jpg\" onerror=\"nggRetryFailedImage(this);\"\/><\/picture>                <noscript><img src=\"https:\/\/www.eel-fotografie.de\/wp2\/wp-content\/gallery\/post_30_05_2016_24h_Nuerburgring_2016_Teil2\/cache\/DSC_5054.jpg-nggid043001-ngg0dyn-120x90x100-00f0w010c011r110f110r010t010.jpg\"\n                         title=\"DSC_5054 | \u00a9 eel-fotografie\"\n                         alt=\"DSC_5054 | \u00a9 eel-fotografie\"\n                         width=\"120\"\n                         height=\"90\"\n                         style=\"max-width:100%; height: auto;\"\/><\/noscript><\/a><\/div><div id=\"ngg-image-31\" class=\"image-wrapper\"><a href=\"https:\/\/www.eel-fotografie.de\/wp2\/wp-content\/gallery\/post_30_05_2016_24h_Nuerburgring_2016_Teil2\/DSC_5714.jpg\"\n               title=\"&lt;font&gt;\u00a9 eel-fotografie&lt;\/font&gt;\"\n               data-src=\"https:\/\/www.eel-fotografie.de\/wp2\/wp-content\/gallery\/post_30_05_2016_24h_Nuerburgring_2016_Teil2\/DSC_5714.jpg\"\n               data-thumbnail=\"https:\/\/www.eel-fotografie.de\/wp2\/wp-content\/gallery\/post_30_05_2016_24h_Nuerburgring_2016_Teil2\/thumbs\/thumbs_DSC_5714.jpg\"\n               data-image-id=\"3010\"\n               data-title=\"DSC_5714 | \u00a9 eel-fotografie\"\n               data-description=\"&lt;font&gt;\u00a9 eel-fotografie&lt;\/font&gt;\"\n               class=\"shutterset_59ae843967853deb4697dfd7155d027e\" data-ngg-protect=\"1\"><picture><source srcset='https:\/\/www.eel-fotografie.de\/wp2\/wp-content\/gallery\/post_30_05_2016_24h_Nuerburgring_2016_Teil2\/cache\/DSC_5714.jpg-nggid043010-ngg0dyn-120x90x100-00f0w010c011r110f110r010t010.jpg' media=''><img title=\"DSC_5714 | \u00a9 eel-fotografie\" alt=\"DSC_5714 | \u00a9 eel-fotografie\" width=\"120\" height=\"90\" style=\"max-width:120px;max-height:90px\" src=\"https:\/\/www.eel-fotografie.de\/wp2\/wp-content\/gallery\/post_30_05_2016_24h_Nuerburgring_2016_Teil2\/cache\/DSC_5714.jpg-nggid043010-ngg0dyn-120x90x100-00f0w010c011r110f110r010t010.jpg\" srcset=\"https:\/\/www.eel-fotografie.de\/wp2\/wp-content\/gallery\/post_30_05_2016_24h_Nuerburgring_2016_Teil2\/cache\/DSC_5714.jpg-nggid043010-ngg0dyn-120x90x100-00f0w010c011r110f110r010t010.jpg\" onerror=\"nggRetryFailedImage(this);\"\/><\/picture>                <noscript><img src=\"https:\/\/www.eel-fotografie.de\/wp2\/wp-content\/gallery\/post_30_05_2016_24h_Nuerburgring_2016_Teil2\/cache\/DSC_5714.jpg-nggid043010-ngg0dyn-120x90x100-00f0w010c011r110f110r010t010.jpg\"\n                         title=\"DSC_5714 | \u00a9 eel-fotografie\"\n                         alt=\"DSC_5714 | \u00a9 eel-fotografie\"\n                         width=\"120\"\n                         height=\"90\"\n                         style=\"max-width:100%; height: auto;\"\/><\/noscript><\/a><\/div><br style='clear: both'\/><div class='ngg-clear'><\/div><\/div>\n<\/p>\n<p>Hier geht es zum ersten Teil der Fotos: <a href=\"http:\/\/www.eel-fotografie.de\/wp2\/24h-rennen-nuerburgring-2016-teil-1\/\">Teil 1<\/a><\/p>\n<p>(32 Fotos)<\/p>\n","protected":false},"excerpt":{"rendered":"<p>24h Rennen N\u00fcrburgring 2016 &#8211; Teil 2. Die 44. Auflage des 24 Stunden Rennens auf der N\u00fcrburgring Nordschleife geh\u00f6rte zu den denkw\u00fcrdigsten in der Historie dieser Rennveranstaltung. Weitere 32 Fotos. Hier geht es zum ersten Teil der Fotos: Teil 1 (32 Fotos)<\/p>\n","protected":false},"author":1,"featured_media":10448,"comment_status":"closed","ping_status":"closed","sticky":false,"template":"","format":"standard","meta":{"_genesis_hide_title":false,"_genesis_hide_breadcrumbs":false,"_genesis_hide_singular_image":false,"_genesis_hide_footer_widgets":false,"_genesis_custom_body_class":"","_genesis_custom_post_class":"","_genesis_layout":"","ngg_post_thumbnail":0,"footnotes":""},"categories":[176,185,17],"tags":[831,175,235,144,828,74,128,177,75,829,830,6,7,241,10,77,15,210,18,211,302,89,129,251,252,255,256,257,258,16,11,832],"class_list":{"0":"post-10441","1":"post","2":"type-post","3":"status-publish","4":"format-standard","5":"has-post-thumbnail","7":"category-24-stunden-rennen","8":"category-motorsport","9":"category-sport","10":"tag-24-h","11":"tag-24-stunden-rennen","12":"tag-action","13":"tag-adac","14":"tag-aston-martin","15":"tag-audi","16":"tag-autorennen","17":"tag-bentley","18":"tag-bmw","19":"tag-driver","20":"tag-dsmb","21":"tag-eberhard-krieger","22":"tag-eel-fotografie","23":"tag-fahrer","24":"tag-foto-krieger","25":"tag-mercedes","26":"tag-motorsport","27":"tag-nordschleife","28":"tag-nuerburgring","29":"tag-opel","30":"tag-pilot","31":"tag-porsche","32":"tag-race","33":"tag-racer","34":"tag-racing","35":"tag-rennauto","36":"tag-rennfahrer","37":"tag-rennsport","38":"tag-rennstrecke","39":"tag-sport","40":"tag-sportfoto-krieger","41":"tag-zuerich-adac-24-stunden-rennen-nuerburgring-2016","42":"entry"},"yoast_head":"<!-- This site is optimized with the Yoast SEO plugin v26.5 - https:\/\/yoast.com\/wordpress\/plugins\/seo\/ -->\n<title>24h Rennen N\u00fcrburgring 2016 - Teil 2 - eel-fotografie<\/title>\n<meta name=\"description\" content=\"24h Rennen N\u00fcrburgring 2016 - Teil 2. Weitere 32 Fotos dieser spektakul\u00e4ren Rennveranstaltung. (32 Fotos)\" \/>\n<meta name=\"robots\" content=\"index, follow, max-snippet:-1, max-image-preview:large, max-video-preview:-1\" \/>\n<link rel=\"canonical\" href=\"https:\/\/www.eel-fotografie.de\/wp2\/24h-rennen-nuerburgring-2016-teil-2\/\" \/>\n<meta name=\"twitter:label1\" content=\"Verfasst von\" \/>\n\t<meta name=\"twitter:data1\" content=\"admin\" \/>\n<script type=\"application\/ld+json\" class=\"yoast-schema-graph\">{\"@context\":\"https:\/\/schema.org\",\"@graph\":[{\"@type\":\"Article\",\"@id\":\"https:\/\/www.eel-fotografie.de\/wp2\/24h-rennen-nuerburgring-2016-teil-2\/#article\",\"isPartOf\":{\"@id\":\"https:\/\/www.eel-fotografie.de\/wp2\/24h-rennen-nuerburgring-2016-teil-2\/\"},\"author\":{\"name\":\"admin\",\"@id\":\"https:\/\/www.eel-fotografie.de\/wp2\/#\/schema\/person\/48b675d7a081d02af2929c3629214db0\"},\"headline\":\"24h Rennen N\u00fcrburgring 2016 &#8211; Teil 2\",\"datePublished\":\"2016-05-30T19:28:34+00:00\",\"dateModified\":\"2016-12-05T10:38:45+00:00\",\"mainEntityOfPage\":{\"@id\":\"https:\/\/www.eel-fotografie.de\/wp2\/24h-rennen-nuerburgring-2016-teil-2\/\"},\"wordCount\":45,\"publisher\":{\"@id\":\"https:\/\/www.eel-fotografie.de\/wp2\/#organization\"},\"image\":{\"@id\":\"https:\/\/www.eel-fotografie.de\/wp2\/24h-rennen-nuerburgring-2016-teil-2\/#primaryimage\"},\"thumbnailUrl\":\"https:\/\/www.eel-fotografie.de\/wp2\/wp-content\/uploads\/ngg_featured\/DSC_4988.jpg\",\"keywords\":[\"24 h\",\"24 Stunden Rennen\",\"Action\",\"ADAC\",\"Aston Martin\",\"Audi\",\"Autorennen\",\"Bentley\",\"BMW\",\"Driver\",\"DSMB\",\"Eberhard Krieger\",\"eel fotografie\",\"Fahrer\",\"foto-krieger\",\"Mercedes\",\"Motorsport\",\"Nordschleife\",\"N\u00fcrburgring\",\"Opel\",\"Pilot\",\"Porsche\",\"Race\",\"Racer\",\"Racing\",\"Rennauto\",\"Rennfahrer\",\"Rennsport\",\"Rennstrecke\",\"Sport\",\"sportfoto-krieger\",\"Z\u00fcrich ADAC 24 Stunden Rennen N\u00fcrburgring 2016\"],\"articleSection\":[\"24 Stunden Rennen\",\"Motorsport\",\"Sport\"],\"inLanguage\":\"de\"},{\"@type\":\"WebPage\",\"@id\":\"https:\/\/www.eel-fotografie.de\/wp2\/24h-rennen-nuerburgring-2016-teil-2\/\",\"url\":\"https:\/\/www.eel-fotografie.de\/wp2\/24h-rennen-nuerburgring-2016-teil-2\/\",\"name\":\"24h Rennen N\u00fcrburgring 2016 - Teil 2 - eel-fotografie\",\"isPartOf\":{\"@id\":\"https:\/\/www.eel-fotografie.de\/wp2\/#website\"},\"primaryImageOfPage\":{\"@id\":\"https:\/\/www.eel-fotografie.de\/wp2\/24h-rennen-nuerburgring-2016-teil-2\/#primaryimage\"},\"image\":{\"@id\":\"https:\/\/www.eel-fotografie.de\/wp2\/24h-rennen-nuerburgring-2016-teil-2\/#primaryimage\"},\"thumbnailUrl\":\"https:\/\/www.eel-fotografie.de\/wp2\/wp-content\/uploads\/ngg_featured\/DSC_4988.jpg\",\"datePublished\":\"2016-05-30T19:28:34+00:00\",\"dateModified\":\"2016-12-05T10:38:45+00:00\",\"description\":\"24h Rennen N\u00fcrburgring 2016 - Teil 2. Weitere 32 Fotos dieser spektakul\u00e4ren Rennveranstaltung. (32 Fotos)\",\"breadcrumb\":{\"@id\":\"https:\/\/www.eel-fotografie.de\/wp2\/24h-rennen-nuerburgring-2016-teil-2\/#breadcrumb\"},\"inLanguage\":\"de\",\"potentialAction\":[{\"@type\":\"ReadAction\",\"target\":[\"https:\/\/www.eel-fotografie.de\/wp2\/24h-rennen-nuerburgring-2016-teil-2\/\"]}]},{\"@type\":\"ImageObject\",\"inLanguage\":\"de\",\"@id\":\"https:\/\/www.eel-fotografie.de\/wp2\/24h-rennen-nuerburgring-2016-teil-2\/#primaryimage\",\"url\":\"https:\/\/www.eel-fotografie.de\/wp2\/wp-content\/uploads\/ngg_featured\/DSC_4988.jpg\",\"contentUrl\":\"https:\/\/www.eel-fotografie.de\/wp2\/wp-content\/uploads\/ngg_featured\/DSC_4988.jpg\",\"width\":1024,\"height\":681},{\"@type\":\"BreadcrumbList\",\"@id\":\"https:\/\/www.eel-fotografie.de\/wp2\/24h-rennen-nuerburgring-2016-teil-2\/#breadcrumb\",\"itemListElement\":[{\"@type\":\"ListItem\",\"position\":1,\"name\":\"Home\",\"item\":\"https:\/\/www.eel-fotografie.de\/wp2\/\"},{\"@type\":\"ListItem\",\"position\":2,\"name\":\"24h Rennen N\u00fcrburgring 2016 &#8211; Teil 2\"}]},{\"@type\":\"WebSite\",\"@id\":\"https:\/\/www.eel-fotografie.de\/wp2\/#website\",\"url\":\"https:\/\/www.eel-fotografie.de\/wp2\/\",\"name\":\"eel-fotografie\",\"description\":\"fotografie - bildagentur\",\"publisher\":{\"@id\":\"https:\/\/www.eel-fotografie.de\/wp2\/#organization\"},\"potentialAction\":[{\"@type\":\"SearchAction\",\"target\":{\"@type\":\"EntryPoint\",\"urlTemplate\":\"https:\/\/www.eel-fotografie.de\/wp2\/?s={search_term_string}\"},\"query-input\":{\"@type\":\"PropertyValueSpecification\",\"valueRequired\":true,\"valueName\":\"search_term_string\"}}],\"inLanguage\":\"de\"},{\"@type\":\"Organization\",\"@id\":\"https:\/\/www.eel-fotografie.de\/wp2\/#organization\",\"name\":\"eel-fotografie | fotografie - bildagentur\",\"url\":\"https:\/\/www.eel-fotografie.de\/wp2\/\",\"logo\":{\"@type\":\"ImageObject\",\"inLanguage\":\"de\",\"@id\":\"https:\/\/www.eel-fotografie.de\/wp2\/#\/schema\/logo\/image\/\",\"url\":\"http:\/\/www.eel-fotografie.de\/wp2\/wp-content\/uploads\/eel-fotografie_logo_2_500x250.png\",\"contentUrl\":\"http:\/\/www.eel-fotografie.de\/wp2\/wp-content\/uploads\/eel-fotografie_logo_2_500x250.png\",\"width\":500,\"height\":254,\"caption\":\"eel-fotografie | fotografie - bildagentur\"},\"image\":{\"@id\":\"https:\/\/www.eel-fotografie.de\/wp2\/#\/schema\/logo\/image\/\"},\"sameAs\":[\"https:\/\/www.instagram.com\/eelfotografie\/\"]},{\"@type\":\"Person\",\"@id\":\"https:\/\/www.eel-fotografie.de\/wp2\/#\/schema\/person\/48b675d7a081d02af2929c3629214db0\",\"name\":\"admin\",\"image\":{\"@type\":\"ImageObject\",\"inLanguage\":\"de\",\"@id\":\"https:\/\/www.eel-fotografie.de\/wp2\/#\/schema\/person\/image\/\",\"url\":\"https:\/\/secure.gravatar.com\/avatar\/0238886d5b298e452983f5d971ee0c60774f53da880f3705d3087707fa31096c?s=96&d=mm&r=g\",\"contentUrl\":\"https:\/\/secure.gravatar.com\/avatar\/0238886d5b298e452983f5d971ee0c60774f53da880f3705d3087707fa31096c?s=96&d=mm&r=g\",\"caption\":\"admin\"},\"description\":\"Head of eel-fotografie | fotografie-bildagentur\",\"sameAs\":[\"http:\/\/www.eel-fotografie.de\"],\"url\":\"https:\/\/www.eel-fotografie.de\/wp2\/author\/admin\/\"}]}<\/script>\n<!-- \/ Yoast SEO plugin. -->","yoast_head_json":{"title":"24h Rennen N\u00fcrburgring 2016 - Teil 2 - eel-fotografie","description":"24h Rennen N\u00fcrburgring 2016 - Teil 2. Weitere 32 Fotos dieser spektakul\u00e4ren Rennveranstaltung. (32 Fotos)","robots":{"index":"index","follow":"follow","max-snippet":"max-snippet:-1","max-image-preview":"max-image-preview:large","max-video-preview":"max-video-preview:-1"},"canonical":"https:\/\/www.eel-fotografie.de\/wp2\/24h-rennen-nuerburgring-2016-teil-2\/","twitter_misc":{"Verfasst von":"admin"},"schema":{"@context":"https:\/\/schema.org","@graph":[{"@type":"Article","@id":"https:\/\/www.eel-fotografie.de\/wp2\/24h-rennen-nuerburgring-2016-teil-2\/#article","isPartOf":{"@id":"https:\/\/www.eel-fotografie.de\/wp2\/24h-rennen-nuerburgring-2016-teil-2\/"},"author":{"name":"admin","@id":"https:\/\/www.eel-fotografie.de\/wp2\/#\/schema\/person\/48b675d7a081d02af2929c3629214db0"},"headline":"24h Rennen N\u00fcrburgring 2016 &#8211; Teil 2","datePublished":"2016-05-30T19:28:34+00:00","dateModified":"2016-12-05T10:38:45+00:00","mainEntityOfPage":{"@id":"https:\/\/www.eel-fotografie.de\/wp2\/24h-rennen-nuerburgring-2016-teil-2\/"},"wordCount":45,"publisher":{"@id":"https:\/\/www.eel-fotografie.de\/wp2\/#organization"},"image":{"@id":"https:\/\/www.eel-fotografie.de\/wp2\/24h-rennen-nuerburgring-2016-teil-2\/#primaryimage"},"thumbnailUrl":"https:\/\/www.eel-fotografie.de\/wp2\/wp-content\/uploads\/ngg_featured\/DSC_4988.jpg","keywords":["24 h","24 Stunden Rennen","Action","ADAC","Aston Martin","Audi","Autorennen","Bentley","BMW","Driver","DSMB","Eberhard Krieger","eel fotografie","Fahrer","foto-krieger","Mercedes","Motorsport","Nordschleife","N\u00fcrburgring","Opel","Pilot","Porsche","Race","Racer","Racing","Rennauto","Rennfahrer","Rennsport","Rennstrecke","Sport","sportfoto-krieger","Z\u00fcrich ADAC 24 Stunden Rennen N\u00fcrburgring 2016"],"articleSection":["24 Stunden Rennen","Motorsport","Sport"],"inLanguage":"de"},{"@type":"WebPage","@id":"https:\/\/www.eel-fotografie.de\/wp2\/24h-rennen-nuerburgring-2016-teil-2\/","url":"https:\/\/www.eel-fotografie.de\/wp2\/24h-rennen-nuerburgring-2016-teil-2\/","name":"24h Rennen N\u00fcrburgring 2016 - Teil 2 - eel-fotografie","isPartOf":{"@id":"https:\/\/www.eel-fotografie.de\/wp2\/#website"},"primaryImageOfPage":{"@id":"https:\/\/www.eel-fotografie.de\/wp2\/24h-rennen-nuerburgring-2016-teil-2\/#primaryimage"},"image":{"@id":"https:\/\/www.eel-fotografie.de\/wp2\/24h-rennen-nuerburgring-2016-teil-2\/#primaryimage"},"thumbnailUrl":"https:\/\/www.eel-fotografie.de\/wp2\/wp-content\/uploads\/ngg_featured\/DSC_4988.jpg","datePublished":"2016-05-30T19:28:34+00:00","dateModified":"2016-12-05T10:38:45+00:00","description":"24h Rennen N\u00fcrburgring 2016 - Teil 2. Weitere 32 Fotos dieser spektakul\u00e4ren Rennveranstaltung. (32 Fotos)","breadcrumb":{"@id":"https:\/\/www.eel-fotografie.de\/wp2\/24h-rennen-nuerburgring-2016-teil-2\/#breadcrumb"},"inLanguage":"de","potentialAction":[{"@type":"ReadAction","target":["https:\/\/www.eel-fotografie.de\/wp2\/24h-rennen-nuerburgring-2016-teil-2\/"]}]},{"@type":"ImageObject","inLanguage":"de","@id":"https:\/\/www.eel-fotografie.de\/wp2\/24h-rennen-nuerburgring-2016-teil-2\/#primaryimage","url":"https:\/\/www.eel-fotografie.de\/wp2\/wp-content\/uploads\/ngg_featured\/DSC_4988.jpg","contentUrl":"https:\/\/www.eel-fotografie.de\/wp2\/wp-content\/uploads\/ngg_featured\/DSC_4988.jpg","width":1024,"height":681},{"@type":"BreadcrumbList","@id":"https:\/\/www.eel-fotografie.de\/wp2\/24h-rennen-nuerburgring-2016-teil-2\/#breadcrumb","itemListElement":[{"@type":"ListItem","position":1,"name":"Home","item":"https:\/\/www.eel-fotografie.de\/wp2\/"},{"@type":"ListItem","position":2,"name":"24h Rennen N\u00fcrburgring 2016 &#8211; Teil 2"}]},{"@type":"WebSite","@id":"https:\/\/www.eel-fotografie.de\/wp2\/#website","url":"https:\/\/www.eel-fotografie.de\/wp2\/","name":"eel-fotografie","description":"fotografie - bildagentur","publisher":{"@id":"https:\/\/www.eel-fotografie.de\/wp2\/#organization"},"potentialAction":[{"@type":"SearchAction","target":{"@type":"EntryPoint","urlTemplate":"https:\/\/www.eel-fotografie.de\/wp2\/?s={search_term_string}"},"query-input":{"@type":"PropertyValueSpecification","valueRequired":true,"valueName":"search_term_string"}}],"inLanguage":"de"},{"@type":"Organization","@id":"https:\/\/www.eel-fotografie.de\/wp2\/#organization","name":"eel-fotografie | fotografie - bildagentur","url":"https:\/\/www.eel-fotografie.de\/wp2\/","logo":{"@type":"ImageObject","inLanguage":"de","@id":"https:\/\/www.eel-fotografie.de\/wp2\/#\/schema\/logo\/image\/","url":"http:\/\/www.eel-fotografie.de\/wp2\/wp-content\/uploads\/eel-fotografie_logo_2_500x250.png","contentUrl":"http:\/\/www.eel-fotografie.de\/wp2\/wp-content\/uploads\/eel-fotografie_logo_2_500x250.png","width":500,"height":254,"caption":"eel-fotografie | fotografie - bildagentur"},"image":{"@id":"https:\/\/www.eel-fotografie.de\/wp2\/#\/schema\/logo\/image\/"},"sameAs":["https:\/\/www.instagram.com\/eelfotografie\/"]},{"@type":"Person","@id":"https:\/\/www.eel-fotografie.de\/wp2\/#\/schema\/person\/48b675d7a081d02af2929c3629214db0","name":"admin","image":{"@type":"ImageObject","inLanguage":"de","@id":"https:\/\/www.eel-fotografie.de\/wp2\/#\/schema\/person\/image\/","url":"https:\/\/secure.gravatar.com\/avatar\/0238886d5b298e452983f5d971ee0c60774f53da880f3705d3087707fa31096c?s=96&d=mm&r=g","contentUrl":"https:\/\/secure.gravatar.com\/avatar\/0238886d5b298e452983f5d971ee0c60774f53da880f3705d3087707fa31096c?s=96&d=mm&r=g","caption":"admin"},"description":"Head of eel-fotografie | fotografie-bildagentur","sameAs":["http:\/\/www.eel-fotografie.de"],"url":"https:\/\/www.eel-fotografie.de\/wp2\/author\/admin\/"}]}},"_links":{"self":[{"href":"https:\/\/www.eel-fotografie.de\/wp2\/wp-json\/wp\/v2\/posts\/10441","targetHints":{"allow":["GET"]}}],"collection":[{"href":"https:\/\/www.eel-fotografie.de\/wp2\/wp-json\/wp\/v2\/posts"}],"about":[{"href":"https:\/\/www.eel-fotografie.de\/wp2\/wp-json\/wp\/v2\/types\/post"}],"author":[{"embeddable":true,"href":"https:\/\/www.eel-fotografie.de\/wp2\/wp-json\/wp\/v2\/users\/1"}],"replies":[{"embeddable":true,"href":"https:\/\/www.eel-fotografie.de\/wp2\/wp-json\/wp\/v2\/comments?post=10441"}],"version-history":[{"count":0,"href":"https:\/\/www.eel-fotografie.de\/wp2\/wp-json\/wp\/v2\/posts\/10441\/revisions"}],"wp:featuredmedia":[{"embeddable":true,"href":"https:\/\/www.eel-fotografie.de\/wp2\/wp-json\/wp\/v2\/media\/10448"}],"wp:attachment":[{"href":"https:\/\/www.eel-fotografie.de\/wp2\/wp-json\/wp\/v2\/media?parent=10441"}],"wp:term":[{"taxonomy":"category","embeddable":true,"href":"https:\/\/www.eel-fotografie.de\/wp2\/wp-json\/wp\/v2\/categories?post=10441"},{"taxonomy":"post_tag","embeddable":true,"href":"https:\/\/www.eel-fotografie.de\/wp2\/wp-json\/wp\/v2\/tags?post=10441"}],"curies":[{"name":"wp","href":"https:\/\/api.w.org\/{rel}","templated":true}]}}