{"id":10679,"date":"2016-07-13T18:14:04","date_gmt":"2016-07-13T16:14:04","guid":{"rendered":"http:\/\/www.eel-fotografie.de\/wp2\/?p=10679"},"modified":"2016-12-05T17:53:09","modified_gmt":"2016-12-05T16:53:09","slug":"darss-zingst-ostsee","status":"publish","type":"post","link":"https:\/\/www.eel-fotografie.de\/wp2\/darss-zingst-ostsee\/","title":{"rendered":"Zingst Ostsee"},"content":{"rendered":"<p><div class=\"nextgen_pro_blog_gallery\" id=\"displayed_gallery_57d409f36a8102bb946dcf4e737ae688\">\n            <div id=\"ngg-image-displayed_gallery_57d409f36a8102bb946dcf4e737ae688-0\" class=\"image-wrapper\" style=\"width: 1022px\">\n                                    <a href=\"https:\/\/www.eel-fotografie.de\/wp2\/wp-content\/gallery\/post_13_07_Dar%C3%9F_Zingst_Teaser\/Panorama_teaser.jpg\"\n               title=\"\u00a9 eel-fotografie\"\n               data-src=\"https:\/\/www.eel-fotografie.de\/wp2\/wp-content\/gallery\/post_13_07_Dar%C3%9F_Zingst_Teaser\/Panorama_teaser.jpg\"\n               data-thumbnail=\"https:\/\/www.eel-fotografie.de\/wp2\/wp-content\/gallery\/post_13_07_Dar%C3%9F_Zingst_Teaser\/thumbs\/thumbs_Panorama_teaser.jpg\"\n               data-image-id=\"3085\"\n               data-title=\"Dar\u00df_Zingst_2016_Teaser | \u00a9 eel-fotografie\"\n               data-description=\"\u00a9 eel-fotografie\"\n               class=\"shutterset_57d409f36a8102bb946dcf4e737ae688\" data-ngg-protect=\"1\">\n                <picture>\n\t\n<source srcset='https:\/\/www.eel-fotografie.de\/wp2\/wp-content\/gallery\/post_13_07_Dar%C3%9F_Zingst_Teaser\/Panorama_teaser.jpg' media=''>\n<img width=\"1022\" title=\"Dar\u00df_Zingst_2016_Teaser | \u00a9 eel-fotografie\" alt=\"Dar\u00df_Zingst_2016_Teaser | \u00a9 eel-fotografie\" style=\"max-width:1022px;max-height:px\" src=\"https:\/\/www.eel-fotografie.de\/wp2\/wp-content\/gallery\/post_13_07_Dar%C3%9F_Zingst_Teaser\/Panorama_teaser.jpg\" srcset=\"https:\/\/www.eel-fotografie.de\/wp2\/wp-content\/gallery\/post_13_07_Dar%C3%9F_Zingst_Teaser\/Panorama_teaser.jpg\" onerror=\"nggRetryFailedImage(this);\"\/>\n<\/picture>            <\/a>\n                                <\/div>\n        <div class=\"ngg-clear\"><\/div>\n        <\/div>\n<\/p>\n<p style=\"text-align: justify;\">Zingst Ostsee. Ein paar Fotos vom Dar\u00df &#8211; Zingst &#8211; Ostsee. Sonne, Meer, Weite und Wind. Das Meer und der Himmel. Wolken und Wasser. Ein wunderbarer Fleck Erde.<\/p>\n<p><div class=\"nextgen_pro_thumbnail_grid\" id=\"displayed_gallery_c4a2adf24304ecce48cd499b204a9edd\"><div id=\"ngg-image-0\" class=\"image-wrapper\"><a href=\"https:\/\/www.eel-fotografie.de\/wp2\/wp-content\/gallery\/post_13_07_Dar%C3%9F_Zingst\/20160615_Hafen_Boote_Leuchturm_Schifffahrt_152.jpg\"\n               title=\"&lt;font&gt;\u00a9 eel-fotografie&lt;\/font&gt;\"\n               data-src=\"https:\/\/www.eel-fotografie.de\/wp2\/wp-content\/gallery\/post_13_07_Dar%C3%9F_Zingst\/20160615_Hafen_Boote_Leuchturm_Schifffahrt_152.jpg\"\n               data-thumbnail=\"https:\/\/www.eel-fotografie.de\/wp2\/wp-content\/gallery\/post_13_07_Dar%C3%9F_Zingst\/thumbs\/thumbs_20160615_Hafen_Boote_Leuchturm_Schifffahrt_152.jpg\"\n               data-image-id=\"3071\"\n               data-title=\"Dar\u00df_Zingst_2016_003 | \u00a9 eel-fotografie\"\n               data-description=\"&lt;font&gt;\u00a9 eel-fotografie&lt;\/font&gt;\"\n               class=\"shutterset_c4a2adf24304ecce48cd499b204a9edd\" data-ngg-protect=\"1\"><picture><source srcset='https:\/\/www.eel-fotografie.de\/wp2\/wp-content\/gallery\/post_13_07_Dar%C3%9F_Zingst\/cache\/20160615_Hafen_Boote_Leuchturm_Schifffahrt_152.jpg-nggid043071-ngg0dyn-120x90x100-00f0w010c011r110f110r010t010.jpg' media=''><img title=\"Dar\u00df_Zingst_2016_003 | \u00a9 eel-fotografie\" alt=\"Dar\u00df_Zingst_2016_003 | \u00a9 eel-fotografie\" width=\"120\" height=\"90\" style=\"max-width:120px;max-height:90px\" src=\"https:\/\/www.eel-fotografie.de\/wp2\/wp-content\/gallery\/post_13_07_Dar%C3%9F_Zingst\/cache\/20160615_Hafen_Boote_Leuchturm_Schifffahrt_152.jpg-nggid043071-ngg0dyn-120x90x100-00f0w010c011r110f110r010t010.jpg\" srcset=\"https:\/\/www.eel-fotografie.de\/wp2\/wp-content\/gallery\/post_13_07_Dar%C3%9F_Zingst\/cache\/20160615_Hafen_Boote_Leuchturm_Schifffahrt_152.jpg-nggid043071-ngg0dyn-120x90x100-00f0w010c011r110f110r010t010.jpg\" onerror=\"nggRetryFailedImage(this);\"\/><\/picture>                <noscript><img src=\"https:\/\/www.eel-fotografie.de\/wp2\/wp-content\/gallery\/post_13_07_Dar%C3%9F_Zingst\/cache\/20160615_Hafen_Boote_Leuchturm_Schifffahrt_152.jpg-nggid043071-ngg0dyn-120x90x100-00f0w010c011r110f110r010t010.jpg\"\n                         title=\"Dar\u00df_Zingst_2016_003 | \u00a9 eel-fotografie\"\n                         alt=\"Dar\u00df_Zingst_2016_003 | \u00a9 eel-fotografie\"\n                         width=\"120\"\n                         height=\"90\"\n                         style=\"max-width:100%; height: auto;\"\/><\/noscript><\/a><\/div><div id=\"ngg-image-1\" class=\"image-wrapper\"><a href=\"https:\/\/www.eel-fotografie.de\/wp2\/wp-content\/gallery\/post_13_07_Dar%C3%9F_Zingst\/20160615_Hafen_Boote_Leuchturm_Schifffahrt_029.jpg\"\n               title=\"&lt;font&gt;\u00a9 eel-fotografie&lt;\/font&gt;\"\n               data-src=\"https:\/\/www.eel-fotografie.de\/wp2\/wp-content\/gallery\/post_13_07_Dar%C3%9F_Zingst\/20160615_Hafen_Boote_Leuchturm_Schifffahrt_029.jpg\"\n               data-thumbnail=\"https:\/\/www.eel-fotografie.de\/wp2\/wp-content\/gallery\/post_13_07_Dar%C3%9F_Zingst\/thumbs\/thumbs_20160615_Hafen_Boote_Leuchturm_Schifffahrt_029.jpg\"\n               data-image-id=\"3069\"\n               data-title=\"Dar\u00df_Zingst_2016_001 | \u00a9 eel-fotografie\"\n               data-description=\"&lt;font&gt;\u00a9 eel-fotografie&lt;\/font&gt;\"\n               class=\"shutterset_c4a2adf24304ecce48cd499b204a9edd\" data-ngg-protect=\"1\"><picture><source srcset='https:\/\/www.eel-fotografie.de\/wp2\/wp-content\/gallery\/post_13_07_Dar%C3%9F_Zingst\/cache\/20160615_Hafen_Boote_Leuchturm_Schifffahrt_029.jpg-nggid043069-ngg0dyn-120x90x100-00f0w010c011r110f110r010t010.jpg' media=''><img title=\"Dar\u00df_Zingst_2016_001 | \u00a9 eel-fotografie\" alt=\"Dar\u00df_Zingst_2016_001 | \u00a9 eel-fotografie\" width=\"120\" height=\"90\" style=\"max-width:120px;max-height:90px\" src=\"https:\/\/www.eel-fotografie.de\/wp2\/wp-content\/gallery\/post_13_07_Dar%C3%9F_Zingst\/cache\/20160615_Hafen_Boote_Leuchturm_Schifffahrt_029.jpg-nggid043069-ngg0dyn-120x90x100-00f0w010c011r110f110r010t010.jpg\" srcset=\"https:\/\/www.eel-fotografie.de\/wp2\/wp-content\/gallery\/post_13_07_Dar%C3%9F_Zingst\/cache\/20160615_Hafen_Boote_Leuchturm_Schifffahrt_029.jpg-nggid043069-ngg0dyn-120x90x100-00f0w010c011r110f110r010t010.jpg\" onerror=\"nggRetryFailedImage(this);\"\/><\/picture>                <noscript><img src=\"https:\/\/www.eel-fotografie.de\/wp2\/wp-content\/gallery\/post_13_07_Dar%C3%9F_Zingst\/cache\/20160615_Hafen_Boote_Leuchturm_Schifffahrt_029.jpg-nggid043069-ngg0dyn-120x90x100-00f0w010c011r110f110r010t010.jpg\"\n                         title=\"Dar\u00df_Zingst_2016_001 | \u00a9 eel-fotografie\"\n                         alt=\"Dar\u00df_Zingst_2016_001 | \u00a9 eel-fotografie\"\n                         width=\"120\"\n                         height=\"90\"\n                         style=\"max-width:100%; height: auto;\"\/><\/noscript><\/a><\/div><div id=\"ngg-image-2\" class=\"image-wrapper\"><a href=\"https:\/\/www.eel-fotografie.de\/wp2\/wp-content\/gallery\/post_13_07_Dar%C3%9F_Zingst\/DSC_0128.jpg\"\n               title=\"&lt;font&gt;\u00a9 eel-fotografie&lt;\/font&gt;\"\n               data-src=\"https:\/\/www.eel-fotografie.de\/wp2\/wp-content\/gallery\/post_13_07_Dar%C3%9F_Zingst\/DSC_0128.jpg\"\n               data-thumbnail=\"https:\/\/www.eel-fotografie.de\/wp2\/wp-content\/gallery\/post_13_07_Dar%C3%9F_Zingst\/thumbs\/thumbs_DSC_0128.jpg\"\n               data-image-id=\"3083\"\n               data-title=\"Dar\u00df_Zingst_2016_015 | \u00a9 eel-fotografie\"\n               data-description=\"&lt;font&gt;\u00a9 eel-fotografie&lt;\/font&gt;\"\n               class=\"shutterset_c4a2adf24304ecce48cd499b204a9edd\" data-ngg-protect=\"1\"><picture><source srcset='https:\/\/www.eel-fotografie.de\/wp2\/wp-content\/gallery\/post_13_07_Dar%C3%9F_Zingst\/cache\/DSC_0128.jpg-nggid043083-ngg0dyn-120x90x100-00f0w010c011r110f110r010t010.jpg' media=''><img title=\"Dar\u00df_Zingst_2016_015 | \u00a9 eel-fotografie\" alt=\"Dar\u00df_Zingst_2016_015 | \u00a9 eel-fotografie\" width=\"120\" height=\"90\" style=\"max-width:120px;max-height:90px\" src=\"https:\/\/www.eel-fotografie.de\/wp2\/wp-content\/gallery\/post_13_07_Dar%C3%9F_Zingst\/cache\/DSC_0128.jpg-nggid043083-ngg0dyn-120x90x100-00f0w010c011r110f110r010t010.jpg\" srcset=\"https:\/\/www.eel-fotografie.de\/wp2\/wp-content\/gallery\/post_13_07_Dar%C3%9F_Zingst\/cache\/DSC_0128.jpg-nggid043083-ngg0dyn-120x90x100-00f0w010c011r110f110r010t010.jpg\" onerror=\"nggRetryFailedImage(this);\"\/><\/picture>                <noscript><img src=\"https:\/\/www.eel-fotografie.de\/wp2\/wp-content\/gallery\/post_13_07_Dar%C3%9F_Zingst\/cache\/DSC_0128.jpg-nggid043083-ngg0dyn-120x90x100-00f0w010c011r110f110r010t010.jpg\"\n                         title=\"Dar\u00df_Zingst_2016_015 | \u00a9 eel-fotografie\"\n                         alt=\"Dar\u00df_Zingst_2016_015 | \u00a9 eel-fotografie\"\n                         width=\"120\"\n                         height=\"90\"\n                         style=\"max-width:100%; height: auto;\"\/><\/noscript><\/a><\/div><div id=\"ngg-image-3\" class=\"image-wrapper\"><a href=\"https:\/\/www.eel-fotografie.de\/wp2\/wp-content\/gallery\/post_13_07_Dar%C3%9F_Zingst\/20160630__Hafen_Boote_Leuchturm_Schifffahrt_556.jpg\"\n               title=\"&lt;font&gt;\u00a9 eel-fotografie&lt;\/font&gt;\"\n               data-src=\"https:\/\/www.eel-fotografie.de\/wp2\/wp-content\/gallery\/post_13_07_Dar%C3%9F_Zingst\/20160630__Hafen_Boote_Leuchturm_Schifffahrt_556.jpg\"\n               data-thumbnail=\"https:\/\/www.eel-fotografie.de\/wp2\/wp-content\/gallery\/post_13_07_Dar%C3%9F_Zingst\/thumbs\/thumbs_20160630__Hafen_Boote_Leuchturm_Schifffahrt_556.jpg\"\n               data-image-id=\"3079\"\n               data-title=\"Dar\u00df_Zingst_2016_011 | \u00a9 eel-fotografie\"\n               data-description=\"&lt;font&gt;\u00a9 eel-fotografie&lt;\/font&gt;\"\n               class=\"shutterset_c4a2adf24304ecce48cd499b204a9edd\" data-ngg-protect=\"1\"><picture><source srcset='https:\/\/www.eel-fotografie.de\/wp2\/wp-content\/gallery\/post_13_07_Dar%C3%9F_Zingst\/cache\/20160630__Hafen_Boote_Leuchturm_Schifffahrt_556.jpg-nggid043079-ngg0dyn-120x90x100-00f0w010c011r110f110r010t010.jpg' media=''><img title=\"Dar\u00df_Zingst_2016_011 | \u00a9 eel-fotografie\" alt=\"Dar\u00df_Zingst_2016_011 | \u00a9 eel-fotografie\" width=\"120\" height=\"90\" style=\"max-width:120px;max-height:90px\" src=\"https:\/\/www.eel-fotografie.de\/wp2\/wp-content\/gallery\/post_13_07_Dar%C3%9F_Zingst\/cache\/20160630__Hafen_Boote_Leuchturm_Schifffahrt_556.jpg-nggid043079-ngg0dyn-120x90x100-00f0w010c011r110f110r010t010.jpg\" srcset=\"https:\/\/www.eel-fotografie.de\/wp2\/wp-content\/gallery\/post_13_07_Dar%C3%9F_Zingst\/cache\/20160630__Hafen_Boote_Leuchturm_Schifffahrt_556.jpg-nggid043079-ngg0dyn-120x90x100-00f0w010c011r110f110r010t010.jpg\" onerror=\"nggRetryFailedImage(this);\"\/><\/picture>                <noscript><img src=\"https:\/\/www.eel-fotografie.de\/wp2\/wp-content\/gallery\/post_13_07_Dar%C3%9F_Zingst\/cache\/20160630__Hafen_Boote_Leuchturm_Schifffahrt_556.jpg-nggid043079-ngg0dyn-120x90x100-00f0w010c011r110f110r010t010.jpg\"\n                         title=\"Dar\u00df_Zingst_2016_011 | \u00a9 eel-fotografie\"\n                         alt=\"Dar\u00df_Zingst_2016_011 | \u00a9 eel-fotografie\"\n                         width=\"120\"\n                         height=\"90\"\n                         style=\"max-width:100%; height: auto;\"\/><\/noscript><\/a><\/div><br style='clear: both'\/><div id=\"ngg-image-4\" class=\"image-wrapper\"><a href=\"https:\/\/www.eel-fotografie.de\/wp2\/wp-content\/gallery\/post_13_07_Dar%C3%9F_Zingst\/20160630__Hafen_Boote_Leuchturm_Schifffahrt_527.jpg\"\n               title=\"&lt;font&gt;\u00a9 eel-fotografie&lt;\/font&gt;\"\n               data-src=\"https:\/\/www.eel-fotografie.de\/wp2\/wp-content\/gallery\/post_13_07_Dar%C3%9F_Zingst\/20160630__Hafen_Boote_Leuchturm_Schifffahrt_527.jpg\"\n               data-thumbnail=\"https:\/\/www.eel-fotografie.de\/wp2\/wp-content\/gallery\/post_13_07_Dar%C3%9F_Zingst\/thumbs\/thumbs_20160630__Hafen_Boote_Leuchturm_Schifffahrt_527.jpg\"\n               data-image-id=\"3077\"\n               data-title=\"Dar\u00df_Zingst_2016_009 | \u00a9 eel-fotografie\"\n               data-description=\"&lt;font&gt;\u00a9 eel-fotografie&lt;\/font&gt;\"\n               class=\"shutterset_c4a2adf24304ecce48cd499b204a9edd\" data-ngg-protect=\"1\"><picture><source srcset='https:\/\/www.eel-fotografie.de\/wp2\/wp-content\/gallery\/post_13_07_Dar%C3%9F_Zingst\/cache\/20160630__Hafen_Boote_Leuchturm_Schifffahrt_527.jpg-nggid043077-ngg0dyn-120x90x100-00f0w010c011r110f110r010t010.jpg' media=''><img title=\"Dar\u00df_Zingst_2016_009 | \u00a9 eel-fotografie\" alt=\"Dar\u00df_Zingst_2016_009 | \u00a9 eel-fotografie\" width=\"120\" height=\"90\" style=\"max-width:120px;max-height:90px\" src=\"https:\/\/www.eel-fotografie.de\/wp2\/wp-content\/gallery\/post_13_07_Dar%C3%9F_Zingst\/cache\/20160630__Hafen_Boote_Leuchturm_Schifffahrt_527.jpg-nggid043077-ngg0dyn-120x90x100-00f0w010c011r110f110r010t010.jpg\" srcset=\"https:\/\/www.eel-fotografie.de\/wp2\/wp-content\/gallery\/post_13_07_Dar%C3%9F_Zingst\/cache\/20160630__Hafen_Boote_Leuchturm_Schifffahrt_527.jpg-nggid043077-ngg0dyn-120x90x100-00f0w010c011r110f110r010t010.jpg\" onerror=\"nggRetryFailedImage(this);\"\/><\/picture>                <noscript><img src=\"https:\/\/www.eel-fotografie.de\/wp2\/wp-content\/gallery\/post_13_07_Dar%C3%9F_Zingst\/cache\/20160630__Hafen_Boote_Leuchturm_Schifffahrt_527.jpg-nggid043077-ngg0dyn-120x90x100-00f0w010c011r110f110r010t010.jpg\"\n                         title=\"Dar\u00df_Zingst_2016_009 | \u00a9 eel-fotografie\"\n                         alt=\"Dar\u00df_Zingst_2016_009 | \u00a9 eel-fotografie\"\n                         width=\"120\"\n                         height=\"90\"\n                         style=\"max-width:100%; height: auto;\"\/><\/noscript><\/a><\/div><div id=\"ngg-image-5\" class=\"image-wrapper\"><a href=\"https:\/\/www.eel-fotografie.de\/wp2\/wp-content\/gallery\/post_13_07_Dar%C3%9F_Zingst\/20160615_Hafen_Boote_Leuchturm_Schifffahrt_150.jpg\"\n               title=\"&lt;font&gt;\u00a9 eel-fotografie&lt;\/font&gt;\"\n               data-src=\"https:\/\/www.eel-fotografie.de\/wp2\/wp-content\/gallery\/post_13_07_Dar%C3%9F_Zingst\/20160615_Hafen_Boote_Leuchturm_Schifffahrt_150.jpg\"\n               data-thumbnail=\"https:\/\/www.eel-fotografie.de\/wp2\/wp-content\/gallery\/post_13_07_Dar%C3%9F_Zingst\/thumbs\/thumbs_20160615_Hafen_Boote_Leuchturm_Schifffahrt_150.jpg\"\n               data-image-id=\"3070\"\n               data-title=\"Dar\u00df_Zingst_2016_002 | \u00a9 eel-fotografie\"\n               data-description=\"&lt;font&gt;\u00a9 eel-fotografie&lt;\/font&gt;\"\n               class=\"shutterset_c4a2adf24304ecce48cd499b204a9edd\" data-ngg-protect=\"1\"><picture><source srcset='https:\/\/www.eel-fotografie.de\/wp2\/wp-content\/gallery\/post_13_07_Dar%C3%9F_Zingst\/cache\/20160615_Hafen_Boote_Leuchturm_Schifffahrt_150.jpg-nggid043070-ngg0dyn-120x90x100-00f0w010c011r110f110r010t010.jpg' media=''><img title=\"Dar\u00df_Zingst_2016_002 | \u00a9 eel-fotografie\" alt=\"Dar\u00df_Zingst_2016_002 | \u00a9 eel-fotografie\" width=\"120\" height=\"90\" style=\"max-width:120px;max-height:90px\" src=\"https:\/\/www.eel-fotografie.de\/wp2\/wp-content\/gallery\/post_13_07_Dar%C3%9F_Zingst\/cache\/20160615_Hafen_Boote_Leuchturm_Schifffahrt_150.jpg-nggid043070-ngg0dyn-120x90x100-00f0w010c011r110f110r010t010.jpg\" srcset=\"https:\/\/www.eel-fotografie.de\/wp2\/wp-content\/gallery\/post_13_07_Dar%C3%9F_Zingst\/cache\/20160615_Hafen_Boote_Leuchturm_Schifffahrt_150.jpg-nggid043070-ngg0dyn-120x90x100-00f0w010c011r110f110r010t010.jpg\" onerror=\"nggRetryFailedImage(this);\"\/><\/picture>                <noscript><img src=\"https:\/\/www.eel-fotografie.de\/wp2\/wp-content\/gallery\/post_13_07_Dar%C3%9F_Zingst\/cache\/20160615_Hafen_Boote_Leuchturm_Schifffahrt_150.jpg-nggid043070-ngg0dyn-120x90x100-00f0w010c011r110f110r010t010.jpg\"\n                         title=\"Dar\u00df_Zingst_2016_002 | \u00a9 eel-fotografie\"\n                         alt=\"Dar\u00df_Zingst_2016_002 | \u00a9 eel-fotografie\"\n                         width=\"120\"\n                         height=\"90\"\n                         style=\"max-width:100%; height: auto;\"\/><\/noscript><\/a><\/div><div id=\"ngg-image-6\" class=\"image-wrapper\"><a href=\"https:\/\/www.eel-fotografie.de\/wp2\/wp-content\/gallery\/post_13_07_Dar%C3%9F_Zingst\/20160615_Hafen_Boote_Leuchturm_Schifffahrt_168.jpg\"\n               title=\"&lt;font&gt;\u00a9 eel-fotografie&lt;\/font&gt;\"\n               data-src=\"https:\/\/www.eel-fotografie.de\/wp2\/wp-content\/gallery\/post_13_07_Dar%C3%9F_Zingst\/20160615_Hafen_Boote_Leuchturm_Schifffahrt_168.jpg\"\n               data-thumbnail=\"https:\/\/www.eel-fotografie.de\/wp2\/wp-content\/gallery\/post_13_07_Dar%C3%9F_Zingst\/thumbs\/thumbs_20160615_Hafen_Boote_Leuchturm_Schifffahrt_168.jpg\"\n               data-image-id=\"3072\"\n               data-title=\"Dar\u00df_Zingst_2016_004 | \u00a9 eel-fotografie\"\n               data-description=\"&lt;font&gt;\u00a9 eel-fotografie&lt;\/font&gt;\"\n               class=\"shutterset_c4a2adf24304ecce48cd499b204a9edd\" data-ngg-protect=\"1\"><picture><source srcset='https:\/\/www.eel-fotografie.de\/wp2\/wp-content\/gallery\/post_13_07_Dar%C3%9F_Zingst\/cache\/20160615_Hafen_Boote_Leuchturm_Schifffahrt_168.jpg-nggid043072-ngg0dyn-120x90x100-00f0w010c011r110f110r010t010.jpg' media=''><img title=\"Dar\u00df_Zingst_2016_004 | \u00a9 eel-fotografie\" alt=\"Dar\u00df_Zingst_2016_004 | \u00a9 eel-fotografie\" width=\"120\" height=\"90\" style=\"max-width:120px;max-height:90px\" src=\"https:\/\/www.eel-fotografie.de\/wp2\/wp-content\/gallery\/post_13_07_Dar%C3%9F_Zingst\/cache\/20160615_Hafen_Boote_Leuchturm_Schifffahrt_168.jpg-nggid043072-ngg0dyn-120x90x100-00f0w010c011r110f110r010t010.jpg\" srcset=\"https:\/\/www.eel-fotografie.de\/wp2\/wp-content\/gallery\/post_13_07_Dar%C3%9F_Zingst\/cache\/20160615_Hafen_Boote_Leuchturm_Schifffahrt_168.jpg-nggid043072-ngg0dyn-120x90x100-00f0w010c011r110f110r010t010.jpg\" onerror=\"nggRetryFailedImage(this);\"\/><\/picture>                <noscript><img src=\"https:\/\/www.eel-fotografie.de\/wp2\/wp-content\/gallery\/post_13_07_Dar%C3%9F_Zingst\/cache\/20160615_Hafen_Boote_Leuchturm_Schifffahrt_168.jpg-nggid043072-ngg0dyn-120x90x100-00f0w010c011r110f110r010t010.jpg\"\n                         title=\"Dar\u00df_Zingst_2016_004 | \u00a9 eel-fotografie\"\n                         alt=\"Dar\u00df_Zingst_2016_004 | \u00a9 eel-fotografie\"\n                         width=\"120\"\n                         height=\"90\"\n                         style=\"max-width:100%; height: auto;\"\/><\/noscript><\/a><\/div><div id=\"ngg-image-7\" class=\"image-wrapper\"><a href=\"https:\/\/www.eel-fotografie.de\/wp2\/wp-content\/gallery\/post_13_07_Dar%C3%9F_Zingst\/20160619__Hafen_Boote_Leuchturm_Schifffahrt_463.jpg\"\n               title=\"&lt;font&gt;\u00a9 eel-fotografie&lt;\/font&gt;\"\n               data-src=\"https:\/\/www.eel-fotografie.de\/wp2\/wp-content\/gallery\/post_13_07_Dar%C3%9F_Zingst\/20160619__Hafen_Boote_Leuchturm_Schifffahrt_463.jpg\"\n               data-thumbnail=\"https:\/\/www.eel-fotografie.de\/wp2\/wp-content\/gallery\/post_13_07_Dar%C3%9F_Zingst\/thumbs\/thumbs_20160619__Hafen_Boote_Leuchturm_Schifffahrt_463.jpg\"\n               data-image-id=\"3075\"\n               data-title=\"Dar\u00df_Zingst_2016_007 | \u00a9 eel-fotografie\"\n               data-description=\"&lt;font&gt;\u00a9 eel-fotografie&lt;\/font&gt;\"\n               class=\"shutterset_c4a2adf24304ecce48cd499b204a9edd\" data-ngg-protect=\"1\"><picture><source srcset='https:\/\/www.eel-fotografie.de\/wp2\/wp-content\/gallery\/post_13_07_Dar%C3%9F_Zingst\/cache\/20160619__Hafen_Boote_Leuchturm_Schifffahrt_463.jpg-nggid043075-ngg0dyn-120x90x100-00f0w010c011r110f110r010t010.jpg' media=''><img title=\"Dar\u00df_Zingst_2016_007 | \u00a9 eel-fotografie\" alt=\"Dar\u00df_Zingst_2016_007 | \u00a9 eel-fotografie\" width=\"120\" height=\"90\" style=\"max-width:120px;max-height:90px\" src=\"https:\/\/www.eel-fotografie.de\/wp2\/wp-content\/gallery\/post_13_07_Dar%C3%9F_Zingst\/cache\/20160619__Hafen_Boote_Leuchturm_Schifffahrt_463.jpg-nggid043075-ngg0dyn-120x90x100-00f0w010c011r110f110r010t010.jpg\" srcset=\"https:\/\/www.eel-fotografie.de\/wp2\/wp-content\/gallery\/post_13_07_Dar%C3%9F_Zingst\/cache\/20160619__Hafen_Boote_Leuchturm_Schifffahrt_463.jpg-nggid043075-ngg0dyn-120x90x100-00f0w010c011r110f110r010t010.jpg\" onerror=\"nggRetryFailedImage(this);\"\/><\/picture>                <noscript><img src=\"https:\/\/www.eel-fotografie.de\/wp2\/wp-content\/gallery\/post_13_07_Dar%C3%9F_Zingst\/cache\/20160619__Hafen_Boote_Leuchturm_Schifffahrt_463.jpg-nggid043075-ngg0dyn-120x90x100-00f0w010c011r110f110r010t010.jpg\"\n                         title=\"Dar\u00df_Zingst_2016_007 | \u00a9 eel-fotografie\"\n                         alt=\"Dar\u00df_Zingst_2016_007 | \u00a9 eel-fotografie\"\n                         width=\"120\"\n                         height=\"90\"\n                         style=\"max-width:100%; height: auto;\"\/><\/noscript><\/a><\/div><br style='clear: both'\/><div id=\"ngg-image-8\" class=\"image-wrapper\"><a href=\"https:\/\/www.eel-fotografie.de\/wp2\/wp-content\/gallery\/post_13_07_Dar%C3%9F_Zingst\/20160615_Hafen_Boote_Leuchturm_Schifffahrt_282.jpg\"\n               title=\"&lt;font&gt;\u00a9 eel-fotografie&lt;\/font&gt;\"\n               data-src=\"https:\/\/www.eel-fotografie.de\/wp2\/wp-content\/gallery\/post_13_07_Dar%C3%9F_Zingst\/20160615_Hafen_Boote_Leuchturm_Schifffahrt_282.jpg\"\n               data-thumbnail=\"https:\/\/www.eel-fotografie.de\/wp2\/wp-content\/gallery\/post_13_07_Dar%C3%9F_Zingst\/thumbs\/thumbs_20160615_Hafen_Boote_Leuchturm_Schifffahrt_282.jpg\"\n               data-image-id=\"3073\"\n               data-title=\"Dar\u00df_Zingst_2016_005 | \u00a9 eel-fotografie\"\n               data-description=\"&lt;font&gt;\u00a9 eel-fotografie&lt;\/font&gt;\"\n               class=\"shutterset_c4a2adf24304ecce48cd499b204a9edd\" data-ngg-protect=\"1\"><picture><source srcset='https:\/\/www.eel-fotografie.de\/wp2\/wp-content\/gallery\/post_13_07_Dar%C3%9F_Zingst\/cache\/20160615_Hafen_Boote_Leuchturm_Schifffahrt_282.jpg-nggid043073-ngg0dyn-120x90x100-00f0w010c011r110f110r010t010.jpg' media=''><img title=\"Dar\u00df_Zingst_2016_005 | \u00a9 eel-fotografie\" alt=\"Dar\u00df_Zingst_2016_005 | \u00a9 eel-fotografie\" width=\"120\" height=\"90\" style=\"max-width:120px;max-height:90px\" src=\"https:\/\/www.eel-fotografie.de\/wp2\/wp-content\/gallery\/post_13_07_Dar%C3%9F_Zingst\/cache\/20160615_Hafen_Boote_Leuchturm_Schifffahrt_282.jpg-nggid043073-ngg0dyn-120x90x100-00f0w010c011r110f110r010t010.jpg\" srcset=\"https:\/\/www.eel-fotografie.de\/wp2\/wp-content\/gallery\/post_13_07_Dar%C3%9F_Zingst\/cache\/20160615_Hafen_Boote_Leuchturm_Schifffahrt_282.jpg-nggid043073-ngg0dyn-120x90x100-00f0w010c011r110f110r010t010.jpg\" onerror=\"nggRetryFailedImage(this);\"\/><\/picture>                <noscript><img src=\"https:\/\/www.eel-fotografie.de\/wp2\/wp-content\/gallery\/post_13_07_Dar%C3%9F_Zingst\/cache\/20160615_Hafen_Boote_Leuchturm_Schifffahrt_282.jpg-nggid043073-ngg0dyn-120x90x100-00f0w010c011r110f110r010t010.jpg\"\n                         title=\"Dar\u00df_Zingst_2016_005 | \u00a9 eel-fotografie\"\n                         alt=\"Dar\u00df_Zingst_2016_005 | \u00a9 eel-fotografie\"\n                         width=\"120\"\n                         height=\"90\"\n                         style=\"max-width:100%; height: auto;\"\/><\/noscript><\/a><\/div><div id=\"ngg-image-9\" class=\"image-wrapper\"><a href=\"https:\/\/www.eel-fotografie.de\/wp2\/wp-content\/gallery\/post_13_07_Dar%C3%9F_Zingst\/20160630__Hafen_Boote_Leuchturm_Schifffahrt_660.jpg\"\n               title=\"&lt;font&gt;\u00a9 eel-fotografie&lt;\/font&gt;\"\n               data-src=\"https:\/\/www.eel-fotografie.de\/wp2\/wp-content\/gallery\/post_13_07_Dar%C3%9F_Zingst\/20160630__Hafen_Boote_Leuchturm_Schifffahrt_660.jpg\"\n               data-thumbnail=\"https:\/\/www.eel-fotografie.de\/wp2\/wp-content\/gallery\/post_13_07_Dar%C3%9F_Zingst\/thumbs\/thumbs_20160630__Hafen_Boote_Leuchturm_Schifffahrt_660.jpg\"\n               data-image-id=\"3081\"\n               data-title=\"Dar\u00df_Zingst_2016_013 | \u00a9 eel-fotografie\"\n               data-description=\"&lt;font&gt;\u00a9 eel-fotografie&lt;\/font&gt;\"\n               class=\"shutterset_c4a2adf24304ecce48cd499b204a9edd\" data-ngg-protect=\"1\"><picture><source srcset='https:\/\/www.eel-fotografie.de\/wp2\/wp-content\/gallery\/post_13_07_Dar%C3%9F_Zingst\/cache\/20160630__Hafen_Boote_Leuchturm_Schifffahrt_660.jpg-nggid043081-ngg0dyn-120x90x100-00f0w010c011r110f110r010t010.jpg' media=''><img title=\"Dar\u00df_Zingst_2016_013 | \u00a9 eel-fotografie\" alt=\"Dar\u00df_Zingst_2016_013 | \u00a9 eel-fotografie\" width=\"120\" height=\"90\" style=\"max-width:120px;max-height:90px\" src=\"https:\/\/www.eel-fotografie.de\/wp2\/wp-content\/gallery\/post_13_07_Dar%C3%9F_Zingst\/cache\/20160630__Hafen_Boote_Leuchturm_Schifffahrt_660.jpg-nggid043081-ngg0dyn-120x90x100-00f0w010c011r110f110r010t010.jpg\" srcset=\"https:\/\/www.eel-fotografie.de\/wp2\/wp-content\/gallery\/post_13_07_Dar%C3%9F_Zingst\/cache\/20160630__Hafen_Boote_Leuchturm_Schifffahrt_660.jpg-nggid043081-ngg0dyn-120x90x100-00f0w010c011r110f110r010t010.jpg\" onerror=\"nggRetryFailedImage(this);\"\/><\/picture>                <noscript><img src=\"https:\/\/www.eel-fotografie.de\/wp2\/wp-content\/gallery\/post_13_07_Dar%C3%9F_Zingst\/cache\/20160630__Hafen_Boote_Leuchturm_Schifffahrt_660.jpg-nggid043081-ngg0dyn-120x90x100-00f0w010c011r110f110r010t010.jpg\"\n                         title=\"Dar\u00df_Zingst_2016_013 | \u00a9 eel-fotografie\"\n                         alt=\"Dar\u00df_Zingst_2016_013 | \u00a9 eel-fotografie\"\n                         width=\"120\"\n                         height=\"90\"\n                         style=\"max-width:100%; height: auto;\"\/><\/noscript><\/a><\/div><div id=\"ngg-image-10\" class=\"image-wrapper\"><a href=\"https:\/\/www.eel-fotografie.de\/wp2\/wp-content\/gallery\/post_13_07_Dar%C3%9F_Zingst\/20160618__Hafen_Boote_Leuchturm_Schifffahrt_353.jpg\"\n               title=\"&lt;font&gt;\u00a9 eel-fotografie&lt;\/font&gt;\"\n               data-src=\"https:\/\/www.eel-fotografie.de\/wp2\/wp-content\/gallery\/post_13_07_Dar%C3%9F_Zingst\/20160618__Hafen_Boote_Leuchturm_Schifffahrt_353.jpg\"\n               data-thumbnail=\"https:\/\/www.eel-fotografie.de\/wp2\/wp-content\/gallery\/post_13_07_Dar%C3%9F_Zingst\/thumbs\/thumbs_20160618__Hafen_Boote_Leuchturm_Schifffahrt_353.jpg\"\n               data-image-id=\"3074\"\n               data-title=\"Dar\u00df_Zingst_2016_006 | \u00a9 eel-fotografie\"\n               data-description=\"&lt;font&gt;\u00a9 eel-fotografie&lt;\/font&gt;\"\n               class=\"shutterset_c4a2adf24304ecce48cd499b204a9edd\" data-ngg-protect=\"1\"><picture><source srcset='https:\/\/www.eel-fotografie.de\/wp2\/wp-content\/gallery\/post_13_07_Dar%C3%9F_Zingst\/cache\/20160618__Hafen_Boote_Leuchturm_Schifffahrt_353.jpg-nggid043074-ngg0dyn-120x90x100-00f0w010c011r110f110r010t010.jpg' media=''><img title=\"Dar\u00df_Zingst_2016_006 | \u00a9 eel-fotografie\" alt=\"Dar\u00df_Zingst_2016_006 | \u00a9 eel-fotografie\" width=\"120\" height=\"90\" style=\"max-width:120px;max-height:90px\" src=\"https:\/\/www.eel-fotografie.de\/wp2\/wp-content\/gallery\/post_13_07_Dar%C3%9F_Zingst\/cache\/20160618__Hafen_Boote_Leuchturm_Schifffahrt_353.jpg-nggid043074-ngg0dyn-120x90x100-00f0w010c011r110f110r010t010.jpg\" srcset=\"https:\/\/www.eel-fotografie.de\/wp2\/wp-content\/gallery\/post_13_07_Dar%C3%9F_Zingst\/cache\/20160618__Hafen_Boote_Leuchturm_Schifffahrt_353.jpg-nggid043074-ngg0dyn-120x90x100-00f0w010c011r110f110r010t010.jpg\" onerror=\"nggRetryFailedImage(this);\"\/><\/picture>                <noscript><img src=\"https:\/\/www.eel-fotografie.de\/wp2\/wp-content\/gallery\/post_13_07_Dar%C3%9F_Zingst\/cache\/20160618__Hafen_Boote_Leuchturm_Schifffahrt_353.jpg-nggid043074-ngg0dyn-120x90x100-00f0w010c011r110f110r010t010.jpg\"\n                         title=\"Dar\u00df_Zingst_2016_006 | \u00a9 eel-fotografie\"\n                         alt=\"Dar\u00df_Zingst_2016_006 | \u00a9 eel-fotografie\"\n                         width=\"120\"\n                         height=\"90\"\n                         style=\"max-width:100%; height: auto;\"\/><\/noscript><\/a><\/div><div id=\"ngg-image-11\" class=\"image-wrapper\"><a href=\"https:\/\/www.eel-fotografie.de\/wp2\/wp-content\/gallery\/post_13_07_Dar%C3%9F_Zingst\/20160630__Hafen_Boote_Leuchturm_Schifffahrt_554.jpg\"\n               title=\"&lt;font&gt;\u00a9 eel-fotografie&lt;\/font&gt;\"\n               data-src=\"https:\/\/www.eel-fotografie.de\/wp2\/wp-content\/gallery\/post_13_07_Dar%C3%9F_Zingst\/20160630__Hafen_Boote_Leuchturm_Schifffahrt_554.jpg\"\n               data-thumbnail=\"https:\/\/www.eel-fotografie.de\/wp2\/wp-content\/gallery\/post_13_07_Dar%C3%9F_Zingst\/thumbs\/thumbs_20160630__Hafen_Boote_Leuchturm_Schifffahrt_554.jpg\"\n               data-image-id=\"3078\"\n               data-title=\"Dar\u00df_Zingst_2016_010 | \u00a9 eel-fotografie\"\n               data-description=\"&lt;font&gt;\u00a9 eel-fotografie&lt;\/font&gt;\"\n               class=\"shutterset_c4a2adf24304ecce48cd499b204a9edd\" data-ngg-protect=\"1\"><picture><source srcset='https:\/\/www.eel-fotografie.de\/wp2\/wp-content\/gallery\/post_13_07_Dar%C3%9F_Zingst\/cache\/20160630__Hafen_Boote_Leuchturm_Schifffahrt_554.jpg-nggid043078-ngg0dyn-120x90x100-00f0w010c011r110f110r010t010.jpg' media=''><img title=\"Dar\u00df_Zingst_2016_010 | \u00a9 eel-fotografie\" alt=\"Dar\u00df_Zingst_2016_010 | \u00a9 eel-fotografie\" width=\"120\" height=\"90\" style=\"max-width:120px;max-height:90px\" src=\"https:\/\/www.eel-fotografie.de\/wp2\/wp-content\/gallery\/post_13_07_Dar%C3%9F_Zingst\/cache\/20160630__Hafen_Boote_Leuchturm_Schifffahrt_554.jpg-nggid043078-ngg0dyn-120x90x100-00f0w010c011r110f110r010t010.jpg\" srcset=\"https:\/\/www.eel-fotografie.de\/wp2\/wp-content\/gallery\/post_13_07_Dar%C3%9F_Zingst\/cache\/20160630__Hafen_Boote_Leuchturm_Schifffahrt_554.jpg-nggid043078-ngg0dyn-120x90x100-00f0w010c011r110f110r010t010.jpg\" onerror=\"nggRetryFailedImage(this);\"\/><\/picture>                <noscript><img src=\"https:\/\/www.eel-fotografie.de\/wp2\/wp-content\/gallery\/post_13_07_Dar%C3%9F_Zingst\/cache\/20160630__Hafen_Boote_Leuchturm_Schifffahrt_554.jpg-nggid043078-ngg0dyn-120x90x100-00f0w010c011r110f110r010t010.jpg\"\n                         title=\"Dar\u00df_Zingst_2016_010 | \u00a9 eel-fotografie\"\n                         alt=\"Dar\u00df_Zingst_2016_010 | \u00a9 eel-fotografie\"\n                         width=\"120\"\n                         height=\"90\"\n                         style=\"max-width:100%; height: auto;\"\/><\/noscript><\/a><\/div><br style='clear: both'\/><div id=\"ngg-image-12\" class=\"image-wrapper\"><a href=\"https:\/\/www.eel-fotografie.de\/wp2\/wp-content\/gallery\/post_13_07_Dar%C3%9F_Zingst\/20160619__Hafen_Boote_Leuchturm_Schifffahrt_495.jpg\"\n               title=\"&lt;font&gt;\u00a9 eel-fotografie&lt;\/font&gt;\"\n               data-src=\"https:\/\/www.eel-fotografie.de\/wp2\/wp-content\/gallery\/post_13_07_Dar%C3%9F_Zingst\/20160619__Hafen_Boote_Leuchturm_Schifffahrt_495.jpg\"\n               data-thumbnail=\"https:\/\/www.eel-fotografie.de\/wp2\/wp-content\/gallery\/post_13_07_Dar%C3%9F_Zingst\/thumbs\/thumbs_20160619__Hafen_Boote_Leuchturm_Schifffahrt_495.jpg\"\n               data-image-id=\"3076\"\n               data-title=\"Dar\u00df_Zingst_2016_008| \u00a9 eel-fotografie\"\n               data-description=\"&lt;font&gt;\u00a9 eel-fotografie&lt;\/font&gt;\"\n               class=\"shutterset_c4a2adf24304ecce48cd499b204a9edd\" data-ngg-protect=\"1\"><picture><source srcset='https:\/\/www.eel-fotografie.de\/wp2\/wp-content\/gallery\/post_13_07_Dar%C3%9F_Zingst\/cache\/20160619__Hafen_Boote_Leuchturm_Schifffahrt_495.jpg-nggid043076-ngg0dyn-120x90x100-00f0w010c011r110f110r010t010.jpg' media=''><img title=\"Dar\u00df_Zingst_2016_008| \u00a9 eel-fotografie\" alt=\"Dar\u00df_Zingst_2016_008| \u00a9 eel-fotografie\" width=\"120\" height=\"90\" style=\"max-width:120px;max-height:90px\" src=\"https:\/\/www.eel-fotografie.de\/wp2\/wp-content\/gallery\/post_13_07_Dar%C3%9F_Zingst\/cache\/20160619__Hafen_Boote_Leuchturm_Schifffahrt_495.jpg-nggid043076-ngg0dyn-120x90x100-00f0w010c011r110f110r010t010.jpg\" srcset=\"https:\/\/www.eel-fotografie.de\/wp2\/wp-content\/gallery\/post_13_07_Dar%C3%9F_Zingst\/cache\/20160619__Hafen_Boote_Leuchturm_Schifffahrt_495.jpg-nggid043076-ngg0dyn-120x90x100-00f0w010c011r110f110r010t010.jpg\" onerror=\"nggRetryFailedImage(this);\"\/><\/picture>                <noscript><img src=\"https:\/\/www.eel-fotografie.de\/wp2\/wp-content\/gallery\/post_13_07_Dar%C3%9F_Zingst\/cache\/20160619__Hafen_Boote_Leuchturm_Schifffahrt_495.jpg-nggid043076-ngg0dyn-120x90x100-00f0w010c011r110f110r010t010.jpg\"\n                         title=\"Dar\u00df_Zingst_2016_008| \u00a9 eel-fotografie\"\n                         alt=\"Dar\u00df_Zingst_2016_008| \u00a9 eel-fotografie\"\n                         width=\"120\"\n                         height=\"90\"\n                         style=\"max-width:100%; height: auto;\"\/><\/noscript><\/a><\/div><div id=\"ngg-image-13\" class=\"image-wrapper\"><a href=\"https:\/\/www.eel-fotografie.de\/wp2\/wp-content\/gallery\/post_13_07_Dar%C3%9F_Zingst\/Panorama2.jpg\"\n               title=\"&lt;font&gt;\u00a9 eel-fotografie&lt;\/font&gt;\"\n               data-src=\"https:\/\/www.eel-fotografie.de\/wp2\/wp-content\/gallery\/post_13_07_Dar%C3%9F_Zingst\/Panorama2.jpg\"\n               data-thumbnail=\"https:\/\/www.eel-fotografie.de\/wp2\/wp-content\/gallery\/post_13_07_Dar%C3%9F_Zingst\/thumbs\/thumbs_Panorama2.jpg\"\n               data-image-id=\"3084\"\n               data-title=\"Dar\u00df_Zingst_2016_016 | \u00a9 eel-fotografie\"\n               data-description=\"&lt;font&gt;\u00a9 eel-fotografie&lt;\/font&gt;\"\n               class=\"shutterset_c4a2adf24304ecce48cd499b204a9edd\" data-ngg-protect=\"1\"><picture><source srcset='https:\/\/www.eel-fotografie.de\/wp2\/wp-content\/gallery\/post_13_07_Dar%C3%9F_Zingst\/cache\/Panorama2.jpg-nggid043084-ngg0dyn-120x90x100-00f0w010c011r110f110r010t010.jpg' media=''><img title=\"Dar\u00df_Zingst_2016_016 | \u00a9 eel-fotografie\" alt=\"Dar\u00df_Zingst_2016_016 | \u00a9 eel-fotografie\" width=\"120\" height=\"90\" style=\"max-width:120px;max-height:90px\" src=\"https:\/\/www.eel-fotografie.de\/wp2\/wp-content\/gallery\/post_13_07_Dar%C3%9F_Zingst\/cache\/Panorama2.jpg-nggid043084-ngg0dyn-120x90x100-00f0w010c011r110f110r010t010.jpg\" srcset=\"https:\/\/www.eel-fotografie.de\/wp2\/wp-content\/gallery\/post_13_07_Dar%C3%9F_Zingst\/cache\/Panorama2.jpg-nggid043084-ngg0dyn-120x90x100-00f0w010c011r110f110r010t010.jpg\" onerror=\"nggRetryFailedImage(this);\"\/><\/picture>                <noscript><img src=\"https:\/\/www.eel-fotografie.de\/wp2\/wp-content\/gallery\/post_13_07_Dar%C3%9F_Zingst\/cache\/Panorama2.jpg-nggid043084-ngg0dyn-120x90x100-00f0w010c011r110f110r010t010.jpg\"\n                         title=\"Dar\u00df_Zingst_2016_016 | \u00a9 eel-fotografie\"\n                         alt=\"Dar\u00df_Zingst_2016_016 | \u00a9 eel-fotografie\"\n                         width=\"120\"\n                         height=\"90\"\n                         style=\"max-width:100%; height: auto;\"\/><\/noscript><\/a><\/div><div id=\"ngg-image-14\" class=\"image-wrapper\"><a href=\"https:\/\/www.eel-fotografie.de\/wp2\/wp-content\/gallery\/post_13_07_Dar%C3%9F_Zingst\/20160630__Hafen_Boote_Leuchturm_Schifffahrt_601.jpg\"\n               title=\"&lt;font&gt;\u00a9 eel-fotografie&lt;\/font&gt;\"\n               data-src=\"https:\/\/www.eel-fotografie.de\/wp2\/wp-content\/gallery\/post_13_07_Dar%C3%9F_Zingst\/20160630__Hafen_Boote_Leuchturm_Schifffahrt_601.jpg\"\n               data-thumbnail=\"https:\/\/www.eel-fotografie.de\/wp2\/wp-content\/gallery\/post_13_07_Dar%C3%9F_Zingst\/thumbs\/thumbs_20160630__Hafen_Boote_Leuchturm_Schifffahrt_601.jpg\"\n               data-image-id=\"3080\"\n               data-title=\"Dar\u00df_Zingst_2016_012 | \u00a9 eel-fotografie\"\n               data-description=\"&lt;font&gt;\u00a9 eel-fotografie&lt;\/font&gt;\"\n               class=\"shutterset_c4a2adf24304ecce48cd499b204a9edd\" data-ngg-protect=\"1\"><picture><source srcset='https:\/\/www.eel-fotografie.de\/wp2\/wp-content\/gallery\/post_13_07_Dar%C3%9F_Zingst\/cache\/20160630__Hafen_Boote_Leuchturm_Schifffahrt_601.jpg-nggid043080-ngg0dyn-120x90x100-00f0w010c011r110f110r010t010.jpg' media=''><img title=\"Dar\u00df_Zingst_2016_012 | \u00a9 eel-fotografie\" alt=\"Dar\u00df_Zingst_2016_012 | \u00a9 eel-fotografie\" width=\"120\" height=\"90\" style=\"max-width:120px;max-height:90px\" src=\"https:\/\/www.eel-fotografie.de\/wp2\/wp-content\/gallery\/post_13_07_Dar%C3%9F_Zingst\/cache\/20160630__Hafen_Boote_Leuchturm_Schifffahrt_601.jpg-nggid043080-ngg0dyn-120x90x100-00f0w010c011r110f110r010t010.jpg\" srcset=\"https:\/\/www.eel-fotografie.de\/wp2\/wp-content\/gallery\/post_13_07_Dar%C3%9F_Zingst\/cache\/20160630__Hafen_Boote_Leuchturm_Schifffahrt_601.jpg-nggid043080-ngg0dyn-120x90x100-00f0w010c011r110f110r010t010.jpg\" onerror=\"nggRetryFailedImage(this);\"\/><\/picture>                <noscript><img src=\"https:\/\/www.eel-fotografie.de\/wp2\/wp-content\/gallery\/post_13_07_Dar%C3%9F_Zingst\/cache\/20160630__Hafen_Boote_Leuchturm_Schifffahrt_601.jpg-nggid043080-ngg0dyn-120x90x100-00f0w010c011r110f110r010t010.jpg\"\n                         title=\"Dar\u00df_Zingst_2016_012 | \u00a9 eel-fotografie\"\n                         alt=\"Dar\u00df_Zingst_2016_012 | \u00a9 eel-fotografie\"\n                         width=\"120\"\n                         height=\"90\"\n                         style=\"max-width:100%; height: auto;\"\/><\/noscript><\/a><\/div><div id=\"ngg-image-15\" class=\"image-wrapper\"><a href=\"https:\/\/www.eel-fotografie.de\/wp2\/wp-content\/gallery\/post_13_07_Dar%C3%9F_Zingst\/20160630__Hafen_Boote_Leuchturm_Schifffahrt_675.jpg\"\n               title=\"&lt;font&gt;\u00a9 eel-fotografie&lt;\/font&gt;\"\n               data-src=\"https:\/\/www.eel-fotografie.de\/wp2\/wp-content\/gallery\/post_13_07_Dar%C3%9F_Zingst\/20160630__Hafen_Boote_Leuchturm_Schifffahrt_675.jpg\"\n               data-thumbnail=\"https:\/\/www.eel-fotografie.de\/wp2\/wp-content\/gallery\/post_13_07_Dar%C3%9F_Zingst\/thumbs\/thumbs_20160630__Hafen_Boote_Leuchturm_Schifffahrt_675.jpg\"\n               data-image-id=\"3082\"\n               data-title=\"Dar\u00df_Zingst_2016_014 | \u00a9 eel-fotografie\"\n               data-description=\"&lt;font&gt;\u00a9 eel-fotografie&lt;\/font&gt;\"\n               class=\"shutterset_c4a2adf24304ecce48cd499b204a9edd\" data-ngg-protect=\"1\"><picture><source srcset='https:\/\/www.eel-fotografie.de\/wp2\/wp-content\/gallery\/post_13_07_Dar%C3%9F_Zingst\/cache\/20160630__Hafen_Boote_Leuchturm_Schifffahrt_675.jpg-nggid043082-ngg0dyn-120x90x100-00f0w010c011r110f110r010t010.jpg' media=''><img title=\"Dar\u00df_Zingst_2016_014 | \u00a9 eel-fotografie\" alt=\"Dar\u00df_Zingst_2016_014 | \u00a9 eel-fotografie\" width=\"120\" height=\"90\" style=\"max-width:120px;max-height:90px\" src=\"https:\/\/www.eel-fotografie.de\/wp2\/wp-content\/gallery\/post_13_07_Dar%C3%9F_Zingst\/cache\/20160630__Hafen_Boote_Leuchturm_Schifffahrt_675.jpg-nggid043082-ngg0dyn-120x90x100-00f0w010c011r110f110r010t010.jpg\" srcset=\"https:\/\/www.eel-fotografie.de\/wp2\/wp-content\/gallery\/post_13_07_Dar%C3%9F_Zingst\/cache\/20160630__Hafen_Boote_Leuchturm_Schifffahrt_675.jpg-nggid043082-ngg0dyn-120x90x100-00f0w010c011r110f110r010t010.jpg\" onerror=\"nggRetryFailedImage(this);\"\/><\/picture>                <noscript><img src=\"https:\/\/www.eel-fotografie.de\/wp2\/wp-content\/gallery\/post_13_07_Dar%C3%9F_Zingst\/cache\/20160630__Hafen_Boote_Leuchturm_Schifffahrt_675.jpg-nggid043082-ngg0dyn-120x90x100-00f0w010c011r110f110r010t010.jpg\"\n                         title=\"Dar\u00df_Zingst_2016_014 | \u00a9 eel-fotografie\"\n                         alt=\"Dar\u00df_Zingst_2016_014 | \u00a9 eel-fotografie\"\n                         width=\"120\"\n                         height=\"90\"\n                         style=\"max-width:100%; height: auto;\"\/><\/noscript><\/a><\/div><br style='clear: both'\/><div class='ngg-clear'><\/div><\/div>\n<\/p>\n<p>(16 Fotos)<\/p>\n","protected":false},"excerpt":{"rendered":"<p>Zingst Ostsee. Ein paar Fotos vom Dar\u00df &#8211; Zingst &#8211; Ostsee. Sonne, Meer, Weite und Wind. Das Meer und der Himmel. Wolken und Wasser. Ein wunderbarer Fleck Erde. (16 Fotos)<\/p>\n","protected":false},"author":1,"featured_media":10688,"comment_status":"closed","ping_status":"open","sticky":false,"template":"","format":"standard","meta":{"_genesis_hide_title":false,"_genesis_hide_breadcrumbs":false,"_genesis_hide_singular_image":false,"_genesis_hide_footer_widgets":false,"_genesis_custom_body_class":"","_genesis_custom_post_class":"","_genesis_layout":"","ngg_post_thumbnail":0,"footnotes":""},"categories":[1],"tags":[887,898,899,6,7,204,10,894,230,885,891,881,890,896,892,893,880,879,886,883,895,884,889,113,897],"class_list":{"0":"post-10679","1":"post","2":"type-post","3":"status-publish","4":"format-standard","5":"has-post-thumbnail","7":"category-allgemein","8":"tag-blauer-himmel","9":"tag-boot","10":"tag-boote","11":"tag-eberhard-krieger","12":"tag-eel-fotografie","13":"tag-eel-fotografie-bildagentur","14":"tag-foto-krieger","15":"tag-hafen","16":"tag-himmel","17":"tag-horizont","18":"tag-leuchtturm","19":"tag-meer","20":"tag-meeresrauschen","21":"tag-ostsee","22":"tag-schiff","23":"tag-schiffe","24":"tag-sonne","25":"tag-urlaub","26":"tag-urlauber","27":"tag-urlaubszeit","28":"tag-warnemuende","29":"tag-weite","30":"tag-wellen","31":"tag-wolken","32":"tag-zeesen","33":"entry"},"yoast_head":"<!-- This site is optimized with the Yoast SEO plugin v26.5 - https:\/\/yoast.com\/wordpress\/plugins\/seo\/ -->\n<title>Zingst Ostsee, Fotos - eel-fotografie | fotografie-bildagentur<\/title>\n<meta name=\"description\" content=\"Zingst Ostsee, Fotos von der Ostsee. Dar\u00df, Zingst, Warnem\u00fcnde. Sonne, Strand, Meer, M\u00f6ven, Boote, Wellen, Sand, Horizont, Weite, Wolken und Himmel.\" \/>\n<meta name=\"robots\" content=\"index, follow, max-snippet:-1, max-image-preview:large, max-video-preview:-1\" \/>\n<link rel=\"canonical\" href=\"http:\/\/www.eel-fotografie.de\/wp2\/darss-zingst-ostsee\/\" \/>\n<meta name=\"twitter:label1\" content=\"Verfasst von\" \/>\n\t<meta name=\"twitter:data1\" content=\"admin\" \/>\n<script type=\"application\/ld+json\" class=\"yoast-schema-graph\">{\"@context\":\"https:\/\/schema.org\",\"@graph\":[{\"@type\":\"Article\",\"@id\":\"http:\/\/www.eel-fotografie.de\/wp2\/darss-zingst-ostsee\/#article\",\"isPartOf\":{\"@id\":\"http:\/\/www.eel-fotografie.de\/wp2\/darss-zingst-ostsee\/\"},\"author\":{\"name\":\"admin\",\"@id\":\"https:\/\/www.eel-fotografie.de\/wp2\/#\/schema\/person\/48b675d7a081d02af2929c3629214db0\"},\"headline\":\"Zingst Ostsee\",\"datePublished\":\"2016-07-13T16:14:04+00:00\",\"dateModified\":\"2016-12-05T16:53:09+00:00\",\"mainEntityOfPage\":{\"@id\":\"http:\/\/www.eel-fotografie.de\/wp2\/darss-zingst-ostsee\/\"},\"wordCount\":31,\"publisher\":{\"@id\":\"https:\/\/www.eel-fotografie.de\/wp2\/#organization\"},\"image\":{\"@id\":\"http:\/\/www.eel-fotografie.de\/wp2\/darss-zingst-ostsee\/#primaryimage\"},\"thumbnailUrl\":\"https:\/\/www.eel-fotografie.de\/wp2\/wp-content\/uploads\/ngg_featured\/20160615_Hafen_Boote_Leuchturm_Schifffahrt_152.jpg\",\"keywords\":[\"Blauer Himmel\",\"Boot\",\"Boote\",\"Eberhard Krieger\",\"eel fotografie\",\"eel-fotografie bildagentur\",\"foto-krieger\",\"Hafen\",\"Himmel\",\"Horizont\",\"Leuchtturm\",\"Meer\",\"Meeresrauschen\",\"Ostsee\",\"Schiff\",\"Schiffe\",\"Sonne\",\"Urlaub\",\"Urlauber\",\"Urlaubszeit\",\"Warnem\u00fcnde\",\"Weite\",\"Wellen\",\"Wolken\",\"Zeesen\"],\"inLanguage\":\"de\"},{\"@type\":\"WebPage\",\"@id\":\"http:\/\/www.eel-fotografie.de\/wp2\/darss-zingst-ostsee\/\",\"url\":\"http:\/\/www.eel-fotografie.de\/wp2\/darss-zingst-ostsee\/\",\"name\":\"Zingst Ostsee, Fotos - eel-fotografie | fotografie-bildagentur\",\"isPartOf\":{\"@id\":\"https:\/\/www.eel-fotografie.de\/wp2\/#website\"},\"primaryImageOfPage\":{\"@id\":\"http:\/\/www.eel-fotografie.de\/wp2\/darss-zingst-ostsee\/#primaryimage\"},\"image\":{\"@id\":\"http:\/\/www.eel-fotografie.de\/wp2\/darss-zingst-ostsee\/#primaryimage\"},\"thumbnailUrl\":\"https:\/\/www.eel-fotografie.de\/wp2\/wp-content\/uploads\/ngg_featured\/20160615_Hafen_Boote_Leuchturm_Schifffahrt_152.jpg\",\"datePublished\":\"2016-07-13T16:14:04+00:00\",\"dateModified\":\"2016-12-05T16:53:09+00:00\",\"description\":\"Zingst Ostsee, Fotos von der Ostsee. Dar\u00df, Zingst, Warnem\u00fcnde. Sonne, Strand, Meer, M\u00f6ven, Boote, Wellen, Sand, Horizont, Weite, Wolken und Himmel.\",\"breadcrumb\":{\"@id\":\"http:\/\/www.eel-fotografie.de\/wp2\/darss-zingst-ostsee\/#breadcrumb\"},\"inLanguage\":\"de\",\"potentialAction\":[{\"@type\":\"ReadAction\",\"target\":[\"http:\/\/www.eel-fotografie.de\/wp2\/darss-zingst-ostsee\/\"]}]},{\"@type\":\"ImageObject\",\"inLanguage\":\"de\",\"@id\":\"http:\/\/www.eel-fotografie.de\/wp2\/darss-zingst-ostsee\/#primaryimage\",\"url\":\"https:\/\/www.eel-fotografie.de\/wp2\/wp-content\/uploads\/ngg_featured\/20160615_Hafen_Boote_Leuchturm_Schifffahrt_152.jpg\",\"contentUrl\":\"https:\/\/www.eel-fotografie.de\/wp2\/wp-content\/uploads\/ngg_featured\/20160615_Hafen_Boote_Leuchturm_Schifffahrt_152.jpg\",\"width\":1024,\"height\":681},{\"@type\":\"BreadcrumbList\",\"@id\":\"http:\/\/www.eel-fotografie.de\/wp2\/darss-zingst-ostsee\/#breadcrumb\",\"itemListElement\":[{\"@type\":\"ListItem\",\"position\":1,\"name\":\"Home\",\"item\":\"https:\/\/www.eel-fotografie.de\/wp2\/\"},{\"@type\":\"ListItem\",\"position\":2,\"name\":\"Zingst Ostsee\"}]},{\"@type\":\"WebSite\",\"@id\":\"https:\/\/www.eel-fotografie.de\/wp2\/#website\",\"url\":\"https:\/\/www.eel-fotografie.de\/wp2\/\",\"name\":\"eel-fotografie\",\"description\":\"fotografie - bildagentur\",\"publisher\":{\"@id\":\"https:\/\/www.eel-fotografie.de\/wp2\/#organization\"},\"potentialAction\":[{\"@type\":\"SearchAction\",\"target\":{\"@type\":\"EntryPoint\",\"urlTemplate\":\"https:\/\/www.eel-fotografie.de\/wp2\/?s={search_term_string}\"},\"query-input\":{\"@type\":\"PropertyValueSpecification\",\"valueRequired\":true,\"valueName\":\"search_term_string\"}}],\"inLanguage\":\"de\"},{\"@type\":\"Organization\",\"@id\":\"https:\/\/www.eel-fotografie.de\/wp2\/#organization\",\"name\":\"eel-fotografie | fotografie - bildagentur\",\"url\":\"https:\/\/www.eel-fotografie.de\/wp2\/\",\"logo\":{\"@type\":\"ImageObject\",\"inLanguage\":\"de\",\"@id\":\"https:\/\/www.eel-fotografie.de\/wp2\/#\/schema\/logo\/image\/\",\"url\":\"http:\/\/www.eel-fotografie.de\/wp2\/wp-content\/uploads\/eel-fotografie_logo_2_500x250.png\",\"contentUrl\":\"http:\/\/www.eel-fotografie.de\/wp2\/wp-content\/uploads\/eel-fotografie_logo_2_500x250.png\",\"width\":500,\"height\":254,\"caption\":\"eel-fotografie | fotografie - bildagentur\"},\"image\":{\"@id\":\"https:\/\/www.eel-fotografie.de\/wp2\/#\/schema\/logo\/image\/\"},\"sameAs\":[\"https:\/\/www.instagram.com\/eelfotografie\/\"]},{\"@type\":\"Person\",\"@id\":\"https:\/\/www.eel-fotografie.de\/wp2\/#\/schema\/person\/48b675d7a081d02af2929c3629214db0\",\"name\":\"admin\",\"image\":{\"@type\":\"ImageObject\",\"inLanguage\":\"de\",\"@id\":\"https:\/\/www.eel-fotografie.de\/wp2\/#\/schema\/person\/image\/\",\"url\":\"https:\/\/secure.gravatar.com\/avatar\/0238886d5b298e452983f5d971ee0c60774f53da880f3705d3087707fa31096c?s=96&d=mm&r=g\",\"contentUrl\":\"https:\/\/secure.gravatar.com\/avatar\/0238886d5b298e452983f5d971ee0c60774f53da880f3705d3087707fa31096c?s=96&d=mm&r=g\",\"caption\":\"admin\"},\"description\":\"Head of eel-fotografie | fotografie-bildagentur\",\"sameAs\":[\"http:\/\/www.eel-fotografie.de\"],\"url\":\"https:\/\/www.eel-fotografie.de\/wp2\/author\/admin\/\"}]}<\/script>\n<!-- \/ Yoast SEO plugin. -->","yoast_head_json":{"title":"Zingst Ostsee, Fotos - eel-fotografie | fotografie-bildagentur","description":"Zingst Ostsee, Fotos von der Ostsee. Dar\u00df, Zingst, Warnem\u00fcnde. Sonne, Strand, Meer, M\u00f6ven, Boote, Wellen, Sand, Horizont, Weite, Wolken und Himmel.","robots":{"index":"index","follow":"follow","max-snippet":"max-snippet:-1","max-image-preview":"max-image-preview:large","max-video-preview":"max-video-preview:-1"},"canonical":"http:\/\/www.eel-fotografie.de\/wp2\/darss-zingst-ostsee\/","twitter_misc":{"Verfasst von":"admin"},"schema":{"@context":"https:\/\/schema.org","@graph":[{"@type":"Article","@id":"http:\/\/www.eel-fotografie.de\/wp2\/darss-zingst-ostsee\/#article","isPartOf":{"@id":"http:\/\/www.eel-fotografie.de\/wp2\/darss-zingst-ostsee\/"},"author":{"name":"admin","@id":"https:\/\/www.eel-fotografie.de\/wp2\/#\/schema\/person\/48b675d7a081d02af2929c3629214db0"},"headline":"Zingst Ostsee","datePublished":"2016-07-13T16:14:04+00:00","dateModified":"2016-12-05T16:53:09+00:00","mainEntityOfPage":{"@id":"http:\/\/www.eel-fotografie.de\/wp2\/darss-zingst-ostsee\/"},"wordCount":31,"publisher":{"@id":"https:\/\/www.eel-fotografie.de\/wp2\/#organization"},"image":{"@id":"http:\/\/www.eel-fotografie.de\/wp2\/darss-zingst-ostsee\/#primaryimage"},"thumbnailUrl":"https:\/\/www.eel-fotografie.de\/wp2\/wp-content\/uploads\/ngg_featured\/20160615_Hafen_Boote_Leuchturm_Schifffahrt_152.jpg","keywords":["Blauer Himmel","Boot","Boote","Eberhard Krieger","eel fotografie","eel-fotografie bildagentur","foto-krieger","Hafen","Himmel","Horizont","Leuchtturm","Meer","Meeresrauschen","Ostsee","Schiff","Schiffe","Sonne","Urlaub","Urlauber","Urlaubszeit","Warnem\u00fcnde","Weite","Wellen","Wolken","Zeesen"],"inLanguage":"de"},{"@type":"WebPage","@id":"http:\/\/www.eel-fotografie.de\/wp2\/darss-zingst-ostsee\/","url":"http:\/\/www.eel-fotografie.de\/wp2\/darss-zingst-ostsee\/","name":"Zingst Ostsee, Fotos - eel-fotografie | fotografie-bildagentur","isPartOf":{"@id":"https:\/\/www.eel-fotografie.de\/wp2\/#website"},"primaryImageOfPage":{"@id":"http:\/\/www.eel-fotografie.de\/wp2\/darss-zingst-ostsee\/#primaryimage"},"image":{"@id":"http:\/\/www.eel-fotografie.de\/wp2\/darss-zingst-ostsee\/#primaryimage"},"thumbnailUrl":"https:\/\/www.eel-fotografie.de\/wp2\/wp-content\/uploads\/ngg_featured\/20160615_Hafen_Boote_Leuchturm_Schifffahrt_152.jpg","datePublished":"2016-07-13T16:14:04+00:00","dateModified":"2016-12-05T16:53:09+00:00","description":"Zingst Ostsee, Fotos von der Ostsee. Dar\u00df, Zingst, Warnem\u00fcnde. Sonne, Strand, Meer, M\u00f6ven, Boote, Wellen, Sand, Horizont, Weite, Wolken und Himmel.","breadcrumb":{"@id":"http:\/\/www.eel-fotografie.de\/wp2\/darss-zingst-ostsee\/#breadcrumb"},"inLanguage":"de","potentialAction":[{"@type":"ReadAction","target":["http:\/\/www.eel-fotografie.de\/wp2\/darss-zingst-ostsee\/"]}]},{"@type":"ImageObject","inLanguage":"de","@id":"http:\/\/www.eel-fotografie.de\/wp2\/darss-zingst-ostsee\/#primaryimage","url":"https:\/\/www.eel-fotografie.de\/wp2\/wp-content\/uploads\/ngg_featured\/20160615_Hafen_Boote_Leuchturm_Schifffahrt_152.jpg","contentUrl":"https:\/\/www.eel-fotografie.de\/wp2\/wp-content\/uploads\/ngg_featured\/20160615_Hafen_Boote_Leuchturm_Schifffahrt_152.jpg","width":1024,"height":681},{"@type":"BreadcrumbList","@id":"http:\/\/www.eel-fotografie.de\/wp2\/darss-zingst-ostsee\/#breadcrumb","itemListElement":[{"@type":"ListItem","position":1,"name":"Home","item":"https:\/\/www.eel-fotografie.de\/wp2\/"},{"@type":"ListItem","position":2,"name":"Zingst Ostsee"}]},{"@type":"WebSite","@id":"https:\/\/www.eel-fotografie.de\/wp2\/#website","url":"https:\/\/www.eel-fotografie.de\/wp2\/","name":"eel-fotografie","description":"fotografie - bildagentur","publisher":{"@id":"https:\/\/www.eel-fotografie.de\/wp2\/#organization"},"potentialAction":[{"@type":"SearchAction","target":{"@type":"EntryPoint","urlTemplate":"https:\/\/www.eel-fotografie.de\/wp2\/?s={search_term_string}"},"query-input":{"@type":"PropertyValueSpecification","valueRequired":true,"valueName":"search_term_string"}}],"inLanguage":"de"},{"@type":"Organization","@id":"https:\/\/www.eel-fotografie.de\/wp2\/#organization","name":"eel-fotografie | fotografie - bildagentur","url":"https:\/\/www.eel-fotografie.de\/wp2\/","logo":{"@type":"ImageObject","inLanguage":"de","@id":"https:\/\/www.eel-fotografie.de\/wp2\/#\/schema\/logo\/image\/","url":"http:\/\/www.eel-fotografie.de\/wp2\/wp-content\/uploads\/eel-fotografie_logo_2_500x250.png","contentUrl":"http:\/\/www.eel-fotografie.de\/wp2\/wp-content\/uploads\/eel-fotografie_logo_2_500x250.png","width":500,"height":254,"caption":"eel-fotografie | fotografie - bildagentur"},"image":{"@id":"https:\/\/www.eel-fotografie.de\/wp2\/#\/schema\/logo\/image\/"},"sameAs":["https:\/\/www.instagram.com\/eelfotografie\/"]},{"@type":"Person","@id":"https:\/\/www.eel-fotografie.de\/wp2\/#\/schema\/person\/48b675d7a081d02af2929c3629214db0","name":"admin","image":{"@type":"ImageObject","inLanguage":"de","@id":"https:\/\/www.eel-fotografie.de\/wp2\/#\/schema\/person\/image\/","url":"https:\/\/secure.gravatar.com\/avatar\/0238886d5b298e452983f5d971ee0c60774f53da880f3705d3087707fa31096c?s=96&d=mm&r=g","contentUrl":"https:\/\/secure.gravatar.com\/avatar\/0238886d5b298e452983f5d971ee0c60774f53da880f3705d3087707fa31096c?s=96&d=mm&r=g","caption":"admin"},"description":"Head of eel-fotografie | fotografie-bildagentur","sameAs":["http:\/\/www.eel-fotografie.de"],"url":"https:\/\/www.eel-fotografie.de\/wp2\/author\/admin\/"}]}},"_links":{"self":[{"href":"https:\/\/www.eel-fotografie.de\/wp2\/wp-json\/wp\/v2\/posts\/10679","targetHints":{"allow":["GET"]}}],"collection":[{"href":"https:\/\/www.eel-fotografie.de\/wp2\/wp-json\/wp\/v2\/posts"}],"about":[{"href":"https:\/\/www.eel-fotografie.de\/wp2\/wp-json\/wp\/v2\/types\/post"}],"author":[{"embeddable":true,"href":"https:\/\/www.eel-fotografie.de\/wp2\/wp-json\/wp\/v2\/users\/1"}],"replies":[{"embeddable":true,"href":"https:\/\/www.eel-fotografie.de\/wp2\/wp-json\/wp\/v2\/comments?post=10679"}],"version-history":[{"count":0,"href":"https:\/\/www.eel-fotografie.de\/wp2\/wp-json\/wp\/v2\/posts\/10679\/revisions"}],"wp:featuredmedia":[{"embeddable":true,"href":"https:\/\/www.eel-fotografie.de\/wp2\/wp-json\/wp\/v2\/media\/10688"}],"wp:attachment":[{"href":"https:\/\/www.eel-fotografie.de\/wp2\/wp-json\/wp\/v2\/media?parent=10679"}],"wp:term":[{"taxonomy":"category","embeddable":true,"href":"https:\/\/www.eel-fotografie.de\/wp2\/wp-json\/wp\/v2\/categories?post=10679"},{"taxonomy":"post_tag","embeddable":true,"href":"https:\/\/www.eel-fotografie.de\/wp2\/wp-json\/wp\/v2\/tags?post=10679"}],"curies":[{"name":"wp","href":"https:\/\/api.w.org\/{rel}","templated":true}]}}