{"id":11019,"date":"2016-08-05T09:15:25","date_gmt":"2016-08-05T07:15:25","guid":{"rendered":"http:\/\/www.eel-fotografie.de\/wp2\/?p=11019"},"modified":"2019-05-07T16:07:50","modified_gmt":"2019-05-07T14:07:50","slug":"formel-1-gp-deutschland-teil-1","status":"publish","type":"post","link":"https:\/\/www.eel-fotografie.de\/wp2\/formel-1-gp-deutschland-teil-1\/","title":{"rendered":"Formel 1 GP Deutschland &#8211; Teil 1"},"content":{"rendered":"<p style=\"text-align: justify;\">Formel 1 Grand Prix von Deutschland in Hockenheim, Teil 1.<\/p>\n<p><div class=\"nextgen_pro_blog_gallery\" id=\"displayed_gallery_9925febd03229ec4c9825378df764d97\">\n            <div id=\"ngg-image-displayed_gallery_9925febd03229ec4c9825378df764d97-0\" class=\"image-wrapper\" style=\"width: 1022px\">\n                                    <a href=\"https:\/\/www.eel-fotografie.de\/wp2\/wp-content\/gallery\/post_05_08_2016_f1_gp_deutschland_1_teaser\/DSC_9808_teaser.jpg\"\n               title=\"\u00a9 eel-fotografie\"\n               data-src=\"https:\/\/www.eel-fotografie.de\/wp2\/wp-content\/gallery\/post_05_08_2016_f1_gp_deutschland_1_teaser\/DSC_9808_teaser.jpg\"\n               data-thumbnail=\"https:\/\/www.eel-fotografie.de\/wp2\/wp-content\/gallery\/post_05_08_2016_f1_gp_deutschland_1_teaser\/thumbs\/thumbs_DSC_9808_teaser.jpg\"\n               data-image-id=\"3209\"\n               data-title=\"DSC_9808_teaser | \u00a9 eel-fotografie\"\n               data-description=\"\u00a9 eel-fotografie\"\n               class=\"shutterset_9925febd03229ec4c9825378df764d97\" data-ngg-protect=\"1\">\n                <picture>\n\t\n<source srcset='https:\/\/www.eel-fotografie.de\/wp2\/wp-content\/gallery\/post_05_08_2016_f1_gp_deutschland_1_teaser\/DSC_9808_teaser.jpg' media=''>\n<img width=\"1022\" title=\"DSC_9808_teaser | \u00a9 eel-fotografie\" alt=\"DSC_9808_teaser | \u00a9 eel-fotografie\" style=\"max-width:1022px;max-height:px\" src=\"https:\/\/www.eel-fotografie.de\/wp2\/wp-content\/gallery\/post_05_08_2016_f1_gp_deutschland_1_teaser\/DSC_9808_teaser.jpg\" srcset=\"https:\/\/www.eel-fotografie.de\/wp2\/wp-content\/gallery\/post_05_08_2016_f1_gp_deutschland_1_teaser\/DSC_9808_teaser.jpg\" onerror=\"nggRetryFailedImage(this);\"\/>\n<\/picture>            <\/a>\n                                <\/div>\n        <div class=\"ngg-clear\"><\/div>\n        <\/div>\n<\/p>\n<p style=\"text-align: justify;\">Lewis Hamilton gewinnt den Grossen Preis von Deutschland in Hockenheim und baut seine Tabellenf\u00fchrung gegen\u00fcber Nico Rosberg weiter aus.<\/p>\n<p style=\"text-align: justify;\">Das Ergebnis: 1. Lewis Hamilton, Mercedes, 2. Daniel Ricciardo, Red Bull, 3. Max Verstappen, Red Bull, 4. Nico Rosberg, Mercedes, 5. Sebastian Vettel, Ferrari, 6. Kimi R\u00e4ikk\u00f6nen, Ferrari, 7. Nico H\u00fclkenberg, Force India, 8. Jenson Button, McLaren.<\/p>\n<p style=\"text-align: justify;\">Ferrari, mit Sebastian Vettel, entt\u00e4uschte die 57.000 Zuschauer. Sie konnten nie um einen Podiumsplatz k\u00e4mpfen.<\/p>\n<p style=\"text-align: justify;\"><div class=\"nextgen_pro_thumbnail_grid\" id=\"displayed_gallery_d59166f8dbc72fd1721138dbbe882771\"><div id=\"ngg-image-0\" class=\"image-wrapper\"><a href=\"https:\/\/www.eel-fotografie.de\/wp2\/wp-content\/gallery\/post_05_08_2016_f1_gp_deutschland_1\/DSC_6480.jpg\"\n               title=\"&lt;font&gt;\u00a9 eel-fotografie&lt;\/font&gt;\"\n               data-src=\"https:\/\/www.eel-fotografie.de\/wp2\/wp-content\/gallery\/post_05_08_2016_f1_gp_deutschland_1\/DSC_6480.jpg\"\n               data-thumbnail=\"https:\/\/www.eel-fotografie.de\/wp2\/wp-content\/gallery\/post_05_08_2016_f1_gp_deutschland_1\/thumbs\/thumbs_DSC_6480.jpg\"\n               data-image-id=\"3199\"\n               data-title=\"DSC_6480 | \u00a9 eel-fotografie\"\n               data-description=\"&lt;font&gt;\u00a9 eel-fotografie&lt;\/font&gt;\"\n               class=\"shutterset_d59166f8dbc72fd1721138dbbe882771\" data-ngg-protect=\"1\"><picture><source srcset='https:\/\/www.eel-fotografie.de\/wp2\/wp-content\/gallery\/post_05_08_2016_f1_gp_deutschland_1\/cache\/DSC_6480.jpg-nggid043199-ngg0dyn-120x90x100-00f0w010c011r110f110r010t010.jpg' media=''><img title=\"DSC_6480 | \u00a9 eel-fotografie\" alt=\"DSC_6480 | \u00a9 eel-fotografie\" width=\"120\" height=\"90\" style=\"max-width:120px;max-height:90px\" src=\"https:\/\/www.eel-fotografie.de\/wp2\/wp-content\/gallery\/post_05_08_2016_f1_gp_deutschland_1\/cache\/DSC_6480.jpg-nggid043199-ngg0dyn-120x90x100-00f0w010c011r110f110r010t010.jpg\" srcset=\"https:\/\/www.eel-fotografie.de\/wp2\/wp-content\/gallery\/post_05_08_2016_f1_gp_deutschland_1\/cache\/DSC_6480.jpg-nggid043199-ngg0dyn-120x90x100-00f0w010c011r110f110r010t010.jpg\" onerror=\"nggRetryFailedImage(this);\"\/><\/picture>                <noscript><img src=\"https:\/\/www.eel-fotografie.de\/wp2\/wp-content\/gallery\/post_05_08_2016_f1_gp_deutschland_1\/cache\/DSC_6480.jpg-nggid043199-ngg0dyn-120x90x100-00f0w010c011r110f110r010t010.jpg\"\n                         title=\"DSC_6480 | \u00a9 eel-fotografie\"\n                         alt=\"DSC_6480 | \u00a9 eel-fotografie\"\n                         width=\"120\"\n                         height=\"90\"\n                         style=\"max-width:100%; height: auto;\"\/><\/noscript><\/a><\/div><div id=\"ngg-image-1\" class=\"image-wrapper\"><a href=\"https:\/\/www.eel-fotografie.de\/wp2\/wp-content\/gallery\/post_05_08_2016_f1_gp_deutschland_1\/DSC_0050.jpg\"\n               title=\"&lt;font&gt;\u00a9 eel-fotografie&lt;\/font&gt;\"\n               data-src=\"https:\/\/www.eel-fotografie.de\/wp2\/wp-content\/gallery\/post_05_08_2016_f1_gp_deutschland_1\/DSC_0050.jpg\"\n               data-thumbnail=\"https:\/\/www.eel-fotografie.de\/wp2\/wp-content\/gallery\/post_05_08_2016_f1_gp_deutschland_1\/thumbs\/thumbs_DSC_0050.jpg\"\n               data-image-id=\"3176\"\n               data-title=\"DSC_0050 | \u00a9 eel-fotografie\"\n               data-description=\"&lt;font&gt;\u00a9 eel-fotografie&lt;\/font&gt;\"\n               class=\"shutterset_d59166f8dbc72fd1721138dbbe882771\" data-ngg-protect=\"1\"><picture><source srcset='https:\/\/www.eel-fotografie.de\/wp2\/wp-content\/gallery\/post_05_08_2016_f1_gp_deutschland_1\/cache\/DSC_0050.jpg-nggid043176-ngg0dyn-120x90x100-00f0w010c011r110f110r010t010.jpg' media=''><img title=\"DSC_0050 | \u00a9 eel-fotografie\" alt=\"DSC_0050 | \u00a9 eel-fotografie\" width=\"120\" height=\"90\" style=\"max-width:120px;max-height:90px\" src=\"https:\/\/www.eel-fotografie.de\/wp2\/wp-content\/gallery\/post_05_08_2016_f1_gp_deutschland_1\/cache\/DSC_0050.jpg-nggid043176-ngg0dyn-120x90x100-00f0w010c011r110f110r010t010.jpg\" srcset=\"https:\/\/www.eel-fotografie.de\/wp2\/wp-content\/gallery\/post_05_08_2016_f1_gp_deutschland_1\/cache\/DSC_0050.jpg-nggid043176-ngg0dyn-120x90x100-00f0w010c011r110f110r010t010.jpg\" onerror=\"nggRetryFailedImage(this);\"\/><\/picture>                <noscript><img src=\"https:\/\/www.eel-fotografie.de\/wp2\/wp-content\/gallery\/post_05_08_2016_f1_gp_deutschland_1\/cache\/DSC_0050.jpg-nggid043176-ngg0dyn-120x90x100-00f0w010c011r110f110r010t010.jpg\"\n                         title=\"DSC_0050 | \u00a9 eel-fotografie\"\n                         alt=\"DSC_0050 | \u00a9 eel-fotografie\"\n                         width=\"120\"\n                         height=\"90\"\n                         style=\"max-width:100%; height: auto;\"\/><\/noscript><\/a><\/div><div id=\"ngg-image-2\" class=\"image-wrapper\"><a href=\"https:\/\/www.eel-fotografie.de\/wp2\/wp-content\/gallery\/post_05_08_2016_f1_gp_deutschland_1\/DSC_3194.jpg\"\n               title=\"&lt;font&gt;\u00a9 eel-fotografie&lt;\/font&gt;\"\n               data-src=\"https:\/\/www.eel-fotografie.de\/wp2\/wp-content\/gallery\/post_05_08_2016_f1_gp_deutschland_1\/DSC_3194.jpg\"\n               data-thumbnail=\"https:\/\/www.eel-fotografie.de\/wp2\/wp-content\/gallery\/post_05_08_2016_f1_gp_deutschland_1\/thumbs\/thumbs_DSC_3194.jpg\"\n               data-image-id=\"3190\"\n               data-title=\"DSC_3194 | \u00a9 eel-fotografie\"\n               data-description=\"&lt;font&gt;\u00a9 eel-fotografie&lt;\/font&gt;\"\n               class=\"shutterset_d59166f8dbc72fd1721138dbbe882771\" data-ngg-protect=\"1\"><picture><source srcset='https:\/\/www.eel-fotografie.de\/wp2\/wp-content\/gallery\/post_05_08_2016_f1_gp_deutschland_1\/cache\/DSC_3194.jpg-nggid043190-ngg0dyn-120x90x100-00f0w010c011r110f110r010t010.jpg' media=''><img title=\"DSC_3194 | \u00a9 eel-fotografie\" alt=\"DSC_3194 | \u00a9 eel-fotografie\" width=\"120\" height=\"90\" style=\"max-width:120px;max-height:90px\" src=\"https:\/\/www.eel-fotografie.de\/wp2\/wp-content\/gallery\/post_05_08_2016_f1_gp_deutschland_1\/cache\/DSC_3194.jpg-nggid043190-ngg0dyn-120x90x100-00f0w010c011r110f110r010t010.jpg\" srcset=\"https:\/\/www.eel-fotografie.de\/wp2\/wp-content\/gallery\/post_05_08_2016_f1_gp_deutschland_1\/cache\/DSC_3194.jpg-nggid043190-ngg0dyn-120x90x100-00f0w010c011r110f110r010t010.jpg\" onerror=\"nggRetryFailedImage(this);\"\/><\/picture>                <noscript><img src=\"https:\/\/www.eel-fotografie.de\/wp2\/wp-content\/gallery\/post_05_08_2016_f1_gp_deutschland_1\/cache\/DSC_3194.jpg-nggid043190-ngg0dyn-120x90x100-00f0w010c011r110f110r010t010.jpg\"\n                         title=\"DSC_3194 | \u00a9 eel-fotografie\"\n                         alt=\"DSC_3194 | \u00a9 eel-fotografie\"\n                         width=\"120\"\n                         height=\"90\"\n                         style=\"max-width:100%; height: auto;\"\/><\/noscript><\/a><\/div><div id=\"ngg-image-3\" class=\"image-wrapper\"><a href=\"https:\/\/www.eel-fotografie.de\/wp2\/wp-content\/gallery\/post_05_08_2016_f1_gp_deutschland_1\/DSC_0115.jpg\"\n               title=\"&lt;font&gt;\u00a9 eel-fotografie&lt;\/font&gt;\"\n               data-src=\"https:\/\/www.eel-fotografie.de\/wp2\/wp-content\/gallery\/post_05_08_2016_f1_gp_deutschland_1\/DSC_0115.jpg\"\n               data-thumbnail=\"https:\/\/www.eel-fotografie.de\/wp2\/wp-content\/gallery\/post_05_08_2016_f1_gp_deutschland_1\/thumbs\/thumbs_DSC_0115.jpg\"\n               data-image-id=\"3178\"\n               data-title=\"DSC_0115 | \u00a9 eel-fotografie\"\n               data-description=\"&lt;font&gt;\u00a9 eel-fotografie&lt;\/font&gt;\"\n               class=\"shutterset_d59166f8dbc72fd1721138dbbe882771\" data-ngg-protect=\"1\"><picture><source srcset='https:\/\/www.eel-fotografie.de\/wp2\/wp-content\/gallery\/post_05_08_2016_f1_gp_deutschland_1\/cache\/DSC_0115.jpg-nggid043178-ngg0dyn-120x90x100-00f0w010c011r110f110r010t010.jpg' media=''><img title=\"DSC_0115 | \u00a9 eel-fotografie\" alt=\"DSC_0115 | \u00a9 eel-fotografie\" width=\"120\" height=\"90\" style=\"max-width:120px;max-height:90px\" src=\"https:\/\/www.eel-fotografie.de\/wp2\/wp-content\/gallery\/post_05_08_2016_f1_gp_deutschland_1\/cache\/DSC_0115.jpg-nggid043178-ngg0dyn-120x90x100-00f0w010c011r110f110r010t010.jpg\" srcset=\"https:\/\/www.eel-fotografie.de\/wp2\/wp-content\/gallery\/post_05_08_2016_f1_gp_deutschland_1\/cache\/DSC_0115.jpg-nggid043178-ngg0dyn-120x90x100-00f0w010c011r110f110r010t010.jpg\" onerror=\"nggRetryFailedImage(this);\"\/><\/picture>                <noscript><img src=\"https:\/\/www.eel-fotografie.de\/wp2\/wp-content\/gallery\/post_05_08_2016_f1_gp_deutschland_1\/cache\/DSC_0115.jpg-nggid043178-ngg0dyn-120x90x100-00f0w010c011r110f110r010t010.jpg\"\n                         title=\"DSC_0115 | \u00a9 eel-fotografie\"\n                         alt=\"DSC_0115 | \u00a9 eel-fotografie\"\n                         width=\"120\"\n                         height=\"90\"\n                         style=\"max-width:100%; height: auto;\"\/><\/noscript><\/a><\/div><br style='clear: both'\/><div id=\"ngg-image-4\" class=\"image-wrapper\"><a href=\"https:\/\/www.eel-fotografie.de\/wp2\/wp-content\/gallery\/post_05_08_2016_f1_gp_deutschland_1\/DSC_9842.jpg\"\n               title=\"&lt;font&gt;\u00a9 eel-fotografie&lt;\/font&gt;\"\n               data-src=\"https:\/\/www.eel-fotografie.de\/wp2\/wp-content\/gallery\/post_05_08_2016_f1_gp_deutschland_1\/DSC_9842.jpg\"\n               data-thumbnail=\"https:\/\/www.eel-fotografie.de\/wp2\/wp-content\/gallery\/post_05_08_2016_f1_gp_deutschland_1\/thumbs\/thumbs_DSC_9842.jpg\"\n               data-image-id=\"3205\"\n               data-title=\"DSC_9842 | \u00a9 eel-fotografie\"\n               data-description=\"&lt;font&gt;\u00a9 eel-fotografie&lt;\/font&gt;\"\n               class=\"shutterset_d59166f8dbc72fd1721138dbbe882771\" data-ngg-protect=\"1\"><picture><source srcset='https:\/\/www.eel-fotografie.de\/wp2\/wp-content\/gallery\/post_05_08_2016_f1_gp_deutschland_1\/cache\/DSC_9842.jpg-nggid043205-ngg0dyn-120x90x100-00f0w010c011r110f110r010t010.jpg' media=''><img title=\"DSC_9842 | \u00a9 eel-fotografie\" alt=\"DSC_9842 | \u00a9 eel-fotografie\" width=\"120\" height=\"90\" style=\"max-width:120px;max-height:90px\" src=\"https:\/\/www.eel-fotografie.de\/wp2\/wp-content\/gallery\/post_05_08_2016_f1_gp_deutschland_1\/cache\/DSC_9842.jpg-nggid043205-ngg0dyn-120x90x100-00f0w010c011r110f110r010t010.jpg\" srcset=\"https:\/\/www.eel-fotografie.de\/wp2\/wp-content\/gallery\/post_05_08_2016_f1_gp_deutschland_1\/cache\/DSC_9842.jpg-nggid043205-ngg0dyn-120x90x100-00f0w010c011r110f110r010t010.jpg\" onerror=\"nggRetryFailedImage(this);\"\/><\/picture>                <noscript><img src=\"https:\/\/www.eel-fotografie.de\/wp2\/wp-content\/gallery\/post_05_08_2016_f1_gp_deutschland_1\/cache\/DSC_9842.jpg-nggid043205-ngg0dyn-120x90x100-00f0w010c011r110f110r010t010.jpg\"\n                         title=\"DSC_9842 | \u00a9 eel-fotografie\"\n                         alt=\"DSC_9842 | \u00a9 eel-fotografie\"\n                         width=\"120\"\n                         height=\"90\"\n                         style=\"max-width:100%; height: auto;\"\/><\/noscript><\/a><\/div><div id=\"ngg-image-5\" class=\"image-wrapper\"><a href=\"https:\/\/www.eel-fotografie.de\/wp2\/wp-content\/gallery\/post_05_08_2016_f1_gp_deutschland_1\/DSC_6504.jpg\"\n               title=\"&lt;font&gt;\u00a9 eel-fotografie&lt;\/font&gt;\"\n               data-src=\"https:\/\/www.eel-fotografie.de\/wp2\/wp-content\/gallery\/post_05_08_2016_f1_gp_deutschland_1\/DSC_6504.jpg\"\n               data-thumbnail=\"https:\/\/www.eel-fotografie.de\/wp2\/wp-content\/gallery\/post_05_08_2016_f1_gp_deutschland_1\/thumbs\/thumbs_DSC_6504.jpg\"\n               data-image-id=\"3200\"\n               data-title=\"DSC_6504 | \u00a9 eel-fotografie\"\n               data-description=\"&lt;font&gt;\u00a9 eel-fotografie&lt;\/font&gt;\"\n               class=\"shutterset_d59166f8dbc72fd1721138dbbe882771\" data-ngg-protect=\"1\"><picture><source srcset='https:\/\/www.eel-fotografie.de\/wp2\/wp-content\/gallery\/post_05_08_2016_f1_gp_deutschland_1\/cache\/DSC_6504.jpg-nggid043200-ngg0dyn-120x90x100-00f0w010c011r110f110r010t010.jpg' media=''><img title=\"DSC_6504 | \u00a9 eel-fotografie\" alt=\"DSC_6504 | \u00a9 eel-fotografie\" width=\"120\" height=\"90\" style=\"max-width:120px;max-height:90px\" src=\"https:\/\/www.eel-fotografie.de\/wp2\/wp-content\/gallery\/post_05_08_2016_f1_gp_deutschland_1\/cache\/DSC_6504.jpg-nggid043200-ngg0dyn-120x90x100-00f0w010c011r110f110r010t010.jpg\" srcset=\"https:\/\/www.eel-fotografie.de\/wp2\/wp-content\/gallery\/post_05_08_2016_f1_gp_deutschland_1\/cache\/DSC_6504.jpg-nggid043200-ngg0dyn-120x90x100-00f0w010c011r110f110r010t010.jpg\" onerror=\"nggRetryFailedImage(this);\"\/><\/picture>                <noscript><img src=\"https:\/\/www.eel-fotografie.de\/wp2\/wp-content\/gallery\/post_05_08_2016_f1_gp_deutschland_1\/cache\/DSC_6504.jpg-nggid043200-ngg0dyn-120x90x100-00f0w010c011r110f110r010t010.jpg\"\n                         title=\"DSC_6504 | \u00a9 eel-fotografie\"\n                         alt=\"DSC_6504 | \u00a9 eel-fotografie\"\n                         width=\"120\"\n                         height=\"90\"\n                         style=\"max-width:100%; height: auto;\"\/><\/noscript><\/a><\/div><div id=\"ngg-image-6\" class=\"image-wrapper\"><a href=\"https:\/\/www.eel-fotografie.de\/wp2\/wp-content\/gallery\/post_05_08_2016_f1_gp_deutschland_1\/DSC_3425.jpg\"\n               title=\"&lt;font&gt;\u00a9 eel-fotografie&lt;\/font&gt;\"\n               data-src=\"https:\/\/www.eel-fotografie.de\/wp2\/wp-content\/gallery\/post_05_08_2016_f1_gp_deutschland_1\/DSC_3425.jpg\"\n               data-thumbnail=\"https:\/\/www.eel-fotografie.de\/wp2\/wp-content\/gallery\/post_05_08_2016_f1_gp_deutschland_1\/thumbs\/thumbs_DSC_3425.jpg\"\n               data-image-id=\"3196\"\n               data-title=\"DSC_3425 | \u00a9 eel-fotografie\"\n               data-description=\"&lt;font&gt;\u00a9 eel-fotografie&lt;\/font&gt;\"\n               class=\"shutterset_d59166f8dbc72fd1721138dbbe882771\" data-ngg-protect=\"1\"><picture><source srcset='https:\/\/www.eel-fotografie.de\/wp2\/wp-content\/gallery\/post_05_08_2016_f1_gp_deutschland_1\/cache\/DSC_3425.jpg-nggid043196-ngg0dyn-120x90x100-00f0w010c011r110f110r010t010.jpg' media=''><img title=\"DSC_3425 | \u00a9 eel-fotografie\" alt=\"DSC_3425 | \u00a9 eel-fotografie\" width=\"120\" height=\"90\" style=\"max-width:120px;max-height:90px\" src=\"https:\/\/www.eel-fotografie.de\/wp2\/wp-content\/gallery\/post_05_08_2016_f1_gp_deutschland_1\/cache\/DSC_3425.jpg-nggid043196-ngg0dyn-120x90x100-00f0w010c011r110f110r010t010.jpg\" srcset=\"https:\/\/www.eel-fotografie.de\/wp2\/wp-content\/gallery\/post_05_08_2016_f1_gp_deutschland_1\/cache\/DSC_3425.jpg-nggid043196-ngg0dyn-120x90x100-00f0w010c011r110f110r010t010.jpg\" onerror=\"nggRetryFailedImage(this);\"\/><\/picture>                <noscript><img src=\"https:\/\/www.eel-fotografie.de\/wp2\/wp-content\/gallery\/post_05_08_2016_f1_gp_deutschland_1\/cache\/DSC_3425.jpg-nggid043196-ngg0dyn-120x90x100-00f0w010c011r110f110r010t010.jpg\"\n                         title=\"DSC_3425 | \u00a9 eel-fotografie\"\n                         alt=\"DSC_3425 | \u00a9 eel-fotografie\"\n                         width=\"120\"\n                         height=\"90\"\n                         style=\"max-width:100%; height: auto;\"\/><\/noscript><\/a><\/div><div id=\"ngg-image-7\" class=\"image-wrapper\"><a href=\"https:\/\/www.eel-fotografie.de\/wp2\/wp-content\/gallery\/post_05_08_2016_f1_gp_deutschland_1\/DSC_0664.jpg\"\n               title=\"&lt;font&gt;\u00a9 eel-fotografie&lt;\/font&gt;\"\n               data-src=\"https:\/\/www.eel-fotografie.de\/wp2\/wp-content\/gallery\/post_05_08_2016_f1_gp_deutschland_1\/DSC_0664.jpg\"\n               data-thumbnail=\"https:\/\/www.eel-fotografie.de\/wp2\/wp-content\/gallery\/post_05_08_2016_f1_gp_deutschland_1\/thumbs\/thumbs_DSC_0664.jpg\"\n               data-image-id=\"3180\"\n               data-title=\"DSC_0664 | \u00a9 eel-fotografie\"\n               data-description=\"&lt;font&gt;\u00a9 eel-fotografie&lt;\/font&gt;\"\n               class=\"shutterset_d59166f8dbc72fd1721138dbbe882771\" data-ngg-protect=\"1\"><picture><source srcset='https:\/\/www.eel-fotografie.de\/wp2\/wp-content\/gallery\/post_05_08_2016_f1_gp_deutschland_1\/cache\/DSC_0664.jpg-nggid043180-ngg0dyn-120x90x100-00f0w010c011r110f110r010t010.jpg' media=''><img title=\"DSC_0664 | \u00a9 eel-fotografie\" alt=\"DSC_0664 | \u00a9 eel-fotografie\" width=\"120\" height=\"90\" style=\"max-width:120px;max-height:90px\" src=\"https:\/\/www.eel-fotografie.de\/wp2\/wp-content\/gallery\/post_05_08_2016_f1_gp_deutschland_1\/cache\/DSC_0664.jpg-nggid043180-ngg0dyn-120x90x100-00f0w010c011r110f110r010t010.jpg\" srcset=\"https:\/\/www.eel-fotografie.de\/wp2\/wp-content\/gallery\/post_05_08_2016_f1_gp_deutschland_1\/cache\/DSC_0664.jpg-nggid043180-ngg0dyn-120x90x100-00f0w010c011r110f110r010t010.jpg\" onerror=\"nggRetryFailedImage(this);\"\/><\/picture>                <noscript><img src=\"https:\/\/www.eel-fotografie.de\/wp2\/wp-content\/gallery\/post_05_08_2016_f1_gp_deutschland_1\/cache\/DSC_0664.jpg-nggid043180-ngg0dyn-120x90x100-00f0w010c011r110f110r010t010.jpg\"\n                         title=\"DSC_0664 | \u00a9 eel-fotografie\"\n                         alt=\"DSC_0664 | \u00a9 eel-fotografie\"\n                         width=\"120\"\n                         height=\"90\"\n                         style=\"max-width:100%; height: auto;\"\/><\/noscript><\/a><\/div><br style='clear: both'\/><div id=\"ngg-image-8\" class=\"image-wrapper\"><a href=\"https:\/\/www.eel-fotografie.de\/wp2\/wp-content\/gallery\/post_05_08_2016_f1_gp_deutschland_1\/DSC_1884.jpg\"\n               title=\"&lt;font&gt;\u00a9 eel-fotografie&lt;\/font&gt;\"\n               data-src=\"https:\/\/www.eel-fotografie.de\/wp2\/wp-content\/gallery\/post_05_08_2016_f1_gp_deutschland_1\/DSC_1884.jpg\"\n               data-thumbnail=\"https:\/\/www.eel-fotografie.de\/wp2\/wp-content\/gallery\/post_05_08_2016_f1_gp_deutschland_1\/thumbs\/thumbs_DSC_1884.jpg\"\n               data-image-id=\"3184\"\n               data-title=\"DSC_1884 | \u00a9 eel-fotografie\"\n               data-description=\"&lt;font&gt;\u00a9 eel-fotografie&lt;\/font&gt;\"\n               class=\"shutterset_d59166f8dbc72fd1721138dbbe882771\" data-ngg-protect=\"1\"><picture><source srcset='https:\/\/www.eel-fotografie.de\/wp2\/wp-content\/gallery\/post_05_08_2016_f1_gp_deutschland_1\/cache\/DSC_1884.jpg-nggid043184-ngg0dyn-120x90x100-00f0w010c011r110f110r010t010.jpg' media=''><img title=\"DSC_1884 | \u00a9 eel-fotografie\" alt=\"DSC_1884 | \u00a9 eel-fotografie\" width=\"120\" height=\"90\" style=\"max-width:120px;max-height:90px\" src=\"https:\/\/www.eel-fotografie.de\/wp2\/wp-content\/gallery\/post_05_08_2016_f1_gp_deutschland_1\/cache\/DSC_1884.jpg-nggid043184-ngg0dyn-120x90x100-00f0w010c011r110f110r010t010.jpg\" srcset=\"https:\/\/www.eel-fotografie.de\/wp2\/wp-content\/gallery\/post_05_08_2016_f1_gp_deutschland_1\/cache\/DSC_1884.jpg-nggid043184-ngg0dyn-120x90x100-00f0w010c011r110f110r010t010.jpg\" onerror=\"nggRetryFailedImage(this);\"\/><\/picture>                <noscript><img src=\"https:\/\/www.eel-fotografie.de\/wp2\/wp-content\/gallery\/post_05_08_2016_f1_gp_deutschland_1\/cache\/DSC_1884.jpg-nggid043184-ngg0dyn-120x90x100-00f0w010c011r110f110r010t010.jpg\"\n                         title=\"DSC_1884 | \u00a9 eel-fotografie\"\n                         alt=\"DSC_1884 | \u00a9 eel-fotografie\"\n                         width=\"120\"\n                         height=\"90\"\n                         style=\"max-width:100%; height: auto;\"\/><\/noscript><\/a><\/div><div id=\"ngg-image-9\" class=\"image-wrapper\"><a href=\"https:\/\/www.eel-fotografie.de\/wp2\/wp-content\/gallery\/post_05_08_2016_f1_gp_deutschland_1\/DSC_2520.jpg\"\n               title=\"&lt;font&gt;\u00a9 eel-fotografie&lt;\/font&gt;\"\n               data-src=\"https:\/\/www.eel-fotografie.de\/wp2\/wp-content\/gallery\/post_05_08_2016_f1_gp_deutschland_1\/DSC_2520.jpg\"\n               data-thumbnail=\"https:\/\/www.eel-fotografie.de\/wp2\/wp-content\/gallery\/post_05_08_2016_f1_gp_deutschland_1\/thumbs\/thumbs_DSC_2520.jpg\"\n               data-image-id=\"3186\"\n               data-title=\"DSC_2520 | \u00a9 eel-fotografie\"\n               data-description=\"&lt;font&gt;\u00a9 eel-fotografie&lt;\/font&gt;\"\n               class=\"shutterset_d59166f8dbc72fd1721138dbbe882771\" data-ngg-protect=\"1\"><picture><source srcset='https:\/\/www.eel-fotografie.de\/wp2\/wp-content\/gallery\/post_05_08_2016_f1_gp_deutschland_1\/cache\/DSC_2520.jpg-nggid043186-ngg0dyn-120x90x100-00f0w010c011r110f110r010t010.jpg' media=''><img title=\"DSC_2520 | \u00a9 eel-fotografie\" alt=\"DSC_2520 | \u00a9 eel-fotografie\" width=\"120\" height=\"90\" style=\"max-width:120px;max-height:90px\" src=\"https:\/\/www.eel-fotografie.de\/wp2\/wp-content\/gallery\/post_05_08_2016_f1_gp_deutschland_1\/cache\/DSC_2520.jpg-nggid043186-ngg0dyn-120x90x100-00f0w010c011r110f110r010t010.jpg\" srcset=\"https:\/\/www.eel-fotografie.de\/wp2\/wp-content\/gallery\/post_05_08_2016_f1_gp_deutschland_1\/cache\/DSC_2520.jpg-nggid043186-ngg0dyn-120x90x100-00f0w010c011r110f110r010t010.jpg\" onerror=\"nggRetryFailedImage(this);\"\/><\/picture>                <noscript><img src=\"https:\/\/www.eel-fotografie.de\/wp2\/wp-content\/gallery\/post_05_08_2016_f1_gp_deutschland_1\/cache\/DSC_2520.jpg-nggid043186-ngg0dyn-120x90x100-00f0w010c011r110f110r010t010.jpg\"\n                         title=\"DSC_2520 | \u00a9 eel-fotografie\"\n                         alt=\"DSC_2520 | \u00a9 eel-fotografie\"\n                         width=\"120\"\n                         height=\"90\"\n                         style=\"max-width:100%; height: auto;\"\/><\/noscript><\/a><\/div><div id=\"ngg-image-10\" class=\"image-wrapper\"><a href=\"https:\/\/www.eel-fotografie.de\/wp2\/wp-content\/gallery\/post_05_08_2016_f1_gp_deutschland_1\/DSC_2812.jpg\"\n               title=\"&lt;font&gt;\u00a9 eel-fotografie&lt;\/font&gt;\"\n               data-src=\"https:\/\/www.eel-fotografie.de\/wp2\/wp-content\/gallery\/post_05_08_2016_f1_gp_deutschland_1\/DSC_2812.jpg\"\n               data-thumbnail=\"https:\/\/www.eel-fotografie.de\/wp2\/wp-content\/gallery\/post_05_08_2016_f1_gp_deutschland_1\/thumbs\/thumbs_DSC_2812.jpg\"\n               data-image-id=\"3188\"\n               data-title=\"DSC_2812 | \u00a9 eel-fotografie\"\n               data-description=\"&lt;font&gt;\u00a9 eel-fotografie&lt;\/font&gt;\"\n               class=\"shutterset_d59166f8dbc72fd1721138dbbe882771\" data-ngg-protect=\"1\"><picture><source srcset='https:\/\/www.eel-fotografie.de\/wp2\/wp-content\/gallery\/post_05_08_2016_f1_gp_deutschland_1\/cache\/DSC_2812.jpg-nggid043188-ngg0dyn-120x90x100-00f0w010c011r110f110r010t010.jpg' media=''><img title=\"DSC_2812 | \u00a9 eel-fotografie\" alt=\"DSC_2812 | \u00a9 eel-fotografie\" width=\"120\" height=\"90\" style=\"max-width:120px;max-height:90px\" src=\"https:\/\/www.eel-fotografie.de\/wp2\/wp-content\/gallery\/post_05_08_2016_f1_gp_deutschland_1\/cache\/DSC_2812.jpg-nggid043188-ngg0dyn-120x90x100-00f0w010c011r110f110r010t010.jpg\" srcset=\"https:\/\/www.eel-fotografie.de\/wp2\/wp-content\/gallery\/post_05_08_2016_f1_gp_deutschland_1\/cache\/DSC_2812.jpg-nggid043188-ngg0dyn-120x90x100-00f0w010c011r110f110r010t010.jpg\" onerror=\"nggRetryFailedImage(this);\"\/><\/picture>                <noscript><img src=\"https:\/\/www.eel-fotografie.de\/wp2\/wp-content\/gallery\/post_05_08_2016_f1_gp_deutschland_1\/cache\/DSC_2812.jpg-nggid043188-ngg0dyn-120x90x100-00f0w010c011r110f110r010t010.jpg\"\n                         title=\"DSC_2812 | \u00a9 eel-fotografie\"\n                         alt=\"DSC_2812 | \u00a9 eel-fotografie\"\n                         width=\"120\"\n                         height=\"90\"\n                         style=\"max-width:100%; height: auto;\"\/><\/noscript><\/a><\/div><div id=\"ngg-image-11\" class=\"image-wrapper\"><a href=\"https:\/\/www.eel-fotografie.de\/wp2\/wp-content\/gallery\/post_05_08_2016_f1_gp_deutschland_1\/DSC_3332.jpg\"\n               title=\"&lt;font&gt;\u00a9 eel-fotografie&lt;\/font&gt;\"\n               data-src=\"https:\/\/www.eel-fotografie.de\/wp2\/wp-content\/gallery\/post_05_08_2016_f1_gp_deutschland_1\/DSC_3332.jpg\"\n               data-thumbnail=\"https:\/\/www.eel-fotografie.de\/wp2\/wp-content\/gallery\/post_05_08_2016_f1_gp_deutschland_1\/thumbs\/thumbs_DSC_3332.jpg\"\n               data-image-id=\"3192\"\n               data-title=\"DSC_3332 | \u00a9 eel-fotografie\"\n               data-description=\"&lt;font&gt;\u00a9 eel-fotografie&lt;\/font&gt;\"\n               class=\"shutterset_d59166f8dbc72fd1721138dbbe882771\" data-ngg-protect=\"1\"><picture><source srcset='https:\/\/www.eel-fotografie.de\/wp2\/wp-content\/gallery\/post_05_08_2016_f1_gp_deutschland_1\/cache\/DSC_3332.jpg-nggid043192-ngg0dyn-120x90x100-00f0w010c011r110f110r010t010.jpg' media=''><img title=\"DSC_3332 | \u00a9 eel-fotografie\" alt=\"DSC_3332 | \u00a9 eel-fotografie\" width=\"120\" height=\"90\" style=\"max-width:120px;max-height:90px\" src=\"https:\/\/www.eel-fotografie.de\/wp2\/wp-content\/gallery\/post_05_08_2016_f1_gp_deutschland_1\/cache\/DSC_3332.jpg-nggid043192-ngg0dyn-120x90x100-00f0w010c011r110f110r010t010.jpg\" srcset=\"https:\/\/www.eel-fotografie.de\/wp2\/wp-content\/gallery\/post_05_08_2016_f1_gp_deutschland_1\/cache\/DSC_3332.jpg-nggid043192-ngg0dyn-120x90x100-00f0w010c011r110f110r010t010.jpg\" onerror=\"nggRetryFailedImage(this);\"\/><\/picture>                <noscript><img src=\"https:\/\/www.eel-fotografie.de\/wp2\/wp-content\/gallery\/post_05_08_2016_f1_gp_deutschland_1\/cache\/DSC_3332.jpg-nggid043192-ngg0dyn-120x90x100-00f0w010c011r110f110r010t010.jpg\"\n                         title=\"DSC_3332 | \u00a9 eel-fotografie\"\n                         alt=\"DSC_3332 | \u00a9 eel-fotografie\"\n                         width=\"120\"\n                         height=\"90\"\n                         style=\"max-width:100%; height: auto;\"\/><\/noscript><\/a><\/div><br style='clear: both'\/><div id=\"ngg-image-12\" class=\"image-wrapper\"><a href=\"https:\/\/www.eel-fotografie.de\/wp2\/wp-content\/gallery\/post_05_08_2016_f1_gp_deutschland_1\/DSC_3347.jpg\"\n               title=\"&lt;font&gt;\u00a9 eel-fotografie&lt;\/font&gt;\"\n               data-src=\"https:\/\/www.eel-fotografie.de\/wp2\/wp-content\/gallery\/post_05_08_2016_f1_gp_deutschland_1\/DSC_3347.jpg\"\n               data-thumbnail=\"https:\/\/www.eel-fotografie.de\/wp2\/wp-content\/gallery\/post_05_08_2016_f1_gp_deutschland_1\/thumbs\/thumbs_DSC_3347.jpg\"\n               data-image-id=\"3194\"\n               data-title=\"DSC_3347 | \u00a9 eel-fotografie\"\n               data-description=\"&lt;font&gt;\u00a9 eel-fotografie&lt;\/font&gt;\"\n               class=\"shutterset_d59166f8dbc72fd1721138dbbe882771\" data-ngg-protect=\"1\"><picture><source srcset='https:\/\/www.eel-fotografie.de\/wp2\/wp-content\/gallery\/post_05_08_2016_f1_gp_deutschland_1\/cache\/DSC_3347.jpg-nggid043194-ngg0dyn-120x90x100-00f0w010c011r110f110r010t010.jpg' media=''><img title=\"DSC_3347 | \u00a9 eel-fotografie\" alt=\"DSC_3347 | \u00a9 eel-fotografie\" width=\"120\" height=\"90\" style=\"max-width:120px;max-height:90px\" src=\"https:\/\/www.eel-fotografie.de\/wp2\/wp-content\/gallery\/post_05_08_2016_f1_gp_deutschland_1\/cache\/DSC_3347.jpg-nggid043194-ngg0dyn-120x90x100-00f0w010c011r110f110r010t010.jpg\" srcset=\"https:\/\/www.eel-fotografie.de\/wp2\/wp-content\/gallery\/post_05_08_2016_f1_gp_deutschland_1\/cache\/DSC_3347.jpg-nggid043194-ngg0dyn-120x90x100-00f0w010c011r110f110r010t010.jpg\" onerror=\"nggRetryFailedImage(this);\"\/><\/picture>                <noscript><img src=\"https:\/\/www.eel-fotografie.de\/wp2\/wp-content\/gallery\/post_05_08_2016_f1_gp_deutschland_1\/cache\/DSC_3347.jpg-nggid043194-ngg0dyn-120x90x100-00f0w010c011r110f110r010t010.jpg\"\n                         title=\"DSC_3347 | \u00a9 eel-fotografie\"\n                         alt=\"DSC_3347 | \u00a9 eel-fotografie\"\n                         width=\"120\"\n                         height=\"90\"\n                         style=\"max-width:100%; height: auto;\"\/><\/noscript><\/a><\/div><div id=\"ngg-image-13\" class=\"image-wrapper\"><a href=\"https:\/\/www.eel-fotografie.de\/wp2\/wp-content\/gallery\/post_05_08_2016_f1_gp_deutschland_1\/DSC_6524.jpg\"\n               title=\"&lt;font&gt;\u00a9 eel-fotografie&lt;\/font&gt;\"\n               data-src=\"https:\/\/www.eel-fotografie.de\/wp2\/wp-content\/gallery\/post_05_08_2016_f1_gp_deutschland_1\/DSC_6524.jpg\"\n               data-thumbnail=\"https:\/\/www.eel-fotografie.de\/wp2\/wp-content\/gallery\/post_05_08_2016_f1_gp_deutschland_1\/thumbs\/thumbs_DSC_6524.jpg\"\n               data-image-id=\"3201\"\n               data-title=\"DSC_6524 | \u00a9 eel-fotografie\"\n               data-description=\"&lt;font&gt;\u00a9 eel-fotografie&lt;\/font&gt;\"\n               class=\"shutterset_d59166f8dbc72fd1721138dbbe882771\" data-ngg-protect=\"1\"><picture><source srcset='https:\/\/www.eel-fotografie.de\/wp2\/wp-content\/gallery\/post_05_08_2016_f1_gp_deutschland_1\/cache\/DSC_6524.jpg-nggid043201-ngg0dyn-120x90x100-00f0w010c011r110f110r010t010.jpg' media=''><img title=\"DSC_6524 | \u00a9 eel-fotografie\" alt=\"DSC_6524 | \u00a9 eel-fotografie\" width=\"120\" height=\"90\" style=\"max-width:120px;max-height:90px\" src=\"https:\/\/www.eel-fotografie.de\/wp2\/wp-content\/gallery\/post_05_08_2016_f1_gp_deutschland_1\/cache\/DSC_6524.jpg-nggid043201-ngg0dyn-120x90x100-00f0w010c011r110f110r010t010.jpg\" srcset=\"https:\/\/www.eel-fotografie.de\/wp2\/wp-content\/gallery\/post_05_08_2016_f1_gp_deutschland_1\/cache\/DSC_6524.jpg-nggid043201-ngg0dyn-120x90x100-00f0w010c011r110f110r010t010.jpg\" onerror=\"nggRetryFailedImage(this);\"\/><\/picture>                <noscript><img src=\"https:\/\/www.eel-fotografie.de\/wp2\/wp-content\/gallery\/post_05_08_2016_f1_gp_deutschland_1\/cache\/DSC_6524.jpg-nggid043201-ngg0dyn-120x90x100-00f0w010c011r110f110r010t010.jpg\"\n                         title=\"DSC_6524 | \u00a9 eel-fotografie\"\n                         alt=\"DSC_6524 | \u00a9 eel-fotografie\"\n                         width=\"120\"\n                         height=\"90\"\n                         style=\"max-width:100%; height: auto;\"\/><\/noscript><\/a><\/div><div id=\"ngg-image-14\" class=\"image-wrapper\"><a href=\"https:\/\/www.eel-fotografie.de\/wp2\/wp-content\/gallery\/post_05_08_2016_f1_gp_deutschland_1\/DSC_7026.jpg\"\n               title=\"&lt;font&gt;\u00a9 eel-fotografie&lt;\/font&gt;\"\n               data-src=\"https:\/\/www.eel-fotografie.de\/wp2\/wp-content\/gallery\/post_05_08_2016_f1_gp_deutschland_1\/DSC_7026.jpg\"\n               data-thumbnail=\"https:\/\/www.eel-fotografie.de\/wp2\/wp-content\/gallery\/post_05_08_2016_f1_gp_deutschland_1\/thumbs\/thumbs_DSC_7026.jpg\"\n               data-image-id=\"3202\"\n               data-title=\"DSC_7026 | \u00a9 eel-fotografie\"\n               data-description=\"&lt;font&gt;\u00a9 eel-fotografie&lt;\/font&gt;\"\n               class=\"shutterset_d59166f8dbc72fd1721138dbbe882771\" data-ngg-protect=\"1\"><picture><source srcset='https:\/\/www.eel-fotografie.de\/wp2\/wp-content\/gallery\/post_05_08_2016_f1_gp_deutschland_1\/cache\/DSC_7026.jpg-nggid043202-ngg0dyn-120x90x100-00f0w010c011r110f110r010t010.jpg' media=''><img title=\"DSC_7026 | \u00a9 eel-fotografie\" alt=\"DSC_7026 | \u00a9 eel-fotografie\" width=\"120\" height=\"90\" style=\"max-width:120px;max-height:90px\" src=\"https:\/\/www.eel-fotografie.de\/wp2\/wp-content\/gallery\/post_05_08_2016_f1_gp_deutschland_1\/cache\/DSC_7026.jpg-nggid043202-ngg0dyn-120x90x100-00f0w010c011r110f110r010t010.jpg\" srcset=\"https:\/\/www.eel-fotografie.de\/wp2\/wp-content\/gallery\/post_05_08_2016_f1_gp_deutschland_1\/cache\/DSC_7026.jpg-nggid043202-ngg0dyn-120x90x100-00f0w010c011r110f110r010t010.jpg\" onerror=\"nggRetryFailedImage(this);\"\/><\/picture>                <noscript><img src=\"https:\/\/www.eel-fotografie.de\/wp2\/wp-content\/gallery\/post_05_08_2016_f1_gp_deutschland_1\/cache\/DSC_7026.jpg-nggid043202-ngg0dyn-120x90x100-00f0w010c011r110f110r010t010.jpg\"\n                         title=\"DSC_7026 | \u00a9 eel-fotografie\"\n                         alt=\"DSC_7026 | \u00a9 eel-fotografie\"\n                         width=\"120\"\n                         height=\"90\"\n                         style=\"max-width:100%; height: auto;\"\/><\/noscript><\/a><\/div><div id=\"ngg-image-15\" class=\"image-wrapper\"><a href=\"https:\/\/www.eel-fotografie.de\/wp2\/wp-content\/gallery\/post_05_08_2016_f1_gp_deutschland_1\/DSC_7879.jpg\"\n               title=\"&lt;font&gt;\u00a9 eel-fotografie&lt;\/font&gt;\"\n               data-src=\"https:\/\/www.eel-fotografie.de\/wp2\/wp-content\/gallery\/post_05_08_2016_f1_gp_deutschland_1\/DSC_7879.jpg\"\n               data-thumbnail=\"https:\/\/www.eel-fotografie.de\/wp2\/wp-content\/gallery\/post_05_08_2016_f1_gp_deutschland_1\/thumbs\/thumbs_DSC_7879.jpg\"\n               data-image-id=\"3203\"\n               data-title=\"DSC_7879 | \u00a9 eel-fotografie\"\n               data-description=\"&lt;font&gt;\u00a9 eel-fotografie&lt;\/font&gt;\"\n               class=\"shutterset_d59166f8dbc72fd1721138dbbe882771\" data-ngg-protect=\"1\"><picture><source srcset='https:\/\/www.eel-fotografie.de\/wp2\/wp-content\/gallery\/post_05_08_2016_f1_gp_deutschland_1\/cache\/DSC_7879.jpg-nggid043203-ngg0dyn-120x90x100-00f0w010c011r110f110r010t010.jpg' media=''><img title=\"DSC_7879 | \u00a9 eel-fotografie\" alt=\"DSC_7879 | \u00a9 eel-fotografie\" width=\"120\" height=\"90\" style=\"max-width:120px;max-height:90px\" src=\"https:\/\/www.eel-fotografie.de\/wp2\/wp-content\/gallery\/post_05_08_2016_f1_gp_deutschland_1\/cache\/DSC_7879.jpg-nggid043203-ngg0dyn-120x90x100-00f0w010c011r110f110r010t010.jpg\" srcset=\"https:\/\/www.eel-fotografie.de\/wp2\/wp-content\/gallery\/post_05_08_2016_f1_gp_deutschland_1\/cache\/DSC_7879.jpg-nggid043203-ngg0dyn-120x90x100-00f0w010c011r110f110r010t010.jpg\" onerror=\"nggRetryFailedImage(this);\"\/><\/picture>                <noscript><img src=\"https:\/\/www.eel-fotografie.de\/wp2\/wp-content\/gallery\/post_05_08_2016_f1_gp_deutschland_1\/cache\/DSC_7879.jpg-nggid043203-ngg0dyn-120x90x100-00f0w010c011r110f110r010t010.jpg\"\n                         title=\"DSC_7879 | \u00a9 eel-fotografie\"\n                         alt=\"DSC_7879 | \u00a9 eel-fotografie\"\n                         width=\"120\"\n                         height=\"90\"\n                         style=\"max-width:100%; height: auto;\"\/><\/noscript><\/a><\/div><br style='clear: both'\/><div id=\"ngg-image-16\" class=\"image-wrapper\"><a href=\"https:\/\/www.eel-fotografie.de\/wp2\/wp-content\/gallery\/post_05_08_2016_f1_gp_deutschland_1\/DSC_3609.jpg\"\n               title=\"&lt;font&gt;\u00a9 eel-fotografie&lt;\/font&gt;\"\n               data-src=\"https:\/\/www.eel-fotografie.de\/wp2\/wp-content\/gallery\/post_05_08_2016_f1_gp_deutschland_1\/DSC_3609.jpg\"\n               data-thumbnail=\"https:\/\/www.eel-fotografie.de\/wp2\/wp-content\/gallery\/post_05_08_2016_f1_gp_deutschland_1\/thumbs\/thumbs_DSC_3609.jpg\"\n               data-image-id=\"3198\"\n               data-title=\"DSC_3609 | \u00a9 eel-fotografie\"\n               data-description=\"&lt;font&gt;\u00a9 eel-fotografie&lt;\/font&gt;\"\n               class=\"shutterset_d59166f8dbc72fd1721138dbbe882771\" data-ngg-protect=\"1\"><picture><source srcset='https:\/\/www.eel-fotografie.de\/wp2\/wp-content\/gallery\/post_05_08_2016_f1_gp_deutschland_1\/cache\/DSC_3609.jpg-nggid043198-ngg0dyn-120x90x100-00f0w010c011r110f110r010t010.jpg' media=''><img title=\"DSC_3609 | \u00a9 eel-fotografie\" alt=\"DSC_3609 | \u00a9 eel-fotografie\" width=\"120\" height=\"90\" style=\"max-width:120px;max-height:90px\" src=\"https:\/\/www.eel-fotografie.de\/wp2\/wp-content\/gallery\/post_05_08_2016_f1_gp_deutschland_1\/cache\/DSC_3609.jpg-nggid043198-ngg0dyn-120x90x100-00f0w010c011r110f110r010t010.jpg\" srcset=\"https:\/\/www.eel-fotografie.de\/wp2\/wp-content\/gallery\/post_05_08_2016_f1_gp_deutschland_1\/cache\/DSC_3609.jpg-nggid043198-ngg0dyn-120x90x100-00f0w010c011r110f110r010t010.jpg\" onerror=\"nggRetryFailedImage(this);\"\/><\/picture>                <noscript><img src=\"https:\/\/www.eel-fotografie.de\/wp2\/wp-content\/gallery\/post_05_08_2016_f1_gp_deutschland_1\/cache\/DSC_3609.jpg-nggid043198-ngg0dyn-120x90x100-00f0w010c011r110f110r010t010.jpg\"\n                         title=\"DSC_3609 | \u00a9 eel-fotografie\"\n                         alt=\"DSC_3609 | \u00a9 eel-fotografie\"\n                         width=\"120\"\n                         height=\"90\"\n                         style=\"max-width:100%; height: auto;\"\/><\/noscript><\/a><\/div><div id=\"ngg-image-17\" class=\"image-wrapper\"><a href=\"https:\/\/www.eel-fotografie.de\/wp2\/wp-content\/gallery\/post_05_08_2016_f1_gp_deutschland_1\/DSC_0823.jpg\"\n               title=\"&lt;font&gt;\u00a9 eel-fotografie&lt;\/font&gt;\"\n               data-src=\"https:\/\/www.eel-fotografie.de\/wp2\/wp-content\/gallery\/post_05_08_2016_f1_gp_deutschland_1\/DSC_0823.jpg\"\n               data-thumbnail=\"https:\/\/www.eel-fotografie.de\/wp2\/wp-content\/gallery\/post_05_08_2016_f1_gp_deutschland_1\/thumbs\/thumbs_DSC_0823.jpg\"\n               data-image-id=\"3182\"\n               data-title=\"DSC_0823 | \u00a9 eel-fotografie\"\n               data-description=\"&lt;font&gt;\u00a9 eel-fotografie&lt;\/font&gt;\"\n               class=\"shutterset_d59166f8dbc72fd1721138dbbe882771\" data-ngg-protect=\"1\"><picture><source srcset='https:\/\/www.eel-fotografie.de\/wp2\/wp-content\/gallery\/post_05_08_2016_f1_gp_deutschland_1\/cache\/DSC_0823.jpg-nggid043182-ngg0dyn-120x90x100-00f0w010c011r110f110r010t010.jpg' media=''><img title=\"DSC_0823 | \u00a9 eel-fotografie\" alt=\"DSC_0823 | \u00a9 eel-fotografie\" width=\"120\" height=\"90\" style=\"max-width:120px;max-height:90px\" src=\"https:\/\/www.eel-fotografie.de\/wp2\/wp-content\/gallery\/post_05_08_2016_f1_gp_deutschland_1\/cache\/DSC_0823.jpg-nggid043182-ngg0dyn-120x90x100-00f0w010c011r110f110r010t010.jpg\" srcset=\"https:\/\/www.eel-fotografie.de\/wp2\/wp-content\/gallery\/post_05_08_2016_f1_gp_deutschland_1\/cache\/DSC_0823.jpg-nggid043182-ngg0dyn-120x90x100-00f0w010c011r110f110r010t010.jpg\" onerror=\"nggRetryFailedImage(this);\"\/><\/picture>                <noscript><img src=\"https:\/\/www.eel-fotografie.de\/wp2\/wp-content\/gallery\/post_05_08_2016_f1_gp_deutschland_1\/cache\/DSC_0823.jpg-nggid043182-ngg0dyn-120x90x100-00f0w010c011r110f110r010t010.jpg\"\n                         title=\"DSC_0823 | \u00a9 eel-fotografie\"\n                         alt=\"DSC_0823 | \u00a9 eel-fotografie\"\n                         width=\"120\"\n                         height=\"90\"\n                         style=\"max-width:100%; height: auto;\"\/><\/noscript><\/a><\/div><div id=\"ngg-image-18\" class=\"image-wrapper\"><a href=\"https:\/\/www.eel-fotografie.de\/wp2\/wp-content\/gallery\/post_05_08_2016_f1_gp_deutschland_1\/DSC_8293.jpg\"\n               title=\"&lt;font&gt;\u00a9 eel-fotografie&lt;\/font&gt;\"\n               data-src=\"https:\/\/www.eel-fotografie.de\/wp2\/wp-content\/gallery\/post_05_08_2016_f1_gp_deutschland_1\/DSC_8293.jpg\"\n               data-thumbnail=\"https:\/\/www.eel-fotografie.de\/wp2\/wp-content\/gallery\/post_05_08_2016_f1_gp_deutschland_1\/thumbs\/thumbs_DSC_8293.jpg\"\n               data-image-id=\"3204\"\n               data-title=\"DSC_8293 | \u00a9 eel-fotografie\"\n               data-description=\"&lt;font&gt;\u00a9 eel-fotografie&lt;\/font&gt;\"\n               class=\"shutterset_d59166f8dbc72fd1721138dbbe882771\" data-ngg-protect=\"1\"><picture><source srcset='https:\/\/www.eel-fotografie.de\/wp2\/wp-content\/gallery\/post_05_08_2016_f1_gp_deutschland_1\/cache\/DSC_8293.jpg-nggid043204-ngg0dyn-120x90x100-00f0w010c011r110f110r010t010.jpg' media=''><img title=\"DSC_8293 | \u00a9 eel-fotografie\" alt=\"DSC_8293 | \u00a9 eel-fotografie\" width=\"120\" height=\"90\" style=\"max-width:120px;max-height:90px\" src=\"https:\/\/www.eel-fotografie.de\/wp2\/wp-content\/gallery\/post_05_08_2016_f1_gp_deutschland_1\/cache\/DSC_8293.jpg-nggid043204-ngg0dyn-120x90x100-00f0w010c011r110f110r010t010.jpg\" srcset=\"https:\/\/www.eel-fotografie.de\/wp2\/wp-content\/gallery\/post_05_08_2016_f1_gp_deutschland_1\/cache\/DSC_8293.jpg-nggid043204-ngg0dyn-120x90x100-00f0w010c011r110f110r010t010.jpg\" onerror=\"nggRetryFailedImage(this);\"\/><\/picture>                <noscript><img src=\"https:\/\/www.eel-fotografie.de\/wp2\/wp-content\/gallery\/post_05_08_2016_f1_gp_deutschland_1\/cache\/DSC_8293.jpg-nggid043204-ngg0dyn-120x90x100-00f0w010c011r110f110r010t010.jpg\"\n                         title=\"DSC_8293 | \u00a9 eel-fotografie\"\n                         alt=\"DSC_8293 | \u00a9 eel-fotografie\"\n                         width=\"120\"\n                         height=\"90\"\n                         style=\"max-width:100%; height: auto;\"\/><\/noscript><\/a><\/div><div id=\"ngg-image-19\" class=\"image-wrapper\"><a href=\"https:\/\/www.eel-fotografie.de\/wp2\/wp-content\/gallery\/post_05_08_2016_f1_gp_deutschland_1\/DSC_9990.jpg\"\n               title=\"&lt;font&gt;\u00a9 eel-fotografie&lt;\/font&gt;\"\n               data-src=\"https:\/\/www.eel-fotografie.de\/wp2\/wp-content\/gallery\/post_05_08_2016_f1_gp_deutschland_1\/DSC_9990.jpg\"\n               data-thumbnail=\"https:\/\/www.eel-fotografie.de\/wp2\/wp-content\/gallery\/post_05_08_2016_f1_gp_deutschland_1\/thumbs\/thumbs_DSC_9990.jpg\"\n               data-image-id=\"3206\"\n               data-title=\"DSC_9990 | \u00a9 eel-fotografie\"\n               data-description=\"&lt;font&gt;\u00a9 eel-fotografie&lt;\/font&gt;\"\n               class=\"shutterset_d59166f8dbc72fd1721138dbbe882771\" data-ngg-protect=\"1\"><picture><source srcset='https:\/\/www.eel-fotografie.de\/wp2\/wp-content\/gallery\/post_05_08_2016_f1_gp_deutschland_1\/cache\/DSC_9990.jpg-nggid043206-ngg0dyn-120x90x100-00f0w010c011r110f110r010t010.jpg' media=''><img title=\"DSC_9990 | \u00a9 eel-fotografie\" alt=\"DSC_9990 | \u00a9 eel-fotografie\" width=\"120\" height=\"90\" style=\"max-width:120px;max-height:90px\" src=\"https:\/\/www.eel-fotografie.de\/wp2\/wp-content\/gallery\/post_05_08_2016_f1_gp_deutschland_1\/cache\/DSC_9990.jpg-nggid043206-ngg0dyn-120x90x100-00f0w010c011r110f110r010t010.jpg\" srcset=\"https:\/\/www.eel-fotografie.de\/wp2\/wp-content\/gallery\/post_05_08_2016_f1_gp_deutschland_1\/cache\/DSC_9990.jpg-nggid043206-ngg0dyn-120x90x100-00f0w010c011r110f110r010t010.jpg\" onerror=\"nggRetryFailedImage(this);\"\/><\/picture>                <noscript><img src=\"https:\/\/www.eel-fotografie.de\/wp2\/wp-content\/gallery\/post_05_08_2016_f1_gp_deutschland_1\/cache\/DSC_9990.jpg-nggid043206-ngg0dyn-120x90x100-00f0w010c011r110f110r010t010.jpg\"\n                         title=\"DSC_9990 | \u00a9 eel-fotografie\"\n                         alt=\"DSC_9990 | \u00a9 eel-fotografie\"\n                         width=\"120\"\n                         height=\"90\"\n                         style=\"max-width:100%; height: auto;\"\/><\/noscript><\/a><\/div><br style='clear: both'\/><div class='ngg-clear'><\/div><\/div>\n<\/p>\n<p>Hier <a href=\"http:\/\/www.eel-fotografie.de\/wp2\/formel-1-gp-deutschland-teil-2\/\">(Klick)<\/a> geht es zum Teil 2.<br \/>\nTeil 3 ist hier <a href=\"http:\/\/www.eel-fotografie.de\/wp2\/formel-1-gp-deutschland-teil-3\/\">(Klick)<\/a> zu sehen.<\/p>\n<p style=\"text-align: justify;\">(20 Fotos)<\/p>\n","protected":false},"excerpt":{"rendered":"<p>Formel 1 Grand Prix von Deutschland in Hockenheim, Teil 1. Lewis Hamilton gewinnt den Grossen Preis von Deutschland in Hockenheim und baut seine Tabellenf\u00fchrung gegen\u00fcber Nico Rosberg weiter aus. Das Ergebnis: 1. Lewis Hamilton, Mercedes, 2. Daniel Ricciardo, Red Bull, 3. Max Verstappen, Red Bull, 4. Nico Rosberg, Mercedes, 5. Sebastian Vettel, Ferrari, 6. Kimi [&hellip;]<\/p>\n","protected":false},"author":1,"featured_media":11042,"comment_status":"closed","ping_status":"closed","sticky":false,"template":"","format":"standard","meta":{"_genesis_hide_title":false,"_genesis_hide_breadcrumbs":false,"_genesis_hide_singular_image":false,"_genesis_hide_footer_widgets":false,"_genesis_custom_body_class":"","_genesis_custom_post_class":"","_genesis_layout":"","ngg_post_thumbnail":0,"footnotes":""},"categories":[156,185,17],"tags":[767,771,6,7,204,155,157,921,10,770,922,88,768,15,302,255,772,256,773,131,766,11,769,162],"class_list":{"0":"post-11019","1":"post","2":"type-post","3":"status-publish","4":"format-standard","5":"has-post-thumbnail","7":"category-formel-1","8":"category-motorsport","9":"category-sport","10":"tag-curbs","11":"tag-dynamik","12":"tag-eberhard-krieger","13":"tag-eel-fotografie","14":"tag-eel-fotografie-bildagentur","15":"tag-fia","16":"tag-formel-1","17":"tag-formula-one","18":"tag-foto-krieger","19":"tag-geschwindigkeit","20":"tag-grosser-preis-von-deutschland-2016","21":"tag-hockenheim","22":"tag-kurve","23":"tag-motorsport","24":"tag-pilot","25":"tag-rennauto","26":"tag-rennenstrecke","27":"tag-rennfahrer","28":"tag-rennfans","29":"tag-rennwagen","30":"tag-saison-2016","31":"tag-sportfoto-krieger","32":"tag-start-und-ziel","33":"tag-zuschauer","34":"entry"},"yoast_head":"<!-- This site is optimized with the Yoast SEO plugin v26.5 - https:\/\/yoast.com\/wordpress\/plugins\/seo\/ -->\n<title>Formel 1 GP Deutschland - Teil 1 - eel-fotografie<\/title>\n<meta name=\"description\" content=\"Formel 1 GP Deutschland - Teil 1. Lewis Hamilton gewinnt vor 57.000 Zuschauer den Grossen Preis von Deutschland 2016. 20 Fotos.\" \/>\n<meta name=\"robots\" content=\"index, follow, max-snippet:-1, max-image-preview:large, max-video-preview:-1\" \/>\n<link rel=\"canonical\" href=\"https:\/\/www.eel-fotografie.de\/wp2\/formel-1-gp-deutschland-teil-1\/\" \/>\n<meta name=\"twitter:label1\" content=\"Verfasst von\" \/>\n\t<meta name=\"twitter:data1\" content=\"admin\" \/>\n<script type=\"application\/ld+json\" class=\"yoast-schema-graph\">{\"@context\":\"https:\/\/schema.org\",\"@graph\":[{\"@type\":\"Article\",\"@id\":\"https:\/\/www.eel-fotografie.de\/wp2\/formel-1-gp-deutschland-teil-1\/#article\",\"isPartOf\":{\"@id\":\"https:\/\/www.eel-fotografie.de\/wp2\/formel-1-gp-deutschland-teil-1\/\"},\"author\":{\"name\":\"admin\",\"@id\":\"http:\/\/www.eel-fotografie.de\/wp2\/#\/schema\/person\/48b675d7a081d02af2929c3629214db0\"},\"headline\":\"Formel 1 GP Deutschland &#8211; Teil 1\",\"datePublished\":\"2016-08-05T07:15:25+00:00\",\"dateModified\":\"2019-05-07T14:07:50+00:00\",\"mainEntityOfPage\":{\"@id\":\"https:\/\/www.eel-fotografie.de\/wp2\/formel-1-gp-deutschland-teil-1\/\"},\"wordCount\":95,\"publisher\":{\"@id\":\"http:\/\/www.eel-fotografie.de\/wp2\/#organization\"},\"image\":{\"@id\":\"https:\/\/www.eel-fotografie.de\/wp2\/formel-1-gp-deutschland-teil-1\/#primaryimage\"},\"thumbnailUrl\":\"https:\/\/www.eel-fotografie.de\/wp2\/wp-content\/uploads\/ngg_featured\/DSC_3332.jpg\",\"keywords\":[\"Curbs\",\"Dynamik\",\"Eberhard Krieger\",\"eel fotografie\",\"eel-fotografie bildagentur\",\"FIA\",\"Formel 1\",\"Formula One\",\"foto-krieger\",\"Geschwindigkeit\",\"Grosser Preis von Deutschland 2016\",\"Hockenheim\",\"Kurve\",\"Motorsport\",\"Pilot\",\"Rennauto\",\"Rennenstrecke\",\"Rennfahrer\",\"Rennfans\",\"Rennwagen\",\"Saison 2016\",\"sportfoto-krieger\",\"Start und Ziel\",\"Zuschauer\"],\"articleSection\":[\"Formel 1\",\"Motorsport\",\"Sport\"],\"inLanguage\":\"de\"},{\"@type\":\"WebPage\",\"@id\":\"https:\/\/www.eel-fotografie.de\/wp2\/formel-1-gp-deutschland-teil-1\/\",\"url\":\"https:\/\/www.eel-fotografie.de\/wp2\/formel-1-gp-deutschland-teil-1\/\",\"name\":\"Formel 1 GP Deutschland - Teil 1 - eel-fotografie\",\"isPartOf\":{\"@id\":\"http:\/\/www.eel-fotografie.de\/wp2\/#website\"},\"primaryImageOfPage\":{\"@id\":\"https:\/\/www.eel-fotografie.de\/wp2\/formel-1-gp-deutschland-teil-1\/#primaryimage\"},\"image\":{\"@id\":\"https:\/\/www.eel-fotografie.de\/wp2\/formel-1-gp-deutschland-teil-1\/#primaryimage\"},\"thumbnailUrl\":\"https:\/\/www.eel-fotografie.de\/wp2\/wp-content\/uploads\/ngg_featured\/DSC_3332.jpg\",\"datePublished\":\"2016-08-05T07:15:25+00:00\",\"dateModified\":\"2019-05-07T14:07:50+00:00\",\"description\":\"Formel 1 GP Deutschland - Teil 1. Lewis Hamilton gewinnt vor 57.000 Zuschauer den Grossen Preis von Deutschland 2016. 20 Fotos.\",\"breadcrumb\":{\"@id\":\"https:\/\/www.eel-fotografie.de\/wp2\/formel-1-gp-deutschland-teil-1\/#breadcrumb\"},\"inLanguage\":\"de\",\"potentialAction\":[{\"@type\":\"ReadAction\",\"target\":[\"https:\/\/www.eel-fotografie.de\/wp2\/formel-1-gp-deutschland-teil-1\/\"]}]},{\"@type\":\"ImageObject\",\"inLanguage\":\"de\",\"@id\":\"https:\/\/www.eel-fotografie.de\/wp2\/formel-1-gp-deutschland-teil-1\/#primaryimage\",\"url\":\"https:\/\/www.eel-fotografie.de\/wp2\/wp-content\/uploads\/ngg_featured\/DSC_3332.jpg\",\"contentUrl\":\"https:\/\/www.eel-fotografie.de\/wp2\/wp-content\/uploads\/ngg_featured\/DSC_3332.jpg\",\"width\":1024,\"height\":681},{\"@type\":\"BreadcrumbList\",\"@id\":\"https:\/\/www.eel-fotografie.de\/wp2\/formel-1-gp-deutschland-teil-1\/#breadcrumb\",\"itemListElement\":[{\"@type\":\"ListItem\",\"position\":1,\"name\":\"Home\",\"item\":\"http:\/\/www.eel-fotografie.de\/wp2\/\"},{\"@type\":\"ListItem\",\"position\":2,\"name\":\"Formel 1 GP Deutschland &#8211; Teil 1\"}]},{\"@type\":\"WebSite\",\"@id\":\"http:\/\/www.eel-fotografie.de\/wp2\/#website\",\"url\":\"http:\/\/www.eel-fotografie.de\/wp2\/\",\"name\":\"eel-fotografie\",\"description\":\"fotografie - bildagentur\",\"publisher\":{\"@id\":\"http:\/\/www.eel-fotografie.de\/wp2\/#organization\"},\"potentialAction\":[{\"@type\":\"SearchAction\",\"target\":{\"@type\":\"EntryPoint\",\"urlTemplate\":\"http:\/\/www.eel-fotografie.de\/wp2\/?s={search_term_string}\"},\"query-input\":{\"@type\":\"PropertyValueSpecification\",\"valueRequired\":true,\"valueName\":\"search_term_string\"}}],\"inLanguage\":\"de\"},{\"@type\":\"Organization\",\"@id\":\"http:\/\/www.eel-fotografie.de\/wp2\/#organization\",\"name\":\"eel-fotografie | fotografie - bildagentur\",\"url\":\"http:\/\/www.eel-fotografie.de\/wp2\/\",\"logo\":{\"@type\":\"ImageObject\",\"inLanguage\":\"de\",\"@id\":\"http:\/\/www.eel-fotografie.de\/wp2\/#\/schema\/logo\/image\/\",\"url\":\"http:\/\/www.eel-fotografie.de\/wp2\/wp-content\/uploads\/eel-fotografie_logo_2_500x250.png\",\"contentUrl\":\"http:\/\/www.eel-fotografie.de\/wp2\/wp-content\/uploads\/eel-fotografie_logo_2_500x250.png\",\"width\":500,\"height\":254,\"caption\":\"eel-fotografie | fotografie - bildagentur\"},\"image\":{\"@id\":\"http:\/\/www.eel-fotografie.de\/wp2\/#\/schema\/logo\/image\/\"},\"sameAs\":[\"https:\/\/www.instagram.com\/eelfotografie\/\"]},{\"@type\":\"Person\",\"@id\":\"http:\/\/www.eel-fotografie.de\/wp2\/#\/schema\/person\/48b675d7a081d02af2929c3629214db0\",\"name\":\"admin\",\"image\":{\"@type\":\"ImageObject\",\"inLanguage\":\"de\",\"@id\":\"http:\/\/www.eel-fotografie.de\/wp2\/#\/schema\/person\/image\/\",\"url\":\"https:\/\/secure.gravatar.com\/avatar\/0238886d5b298e452983f5d971ee0c60774f53da880f3705d3087707fa31096c?s=96&d=mm&r=g\",\"contentUrl\":\"https:\/\/secure.gravatar.com\/avatar\/0238886d5b298e452983f5d971ee0c60774f53da880f3705d3087707fa31096c?s=96&d=mm&r=g\",\"caption\":\"admin\"},\"description\":\"Head of eel-fotografie | fotografie-bildagentur\",\"sameAs\":[\"http:\/\/www.eel-fotografie.de\"],\"url\":\"https:\/\/www.eel-fotografie.de\/wp2\/author\/admin\/\"}]}<\/script>\n<!-- \/ Yoast SEO plugin. -->","yoast_head_json":{"title":"Formel 1 GP Deutschland - Teil 1 - eel-fotografie","description":"Formel 1 GP Deutschland - Teil 1. Lewis Hamilton gewinnt vor 57.000 Zuschauer den Grossen Preis von Deutschland 2016. 20 Fotos.","robots":{"index":"index","follow":"follow","max-snippet":"max-snippet:-1","max-image-preview":"max-image-preview:large","max-video-preview":"max-video-preview:-1"},"canonical":"https:\/\/www.eel-fotografie.de\/wp2\/formel-1-gp-deutschland-teil-1\/","twitter_misc":{"Verfasst von":"admin"},"schema":{"@context":"https:\/\/schema.org","@graph":[{"@type":"Article","@id":"https:\/\/www.eel-fotografie.de\/wp2\/formel-1-gp-deutschland-teil-1\/#article","isPartOf":{"@id":"https:\/\/www.eel-fotografie.de\/wp2\/formel-1-gp-deutschland-teil-1\/"},"author":{"name":"admin","@id":"http:\/\/www.eel-fotografie.de\/wp2\/#\/schema\/person\/48b675d7a081d02af2929c3629214db0"},"headline":"Formel 1 GP Deutschland &#8211; Teil 1","datePublished":"2016-08-05T07:15:25+00:00","dateModified":"2019-05-07T14:07:50+00:00","mainEntityOfPage":{"@id":"https:\/\/www.eel-fotografie.de\/wp2\/formel-1-gp-deutschland-teil-1\/"},"wordCount":95,"publisher":{"@id":"http:\/\/www.eel-fotografie.de\/wp2\/#organization"},"image":{"@id":"https:\/\/www.eel-fotografie.de\/wp2\/formel-1-gp-deutschland-teil-1\/#primaryimage"},"thumbnailUrl":"https:\/\/www.eel-fotografie.de\/wp2\/wp-content\/uploads\/ngg_featured\/DSC_3332.jpg","keywords":["Curbs","Dynamik","Eberhard Krieger","eel fotografie","eel-fotografie bildagentur","FIA","Formel 1","Formula One","foto-krieger","Geschwindigkeit","Grosser Preis von Deutschland 2016","Hockenheim","Kurve","Motorsport","Pilot","Rennauto","Rennenstrecke","Rennfahrer","Rennfans","Rennwagen","Saison 2016","sportfoto-krieger","Start und Ziel","Zuschauer"],"articleSection":["Formel 1","Motorsport","Sport"],"inLanguage":"de"},{"@type":"WebPage","@id":"https:\/\/www.eel-fotografie.de\/wp2\/formel-1-gp-deutschland-teil-1\/","url":"https:\/\/www.eel-fotografie.de\/wp2\/formel-1-gp-deutschland-teil-1\/","name":"Formel 1 GP Deutschland - Teil 1 - eel-fotografie","isPartOf":{"@id":"http:\/\/www.eel-fotografie.de\/wp2\/#website"},"primaryImageOfPage":{"@id":"https:\/\/www.eel-fotografie.de\/wp2\/formel-1-gp-deutschland-teil-1\/#primaryimage"},"image":{"@id":"https:\/\/www.eel-fotografie.de\/wp2\/formel-1-gp-deutschland-teil-1\/#primaryimage"},"thumbnailUrl":"https:\/\/www.eel-fotografie.de\/wp2\/wp-content\/uploads\/ngg_featured\/DSC_3332.jpg","datePublished":"2016-08-05T07:15:25+00:00","dateModified":"2019-05-07T14:07:50+00:00","description":"Formel 1 GP Deutschland - Teil 1. Lewis Hamilton gewinnt vor 57.000 Zuschauer den Grossen Preis von Deutschland 2016. 20 Fotos.","breadcrumb":{"@id":"https:\/\/www.eel-fotografie.de\/wp2\/formel-1-gp-deutschland-teil-1\/#breadcrumb"},"inLanguage":"de","potentialAction":[{"@type":"ReadAction","target":["https:\/\/www.eel-fotografie.de\/wp2\/formel-1-gp-deutschland-teil-1\/"]}]},{"@type":"ImageObject","inLanguage":"de","@id":"https:\/\/www.eel-fotografie.de\/wp2\/formel-1-gp-deutschland-teil-1\/#primaryimage","url":"https:\/\/www.eel-fotografie.de\/wp2\/wp-content\/uploads\/ngg_featured\/DSC_3332.jpg","contentUrl":"https:\/\/www.eel-fotografie.de\/wp2\/wp-content\/uploads\/ngg_featured\/DSC_3332.jpg","width":1024,"height":681},{"@type":"BreadcrumbList","@id":"https:\/\/www.eel-fotografie.de\/wp2\/formel-1-gp-deutschland-teil-1\/#breadcrumb","itemListElement":[{"@type":"ListItem","position":1,"name":"Home","item":"http:\/\/www.eel-fotografie.de\/wp2\/"},{"@type":"ListItem","position":2,"name":"Formel 1 GP Deutschland &#8211; Teil 1"}]},{"@type":"WebSite","@id":"http:\/\/www.eel-fotografie.de\/wp2\/#website","url":"http:\/\/www.eel-fotografie.de\/wp2\/","name":"eel-fotografie","description":"fotografie - bildagentur","publisher":{"@id":"http:\/\/www.eel-fotografie.de\/wp2\/#organization"},"potentialAction":[{"@type":"SearchAction","target":{"@type":"EntryPoint","urlTemplate":"http:\/\/www.eel-fotografie.de\/wp2\/?s={search_term_string}"},"query-input":{"@type":"PropertyValueSpecification","valueRequired":true,"valueName":"search_term_string"}}],"inLanguage":"de"},{"@type":"Organization","@id":"http:\/\/www.eel-fotografie.de\/wp2\/#organization","name":"eel-fotografie | fotografie - bildagentur","url":"http:\/\/www.eel-fotografie.de\/wp2\/","logo":{"@type":"ImageObject","inLanguage":"de","@id":"http:\/\/www.eel-fotografie.de\/wp2\/#\/schema\/logo\/image\/","url":"http:\/\/www.eel-fotografie.de\/wp2\/wp-content\/uploads\/eel-fotografie_logo_2_500x250.png","contentUrl":"http:\/\/www.eel-fotografie.de\/wp2\/wp-content\/uploads\/eel-fotografie_logo_2_500x250.png","width":500,"height":254,"caption":"eel-fotografie | fotografie - bildagentur"},"image":{"@id":"http:\/\/www.eel-fotografie.de\/wp2\/#\/schema\/logo\/image\/"},"sameAs":["https:\/\/www.instagram.com\/eelfotografie\/"]},{"@type":"Person","@id":"http:\/\/www.eel-fotografie.de\/wp2\/#\/schema\/person\/48b675d7a081d02af2929c3629214db0","name":"admin","image":{"@type":"ImageObject","inLanguage":"de","@id":"http:\/\/www.eel-fotografie.de\/wp2\/#\/schema\/person\/image\/","url":"https:\/\/secure.gravatar.com\/avatar\/0238886d5b298e452983f5d971ee0c60774f53da880f3705d3087707fa31096c?s=96&d=mm&r=g","contentUrl":"https:\/\/secure.gravatar.com\/avatar\/0238886d5b298e452983f5d971ee0c60774f53da880f3705d3087707fa31096c?s=96&d=mm&r=g","caption":"admin"},"description":"Head of eel-fotografie | fotografie-bildagentur","sameAs":["http:\/\/www.eel-fotografie.de"],"url":"https:\/\/www.eel-fotografie.de\/wp2\/author\/admin\/"}]}},"_links":{"self":[{"href":"https:\/\/www.eel-fotografie.de\/wp2\/wp-json\/wp\/v2\/posts\/11019","targetHints":{"allow":["GET"]}}],"collection":[{"href":"https:\/\/www.eel-fotografie.de\/wp2\/wp-json\/wp\/v2\/posts"}],"about":[{"href":"https:\/\/www.eel-fotografie.de\/wp2\/wp-json\/wp\/v2\/types\/post"}],"author":[{"embeddable":true,"href":"https:\/\/www.eel-fotografie.de\/wp2\/wp-json\/wp\/v2\/users\/1"}],"replies":[{"embeddable":true,"href":"https:\/\/www.eel-fotografie.de\/wp2\/wp-json\/wp\/v2\/comments?post=11019"}],"version-history":[{"count":0,"href":"https:\/\/www.eel-fotografie.de\/wp2\/wp-json\/wp\/v2\/posts\/11019\/revisions"}],"wp:featuredmedia":[{"embeddable":true,"href":"https:\/\/www.eel-fotografie.de\/wp2\/wp-json\/wp\/v2\/media\/11042"}],"wp:attachment":[{"href":"https:\/\/www.eel-fotografie.de\/wp2\/wp-json\/wp\/v2\/media?parent=11019"}],"wp:term":[{"taxonomy":"category","embeddable":true,"href":"https:\/\/www.eel-fotografie.de\/wp2\/wp-json\/wp\/v2\/categories?post=11019"},{"taxonomy":"post_tag","embeddable":true,"href":"https:\/\/www.eel-fotografie.de\/wp2\/wp-json\/wp\/v2\/tags?post=11019"}],"curies":[{"name":"wp","href":"https:\/\/api.w.org\/{rel}","templated":true}]}}