{"id":12705,"date":"2017-01-11T16:24:52","date_gmt":"2017-01-11T15:24:52","guid":{"rendered":"http:\/\/www.eel-fotografie.de\/wp2\/?p=12705"},"modified":"2018-04-05T09:23:40","modified_gmt":"2018-04-05T07:23:40","slug":"fujifilm-x-pro-2","status":"publish","type":"post","link":"https:\/\/www.eel-fotografie.de\/wp2\/fujifilm-x-pro-2\/","title":{"rendered":"Fujifilm X-Pro 2"},"content":{"rendered":"<figure id=\"attachment_12821\" aria-describedby=\"caption-attachment-12821\" style=\"width: 1024px\" class=\"wp-caption alignnone\"><img loading=\"lazy\" decoding=\"async\" class=\"wp-image-12821 size-full\" src=\"http:\/\/www.eel-fotografie.de\/wp2\/wp-content\/uploads\/X_Pro_2_Teaser.jpg\" alt=\"Nikon fotografiert Fuji!\" width=\"1024\" height=\"256\" srcset=\"https:\/\/www.eel-fotografie.de\/wp2\/wp-content\/uploads\/X_Pro_2_Teaser.jpg 1024w, https:\/\/www.eel-fotografie.de\/wp2\/wp-content\/uploads\/X_Pro_2_Teaser-300x75.jpg 300w\" sizes=\"auto, (max-width: 1024px) 100vw, 1024px\" \/><figcaption id=\"caption-attachment-12821\" class=\"wp-caption-text\">Nikon fotografiert Fuji!<\/figcaption><\/figure>\n<p style=\"text-align: justify;\">&nbsp;<\/p>\n<p style=\"text-align: justify;\"><strong>Neu in der Familie: Fujifilm X-Pro 2!<\/strong><\/p>\n<p style=\"text-align: justify;\">Ich liebe meine Nikons, meine &#8211; gef\u00fchlt &#8211; 20 Objektive, meine Stative, die vielen Geh\u00e4use, die M\u00f6glichkeiten die Nikon mit ihrer Qualit\u00e4t bietet, das Zubeh\u00f6r. Was f\u00fcr eine erf\u00fcllende Kameraausr\u00fcstung. Highendqualit\u00e4t, keine technischen Probleme, alles im Griff. Aber, ich hatte es satt eine meiner D4s mit mindestens 3 Objektiven zu schleppen. Im Beruf ok, privat nicht mehr. Zu oft hatte ich keine Kamera dabei, nur weil ich keine Lust hatte Kilos zu stemmen. Ganz klar, die Familie ben\u00f6tigt Zuwachs. Zu Weihnachten sollte man sich etwas g\u00f6nnen. Lange Zeit war ich auf der Suche nach einer kleinen &#8222;everyday&#8220; Kamera, die auch ordentliche Eckdaten hat und prima Ergebnisse liefert. Schnell landete ich bei Fujifilm. Klein, schwarz, wendig und Retro. Damit beginnt die Qual der Wahl: Systemkamera, Spiegellos, Kompaktkamera, vielleicht ohne die M\u00f6glichkeit ein Objektiv zu wechseln? Ok, man sollte es nicht gleich untertreiben.<\/p>\n<figure id=\"attachment_12742\" aria-describedby=\"caption-attachment-12742\" style=\"width: 120px\" class=\"wp-caption alignleft center\"><img loading=\"lazy\" decoding=\"async\" class=\"size-thumbnail wp-image-12742\" src=\"http:\/\/www.eel-fotografie.de\/wp2\/wp-content\/uploads\/Fuji_X-100_T-120x90.jpg\" alt=\"Fuji X100T\" width=\"120\" height=\"90\" srcset=\"https:\/\/www.eel-fotografie.de\/wp2\/wp-content\/uploads\/Fuji_X-100_T-120x90.jpg 120w, https:\/\/www.eel-fotografie.de\/wp2\/wp-content\/uploads\/Fuji_X-100_T-300x225.jpg 300w, https:\/\/www.eel-fotografie.de\/wp2\/wp-content\/uploads\/Fuji_X-100_T.jpg 485w\" sizes=\"auto, (max-width: 120px) 100vw, 120px\" \/><figcaption id=\"caption-attachment-12742\" class=\"wp-caption-text\">Fuji X100T<br \/>Foto: Fujifilm<\/figcaption><\/figure>\n<figure id=\"attachment_12751\" aria-describedby=\"caption-attachment-12751\" style=\"width: 120px\" class=\"wp-caption alignleft center\"><img loading=\"lazy\" decoding=\"async\" class=\"size-thumbnail wp-image-12751\" src=\"http:\/\/www.eel-fotografie.de\/wp2\/wp-content\/uploads\/Fuji_X_T_2-120x90.jpg\" alt=\"Fuji X-T2\" width=\"120\" height=\"90\" srcset=\"https:\/\/www.eel-fotografie.de\/wp2\/wp-content\/uploads\/Fuji_X_T_2-120x90.jpg 120w, https:\/\/www.eel-fotografie.de\/wp2\/wp-content\/uploads\/Fuji_X_T_2-300x225.jpg 300w, https:\/\/www.eel-fotografie.de\/wp2\/wp-content\/uploads\/Fuji_X_T_2.jpg 567w\" sizes=\"auto, (max-width: 120px) 100vw, 120px\" \/><figcaption id=\"caption-attachment-12751\" class=\"wp-caption-text\">Fuji X-T2<br \/>Foto: Fujifilm<\/figcaption><\/figure>\n<p style=\"text-align: justify;\">Nachdem ich meine motorischen St\u00f6rungen vergeblich an einer X100T ausgelassen hatte, blieben am Ende nur 2 Modelle: X-T2 und X-Pro 2. Etwas gr\u00f6\u00dfer als die X100T, aber mit mehr M\u00f6glichkeiten, technisch weiter. Die Wahl fiel dann, warum auch immer, auf die X-Pro 2. Ich empfand sie als noch etwas handlicher und, Hand aufs Herz, das Auge isst doch mit. Auf dem Markt seit Anfang 2016, also technisch auf dem aktuellsten Stand, neuer X-Trans\u2122* CMOS III Sensor und X Prozessor Pro f\u00fcr schnellere Verarbeitung der Fotos, trotz CMOS Sensor ann\u00e4hernd Vollformatqualit\u00e4t (sagt man), 24 Megapixel, Multi-Hybrid-Optischer-Sucher, Filmsimulationen, 2 Speicherkartenslots und vieles mehr (<a href=\"https:\/\/www.fujifilm.eu\/de\/produkte\/digitalkameras\/systemkameras\/model\/x-pro2\/specifications-26540\" target=\"_blank\" rel=\"noopener\">Technische Daten<\/a>). Das Internet schenkt uns Informationen und schnell landet man f\u00fcr Pro und Kontra im Fuji Forum (<a href=\"http:\/\/www.fuji-x-forum.de\/forum\/31-fuji-x-pro-1-fuji-x-pro-2\/\" target=\"_blank\" rel=\"noopener\">Fuji X-Pro2 Forum<\/a>). Um es kurz zu machen: das Forum meint, das Model sei eine Art Wunderwaffe. Profis, Berufsfotografen (muss erw\u00e4hnt werden, Argumente haben dann wesentlich mehr Gewicht!), Amateure haben ihr Canons und Nikons der freien Marktwirtschaft zugef\u00fchrt. Umstieg jetzt! Kritiker werden gerne als technische Kleing\u00e4rtner niedergeschrien, Argumente bestenfalls ignoriert oder bewusst missachtet. Das kennt man ja aus Foren, egal welches Genre, Blogline ist Pflicht, oder verpiss&#8216; dich. Der Informationsgehalt war eher gering.<\/p>\n<p style=\"text-align: justify;\"><b>Geld und Stromfluss<\/b><\/p>\n<p style=\"text-align: justify;\">Mein Weg f\u00fchrte mich letztlich zum H\u00e4ndler meines Vertrauens, ich schoss ein paar Testfotos und tats\u00e4chlich: <span class=\"hiddenSpellError\">WOW<\/span>! Von zehn Fotos acht Fotos unscharf! Mir wurde schlagartig bewusst, das wird &#8211; das ist &#8211; meine Kamera. Genau die Challenge die ich suchte. Die bunten Prospekte, die lieben Foren Menschen, sie k\u00f6nnen unm\u00f6glich alle gelogen haben. Au\u00dferdem, bei diesem stattlichen Preis muss das Ding gut sein. Die Cashback Aktion l\u00e4sst die letzten Zweifel, die man wegen des gewaltigen Preises versp\u00fcrt, verfliegen. Noch ein Fuji 35 mm f1.4 Objektiv dazu (<a href=\"https:\/\/www.fujifilm.eu\/de\/produkte\/digitalkameras\/fujinon-xf-objektive\/model\/fujinon-xf35mm-f14-r\" target=\"_blank\" rel=\"noopener\">FUJINON XF 35mm F1.4<\/a>) und schon sind alle Tr\u00e4ume erf\u00fcllt. Denkst du auch nur. Eine schnelle Speicherkarte und ein zweiter Akku, da die Kamera Strom frisst, als w\u00fcrden weitere Atomkraftwerke kurz vor der Inbetriebnahme stehen um die Kamera mit Saft zu versorgen. Mit den zu bef\u00fcrchtenden steigenden Stromkosten steigt auch die Summe auf dem Display der Registrierkasse. Pffff, Cashback, was solls. Ich verlasse den Laden und f\u00fchle mich gut. Akku geladen, Gurt montiert (welcher Praxisfremde Ingenieur l\u00e4sst sich eigentlich diese Verknotungen einfallen?) und raus in die Einkaufsstra\u00dfe. Streetfotografie. Wenn das mal nicht Hip ist und v\u00f6llig neu, noch nie gemacht! Was f\u00fcr ein wunderbares Gef\u00fchl. Befreit von Kilos baumelt die X-Pro 2 \u00fcber meiner Schulter. L\u00e4ssig schlendere ich in der Einkaufzeile umher und knipse einh\u00e4ndig dies und das. Niemand interessiert sich f\u00fcr diese Kamera, man kann v\u00f6llig enthemmt die Linse den Leuten ins Gesicht dr\u00fccken. Sie freuen sich gar. Das kenne ich so nicht: normalerweise sehen sie meine D4 und schon rennen sie aus dem Sucher oder, wenn es ganz schlimm kommt, beschimpfen sie mich gar (um dann 10 Meter weiter ein Selfie f\u00fcr ihren Facebook Account zu machen). Genauso hatte ich mir das vorgestellt. Welch traumhafte Hardware. Endlich frei, genau das war es was ich wollte. Um es kurz zu machen: das Ergebnis war ganz&nbsp; und garnicht das was ich wollte. Liegt wohl haupts\u00e4chlich an mir. Dieser beschrieben sensationelle Autfokus ist eher weniger sensationell und nicht mal sonderlich, schon gar nicht betonenswert, schnell. Also Handbuch raus, gelernt, Einstellungen angepasst und erneut die Akkus geladen. Das Ergebnis der 2. Tour war dann schon wesentlich besser.<\/p>\n<figure id=\"attachment_12763\" aria-describedby=\"caption-attachment-12763\" style=\"width: 1024px\" class=\"wp-caption alignnone\"><img loading=\"lazy\" decoding=\"async\" class=\"size-full wp-image-12763\" src=\"http:\/\/www.eel-fotografie.de\/wp2\/wp-content\/uploads\/Farben_Kontrast.jpg\" alt=\"Fuji X-Pro2 Kontrast und Sch\u00e4rfe\" width=\"1024\" height=\"681\" srcset=\"https:\/\/www.eel-fotografie.de\/wp2\/wp-content\/uploads\/Farben_Kontrast.jpg 1024w, https:\/\/www.eel-fotografie.de\/wp2\/wp-content\/uploads\/Farben_Kontrast-300x200.jpg 300w, https:\/\/www.eel-fotografie.de\/wp2\/wp-content\/uploads\/Farben_Kontrast-272x182.jpg 272w\" sizes=\"auto, (max-width: 1024px) 100vw, 1024px\" \/><figcaption id=\"caption-attachment-12763\" class=\"wp-caption-text\">Da guckst du: satte Farben und Kontrast<\/figcaption><\/figure>\n<p style=\"text-align: justify;\">Trotzdem kann diese H\u00f6llenmaschine einige Dinge gar nicht so toll wie allgemein angepriesen. Einige Dinge dagegen richtig klasse. Damit hier nicht der falsche Eindruck entsteht: diese Kamera ist richtig gut, aber man muss wissen das sie ein paar Dinge nicht so toll kann. Sie ist handlich, leicht, die Bildqualit\u00e4t ist sehr gut, aber eben dann doch nur ein aufgeblasener CMOS (was man irgendwie sieht) und schon gar nicht Vollformat.<\/p>\n<p style=\"text-align: justify;\"><b>Hybridsucher, Autofokus und Bedienungsfreundlichkeit<\/b><\/p>\n<p style=\"text-align: justify;\">Sofern man Fotografie-affin ist und sich ein bischen mit Kamerahandhabung auskennt, bereitet einem die allgemeine Bedienung der Kamera keine Probleme. Der Hybridsucher ist eine Klasse f\u00fcr sich. Wirklich traumhaft und mit diversen Anpassungsm\u00f6glichkeiten. Man kann ihn nach den eigenen Bed\u00fcrfnissen konfigurieren. Ein Massstab f\u00fcr die Zukunft. Die Kamera macht richtig Spass und ich fotografiere sehr gerne damit. \u00c4rgerlich finde ich den Autofokus, der wirklich nur dann richtig funktioniert, wenn man sehr sorgsam damit umgeht. Teilt man beispielsweise den Fokussierpunkt an einer scharfen Kante, damit die Kamera das Objekt scharf stellt, passiert es sehr h\u00e4ufig, das die Sch\u00e4rfe in den Hintergrund abwandert. Das kann man bei gr\u00f6\u00dferer Entfernung und bei einem 35 mm Objektiv dann nur noch schlecht kontrollieren. Knips und leider liegt die Sch\u00e4rfe nicht auf dem Punkt, den man wollte, den man anvisiert hatte. So sind zum Beispiel B\u00e4ume, Str\u00e4ucher, Buschwerk wahrlich nicht ihr Ding. Hier ist sorgsam zu Fokusieren, ansonsten flutscht die Sch\u00e4rfe weg.<\/p>\n<figure id=\"attachment_12764\" aria-describedby=\"caption-attachment-12764\" style=\"width: 1024px\" class=\"wp-caption alignnone\"><img loading=\"lazy\" decoding=\"async\" class=\"wp-image-12764 size-full\" src=\"http:\/\/www.eel-fotografie.de\/wp2\/wp-content\/uploads\/Schearfe_flutsch-1.jpg\" width=\"1024\" height=\"681\" srcset=\"https:\/\/www.eel-fotografie.de\/wp2\/wp-content\/uploads\/Schearfe_flutsch-1.jpg 1024w, https:\/\/www.eel-fotografie.de\/wp2\/wp-content\/uploads\/Schearfe_flutsch-1-300x200.jpg 300w, https:\/\/www.eel-fotografie.de\/wp2\/wp-content\/uploads\/Schearfe_flutsch-1-272x182.jpg 272w\" sizes=\"auto, (max-width: 1024px) 100vw, 1024px\" \/><figcaption id=\"caption-attachment-12764\" class=\"wp-caption-text\">Vorne anvisiert und *flutsch* &#8211; weg ist die Sch\u00e4rfe!<\/figcaption><\/figure>\n<p style=\"text-align: justify;\">Ein weiteres \u00c4rgernis ist das Men\u00fc. Sicher, man kann sich daran gew\u00f6hnen, ich aber habe selten so ein sonderbar strukturiertes Kameramen\u00fc bedient. Um nur ein paar Punkte zu erw\u00e4hnen: wichtige Funktionen liegen in unter, Unterreitern, Praxisfernes daf\u00fcr an Position 1. Das recht wichtige &#8222;Formatieren&#8220; der Speicherkarten unter &#8222;Einrichten&#8220; &#8211; &#8222;Benutzer Einstellungen&#8220; &#8211; &#8222;Formatieren&#8220;. So kann es beispielsweise auch schnell passieren, das man beim Men\u00fcaufruf den Kartenslot unabsichtlich wechselt und sich wundert das keine Bilder gespeichert sind, weil man nur ein Slot mit einer Karte best\u00fcckt war. Wer schaut schon permanent auf die Slotbelegung? Ver\u00e4ndert man Einstellungen, kontrolliert dieses durch eine Aufnahme, um sie dann m\u00f6glicherweise wieder r\u00fcckg\u00e4ngig zu machen, muss man sich erneut durch das Men\u00fc hangeln, um an den Men\u00fcpunkt zu gelangen. Die Kamera merkt sich den letzten &#8222;Zugriffspunkt&#8220; nicht. Ein Plus ist wiederrum, man kann Tasten und Einstellr\u00e4der selbst belegen. So kann man das Men\u00fc umgehen. Ein sinnvoller Punkt ist auch die Funktion &#8222;My Men\u00fc&#8220;. Man kann sich hier eine Favoritenliste der 16 h\u00e4ufigst benutzen Men\u00fcpunkte anlegen. Leider ist auch diese Feature nur &#8222;halbgar&#8220;. Fuji gibt einige Men\u00fcpunkte vor die darin favorisiert werden k\u00f6nnen, leider nicht alle die man selbst als wichtig erachtet. Um ein Fremdobjektiv adaptieren zu k\u00f6nnen, muss man den Men\u00fcpunkt &#8222;Aufnahme ohne Objektiv&#8220; w\u00e4hlen (diese Bezeichnung ist schon schr\u00e4g), der &#8211; und jetzt kommt es &#8211; im Men\u00fcpunkt &#8222;Tasten und Rad Einstellung&#8220; liegt. Da muss man erst einmal draufkommen (Danke Wolfgang!).<\/p>\n<p style=\"text-align: justify;\"><b>Bildqualit\u00e4t, sehr gut bis &#8222;Weia&#8220;<\/b><\/p>\n<p style=\"text-align: justify;\">Liebe Fujileute: ihr habt eine fantastische Kamera gebaut, die Bildqualit\u00e4t der Kamera ist richtig gut. Wirklich. Mit kleinen Ausnahmen: Was soll dieses Gittermuster des Sensors bei Lensflare? Und der Hinweis durch eine leichte Korrektur des Bildwinkels verschwindet dieses Ph\u00e4nomen ist eine Eselsbr\u00fccke, aber keine L\u00f6sung.<\/p>\n<figure id=\"attachment_12767\" aria-describedby=\"caption-attachment-12767\" style=\"width: 1024px\" class=\"wp-caption alignnone\"><img loading=\"lazy\" decoding=\"async\" class=\"size-full wp-image-12767\" src=\"http:\/\/www.eel-fotografie.de\/wp2\/wp-content\/uploads\/Sensormuster.jpg\" alt=\"\" width=\"1024\" height=\"681\" srcset=\"https:\/\/www.eel-fotografie.de\/wp2\/wp-content\/uploads\/Sensormuster.jpg 1024w, https:\/\/www.eel-fotografie.de\/wp2\/wp-content\/uploads\/Sensormuster-300x200.jpg 300w, https:\/\/www.eel-fotografie.de\/wp2\/wp-content\/uploads\/Sensormuster-272x182.jpg 272w\" sizes=\"auto, (max-width: 1024px) 100vw, 1024px\" \/><figcaption id=\"caption-attachment-12767\" class=\"wp-caption-text\">Schottenkaro &#8211; Sensormuster im Lensflare!<\/figcaption><\/figure>\n<p style=\"text-align: justify;\">Was sind das f\u00fcr s\u00fc\u00dfe kleine &#8222;W\u00fcrmchen&#8220; bei bestimmten Jepg- Einstellungen? Der Tipp RAW zu machen, dann kann man dieses Problem umgehen, hilft nicht wirklich. Ich wollte ja eben keine RAW, sonst h\u00e4tte ich RAW gemacht. Die Kamera bietet gewisse Feature an, dann kann man auch verlangen das diese ordentlich funktionieren. Aber auch hier gilt: alles ist zu h\u00e4ndeln und ein Kamerasystem ist kein Wunschkonzert. Man kann mit der X-Pro 2 so richtig leckere Fotos machen. Die Filmsimulationen ist ein nettes Spielzeug, bei geschickter Belegung der Funktionstasten (FN) und des Quickmen\u00fcs (Q) kann man praktisch auf jede Situation schnell reagieren und erreicht damit sehr gute Ergebnisse. Das Rauschverhalten bei h\u00f6here ISO ist gut, f\u00fcr 24 Megapixel sogar sehr gut. Und wenn mal etwas nicht so perfekt ist, was solls. Es lebt!<\/p>\n<figure id=\"attachment_12766\" aria-describedby=\"caption-attachment-12766\" style=\"width: 300px\" class=\"wp-caption alignleft\"><img loading=\"lazy\" decoding=\"async\" class=\"wp-image-12766 size-medium\" src=\"http:\/\/www.eel-fotografie.de\/wp2\/wp-content\/uploads\/Schwierige_Belichtung_2-300x200.jpg\" alt=\"\" width=\"300\" height=\"200\" srcset=\"https:\/\/www.eel-fotografie.de\/wp2\/wp-content\/uploads\/Schwierige_Belichtung_2-300x200.jpg 300w, https:\/\/www.eel-fotografie.de\/wp2\/wp-content\/uploads\/Schwierige_Belichtung_2.jpg 1024w, https:\/\/www.eel-fotografie.de\/wp2\/wp-content\/uploads\/Schwierige_Belichtung_2-272x182.jpg 272w\" sizes=\"auto, (max-width: 300px) 100vw, 300px\" \/><figcaption id=\"caption-attachment-12766\" class=\"wp-caption-text\">Schwierige Lichtverh\u00e4ltnisse &#8211; kein Problem!<\/figcaption><\/figure>\n<p style=\"text-align: justify;\"><b>Fazit mit Fotografiephilosophie<\/b><\/p>\n<p style=\"text-align: justify;\">Wie alles im Leben, so auch hier: die Wahrheit liegt wohl irgendwo in der Mitte. Meine Beurteilung subjektiv, ohne messtechnische Belege (\u00fcberlass ich anderen) und sie erw\u00e4hnt nicht alle Punkte. Zus\u00e4tzlich hat jeder Mensch eine andere Arbeitsweise. Objektiv betrachtet ist die Fuji X-Pro 2 eine fantastische Kamera, die mit kleinen Ausnahmen das macht, was man verlangt. Ein Plus ist das Konzept. Klein, handlich, unauff\u00e4llig diskret und robust, erf\u00fcllt sie genau den Zweck den ich mir erhofft hatte. Fotografieren bereitet mir jetzt auch Privat wieder Freude, belebt meine Kreativit\u00e4t und schont zus\u00e4tzlich meine Schultern. Au\u00dferdem sieht sie wundersch\u00f6n aus (neudeutsch: Geil!). Der Hybridsucher ist &#8222;fett&#8220;. Sicher ist das die Zukunft im Kamerabau. Sehr gut gemacht Fuji. Aber liebe K\u00e4ufer, lasst euch von Profis (immer erw\u00e4hnen!) nicht erz\u00e4hlen es sei die &#8222;<span class=\"st\">Eierlegende Wollmilchsau<\/span>&#8220; die eure DSLR Ausr\u00fcstung ersetzt. Sicher nicht. Sie ist eine fantastische Erg\u00e4nzung und kann zus\u00e4tzlich den Spa\u00df f\u00fcr die schweren &#8222;Monster&#8220; neu entfachen. Nicht mehr, aber auch nicht weniger. Mit zwei, drei Brennweiten kann man einen weiten Bereich der Fotografie abdecken, bestimmte Bereiche aber eben nicht, oder nur ungen\u00fcgend. Das muss man wissen.<\/p>\n<figure id=\"attachment_12765\" aria-describedby=\"caption-attachment-12765\" style=\"width: 300px\" class=\"wp-caption alignright\"><img loading=\"lazy\" decoding=\"async\" class=\"wp-image-12765 size-medium\" src=\"http:\/\/www.eel-fotografie.de\/wp2\/wp-content\/uploads\/Leip_Weihnachtsmarkt-4.jpg\" alt=\"Leipziger Weinachtsmarkt\" width=\"300\" height=\"200\"><figcaption id=\"caption-attachment-12765\" class=\"wp-caption-text\">Die X-Pro 2 kann das!<\/figcaption><\/figure>\n<p style=\"text-align: justify;\">Letztlich sollte jeder mit sich selbst ausmachen ob er den doch recht hohen Preis zahlen will. Schnell ist man bei \u00fcber 2000 Euro f\u00fcr eine Grundausstattung. Dazu ist es auch notwendig, wie so oft im Leben, seine Ziele zu definieren und zu kennen. Vielleicht hilft diese Kamera die Fotografie wieder etwas lebendiger zu machen. Weg von dieser k\u00fchlen, sterilen, fehlerlosen Hightech Fotografie. Verzerrung, Randunsch\u00e4rfe, Vignettierung &#8211; ok, passiert! Beim Handy werden Hunderte von Apps benutzt, um diese Art der Bildgestaltung nachtr\u00e4glich einflie\u00dfen zu lassen. Bei normalen Fotoapparaten darf keinesfalls auch nur ein einzelner Pixel krumm liegen. Die X-Pro 2 kann dabei helfen wieder etwas lebendigere Bilder zu gestalten, weil man mit dieser Kamera l\u00e4ssiger, leichter umgeht und somit anders fotografiert. Von mir eine eindeutige Kaufempfehlung!<\/p>\nngg_shortcode_0_placeholder\n<p style=\"text-align: justify;\">&nbsp;<\/p>\n<p>(8 Fotos)<\/p>\n","protected":false},"excerpt":{"rendered":"<p>&nbsp; Neu in der Familie: Fujifilm X-Pro 2! Ich liebe meine Nikons, meine &#8211; gef\u00fchlt &#8211; 20 Objektive, meine Stative, die vielen Geh\u00e4use, die M\u00f6glichkeiten die Nikon mit ihrer Qualit\u00e4t bietet, das Zubeh\u00f6r. Was f\u00fcr eine erf\u00fcllende Kameraausr\u00fcstung. Highendqualit\u00e4t, keine technischen Probleme, alles im Griff. Aber, ich hatte es satt eine meiner D4s mit mindestens [&hellip;]<\/p>\n","protected":false},"author":1,"featured_media":12826,"comment_status":"closed","ping_status":"closed","sticky":false,"template":"","format":"standard","meta":{"_genesis_hide_title":false,"_genesis_hide_breadcrumbs":false,"_genesis_hide_singular_image":false,"_genesis_hide_footer_widgets":false,"_genesis_custom_body_class":"","_genesis_custom_post_class":"","_genesis_layout":"","ngg_post_thumbnail":0,"footnotes":""},"categories":[1],"tags":[1093,1095,1096,1089,6,7,204,1091,1105,1104,1103,1088,1097,1094,1090,1102,1092,1101,1100,1099,1098],"class_list":{"0":"post-12705","1":"post","2":"type-post","3":"status-publish","4":"format-standard","5":"has-post-thumbnail","7":"category-allgemein","8":"tag-aufnahme-ohne-objektiv","9":"tag-autofokus","10":"tag-bedienungsfreundlichkeit","11":"tag-benutzer-einstellungen","12":"tag-eberhard-krieger","13":"tag-eel-fotografie","14":"tag-eel-fotografie-bildagentur","15":"tag-formatieren","16":"tag-fuji-forum","17":"tag-fuji-x-t2","18":"tag-fuji-x100t","19":"tag-fujifilm-x-pro-2","20":"tag-fujinon-xf-35mm-f1-4","21":"tag-hybridsucher","22":"tag-kameramenue","23":"tag-kompaktkamera","24":"tag-lensflare","25":"tag-spiegellos","26":"tag-systemkamera","27":"tag-x-prozessor-pro","28":"tag-x-trans-cmos-iii-sensor","29":"entry"},"yoast_head":"<!-- This site is optimized with the Yoast SEO plugin v26.5 - https:\/\/yoast.com\/wordpress\/plugins\/seo\/ -->\n<title>Fujifilm X-Pro 2 - eel-fotografie<\/title>\n<meta name=\"description\" content=\"Fujifilm X-Pro 2, Fuji 35 mm f1.4, Hybridsucher, Autofokus und Bedienungsfreundlichkeit, Erfahrungsbericht, Plus und Minus, .\" \/>\n<meta name=\"robots\" content=\"index, follow, max-snippet:-1, max-image-preview:large, max-video-preview:-1\" \/>\n<link rel=\"canonical\" href=\"https:\/\/www.eel-fotografie.de\/wp2\/fujifilm-x-pro-2\/\" \/>\n<meta name=\"twitter:label1\" content=\"Verfasst von\" \/>\n\t<meta name=\"twitter:data1\" content=\"admin\" \/>\n\t<meta name=\"twitter:label2\" content=\"Gesch\u00e4tzte Lesezeit\" \/>\n\t<meta name=\"twitter:data2\" content=\"10\u00a0Minuten\" \/>\n<script type=\"application\/ld+json\" class=\"yoast-schema-graph\">{\"@context\":\"https:\/\/schema.org\",\"@graph\":[{\"@type\":\"Article\",\"@id\":\"https:\/\/www.eel-fotografie.de\/wp2\/fujifilm-x-pro-2\/#article\",\"isPartOf\":{\"@id\":\"https:\/\/www.eel-fotografie.de\/wp2\/fujifilm-x-pro-2\/\"},\"author\":{\"name\":\"admin\",\"@id\":\"http:\/\/www.eel-fotografie.de\/wp2\/#\/schema\/person\/48b675d7a081d02af2929c3629214db0\"},\"headline\":\"Fujifilm X-Pro 2\",\"datePublished\":\"2017-01-11T15:24:52+00:00\",\"dateModified\":\"2018-04-05T07:23:40+00:00\",\"mainEntityOfPage\":{\"@id\":\"https:\/\/www.eel-fotografie.de\/wp2\/fujifilm-x-pro-2\/\"},\"wordCount\":1923,\"publisher\":{\"@id\":\"http:\/\/www.eel-fotografie.de\/wp2\/#organization\"},\"image\":{\"@id\":\"https:\/\/www.eel-fotografie.de\/wp2\/fujifilm-x-pro-2\/#primaryimage\"},\"thumbnailUrl\":\"https:\/\/www.eel-fotografie.de\/wp2\/wp-content\/uploads\/ngg_featured\/DSCF0323.jpg\",\"keywords\":[\"Aufnahme ohne Objektiv\",\"Autofokus\",\"Bedienungsfreundlichkeit\",\"Benutzer Einstellungen\",\"Eberhard Krieger\",\"eel fotografie\",\"eel-fotografie bildagentur\",\"Formatieren\",\"Fuji Forum\",\"Fuji X-T2\",\"Fuji X100T\",\"Fujifilm X-Pro 2\",\"FUJINON XF 35mm F1.4\",\"Hybridsucher\",\"Kameramen\u00fc\",\"Kompaktkamera\",\"Lensflare\",\"Spiegellos\",\"Systemkamera\",\"X Prozessor Pro\",\"X-Trans\u2122* CMOS III Sensor\"],\"inLanguage\":\"de\"},{\"@type\":\"WebPage\",\"@id\":\"https:\/\/www.eel-fotografie.de\/wp2\/fujifilm-x-pro-2\/\",\"url\":\"https:\/\/www.eel-fotografie.de\/wp2\/fujifilm-x-pro-2\/\",\"name\":\"Fujifilm X-Pro 2 - eel-fotografie\",\"isPartOf\":{\"@id\":\"http:\/\/www.eel-fotografie.de\/wp2\/#website\"},\"primaryImageOfPage\":{\"@id\":\"https:\/\/www.eel-fotografie.de\/wp2\/fujifilm-x-pro-2\/#primaryimage\"},\"image\":{\"@id\":\"https:\/\/www.eel-fotografie.de\/wp2\/fujifilm-x-pro-2\/#primaryimage\"},\"thumbnailUrl\":\"https:\/\/www.eel-fotografie.de\/wp2\/wp-content\/uploads\/ngg_featured\/DSCF0323.jpg\",\"datePublished\":\"2017-01-11T15:24:52+00:00\",\"dateModified\":\"2018-04-05T07:23:40+00:00\",\"description\":\"Fujifilm X-Pro 2, Fuji 35 mm f1.4, Hybridsucher, Autofokus und Bedienungsfreundlichkeit, Erfahrungsbericht, Plus und Minus, .\",\"breadcrumb\":{\"@id\":\"https:\/\/www.eel-fotografie.de\/wp2\/fujifilm-x-pro-2\/#breadcrumb\"},\"inLanguage\":\"de\",\"potentialAction\":[{\"@type\":\"ReadAction\",\"target\":[\"https:\/\/www.eel-fotografie.de\/wp2\/fujifilm-x-pro-2\/\"]}]},{\"@type\":\"ImageObject\",\"inLanguage\":\"de\",\"@id\":\"https:\/\/www.eel-fotografie.de\/wp2\/fujifilm-x-pro-2\/#primaryimage\",\"url\":\"https:\/\/www.eel-fotografie.de\/wp2\/wp-content\/uploads\/ngg_featured\/DSCF0323.jpg\",\"contentUrl\":\"https:\/\/www.eel-fotografie.de\/wp2\/wp-content\/uploads\/ngg_featured\/DSCF0323.jpg\",\"width\":1024,\"height\":681},{\"@type\":\"BreadcrumbList\",\"@id\":\"https:\/\/www.eel-fotografie.de\/wp2\/fujifilm-x-pro-2\/#breadcrumb\",\"itemListElement\":[{\"@type\":\"ListItem\",\"position\":1,\"name\":\"Home\",\"item\":\"http:\/\/www.eel-fotografie.de\/wp2\/\"},{\"@type\":\"ListItem\",\"position\":2,\"name\":\"Fujifilm X-Pro 2\"}]},{\"@type\":\"WebSite\",\"@id\":\"http:\/\/www.eel-fotografie.de\/wp2\/#website\",\"url\":\"http:\/\/www.eel-fotografie.de\/wp2\/\",\"name\":\"eel-fotografie\",\"description\":\"fotografie - bildagentur\",\"publisher\":{\"@id\":\"http:\/\/www.eel-fotografie.de\/wp2\/#organization\"},\"potentialAction\":[{\"@type\":\"SearchAction\",\"target\":{\"@type\":\"EntryPoint\",\"urlTemplate\":\"http:\/\/www.eel-fotografie.de\/wp2\/?s={search_term_string}\"},\"query-input\":{\"@type\":\"PropertyValueSpecification\",\"valueRequired\":true,\"valueName\":\"search_term_string\"}}],\"inLanguage\":\"de\"},{\"@type\":\"Organization\",\"@id\":\"http:\/\/www.eel-fotografie.de\/wp2\/#organization\",\"name\":\"eel-fotografie | fotografie - bildagentur\",\"url\":\"http:\/\/www.eel-fotografie.de\/wp2\/\",\"logo\":{\"@type\":\"ImageObject\",\"inLanguage\":\"de\",\"@id\":\"http:\/\/www.eel-fotografie.de\/wp2\/#\/schema\/logo\/image\/\",\"url\":\"http:\/\/www.eel-fotografie.de\/wp2\/wp-content\/uploads\/eel-fotografie_logo_2_500x250.png\",\"contentUrl\":\"http:\/\/www.eel-fotografie.de\/wp2\/wp-content\/uploads\/eel-fotografie_logo_2_500x250.png\",\"width\":500,\"height\":254,\"caption\":\"eel-fotografie | fotografie - bildagentur\"},\"image\":{\"@id\":\"http:\/\/www.eel-fotografie.de\/wp2\/#\/schema\/logo\/image\/\"},\"sameAs\":[\"https:\/\/www.instagram.com\/eelfotografie\/\"]},{\"@type\":\"Person\",\"@id\":\"http:\/\/www.eel-fotografie.de\/wp2\/#\/schema\/person\/48b675d7a081d02af2929c3629214db0\",\"name\":\"admin\",\"image\":{\"@type\":\"ImageObject\",\"inLanguage\":\"de\",\"@id\":\"http:\/\/www.eel-fotografie.de\/wp2\/#\/schema\/person\/image\/\",\"url\":\"https:\/\/secure.gravatar.com\/avatar\/0238886d5b298e452983f5d971ee0c60774f53da880f3705d3087707fa31096c?s=96&d=mm&r=g\",\"contentUrl\":\"https:\/\/secure.gravatar.com\/avatar\/0238886d5b298e452983f5d971ee0c60774f53da880f3705d3087707fa31096c?s=96&d=mm&r=g\",\"caption\":\"admin\"},\"description\":\"Head of eel-fotografie | fotografie-bildagentur\",\"sameAs\":[\"http:\/\/www.eel-fotografie.de\"],\"url\":\"https:\/\/www.eel-fotografie.de\/wp2\/author\/admin\/\"}]}<\/script>\n<!-- \/ Yoast SEO plugin. -->","yoast_head_json":{"title":"Fujifilm X-Pro 2 - eel-fotografie","description":"Fujifilm X-Pro 2, Fuji 35 mm f1.4, Hybridsucher, Autofokus und Bedienungsfreundlichkeit, Erfahrungsbericht, Plus und Minus, .","robots":{"index":"index","follow":"follow","max-snippet":"max-snippet:-1","max-image-preview":"max-image-preview:large","max-video-preview":"max-video-preview:-1"},"canonical":"https:\/\/www.eel-fotografie.de\/wp2\/fujifilm-x-pro-2\/","twitter_misc":{"Verfasst von":"admin","Gesch\u00e4tzte Lesezeit":"10\u00a0Minuten"},"schema":{"@context":"https:\/\/schema.org","@graph":[{"@type":"Article","@id":"https:\/\/www.eel-fotografie.de\/wp2\/fujifilm-x-pro-2\/#article","isPartOf":{"@id":"https:\/\/www.eel-fotografie.de\/wp2\/fujifilm-x-pro-2\/"},"author":{"name":"admin","@id":"http:\/\/www.eel-fotografie.de\/wp2\/#\/schema\/person\/48b675d7a081d02af2929c3629214db0"},"headline":"Fujifilm X-Pro 2","datePublished":"2017-01-11T15:24:52+00:00","dateModified":"2018-04-05T07:23:40+00:00","mainEntityOfPage":{"@id":"https:\/\/www.eel-fotografie.de\/wp2\/fujifilm-x-pro-2\/"},"wordCount":1923,"publisher":{"@id":"http:\/\/www.eel-fotografie.de\/wp2\/#organization"},"image":{"@id":"https:\/\/www.eel-fotografie.de\/wp2\/fujifilm-x-pro-2\/#primaryimage"},"thumbnailUrl":"https:\/\/www.eel-fotografie.de\/wp2\/wp-content\/uploads\/ngg_featured\/DSCF0323.jpg","keywords":["Aufnahme ohne Objektiv","Autofokus","Bedienungsfreundlichkeit","Benutzer Einstellungen","Eberhard Krieger","eel fotografie","eel-fotografie bildagentur","Formatieren","Fuji Forum","Fuji X-T2","Fuji X100T","Fujifilm X-Pro 2","FUJINON XF 35mm F1.4","Hybridsucher","Kameramen\u00fc","Kompaktkamera","Lensflare","Spiegellos","Systemkamera","X Prozessor Pro","X-Trans\u2122* CMOS III Sensor"],"inLanguage":"de"},{"@type":"WebPage","@id":"https:\/\/www.eel-fotografie.de\/wp2\/fujifilm-x-pro-2\/","url":"https:\/\/www.eel-fotografie.de\/wp2\/fujifilm-x-pro-2\/","name":"Fujifilm X-Pro 2 - eel-fotografie","isPartOf":{"@id":"http:\/\/www.eel-fotografie.de\/wp2\/#website"},"primaryImageOfPage":{"@id":"https:\/\/www.eel-fotografie.de\/wp2\/fujifilm-x-pro-2\/#primaryimage"},"image":{"@id":"https:\/\/www.eel-fotografie.de\/wp2\/fujifilm-x-pro-2\/#primaryimage"},"thumbnailUrl":"https:\/\/www.eel-fotografie.de\/wp2\/wp-content\/uploads\/ngg_featured\/DSCF0323.jpg","datePublished":"2017-01-11T15:24:52+00:00","dateModified":"2018-04-05T07:23:40+00:00","description":"Fujifilm X-Pro 2, Fuji 35 mm f1.4, Hybridsucher, Autofokus und Bedienungsfreundlichkeit, Erfahrungsbericht, Plus und Minus, .","breadcrumb":{"@id":"https:\/\/www.eel-fotografie.de\/wp2\/fujifilm-x-pro-2\/#breadcrumb"},"inLanguage":"de","potentialAction":[{"@type":"ReadAction","target":["https:\/\/www.eel-fotografie.de\/wp2\/fujifilm-x-pro-2\/"]}]},{"@type":"ImageObject","inLanguage":"de","@id":"https:\/\/www.eel-fotografie.de\/wp2\/fujifilm-x-pro-2\/#primaryimage","url":"https:\/\/www.eel-fotografie.de\/wp2\/wp-content\/uploads\/ngg_featured\/DSCF0323.jpg","contentUrl":"https:\/\/www.eel-fotografie.de\/wp2\/wp-content\/uploads\/ngg_featured\/DSCF0323.jpg","width":1024,"height":681},{"@type":"BreadcrumbList","@id":"https:\/\/www.eel-fotografie.de\/wp2\/fujifilm-x-pro-2\/#breadcrumb","itemListElement":[{"@type":"ListItem","position":1,"name":"Home","item":"http:\/\/www.eel-fotografie.de\/wp2\/"},{"@type":"ListItem","position":2,"name":"Fujifilm X-Pro 2"}]},{"@type":"WebSite","@id":"http:\/\/www.eel-fotografie.de\/wp2\/#website","url":"http:\/\/www.eel-fotografie.de\/wp2\/","name":"eel-fotografie","description":"fotografie - bildagentur","publisher":{"@id":"http:\/\/www.eel-fotografie.de\/wp2\/#organization"},"potentialAction":[{"@type":"SearchAction","target":{"@type":"EntryPoint","urlTemplate":"http:\/\/www.eel-fotografie.de\/wp2\/?s={search_term_string}"},"query-input":{"@type":"PropertyValueSpecification","valueRequired":true,"valueName":"search_term_string"}}],"inLanguage":"de"},{"@type":"Organization","@id":"http:\/\/www.eel-fotografie.de\/wp2\/#organization","name":"eel-fotografie | fotografie - bildagentur","url":"http:\/\/www.eel-fotografie.de\/wp2\/","logo":{"@type":"ImageObject","inLanguage":"de","@id":"http:\/\/www.eel-fotografie.de\/wp2\/#\/schema\/logo\/image\/","url":"http:\/\/www.eel-fotografie.de\/wp2\/wp-content\/uploads\/eel-fotografie_logo_2_500x250.png","contentUrl":"http:\/\/www.eel-fotografie.de\/wp2\/wp-content\/uploads\/eel-fotografie_logo_2_500x250.png","width":500,"height":254,"caption":"eel-fotografie | fotografie - bildagentur"},"image":{"@id":"http:\/\/www.eel-fotografie.de\/wp2\/#\/schema\/logo\/image\/"},"sameAs":["https:\/\/www.instagram.com\/eelfotografie\/"]},{"@type":"Person","@id":"http:\/\/www.eel-fotografie.de\/wp2\/#\/schema\/person\/48b675d7a081d02af2929c3629214db0","name":"admin","image":{"@type":"ImageObject","inLanguage":"de","@id":"http:\/\/www.eel-fotografie.de\/wp2\/#\/schema\/person\/image\/","url":"https:\/\/secure.gravatar.com\/avatar\/0238886d5b298e452983f5d971ee0c60774f53da880f3705d3087707fa31096c?s=96&d=mm&r=g","contentUrl":"https:\/\/secure.gravatar.com\/avatar\/0238886d5b298e452983f5d971ee0c60774f53da880f3705d3087707fa31096c?s=96&d=mm&r=g","caption":"admin"},"description":"Head of eel-fotografie | fotografie-bildagentur","sameAs":["http:\/\/www.eel-fotografie.de"],"url":"https:\/\/www.eel-fotografie.de\/wp2\/author\/admin\/"}]}},"_links":{"self":[{"href":"https:\/\/www.eel-fotografie.de\/wp2\/wp-json\/wp\/v2\/posts\/12705","targetHints":{"allow":["GET"]}}],"collection":[{"href":"https:\/\/www.eel-fotografie.de\/wp2\/wp-json\/wp\/v2\/posts"}],"about":[{"href":"https:\/\/www.eel-fotografie.de\/wp2\/wp-json\/wp\/v2\/types\/post"}],"author":[{"embeddable":true,"href":"https:\/\/www.eel-fotografie.de\/wp2\/wp-json\/wp\/v2\/users\/1"}],"replies":[{"embeddable":true,"href":"https:\/\/www.eel-fotografie.de\/wp2\/wp-json\/wp\/v2\/comments?post=12705"}],"version-history":[{"count":0,"href":"https:\/\/www.eel-fotografie.de\/wp2\/wp-json\/wp\/v2\/posts\/12705\/revisions"}],"wp:featuredmedia":[{"embeddable":true,"href":"https:\/\/www.eel-fotografie.de\/wp2\/wp-json\/wp\/v2\/media\/12826"}],"wp:attachment":[{"href":"https:\/\/www.eel-fotografie.de\/wp2\/wp-json\/wp\/v2\/media?parent=12705"}],"wp:term":[{"taxonomy":"category","embeddable":true,"href":"https:\/\/www.eel-fotografie.de\/wp2\/wp-json\/wp\/v2\/categories?post=12705"},{"taxonomy":"post_tag","embeddable":true,"href":"https:\/\/www.eel-fotografie.de\/wp2\/wp-json\/wp\/v2\/tags?post=12705"}],"curies":[{"name":"wp","href":"https:\/\/api.w.org\/{rel}","templated":true}]}}