{"id":13096,"date":"2017-04-11T16:40:15","date_gmt":"2017-04-11T14:40:15","guid":{"rendered":"http:\/\/www.eel-fotografie.de\/wp2\/?p=13096"},"modified":"2017-04-25T15:43:22","modified_gmt":"2017-04-25T13:43:22","slug":"eintracht-frankfurt-sv-werder-bremen-22","status":"publish","type":"post","link":"https:\/\/www.eel-fotografie.de\/wp2\/eintracht-frankfurt-sv-werder-bremen-22\/","title":{"rendered":"Eintracht Frankfurt &#8211; SV Werder Bremen 2:2"},"content":{"rendered":"ngg_shortcode_0_placeholder\n<p style=\"text-align: justify;\">0:2 lag Eintracht Frankfurt zur Halbzeit gegen Werder Bremen zur\u00fcck (Tore f\u00fcr Bremen: 0:1 Zlatko Junuzovic, 37. Minute, 0:2 Fin Bartels, 43. Minute), als Mijat Ga\u0107inovi\u0107 in der 48. Spielminute die 487 Minuten dauernte Torflaute f\u00fcr Frankfurt beendete und zum 1:2 traf. Und es kam noch besser f\u00fcr die Eintracht: nach 4 vergebenen Elfmetern in Folge, verwandelte Marco Fabi\u00e1n einen Strafsto\u00df zum 2:2 Endergebnis. Frankfurt bleibt mit diesem Unentschieden seit 8 Spielen ohne Sieg, Werder Bremen holte 20 von 24 m\u00f6glichen Punkten aus den letzten acht Spielen.<\/p>\n<p>ngg_shortcode_1_placeholder<br \/>\n(16 Fotos)<\/p>\n","protected":false},"excerpt":{"rendered":"<p>0:2 lag Eintracht Frankfurt zur Halbzeit gegen Werder Bremen zur\u00fcck (Tore f\u00fcr Bremen: 0:1 Zlatko Junuzovic, 37. Minute, 0:2 Fin Bartels, 43. Minute), als Mijat Ga\u0107inovi\u0107 in der 48. Spielminute die 487 Minuten dauernte Torflaute f\u00fcr Frankfurt beendete und zum 1:2 traf. Und es kam noch besser f\u00fcr die Eintracht: nach 4 vergebenen Elfmetern in [&hellip;]<\/p>\n","protected":false},"author":1,"featured_media":13141,"comment_status":"closed","ping_status":"closed","sticky":false,"template":"","format":"standard","meta":{"_genesis_hide_title":false,"_genesis_hide_breadcrumbs":false,"_genesis_hide_singular_image":false,"_genesis_hide_footer_widgets":false,"_genesis_custom_body_class":"","_genesis_custom_post_class":"","_genesis_layout":"","ngg_post_thumbnail":0,"footnotes":""},"categories":[23,17],"tags":[35,944,101,36,6,7,19,10,22,133,16,11,98],"class_list":{"0":"post-13096","1":"post","2":"type-post","3":"status-publish","4":"format-standard","5":"has-post-thumbnail","7":"category-fussball","8":"category-sport","9":"tag-bundesliga","10":"tag-bundesligasaison-20162017","11":"tag-dfb","12":"tag-dfl","13":"tag-eberhard-krieger","14":"tag-eel-fotografie","15":"tag-eintracht-frankfurt","16":"tag-foto-krieger","17":"tag-fussball","18":"tag-sge","19":"tag-sport","20":"tag-sportfoto-krieger","21":"tag-sv-werder-bremen","22":"entry"},"yoast_head":"<!-- This site is optimized with the Yoast SEO plugin v26.5 - https:\/\/yoast.com\/wordpress\/plugins\/seo\/ -->\n<title>Eintracht Frankfurt - SV Werder Bremen 2:2 - eel-fotografie<\/title>\n<meta name=\"description\" content=\"Eintracht Frankfurt - SV Werder Bremen 2:2. Nach einem 0:2 R\u00fcckstand trifft die SGE nach 487 torlosen Spielminuten mal wieder ins Tor. (16 Fotos)\" \/>\n<meta name=\"robots\" content=\"index, follow, max-snippet:-1, max-image-preview:large, max-video-preview:-1\" \/>\n<link rel=\"canonical\" href=\"https:\/\/www.eel-fotografie.de\/wp2\/eintracht-frankfurt-sv-werder-bremen-22\/\" \/>\n<meta name=\"twitter:label1\" content=\"Verfasst von\" \/>\n\t<meta name=\"twitter:data1\" content=\"admin\" \/>\n\t<meta name=\"twitter:label2\" content=\"Gesch\u00e4tzte Lesezeit\" \/>\n\t<meta name=\"twitter:data2\" content=\"1\u00a0Minute\" \/>\n<script type=\"application\/ld+json\" class=\"yoast-schema-graph\">{\"@context\":\"https:\/\/schema.org\",\"@graph\":[{\"@type\":\"Article\",\"@id\":\"https:\/\/www.eel-fotografie.de\/wp2\/eintracht-frankfurt-sv-werder-bremen-22\/#article\",\"isPartOf\":{\"@id\":\"https:\/\/www.eel-fotografie.de\/wp2\/eintracht-frankfurt-sv-werder-bremen-22\/\"},\"author\":{\"name\":\"admin\",\"@id\":\"http:\/\/www.eel-fotografie.de\/wp2\/#\/schema\/person\/48b675d7a081d02af2929c3629214db0\"},\"headline\":\"Eintracht Frankfurt &#8211; SV Werder Bremen 2:2\",\"datePublished\":\"2017-04-11T14:40:15+00:00\",\"dateModified\":\"2017-04-25T13:43:22+00:00\",\"mainEntityOfPage\":{\"@id\":\"https:\/\/www.eel-fotografie.de\/wp2\/eintracht-frankfurt-sv-werder-bremen-22\/\"},\"wordCount\":243,\"publisher\":{\"@id\":\"http:\/\/www.eel-fotografie.de\/wp2\/#organization\"},\"image\":{\"@id\":\"https:\/\/www.eel-fotografie.de\/wp2\/eintracht-frankfurt-sv-werder-bremen-22\/#primaryimage\"},\"thumbnailUrl\":\"https:\/\/www.eel-fotografie.de\/wp2\/wp-content\/uploads\/ngg_featured\/DSC_0085.jpg\",\"keywords\":[\"Bundesliga\",\"Bundesligasaison 2016\/2017\",\"DFB\",\"DFL\",\"Eberhard Krieger\",\"eel fotografie\",\"Eintracht Frankfurt\",\"foto-krieger\",\"Fussball\",\"SGE\",\"Sport\",\"sportfoto-krieger\",\"SV Werder Bremen\"],\"articleSection\":[\"Fussball\",\"Sport\"],\"inLanguage\":\"de\"},{\"@type\":\"WebPage\",\"@id\":\"https:\/\/www.eel-fotografie.de\/wp2\/eintracht-frankfurt-sv-werder-bremen-22\/\",\"url\":\"https:\/\/www.eel-fotografie.de\/wp2\/eintracht-frankfurt-sv-werder-bremen-22\/\",\"name\":\"Eintracht Frankfurt - SV Werder Bremen 2:2 - eel-fotografie\",\"isPartOf\":{\"@id\":\"http:\/\/www.eel-fotografie.de\/wp2\/#website\"},\"primaryImageOfPage\":{\"@id\":\"https:\/\/www.eel-fotografie.de\/wp2\/eintracht-frankfurt-sv-werder-bremen-22\/#primaryimage\"},\"image\":{\"@id\":\"https:\/\/www.eel-fotografie.de\/wp2\/eintracht-frankfurt-sv-werder-bremen-22\/#primaryimage\"},\"thumbnailUrl\":\"https:\/\/www.eel-fotografie.de\/wp2\/wp-content\/uploads\/ngg_featured\/DSC_0085.jpg\",\"datePublished\":\"2017-04-11T14:40:15+00:00\",\"dateModified\":\"2017-04-25T13:43:22+00:00\",\"description\":\"Eintracht Frankfurt - SV Werder Bremen 2:2. Nach einem 0:2 R\u00fcckstand trifft die SGE nach 487 torlosen Spielminuten mal wieder ins Tor. (16 Fotos)\",\"breadcrumb\":{\"@id\":\"https:\/\/www.eel-fotografie.de\/wp2\/eintracht-frankfurt-sv-werder-bremen-22\/#breadcrumb\"},\"inLanguage\":\"de\",\"potentialAction\":[{\"@type\":\"ReadAction\",\"target\":[\"https:\/\/www.eel-fotografie.de\/wp2\/eintracht-frankfurt-sv-werder-bremen-22\/\"]}]},{\"@type\":\"ImageObject\",\"inLanguage\":\"de\",\"@id\":\"https:\/\/www.eel-fotografie.de\/wp2\/eintracht-frankfurt-sv-werder-bremen-22\/#primaryimage\",\"url\":\"https:\/\/www.eel-fotografie.de\/wp2\/wp-content\/uploads\/ngg_featured\/DSC_0085.jpg\",\"contentUrl\":\"https:\/\/www.eel-fotografie.de\/wp2\/wp-content\/uploads\/ngg_featured\/DSC_0085.jpg\",\"width\":1024,\"height\":681},{\"@type\":\"BreadcrumbList\",\"@id\":\"https:\/\/www.eel-fotografie.de\/wp2\/eintracht-frankfurt-sv-werder-bremen-22\/#breadcrumb\",\"itemListElement\":[{\"@type\":\"ListItem\",\"position\":1,\"name\":\"Home\",\"item\":\"http:\/\/www.eel-fotografie.de\/wp2\/\"},{\"@type\":\"ListItem\",\"position\":2,\"name\":\"Eintracht Frankfurt &#8211; SV Werder Bremen 2:2\"}]},{\"@type\":\"WebSite\",\"@id\":\"http:\/\/www.eel-fotografie.de\/wp2\/#website\",\"url\":\"http:\/\/www.eel-fotografie.de\/wp2\/\",\"name\":\"eel-fotografie\",\"description\":\"fotografie - bildagentur\",\"publisher\":{\"@id\":\"http:\/\/www.eel-fotografie.de\/wp2\/#organization\"},\"potentialAction\":[{\"@type\":\"SearchAction\",\"target\":{\"@type\":\"EntryPoint\",\"urlTemplate\":\"http:\/\/www.eel-fotografie.de\/wp2\/?s={search_term_string}\"},\"query-input\":{\"@type\":\"PropertyValueSpecification\",\"valueRequired\":true,\"valueName\":\"search_term_string\"}}],\"inLanguage\":\"de\"},{\"@type\":\"Organization\",\"@id\":\"http:\/\/www.eel-fotografie.de\/wp2\/#organization\",\"name\":\"eel-fotografie | fotografie - bildagentur\",\"url\":\"http:\/\/www.eel-fotografie.de\/wp2\/\",\"logo\":{\"@type\":\"ImageObject\",\"inLanguage\":\"de\",\"@id\":\"http:\/\/www.eel-fotografie.de\/wp2\/#\/schema\/logo\/image\/\",\"url\":\"http:\/\/www.eel-fotografie.de\/wp2\/wp-content\/uploads\/eel-fotografie_logo_2_500x250.png\",\"contentUrl\":\"http:\/\/www.eel-fotografie.de\/wp2\/wp-content\/uploads\/eel-fotografie_logo_2_500x250.png\",\"width\":500,\"height\":254,\"caption\":\"eel-fotografie | fotografie - bildagentur\"},\"image\":{\"@id\":\"http:\/\/www.eel-fotografie.de\/wp2\/#\/schema\/logo\/image\/\"},\"sameAs\":[\"https:\/\/www.instagram.com\/eelfotografie\/\"]},{\"@type\":\"Person\",\"@id\":\"http:\/\/www.eel-fotografie.de\/wp2\/#\/schema\/person\/48b675d7a081d02af2929c3629214db0\",\"name\":\"admin\",\"image\":{\"@type\":\"ImageObject\",\"inLanguage\":\"de\",\"@id\":\"http:\/\/www.eel-fotografie.de\/wp2\/#\/schema\/person\/image\/\",\"url\":\"https:\/\/secure.gravatar.com\/avatar\/0238886d5b298e452983f5d971ee0c60774f53da880f3705d3087707fa31096c?s=96&d=mm&r=g\",\"contentUrl\":\"https:\/\/secure.gravatar.com\/avatar\/0238886d5b298e452983f5d971ee0c60774f53da880f3705d3087707fa31096c?s=96&d=mm&r=g\",\"caption\":\"admin\"},\"description\":\"Head of eel-fotografie | fotografie-bildagentur\",\"sameAs\":[\"http:\/\/www.eel-fotografie.de\"],\"url\":\"https:\/\/www.eel-fotografie.de\/wp2\/author\/admin\/\"}]}<\/script>\n<!-- \/ Yoast SEO plugin. -->","yoast_head_json":{"title":"Eintracht Frankfurt - SV Werder Bremen 2:2 - eel-fotografie","description":"Eintracht Frankfurt - SV Werder Bremen 2:2. Nach einem 0:2 R\u00fcckstand trifft die SGE nach 487 torlosen Spielminuten mal wieder ins Tor. (16 Fotos)","robots":{"index":"index","follow":"follow","max-snippet":"max-snippet:-1","max-image-preview":"max-image-preview:large","max-video-preview":"max-video-preview:-1"},"canonical":"https:\/\/www.eel-fotografie.de\/wp2\/eintracht-frankfurt-sv-werder-bremen-22\/","twitter_misc":{"Verfasst von":"admin","Gesch\u00e4tzte Lesezeit":"1\u00a0Minute"},"schema":{"@context":"https:\/\/schema.org","@graph":[{"@type":"Article","@id":"https:\/\/www.eel-fotografie.de\/wp2\/eintracht-frankfurt-sv-werder-bremen-22\/#article","isPartOf":{"@id":"https:\/\/www.eel-fotografie.de\/wp2\/eintracht-frankfurt-sv-werder-bremen-22\/"},"author":{"name":"admin","@id":"http:\/\/www.eel-fotografie.de\/wp2\/#\/schema\/person\/48b675d7a081d02af2929c3629214db0"},"headline":"Eintracht Frankfurt &#8211; SV Werder Bremen 2:2","datePublished":"2017-04-11T14:40:15+00:00","dateModified":"2017-04-25T13:43:22+00:00","mainEntityOfPage":{"@id":"https:\/\/www.eel-fotografie.de\/wp2\/eintracht-frankfurt-sv-werder-bremen-22\/"},"wordCount":243,"publisher":{"@id":"http:\/\/www.eel-fotografie.de\/wp2\/#organization"},"image":{"@id":"https:\/\/www.eel-fotografie.de\/wp2\/eintracht-frankfurt-sv-werder-bremen-22\/#primaryimage"},"thumbnailUrl":"https:\/\/www.eel-fotografie.de\/wp2\/wp-content\/uploads\/ngg_featured\/DSC_0085.jpg","keywords":["Bundesliga","Bundesligasaison 2016\/2017","DFB","DFL","Eberhard Krieger","eel fotografie","Eintracht Frankfurt","foto-krieger","Fussball","SGE","Sport","sportfoto-krieger","SV Werder Bremen"],"articleSection":["Fussball","Sport"],"inLanguage":"de"},{"@type":"WebPage","@id":"https:\/\/www.eel-fotografie.de\/wp2\/eintracht-frankfurt-sv-werder-bremen-22\/","url":"https:\/\/www.eel-fotografie.de\/wp2\/eintracht-frankfurt-sv-werder-bremen-22\/","name":"Eintracht Frankfurt - SV Werder Bremen 2:2 - eel-fotografie","isPartOf":{"@id":"http:\/\/www.eel-fotografie.de\/wp2\/#website"},"primaryImageOfPage":{"@id":"https:\/\/www.eel-fotografie.de\/wp2\/eintracht-frankfurt-sv-werder-bremen-22\/#primaryimage"},"image":{"@id":"https:\/\/www.eel-fotografie.de\/wp2\/eintracht-frankfurt-sv-werder-bremen-22\/#primaryimage"},"thumbnailUrl":"https:\/\/www.eel-fotografie.de\/wp2\/wp-content\/uploads\/ngg_featured\/DSC_0085.jpg","datePublished":"2017-04-11T14:40:15+00:00","dateModified":"2017-04-25T13:43:22+00:00","description":"Eintracht Frankfurt - SV Werder Bremen 2:2. Nach einem 0:2 R\u00fcckstand trifft die SGE nach 487 torlosen Spielminuten mal wieder ins Tor. (16 Fotos)","breadcrumb":{"@id":"https:\/\/www.eel-fotografie.de\/wp2\/eintracht-frankfurt-sv-werder-bremen-22\/#breadcrumb"},"inLanguage":"de","potentialAction":[{"@type":"ReadAction","target":["https:\/\/www.eel-fotografie.de\/wp2\/eintracht-frankfurt-sv-werder-bremen-22\/"]}]},{"@type":"ImageObject","inLanguage":"de","@id":"https:\/\/www.eel-fotografie.de\/wp2\/eintracht-frankfurt-sv-werder-bremen-22\/#primaryimage","url":"https:\/\/www.eel-fotografie.de\/wp2\/wp-content\/uploads\/ngg_featured\/DSC_0085.jpg","contentUrl":"https:\/\/www.eel-fotografie.de\/wp2\/wp-content\/uploads\/ngg_featured\/DSC_0085.jpg","width":1024,"height":681},{"@type":"BreadcrumbList","@id":"https:\/\/www.eel-fotografie.de\/wp2\/eintracht-frankfurt-sv-werder-bremen-22\/#breadcrumb","itemListElement":[{"@type":"ListItem","position":1,"name":"Home","item":"http:\/\/www.eel-fotografie.de\/wp2\/"},{"@type":"ListItem","position":2,"name":"Eintracht Frankfurt &#8211; SV Werder Bremen 2:2"}]},{"@type":"WebSite","@id":"http:\/\/www.eel-fotografie.de\/wp2\/#website","url":"http:\/\/www.eel-fotografie.de\/wp2\/","name":"eel-fotografie","description":"fotografie - bildagentur","publisher":{"@id":"http:\/\/www.eel-fotografie.de\/wp2\/#organization"},"potentialAction":[{"@type":"SearchAction","target":{"@type":"EntryPoint","urlTemplate":"http:\/\/www.eel-fotografie.de\/wp2\/?s={search_term_string}"},"query-input":{"@type":"PropertyValueSpecification","valueRequired":true,"valueName":"search_term_string"}}],"inLanguage":"de"},{"@type":"Organization","@id":"http:\/\/www.eel-fotografie.de\/wp2\/#organization","name":"eel-fotografie | fotografie - bildagentur","url":"http:\/\/www.eel-fotografie.de\/wp2\/","logo":{"@type":"ImageObject","inLanguage":"de","@id":"http:\/\/www.eel-fotografie.de\/wp2\/#\/schema\/logo\/image\/","url":"http:\/\/www.eel-fotografie.de\/wp2\/wp-content\/uploads\/eel-fotografie_logo_2_500x250.png","contentUrl":"http:\/\/www.eel-fotografie.de\/wp2\/wp-content\/uploads\/eel-fotografie_logo_2_500x250.png","width":500,"height":254,"caption":"eel-fotografie | fotografie - bildagentur"},"image":{"@id":"http:\/\/www.eel-fotografie.de\/wp2\/#\/schema\/logo\/image\/"},"sameAs":["https:\/\/www.instagram.com\/eelfotografie\/"]},{"@type":"Person","@id":"http:\/\/www.eel-fotografie.de\/wp2\/#\/schema\/person\/48b675d7a081d02af2929c3629214db0","name":"admin","image":{"@type":"ImageObject","inLanguage":"de","@id":"http:\/\/www.eel-fotografie.de\/wp2\/#\/schema\/person\/image\/","url":"https:\/\/secure.gravatar.com\/avatar\/0238886d5b298e452983f5d971ee0c60774f53da880f3705d3087707fa31096c?s=96&d=mm&r=g","contentUrl":"https:\/\/secure.gravatar.com\/avatar\/0238886d5b298e452983f5d971ee0c60774f53da880f3705d3087707fa31096c?s=96&d=mm&r=g","caption":"admin"},"description":"Head of eel-fotografie | fotografie-bildagentur","sameAs":["http:\/\/www.eel-fotografie.de"],"url":"https:\/\/www.eel-fotografie.de\/wp2\/author\/admin\/"}]}},"_links":{"self":[{"href":"https:\/\/www.eel-fotografie.de\/wp2\/wp-json\/wp\/v2\/posts\/13096","targetHints":{"allow":["GET"]}}],"collection":[{"href":"https:\/\/www.eel-fotografie.de\/wp2\/wp-json\/wp\/v2\/posts"}],"about":[{"href":"https:\/\/www.eel-fotografie.de\/wp2\/wp-json\/wp\/v2\/types\/post"}],"author":[{"embeddable":true,"href":"https:\/\/www.eel-fotografie.de\/wp2\/wp-json\/wp\/v2\/users\/1"}],"replies":[{"embeddable":true,"href":"https:\/\/www.eel-fotografie.de\/wp2\/wp-json\/wp\/v2\/comments?post=13096"}],"version-history":[{"count":0,"href":"https:\/\/www.eel-fotografie.de\/wp2\/wp-json\/wp\/v2\/posts\/13096\/revisions"}],"wp:featuredmedia":[{"embeddable":true,"href":"https:\/\/www.eel-fotografie.de\/wp2\/wp-json\/wp\/v2\/media\/13141"}],"wp:attachment":[{"href":"https:\/\/www.eel-fotografie.de\/wp2\/wp-json\/wp\/v2\/media?parent=13096"}],"wp:term":[{"taxonomy":"category","embeddable":true,"href":"https:\/\/www.eel-fotografie.de\/wp2\/wp-json\/wp\/v2\/categories?post=13096"},{"taxonomy":"post_tag","embeddable":true,"href":"https:\/\/www.eel-fotografie.de\/wp2\/wp-json\/wp\/v2\/tags?post=13096"}],"curies":[{"name":"wp","href":"https:\/\/api.w.org\/{rel}","templated":true}]}}