{"id":13343,"date":"2017-05-18T08:34:51","date_gmt":"2017-05-18T06:34:51","guid":{"rendered":"http:\/\/www.eel-fotografie.de\/wp2\/?p=13343"},"modified":"2022-05-24T20:16:05","modified_gmt":"2022-05-24T18:16:05","slug":"formel-1-spanien-2017","status":"publish","type":"post","link":"https:\/\/www.eel-fotografie.de\/wp2\/formel-1-spanien-2017\/","title":{"rendered":"Die Formel 1 in Spanien 2017"},"content":{"rendered":"<p>Die Formel 1 in Spanien 2017, erstes Europa-Rennen 2017.<\/p>\nngg_shortcode_0_placeholder\n<p style=\"text-align: justify;\">Der Europa-Auftakt der Formel 1 in Barcelona zeigte deutlich das 2017 nur zwei Fahrer f\u00fcr den Weltmeistertitel in Frage kommen: Lewis Hamilton und Sebastian Vettel. Die Teamkollegen der beiden, Valtteri Bottas und Kimi R\u00e4ikk\u00f6nen, schieden im Rennen auf dem Circuit de Barcelona-Catalunya aus und liegen damit in der Tabelle schon deutlich zur\u00fcck. Hamilton feierte nach der 64. Pole-Position den 55. Sieg seiner Karriere. Diesmal allerdings mit tatkr\u00e4ftiger Hilfe des virtuellen Safety-Cars, denn lange hatte Sebastian Vettel gef\u00fchrt, der schlie\u00dflich als zweiter die Ziellinie \u00fcberquerte. Dritter wurde der \u00fcbergl\u00fcckliche, aber letztlich chancenlose Red Bull Pilot Daniel Ricciardo. Die Dominanz der beiden Fahrer in den beiden Topteams war erdr\u00fcckend. Ricciardos R\u00fcckstand nach 66 Runden: 1:15.8 Minuten. Alle anderen Piloten wurden sogar \u00fcberrundet. (<a href=\"http:\/\/www.formel1.de\/rennergebnisse\/2017\/grosser-preis-von-spanien\/rennen\" target=\"_blank\" rel=\"noopener noreferrer\">Ergebniss auf Formel1.de<\/a>)<\/p>\n<p>ngg_shortcode_1_placeholder(24 Fotos)<\/p>\n","protected":false},"excerpt":{"rendered":"<p>Die Formel 1 in Spanien 2017, erstes Europa-Rennen 2017. Der Europa-Auftakt der Formel 1 in Barcelona zeigte deutlich das 2017 nur zwei Fahrer f\u00fcr den Weltmeistertitel in Frage kommen: Lewis Hamilton und Sebastian Vettel. Die Teamkollegen der beiden, Valtteri Bottas und Kimi R\u00e4ikk\u00f6nen, schieden im Rennen auf dem Circuit de Barcelona-Catalunya aus und liegen damit [&hellip;]<\/p>\n","protected":false},"author":1,"featured_media":13408,"comment_status":"closed","ping_status":"closed","sticky":false,"template":"","format":"standard","meta":{"_genesis_hide_title":false,"_genesis_hide_breadcrumbs":false,"_genesis_hide_singular_image":false,"_genesis_hide_footer_widgets":false,"_genesis_custom_body_class":"","_genesis_custom_post_class":"","_genesis_layout":"","ngg_post_thumbnail":0,"footnotes":""},"categories":[156,185,17],"tags":[1190,767,771,6,7,204,155,157,1191,921,10,770,1192,1193,768,15,1636,302,255,772,256,773,131,1188,11,769,1194,162],"class_list":{"0":"post-13343","1":"post","2":"type-post","3":"status-publish","4":"format-standard","5":"has-post-thumbnail","7":"category-formel-1","8":"category-motorsport","9":"category-sport","10":"tag-barcelona","11":"tag-curbs","12":"tag-dynamik","13":"tag-eberhard-krieger","14":"tag-eel-fotografie","15":"tag-eel-fotografie-bildagentur","16":"tag-fia","17":"tag-formel-1","18":"tag-formel-1-weltmeisterschaft-2017","19":"tag-formula-one","20":"tag-foto-krieger","21":"tag-geschwindigkeit","22":"tag-grosser-preis-von-spanien-2017","23":"tag-hamilton","24":"tag-kurve","25":"tag-motorsport","26":"tag-nikon","27":"tag-pilot","28":"tag-rennauto","29":"tag-rennenstrecke","30":"tag-rennfahrer","31":"tag-rennfans","32":"tag-rennwagen","33":"tag-saison-2017","34":"tag-sportfoto-krieger","35":"tag-start-und-ziel","36":"tag-vettel","37":"tag-zuschauer","38":"entry"},"yoast_head":"<!-- This site is optimized with the Yoast SEO plugin v26.5 - https:\/\/yoast.com\/wordpress\/plugins\/seo\/ -->\n<title>Die Formel 1 in Spanien 2017 - eel-fotografie<\/title>\n<meta name=\"description\" content=\"Formel 1 Spanien 2017, Europaauftakt der Formel 1 auf dem Circuit de Barcelona-Catalunya. Sieger: Lewis Hamilton. (24 Foto)\" \/>\n<meta name=\"robots\" content=\"index, follow, max-snippet:-1, max-image-preview:large, max-video-preview:-1\" \/>\n<link rel=\"canonical\" href=\"https:\/\/www.eel-fotografie.de\/wp2\/formel-1-spanien-2017\/\" \/>\n<meta name=\"twitter:label1\" content=\"Verfasst von\" \/>\n\t<meta name=\"twitter:data1\" content=\"admin\" \/>\n\t<meta name=\"twitter:label2\" content=\"Gesch\u00e4tzte Lesezeit\" \/>\n\t<meta name=\"twitter:data2\" content=\"1\u00a0Minute\" \/>\n<script type=\"application\/ld+json\" class=\"yoast-schema-graph\">{\"@context\":\"https:\/\/schema.org\",\"@graph\":[{\"@type\":\"Article\",\"@id\":\"https:\/\/www.eel-fotografie.de\/wp2\/formel-1-spanien-2017\/#article\",\"isPartOf\":{\"@id\":\"https:\/\/www.eel-fotografie.de\/wp2\/formel-1-spanien-2017\/\"},\"author\":{\"name\":\"admin\",\"@id\":\"https:\/\/www.eel-fotografie.de\/wp2\/#\/schema\/person\/48b675d7a081d02af2929c3629214db0\"},\"headline\":\"Die Formel 1 in Spanien 2017\",\"datePublished\":\"2017-05-18T06:34:51+00:00\",\"dateModified\":\"2022-05-24T18:16:05+00:00\",\"mainEntityOfPage\":{\"@id\":\"https:\/\/www.eel-fotografie.de\/wp2\/formel-1-spanien-2017\/\"},\"wordCount\":286,\"publisher\":{\"@id\":\"https:\/\/www.eel-fotografie.de\/wp2\/#organization\"},\"image\":{\"@id\":\"https:\/\/www.eel-fotografie.de\/wp2\/formel-1-spanien-2017\/#primaryimage\"},\"thumbnailUrl\":\"https:\/\/www.eel-fotografie.de\/wp2\/wp-content\/uploads\/ngg_featured\/DSC_3658.jpg\",\"keywords\":[\"Barcelona\",\"Curbs\",\"Dynamik\",\"Eberhard Krieger\",\"eel fotografie\",\"eel-fotografie bildagentur\",\"FIA\",\"Formel 1\",\"Formel 1 Weltmeisterschaft 2017\",\"Formula One\",\"foto-krieger\",\"Geschwindigkeit\",\"Grosser Preis von Spanien 2017\",\"Hamilton\",\"Kurve\",\"Motorsport\",\"Nikon\",\"Pilot\",\"Rennauto\",\"Rennenstrecke\",\"Rennfahrer\",\"Rennfans\",\"Rennwagen\",\"Saison 2017\",\"sportfoto-krieger\",\"Start und Ziel\",\"Vettel\",\"Zuschauer\"],\"articleSection\":[\"Formel 1\",\"Motorsport\",\"Sport\"],\"inLanguage\":\"de\"},{\"@type\":\"WebPage\",\"@id\":\"https:\/\/www.eel-fotografie.de\/wp2\/formel-1-spanien-2017\/\",\"url\":\"https:\/\/www.eel-fotografie.de\/wp2\/formel-1-spanien-2017\/\",\"name\":\"Die Formel 1 in Spanien 2017 - eel-fotografie\",\"isPartOf\":{\"@id\":\"https:\/\/www.eel-fotografie.de\/wp2\/#website\"},\"primaryImageOfPage\":{\"@id\":\"https:\/\/www.eel-fotografie.de\/wp2\/formel-1-spanien-2017\/#primaryimage\"},\"image\":{\"@id\":\"https:\/\/www.eel-fotografie.de\/wp2\/formel-1-spanien-2017\/#primaryimage\"},\"thumbnailUrl\":\"https:\/\/www.eel-fotografie.de\/wp2\/wp-content\/uploads\/ngg_featured\/DSC_3658.jpg\",\"datePublished\":\"2017-05-18T06:34:51+00:00\",\"dateModified\":\"2022-05-24T18:16:05+00:00\",\"description\":\"Formel 1 Spanien 2017, Europaauftakt der Formel 1 auf dem Circuit de Barcelona-Catalunya. Sieger: Lewis Hamilton. (24 Foto)\",\"breadcrumb\":{\"@id\":\"https:\/\/www.eel-fotografie.de\/wp2\/formel-1-spanien-2017\/#breadcrumb\"},\"inLanguage\":\"de\",\"potentialAction\":[{\"@type\":\"ReadAction\",\"target\":[\"https:\/\/www.eel-fotografie.de\/wp2\/formel-1-spanien-2017\/\"]}]},{\"@type\":\"ImageObject\",\"inLanguage\":\"de\",\"@id\":\"https:\/\/www.eel-fotografie.de\/wp2\/formel-1-spanien-2017\/#primaryimage\",\"url\":\"https:\/\/www.eel-fotografie.de\/wp2\/wp-content\/uploads\/ngg_featured\/DSC_3658.jpg\",\"contentUrl\":\"https:\/\/www.eel-fotografie.de\/wp2\/wp-content\/uploads\/ngg_featured\/DSC_3658.jpg\",\"width\":1024,\"height\":681},{\"@type\":\"BreadcrumbList\",\"@id\":\"https:\/\/www.eel-fotografie.de\/wp2\/formel-1-spanien-2017\/#breadcrumb\",\"itemListElement\":[{\"@type\":\"ListItem\",\"position\":1,\"name\":\"Home\",\"item\":\"https:\/\/www.eel-fotografie.de\/wp2\/\"},{\"@type\":\"ListItem\",\"position\":2,\"name\":\"Die Formel 1 in Spanien 2017\"}]},{\"@type\":\"WebSite\",\"@id\":\"https:\/\/www.eel-fotografie.de\/wp2\/#website\",\"url\":\"https:\/\/www.eel-fotografie.de\/wp2\/\",\"name\":\"eel-fotografie\",\"description\":\"fotografie - bildagentur\",\"publisher\":{\"@id\":\"https:\/\/www.eel-fotografie.de\/wp2\/#organization\"},\"potentialAction\":[{\"@type\":\"SearchAction\",\"target\":{\"@type\":\"EntryPoint\",\"urlTemplate\":\"https:\/\/www.eel-fotografie.de\/wp2\/?s={search_term_string}\"},\"query-input\":{\"@type\":\"PropertyValueSpecification\",\"valueRequired\":true,\"valueName\":\"search_term_string\"}}],\"inLanguage\":\"de\"},{\"@type\":\"Organization\",\"@id\":\"https:\/\/www.eel-fotografie.de\/wp2\/#organization\",\"name\":\"eel-fotografie | fotografie - bildagentur\",\"url\":\"https:\/\/www.eel-fotografie.de\/wp2\/\",\"logo\":{\"@type\":\"ImageObject\",\"inLanguage\":\"de\",\"@id\":\"https:\/\/www.eel-fotografie.de\/wp2\/#\/schema\/logo\/image\/\",\"url\":\"http:\/\/www.eel-fotografie.de\/wp2\/wp-content\/uploads\/eel-fotografie_logo_2_500x250.png\",\"contentUrl\":\"http:\/\/www.eel-fotografie.de\/wp2\/wp-content\/uploads\/eel-fotografie_logo_2_500x250.png\",\"width\":500,\"height\":254,\"caption\":\"eel-fotografie | fotografie - bildagentur\"},\"image\":{\"@id\":\"https:\/\/www.eel-fotografie.de\/wp2\/#\/schema\/logo\/image\/\"},\"sameAs\":[\"https:\/\/www.instagram.com\/eelfotografie\/\"]},{\"@type\":\"Person\",\"@id\":\"https:\/\/www.eel-fotografie.de\/wp2\/#\/schema\/person\/48b675d7a081d02af2929c3629214db0\",\"name\":\"admin\",\"image\":{\"@type\":\"ImageObject\",\"inLanguage\":\"de\",\"@id\":\"https:\/\/www.eel-fotografie.de\/wp2\/#\/schema\/person\/image\/\",\"url\":\"https:\/\/secure.gravatar.com\/avatar\/0238886d5b298e452983f5d971ee0c60774f53da880f3705d3087707fa31096c?s=96&d=mm&r=g\",\"contentUrl\":\"https:\/\/secure.gravatar.com\/avatar\/0238886d5b298e452983f5d971ee0c60774f53da880f3705d3087707fa31096c?s=96&d=mm&r=g\",\"caption\":\"admin\"},\"description\":\"Head of eel-fotografie | fotografie-bildagentur\",\"sameAs\":[\"http:\/\/www.eel-fotografie.de\"],\"url\":\"https:\/\/www.eel-fotografie.de\/wp2\/author\/admin\/\"}]}<\/script>\n<!-- \/ Yoast SEO plugin. -->","yoast_head_json":{"title":"Die Formel 1 in Spanien 2017 - eel-fotografie","description":"Formel 1 Spanien 2017, Europaauftakt der Formel 1 auf dem Circuit de Barcelona-Catalunya. Sieger: Lewis Hamilton. (24 Foto)","robots":{"index":"index","follow":"follow","max-snippet":"max-snippet:-1","max-image-preview":"max-image-preview:large","max-video-preview":"max-video-preview:-1"},"canonical":"https:\/\/www.eel-fotografie.de\/wp2\/formel-1-spanien-2017\/","twitter_misc":{"Verfasst von":"admin","Gesch\u00e4tzte Lesezeit":"1\u00a0Minute"},"schema":{"@context":"https:\/\/schema.org","@graph":[{"@type":"Article","@id":"https:\/\/www.eel-fotografie.de\/wp2\/formel-1-spanien-2017\/#article","isPartOf":{"@id":"https:\/\/www.eel-fotografie.de\/wp2\/formel-1-spanien-2017\/"},"author":{"name":"admin","@id":"https:\/\/www.eel-fotografie.de\/wp2\/#\/schema\/person\/48b675d7a081d02af2929c3629214db0"},"headline":"Die Formel 1 in Spanien 2017","datePublished":"2017-05-18T06:34:51+00:00","dateModified":"2022-05-24T18:16:05+00:00","mainEntityOfPage":{"@id":"https:\/\/www.eel-fotografie.de\/wp2\/formel-1-spanien-2017\/"},"wordCount":286,"publisher":{"@id":"https:\/\/www.eel-fotografie.de\/wp2\/#organization"},"image":{"@id":"https:\/\/www.eel-fotografie.de\/wp2\/formel-1-spanien-2017\/#primaryimage"},"thumbnailUrl":"https:\/\/www.eel-fotografie.de\/wp2\/wp-content\/uploads\/ngg_featured\/DSC_3658.jpg","keywords":["Barcelona","Curbs","Dynamik","Eberhard Krieger","eel fotografie","eel-fotografie bildagentur","FIA","Formel 1","Formel 1 Weltmeisterschaft 2017","Formula One","foto-krieger","Geschwindigkeit","Grosser Preis von Spanien 2017","Hamilton","Kurve","Motorsport","Nikon","Pilot","Rennauto","Rennenstrecke","Rennfahrer","Rennfans","Rennwagen","Saison 2017","sportfoto-krieger","Start und Ziel","Vettel","Zuschauer"],"articleSection":["Formel 1","Motorsport","Sport"],"inLanguage":"de"},{"@type":"WebPage","@id":"https:\/\/www.eel-fotografie.de\/wp2\/formel-1-spanien-2017\/","url":"https:\/\/www.eel-fotografie.de\/wp2\/formel-1-spanien-2017\/","name":"Die Formel 1 in Spanien 2017 - eel-fotografie","isPartOf":{"@id":"https:\/\/www.eel-fotografie.de\/wp2\/#website"},"primaryImageOfPage":{"@id":"https:\/\/www.eel-fotografie.de\/wp2\/formel-1-spanien-2017\/#primaryimage"},"image":{"@id":"https:\/\/www.eel-fotografie.de\/wp2\/formel-1-spanien-2017\/#primaryimage"},"thumbnailUrl":"https:\/\/www.eel-fotografie.de\/wp2\/wp-content\/uploads\/ngg_featured\/DSC_3658.jpg","datePublished":"2017-05-18T06:34:51+00:00","dateModified":"2022-05-24T18:16:05+00:00","description":"Formel 1 Spanien 2017, Europaauftakt der Formel 1 auf dem Circuit de Barcelona-Catalunya. Sieger: Lewis Hamilton. (24 Foto)","breadcrumb":{"@id":"https:\/\/www.eel-fotografie.de\/wp2\/formel-1-spanien-2017\/#breadcrumb"},"inLanguage":"de","potentialAction":[{"@type":"ReadAction","target":["https:\/\/www.eel-fotografie.de\/wp2\/formel-1-spanien-2017\/"]}]},{"@type":"ImageObject","inLanguage":"de","@id":"https:\/\/www.eel-fotografie.de\/wp2\/formel-1-spanien-2017\/#primaryimage","url":"https:\/\/www.eel-fotografie.de\/wp2\/wp-content\/uploads\/ngg_featured\/DSC_3658.jpg","contentUrl":"https:\/\/www.eel-fotografie.de\/wp2\/wp-content\/uploads\/ngg_featured\/DSC_3658.jpg","width":1024,"height":681},{"@type":"BreadcrumbList","@id":"https:\/\/www.eel-fotografie.de\/wp2\/formel-1-spanien-2017\/#breadcrumb","itemListElement":[{"@type":"ListItem","position":1,"name":"Home","item":"https:\/\/www.eel-fotografie.de\/wp2\/"},{"@type":"ListItem","position":2,"name":"Die Formel 1 in Spanien 2017"}]},{"@type":"WebSite","@id":"https:\/\/www.eel-fotografie.de\/wp2\/#website","url":"https:\/\/www.eel-fotografie.de\/wp2\/","name":"eel-fotografie","description":"fotografie - bildagentur","publisher":{"@id":"https:\/\/www.eel-fotografie.de\/wp2\/#organization"},"potentialAction":[{"@type":"SearchAction","target":{"@type":"EntryPoint","urlTemplate":"https:\/\/www.eel-fotografie.de\/wp2\/?s={search_term_string}"},"query-input":{"@type":"PropertyValueSpecification","valueRequired":true,"valueName":"search_term_string"}}],"inLanguage":"de"},{"@type":"Organization","@id":"https:\/\/www.eel-fotografie.de\/wp2\/#organization","name":"eel-fotografie | fotografie - bildagentur","url":"https:\/\/www.eel-fotografie.de\/wp2\/","logo":{"@type":"ImageObject","inLanguage":"de","@id":"https:\/\/www.eel-fotografie.de\/wp2\/#\/schema\/logo\/image\/","url":"http:\/\/www.eel-fotografie.de\/wp2\/wp-content\/uploads\/eel-fotografie_logo_2_500x250.png","contentUrl":"http:\/\/www.eel-fotografie.de\/wp2\/wp-content\/uploads\/eel-fotografie_logo_2_500x250.png","width":500,"height":254,"caption":"eel-fotografie | fotografie - bildagentur"},"image":{"@id":"https:\/\/www.eel-fotografie.de\/wp2\/#\/schema\/logo\/image\/"},"sameAs":["https:\/\/www.instagram.com\/eelfotografie\/"]},{"@type":"Person","@id":"https:\/\/www.eel-fotografie.de\/wp2\/#\/schema\/person\/48b675d7a081d02af2929c3629214db0","name":"admin","image":{"@type":"ImageObject","inLanguage":"de","@id":"https:\/\/www.eel-fotografie.de\/wp2\/#\/schema\/person\/image\/","url":"https:\/\/secure.gravatar.com\/avatar\/0238886d5b298e452983f5d971ee0c60774f53da880f3705d3087707fa31096c?s=96&d=mm&r=g","contentUrl":"https:\/\/secure.gravatar.com\/avatar\/0238886d5b298e452983f5d971ee0c60774f53da880f3705d3087707fa31096c?s=96&d=mm&r=g","caption":"admin"},"description":"Head of eel-fotografie | fotografie-bildagentur","sameAs":["http:\/\/www.eel-fotografie.de"],"url":"https:\/\/www.eel-fotografie.de\/wp2\/author\/admin\/"}]}},"_links":{"self":[{"href":"https:\/\/www.eel-fotografie.de\/wp2\/wp-json\/wp\/v2\/posts\/13343","targetHints":{"allow":["GET"]}}],"collection":[{"href":"https:\/\/www.eel-fotografie.de\/wp2\/wp-json\/wp\/v2\/posts"}],"about":[{"href":"https:\/\/www.eel-fotografie.de\/wp2\/wp-json\/wp\/v2\/types\/post"}],"author":[{"embeddable":true,"href":"https:\/\/www.eel-fotografie.de\/wp2\/wp-json\/wp\/v2\/users\/1"}],"replies":[{"embeddable":true,"href":"https:\/\/www.eel-fotografie.de\/wp2\/wp-json\/wp\/v2\/comments?post=13343"}],"version-history":[{"count":0,"href":"https:\/\/www.eel-fotografie.de\/wp2\/wp-json\/wp\/v2\/posts\/13343\/revisions"}],"wp:featuredmedia":[{"embeddable":true,"href":"https:\/\/www.eel-fotografie.de\/wp2\/wp-json\/wp\/v2\/media\/13408"}],"wp:attachment":[{"href":"https:\/\/www.eel-fotografie.de\/wp2\/wp-json\/wp\/v2\/media?parent=13343"}],"wp:term":[{"taxonomy":"category","embeddable":true,"href":"https:\/\/www.eel-fotografie.de\/wp2\/wp-json\/wp\/v2\/categories?post=13343"},{"taxonomy":"post_tag","embeddable":true,"href":"https:\/\/www.eel-fotografie.de\/wp2\/wp-json\/wp\/v2\/tags?post=13343"}],"curies":[{"name":"wp","href":"https:\/\/api.w.org\/{rel}","templated":true}]}}