{"id":13415,"date":"2017-06-13T23:59:41","date_gmt":"2017-06-13T21:59:41","guid":{"rendered":"http:\/\/www.eel-fotografie.de\/wp2\/?p=13415"},"modified":"2022-05-24T20:16:18","modified_gmt":"2022-05-24T18:16:18","slug":"formel-1-grand-prix-von-monaco","status":"publish","type":"post","link":"https:\/\/www.eel-fotografie.de\/wp2\/formel-1-grand-prix-von-monaco\/","title":{"rendered":"Formel 1 Grand Prix von Monaco"},"content":{"rendered":"<p>Der Formel 1 Grand Prix von Monaco ganz in Rot: Ferrari dominiert den Gro\u00dfen Preis im F\u00fcrstentum.<\/p>\nngg_shortcode_0_placeholder\n<p style=\"text-align: justify;\">Ferrari ganz oben. Vettel vor R\u00e4ikk\u00f6nen, ein Doppelsieg der die Weltmeisterschaftstr\u00e4ume der Scuderia in den Himmel schie\u00dfen l\u00e4sst. Und die Konkurrenz? F\u00fcr ihre Anspr\u00fcche erlebt Mercedes ein Desaster. Valtteri Bottas wird nur vierter, Lewis Hamilton, nach schlechten Training, nur siebter. Red Bull belegt mit Daniel Ricciardo immerhin den 3. Platz. Trotz dieser Demonstration der St\u00e4rke hat der Sieg von Vettel einen Beigeschmack. Von Stallorder war die Rede, als Sebastian Vettel an seinen Teamkollegen Kimi R\u00e4ikk\u00f6nen vorbeizog. Eigentlich nichts neues in der Formel 1, Mercedes praktizierte dies schon zweimal diese Saison.<\/p>\n<p>ngg_shortcode_1_placeholder(48 Fotos)<\/p>\n","protected":false},"excerpt":{"rendered":"<p>Der Formel 1 Grand Prix von Monaco ganz in Rot: Ferrari dominiert den Gro\u00dfen Preis im F\u00fcrstentum. Ferrari ganz oben. Vettel vor R\u00e4ikk\u00f6nen, ein Doppelsieg der die Weltmeisterschaftstr\u00e4ume der Scuderia in den Himmel schie\u00dfen l\u00e4sst. Und die Konkurrenz? F\u00fcr ihre Anspr\u00fcche erlebt Mercedes ein Desaster. Valtteri Bottas wird nur vierter, Lewis Hamilton, nach schlechten Training, [&hellip;]<\/p>\n","protected":false},"author":1,"featured_media":13553,"comment_status":"closed","ping_status":"closed","sticky":false,"template":"","format":"standard","meta":{"_genesis_hide_title":false,"_genesis_hide_breadcrumbs":false,"_genesis_hide_singular_image":false,"_genesis_hide_footer_widgets":false,"_genesis_custom_body_class":"","_genesis_custom_post_class":"","_genesis_layout":"","ngg_post_thumbnail":0,"footnotes":""},"categories":[156,185,17],"tags":[1157,767,771,6,7,204,155,157,1201,921,10,770,1202,1193,768,1211,1203,15,1636,302,255,772,256,773,131,1188,11,769,1194,162],"class_list":{"0":"post-13415","1":"post","2":"type-post","3":"status-publish","4":"format-standard","5":"has-post-thumbnail","7":"category-formel-1","8":"category-motorsport","9":"category-sport","10":"tag-1157","11":"tag-curbs","12":"tag-dynamik","13":"tag-eberhard-krieger","14":"tag-eel-fotografie","15":"tag-eel-fotografie-bildagentur","16":"tag-fia","17":"tag-formel-1","18":"tag-formel-1-weltmeisterschaft","19":"tag-formula-one","20":"tag-foto-krieger","21":"tag-geschwindigkeit","22":"tag-grosser-preis-von-monaco-2017","23":"tag-hamilton","24":"tag-kurve","25":"tag-monaco","26":"tag-monaco-gp","27":"tag-motorsport","28":"tag-nikon","29":"tag-pilot","30":"tag-rennauto","31":"tag-rennenstrecke","32":"tag-rennfahrer","33":"tag-rennfans","34":"tag-rennwagen","35":"tag-saison-2017","36":"tag-sportfoto-krieger","37":"tag-start-und-ziel","38":"tag-vettel","39":"tag-zuschauer","40":"entry"},"yoast_head":"<!-- This site is optimized with the Yoast SEO plugin v26.5 - https:\/\/yoast.com\/wordpress\/plugins\/seo\/ -->\n<title>Formel 1 Grand Prix von Monaco - eel-fotografie<\/title>\n<meta name=\"description\" content=\"Der Formel 1 Grand Prix von Monaco ganz in Rot: Ferrari dominiert den Grossen Preis im F\u00fcrstentum 2017. Vettel vor Raikk\u00f6nen. (16 Fotos)\" \/>\n<meta name=\"robots\" content=\"index, follow, max-snippet:-1, max-image-preview:large, max-video-preview:-1\" \/>\n<link rel=\"canonical\" href=\"https:\/\/www.eel-fotografie.de\/wp2\/formel-1-grand-prix-von-monaco\/\" \/>\n<meta name=\"twitter:label1\" content=\"Verfasst von\" \/>\n\t<meta name=\"twitter:data1\" content=\"admin\" \/>\n\t<meta name=\"twitter:label2\" content=\"Gesch\u00e4tzte Lesezeit\" \/>\n\t<meta name=\"twitter:data2\" content=\"1\u00a0Minute\" \/>\n<script type=\"application\/ld+json\" class=\"yoast-schema-graph\">{\"@context\":\"https:\/\/schema.org\",\"@graph\":[{\"@type\":\"Article\",\"@id\":\"https:\/\/www.eel-fotografie.de\/wp2\/formel-1-grand-prix-von-monaco\/#article\",\"isPartOf\":{\"@id\":\"https:\/\/www.eel-fotografie.de\/wp2\/formel-1-grand-prix-von-monaco\/\"},\"author\":{\"name\":\"admin\",\"@id\":\"http:\/\/www.eel-fotografie.de\/wp2\/#\/schema\/person\/48b675d7a081d02af2929c3629214db0\"},\"headline\":\"Formel 1 Grand Prix von Monaco\",\"datePublished\":\"2017-06-13T21:59:41+00:00\",\"dateModified\":\"2022-05-24T18:16:18+00:00\",\"mainEntityOfPage\":{\"@id\":\"https:\/\/www.eel-fotografie.de\/wp2\/formel-1-grand-prix-von-monaco\/\"},\"wordCount\":275,\"publisher\":{\"@id\":\"http:\/\/www.eel-fotografie.de\/wp2\/#organization\"},\"image\":{\"@id\":\"https:\/\/www.eel-fotografie.de\/wp2\/formel-1-grand-prix-von-monaco\/#primaryimage\"},\"thumbnailUrl\":\"https:\/\/www.eel-fotografie.de\/wp2\/wp-content\/uploads\/ngg_featured\/DSC_2844.jpg\",\"keywords\":[\"2017\",\"Curbs\",\"Dynamik\",\"Eberhard Krieger\",\"eel fotografie\",\"eel-fotografie bildagentur\",\"FIA\",\"Formel 1\",\"Formel 1 Weltmeisterschaft\",\"Formula One\",\"foto-krieger\",\"Geschwindigkeit\",\"Grosser Preis von Monaco 2017\",\"Hamilton\",\"Kurve\",\"Monaco\",\"Monaco GP\",\"Motorsport\",\"Nikon\",\"Pilot\",\"Rennauto\",\"Rennenstrecke\",\"Rennfahrer\",\"Rennfans\",\"Rennwagen\",\"Saison 2017\",\"sportfoto-krieger\",\"Start und Ziel\",\"Vettel\",\"Zuschauer\"],\"articleSection\":[\"Formel 1\",\"Motorsport\",\"Sport\"],\"inLanguage\":\"de\"},{\"@type\":\"WebPage\",\"@id\":\"https:\/\/www.eel-fotografie.de\/wp2\/formel-1-grand-prix-von-monaco\/\",\"url\":\"https:\/\/www.eel-fotografie.de\/wp2\/formel-1-grand-prix-von-monaco\/\",\"name\":\"Formel 1 Grand Prix von Monaco - eel-fotografie\",\"isPartOf\":{\"@id\":\"http:\/\/www.eel-fotografie.de\/wp2\/#website\"},\"primaryImageOfPage\":{\"@id\":\"https:\/\/www.eel-fotografie.de\/wp2\/formel-1-grand-prix-von-monaco\/#primaryimage\"},\"image\":{\"@id\":\"https:\/\/www.eel-fotografie.de\/wp2\/formel-1-grand-prix-von-monaco\/#primaryimage\"},\"thumbnailUrl\":\"https:\/\/www.eel-fotografie.de\/wp2\/wp-content\/uploads\/ngg_featured\/DSC_2844.jpg\",\"datePublished\":\"2017-06-13T21:59:41+00:00\",\"dateModified\":\"2022-05-24T18:16:18+00:00\",\"description\":\"Der Formel 1 Grand Prix von Monaco ganz in Rot: Ferrari dominiert den Grossen Preis im F\u00fcrstentum 2017. Vettel vor Raikk\u00f6nen. (16 Fotos)\",\"breadcrumb\":{\"@id\":\"https:\/\/www.eel-fotografie.de\/wp2\/formel-1-grand-prix-von-monaco\/#breadcrumb\"},\"inLanguage\":\"de\",\"potentialAction\":[{\"@type\":\"ReadAction\",\"target\":[\"https:\/\/www.eel-fotografie.de\/wp2\/formel-1-grand-prix-von-monaco\/\"]}]},{\"@type\":\"ImageObject\",\"inLanguage\":\"de\",\"@id\":\"https:\/\/www.eel-fotografie.de\/wp2\/formel-1-grand-prix-von-monaco\/#primaryimage\",\"url\":\"https:\/\/www.eel-fotografie.de\/wp2\/wp-content\/uploads\/ngg_featured\/DSC_2844.jpg\",\"contentUrl\":\"https:\/\/www.eel-fotografie.de\/wp2\/wp-content\/uploads\/ngg_featured\/DSC_2844.jpg\",\"width\":1024,\"height\":681},{\"@type\":\"BreadcrumbList\",\"@id\":\"https:\/\/www.eel-fotografie.de\/wp2\/formel-1-grand-prix-von-monaco\/#breadcrumb\",\"itemListElement\":[{\"@type\":\"ListItem\",\"position\":1,\"name\":\"Home\",\"item\":\"http:\/\/www.eel-fotografie.de\/wp2\/\"},{\"@type\":\"ListItem\",\"position\":2,\"name\":\"Formel 1 Grand Prix von Monaco\"}]},{\"@type\":\"WebSite\",\"@id\":\"http:\/\/www.eel-fotografie.de\/wp2\/#website\",\"url\":\"http:\/\/www.eel-fotografie.de\/wp2\/\",\"name\":\"eel-fotografie\",\"description\":\"fotografie - bildagentur\",\"publisher\":{\"@id\":\"http:\/\/www.eel-fotografie.de\/wp2\/#organization\"},\"potentialAction\":[{\"@type\":\"SearchAction\",\"target\":{\"@type\":\"EntryPoint\",\"urlTemplate\":\"http:\/\/www.eel-fotografie.de\/wp2\/?s={search_term_string}\"},\"query-input\":{\"@type\":\"PropertyValueSpecification\",\"valueRequired\":true,\"valueName\":\"search_term_string\"}}],\"inLanguage\":\"de\"},{\"@type\":\"Organization\",\"@id\":\"http:\/\/www.eel-fotografie.de\/wp2\/#organization\",\"name\":\"eel-fotografie | fotografie - bildagentur\",\"url\":\"http:\/\/www.eel-fotografie.de\/wp2\/\",\"logo\":{\"@type\":\"ImageObject\",\"inLanguage\":\"de\",\"@id\":\"http:\/\/www.eel-fotografie.de\/wp2\/#\/schema\/logo\/image\/\",\"url\":\"http:\/\/www.eel-fotografie.de\/wp2\/wp-content\/uploads\/eel-fotografie_logo_2_500x250.png\",\"contentUrl\":\"http:\/\/www.eel-fotografie.de\/wp2\/wp-content\/uploads\/eel-fotografie_logo_2_500x250.png\",\"width\":500,\"height\":254,\"caption\":\"eel-fotografie | fotografie - bildagentur\"},\"image\":{\"@id\":\"http:\/\/www.eel-fotografie.de\/wp2\/#\/schema\/logo\/image\/\"},\"sameAs\":[\"https:\/\/www.instagram.com\/eelfotografie\/\"]},{\"@type\":\"Person\",\"@id\":\"http:\/\/www.eel-fotografie.de\/wp2\/#\/schema\/person\/48b675d7a081d02af2929c3629214db0\",\"name\":\"admin\",\"image\":{\"@type\":\"ImageObject\",\"inLanguage\":\"de\",\"@id\":\"http:\/\/www.eel-fotografie.de\/wp2\/#\/schema\/person\/image\/\",\"url\":\"https:\/\/secure.gravatar.com\/avatar\/0238886d5b298e452983f5d971ee0c60774f53da880f3705d3087707fa31096c?s=96&d=mm&r=g\",\"contentUrl\":\"https:\/\/secure.gravatar.com\/avatar\/0238886d5b298e452983f5d971ee0c60774f53da880f3705d3087707fa31096c?s=96&d=mm&r=g\",\"caption\":\"admin\"},\"description\":\"Head of eel-fotografie | fotografie-bildagentur\",\"sameAs\":[\"http:\/\/www.eel-fotografie.de\"],\"url\":\"https:\/\/www.eel-fotografie.de\/wp2\/author\/admin\/\"}]}<\/script>\n<!-- \/ Yoast SEO plugin. -->","yoast_head_json":{"title":"Formel 1 Grand Prix von Monaco - eel-fotografie","description":"Der Formel 1 Grand Prix von Monaco ganz in Rot: Ferrari dominiert den Grossen Preis im F\u00fcrstentum 2017. Vettel vor Raikk\u00f6nen. (16 Fotos)","robots":{"index":"index","follow":"follow","max-snippet":"max-snippet:-1","max-image-preview":"max-image-preview:large","max-video-preview":"max-video-preview:-1"},"canonical":"https:\/\/www.eel-fotografie.de\/wp2\/formel-1-grand-prix-von-monaco\/","twitter_misc":{"Verfasst von":"admin","Gesch\u00e4tzte Lesezeit":"1\u00a0Minute"},"schema":{"@context":"https:\/\/schema.org","@graph":[{"@type":"Article","@id":"https:\/\/www.eel-fotografie.de\/wp2\/formel-1-grand-prix-von-monaco\/#article","isPartOf":{"@id":"https:\/\/www.eel-fotografie.de\/wp2\/formel-1-grand-prix-von-monaco\/"},"author":{"name":"admin","@id":"http:\/\/www.eel-fotografie.de\/wp2\/#\/schema\/person\/48b675d7a081d02af2929c3629214db0"},"headline":"Formel 1 Grand Prix von Monaco","datePublished":"2017-06-13T21:59:41+00:00","dateModified":"2022-05-24T18:16:18+00:00","mainEntityOfPage":{"@id":"https:\/\/www.eel-fotografie.de\/wp2\/formel-1-grand-prix-von-monaco\/"},"wordCount":275,"publisher":{"@id":"http:\/\/www.eel-fotografie.de\/wp2\/#organization"},"image":{"@id":"https:\/\/www.eel-fotografie.de\/wp2\/formel-1-grand-prix-von-monaco\/#primaryimage"},"thumbnailUrl":"https:\/\/www.eel-fotografie.de\/wp2\/wp-content\/uploads\/ngg_featured\/DSC_2844.jpg","keywords":["2017","Curbs","Dynamik","Eberhard Krieger","eel fotografie","eel-fotografie bildagentur","FIA","Formel 1","Formel 1 Weltmeisterschaft","Formula One","foto-krieger","Geschwindigkeit","Grosser Preis von Monaco 2017","Hamilton","Kurve","Monaco","Monaco GP","Motorsport","Nikon","Pilot","Rennauto","Rennenstrecke","Rennfahrer","Rennfans","Rennwagen","Saison 2017","sportfoto-krieger","Start und Ziel","Vettel","Zuschauer"],"articleSection":["Formel 1","Motorsport","Sport"],"inLanguage":"de"},{"@type":"WebPage","@id":"https:\/\/www.eel-fotografie.de\/wp2\/formel-1-grand-prix-von-monaco\/","url":"https:\/\/www.eel-fotografie.de\/wp2\/formel-1-grand-prix-von-monaco\/","name":"Formel 1 Grand Prix von Monaco - eel-fotografie","isPartOf":{"@id":"http:\/\/www.eel-fotografie.de\/wp2\/#website"},"primaryImageOfPage":{"@id":"https:\/\/www.eel-fotografie.de\/wp2\/formel-1-grand-prix-von-monaco\/#primaryimage"},"image":{"@id":"https:\/\/www.eel-fotografie.de\/wp2\/formel-1-grand-prix-von-monaco\/#primaryimage"},"thumbnailUrl":"https:\/\/www.eel-fotografie.de\/wp2\/wp-content\/uploads\/ngg_featured\/DSC_2844.jpg","datePublished":"2017-06-13T21:59:41+00:00","dateModified":"2022-05-24T18:16:18+00:00","description":"Der Formel 1 Grand Prix von Monaco ganz in Rot: Ferrari dominiert den Grossen Preis im F\u00fcrstentum 2017. Vettel vor Raikk\u00f6nen. (16 Fotos)","breadcrumb":{"@id":"https:\/\/www.eel-fotografie.de\/wp2\/formel-1-grand-prix-von-monaco\/#breadcrumb"},"inLanguage":"de","potentialAction":[{"@type":"ReadAction","target":["https:\/\/www.eel-fotografie.de\/wp2\/formel-1-grand-prix-von-monaco\/"]}]},{"@type":"ImageObject","inLanguage":"de","@id":"https:\/\/www.eel-fotografie.de\/wp2\/formel-1-grand-prix-von-monaco\/#primaryimage","url":"https:\/\/www.eel-fotografie.de\/wp2\/wp-content\/uploads\/ngg_featured\/DSC_2844.jpg","contentUrl":"https:\/\/www.eel-fotografie.de\/wp2\/wp-content\/uploads\/ngg_featured\/DSC_2844.jpg","width":1024,"height":681},{"@type":"BreadcrumbList","@id":"https:\/\/www.eel-fotografie.de\/wp2\/formel-1-grand-prix-von-monaco\/#breadcrumb","itemListElement":[{"@type":"ListItem","position":1,"name":"Home","item":"http:\/\/www.eel-fotografie.de\/wp2\/"},{"@type":"ListItem","position":2,"name":"Formel 1 Grand Prix von Monaco"}]},{"@type":"WebSite","@id":"http:\/\/www.eel-fotografie.de\/wp2\/#website","url":"http:\/\/www.eel-fotografie.de\/wp2\/","name":"eel-fotografie","description":"fotografie - bildagentur","publisher":{"@id":"http:\/\/www.eel-fotografie.de\/wp2\/#organization"},"potentialAction":[{"@type":"SearchAction","target":{"@type":"EntryPoint","urlTemplate":"http:\/\/www.eel-fotografie.de\/wp2\/?s={search_term_string}"},"query-input":{"@type":"PropertyValueSpecification","valueRequired":true,"valueName":"search_term_string"}}],"inLanguage":"de"},{"@type":"Organization","@id":"http:\/\/www.eel-fotografie.de\/wp2\/#organization","name":"eel-fotografie | fotografie - bildagentur","url":"http:\/\/www.eel-fotografie.de\/wp2\/","logo":{"@type":"ImageObject","inLanguage":"de","@id":"http:\/\/www.eel-fotografie.de\/wp2\/#\/schema\/logo\/image\/","url":"http:\/\/www.eel-fotografie.de\/wp2\/wp-content\/uploads\/eel-fotografie_logo_2_500x250.png","contentUrl":"http:\/\/www.eel-fotografie.de\/wp2\/wp-content\/uploads\/eel-fotografie_logo_2_500x250.png","width":500,"height":254,"caption":"eel-fotografie | fotografie - bildagentur"},"image":{"@id":"http:\/\/www.eel-fotografie.de\/wp2\/#\/schema\/logo\/image\/"},"sameAs":["https:\/\/www.instagram.com\/eelfotografie\/"]},{"@type":"Person","@id":"http:\/\/www.eel-fotografie.de\/wp2\/#\/schema\/person\/48b675d7a081d02af2929c3629214db0","name":"admin","image":{"@type":"ImageObject","inLanguage":"de","@id":"http:\/\/www.eel-fotografie.de\/wp2\/#\/schema\/person\/image\/","url":"https:\/\/secure.gravatar.com\/avatar\/0238886d5b298e452983f5d971ee0c60774f53da880f3705d3087707fa31096c?s=96&d=mm&r=g","contentUrl":"https:\/\/secure.gravatar.com\/avatar\/0238886d5b298e452983f5d971ee0c60774f53da880f3705d3087707fa31096c?s=96&d=mm&r=g","caption":"admin"},"description":"Head of eel-fotografie | fotografie-bildagentur","sameAs":["http:\/\/www.eel-fotografie.de"],"url":"https:\/\/www.eel-fotografie.de\/wp2\/author\/admin\/"}]}},"_links":{"self":[{"href":"https:\/\/www.eel-fotografie.de\/wp2\/wp-json\/wp\/v2\/posts\/13415","targetHints":{"allow":["GET"]}}],"collection":[{"href":"https:\/\/www.eel-fotografie.de\/wp2\/wp-json\/wp\/v2\/posts"}],"about":[{"href":"https:\/\/www.eel-fotografie.de\/wp2\/wp-json\/wp\/v2\/types\/post"}],"author":[{"embeddable":true,"href":"https:\/\/www.eel-fotografie.de\/wp2\/wp-json\/wp\/v2\/users\/1"}],"replies":[{"embeddable":true,"href":"https:\/\/www.eel-fotografie.de\/wp2\/wp-json\/wp\/v2\/comments?post=13415"}],"version-history":[{"count":0,"href":"https:\/\/www.eel-fotografie.de\/wp2\/wp-json\/wp\/v2\/posts\/13415\/revisions"}],"wp:featuredmedia":[{"embeddable":true,"href":"https:\/\/www.eel-fotografie.de\/wp2\/wp-json\/wp\/v2\/media\/13553"}],"wp:attachment":[{"href":"https:\/\/www.eel-fotografie.de\/wp2\/wp-json\/wp\/v2\/media?parent=13415"}],"wp:term":[{"taxonomy":"category","embeddable":true,"href":"https:\/\/www.eel-fotografie.de\/wp2\/wp-json\/wp\/v2\/categories?post=13415"},{"taxonomy":"post_tag","embeddable":true,"href":"https:\/\/www.eel-fotografie.de\/wp2\/wp-json\/wp\/v2\/tags?post=13415"}],"curies":[{"name":"wp","href":"https:\/\/api.w.org\/{rel}","templated":true}]}}