{"id":13941,"date":"2017-09-04T18:47:50","date_gmt":"2017-09-04T16:47:50","guid":{"rendered":"http:\/\/www.eel-fotografie.de\/wp2\/?p=13941"},"modified":"2022-05-24T20:17:36","modified_gmt":"2022-05-24T18:17:36","slug":"formel-1-spa-francorchamps-2017","status":"publish","type":"post","link":"https:\/\/www.eel-fotografie.de\/wp2\/formel-1-spa-francorchamps-2017\/","title":{"rendered":"Formel 1 Spa Francorchamps 2017"},"content":{"rendered":"ngg_shortcode_0_placeholder\n<p style=\"text-align: justify;\">Formel 1 Spa Francorchamps 2017, erstes Rennen nach der Sommerpause, unver\u00e4ndertes Bild: seit dem Grossen Preis von Spanien dominiert Lewis Hamilton die Formel 1 wieder. Nach anf\u00e4nglicher Schw\u00e4che zu Beginn der Saison l\u00e4uft sein Mercedes jetzt wieder weltmeisterlich. Nur durch Fehler konnte Ferrari in Monaco und Ungarn noch einmal gewinnen, jetzt scheint sich das Blatt in der Weltmeisterschaft entg\u00fcltig gewendet zu haben. Sebastian Vettel bleibt nur der 2. Platz, dritter wurde Daniel Ricciardo.<\/p>\nngg_shortcode_1_placeholder\n<p>(16 Fotos)<\/p>\n","protected":false},"excerpt":{"rendered":"<p>Formel 1 Spa Francorchamps 2017, erstes Rennen nach der Sommerpause, unver\u00e4ndertes Bild: seit dem Grossen Preis von Spanien dominiert Lewis Hamilton die Formel 1 wieder. Nach anf\u00e4nglicher Schw\u00e4che zu Beginn der Saison l\u00e4uft sein Mercedes jetzt wieder weltmeisterlich. Nur durch Fehler konnte Ferrari in Monaco und Ungarn noch einmal gewinnen, jetzt scheint sich das Blatt [&hellip;]<\/p>\n","protected":false},"author":1,"featured_media":13944,"comment_status":"closed","ping_status":"closed","sticky":false,"template":"","format":"standard","meta":{"_genesis_hide_title":false,"_genesis_hide_breadcrumbs":false,"_genesis_hide_singular_image":false,"_genesis_hide_footer_widgets":false,"_genesis_custom_body_class":"","_genesis_custom_post_class":"","_genesis_layout":"","ngg_post_thumbnail":0,"footnotes":""},"categories":[156,185,17],"tags":[1157,767,771,6,7,204,1266,157,921,10,770,1268,1193,768,15,1636,302,255,772,256,773,131,1188,948,11,769,1194,1267,162],"class_list":{"0":"post-13941","1":"post","2":"type-post","3":"status-publish","4":"format-standard","5":"has-post-thumbnail","7":"category-formel-1","8":"category-motorsport","9":"category-sport","10":"tag-1157","11":"tag-curbs","12":"tag-dynamik","13":"tag-eberhard-krieger","14":"tag-eel-fotografie","15":"tag-eel-fotografie-bildagentur","16":"tag-fia-formel-1","17":"tag-formel-1","18":"tag-formula-one","19":"tag-foto-krieger","20":"tag-geschwindigkeit","21":"tag-gp-belgien","22":"tag-hamilton","23":"tag-kurve","24":"tag-motorsport","25":"tag-nikon","26":"tag-pilot","27":"tag-rennauto","28":"tag-rennenstrecke","29":"tag-rennfahrer","30":"tag-rennfans","31":"tag-rennwagen","32":"tag-saison-2017","33":"tag-spa-francorchamps","34":"tag-sportfoto-krieger","35":"tag-start-und-ziel","36":"tag-vettel","37":"tag-weltmeisterschaft","38":"tag-zuschauer","39":"entry"},"yoast_head":"<!-- This site is optimized with the Yoast SEO plugin v26.5 - https:\/\/yoast.com\/wordpress\/plugins\/seo\/ -->\n<title>Formel 1 Spa Francorchamps 2017 - eel-fotografie<\/title>\n<meta name=\"description\" content=\"Formel 1 Spa Francorchamps 2017, der GP von Belgien in 16 Fotos. Sieger Lewis Hamilton vor Sebastian Vettel und Daniel Ricciardo.\" \/>\n<meta name=\"robots\" content=\"index, follow, max-snippet:-1, max-image-preview:large, max-video-preview:-1\" \/>\n<link rel=\"canonical\" href=\"https:\/\/www.eel-fotografie.de\/wp2\/formel-1-spa-francorchamps-2017\/\" \/>\n<meta name=\"twitter:label1\" content=\"Verfasst von\" \/>\n\t<meta name=\"twitter:data1\" content=\"admin\" \/>\n\t<meta name=\"twitter:label2\" content=\"Gesch\u00e4tzte Lesezeit\" \/>\n\t<meta name=\"twitter:data2\" content=\"1\u00a0Minute\" \/>\n<script type=\"application\/ld+json\" class=\"yoast-schema-graph\">{\"@context\":\"https:\/\/schema.org\",\"@graph\":[{\"@type\":\"Article\",\"@id\":\"https:\/\/www.eel-fotografie.de\/wp2\/formel-1-spa-francorchamps-2017\/#article\",\"isPartOf\":{\"@id\":\"https:\/\/www.eel-fotografie.de\/wp2\/formel-1-spa-francorchamps-2017\/\"},\"author\":{\"name\":\"admin\",\"@id\":\"http:\/\/www.eel-fotografie.de\/wp2\/#\/schema\/person\/48b675d7a081d02af2929c3629214db0\"},\"headline\":\"Formel 1 Spa Francorchamps 2017\",\"datePublished\":\"2017-09-04T16:47:50+00:00\",\"dateModified\":\"2022-05-24T18:17:36+00:00\",\"mainEntityOfPage\":{\"@id\":\"https:\/\/www.eel-fotografie.de\/wp2\/formel-1-spa-francorchamps-2017\/\"},\"wordCount\":219,\"publisher\":{\"@id\":\"http:\/\/www.eel-fotografie.de\/wp2\/#organization\"},\"image\":{\"@id\":\"https:\/\/www.eel-fotografie.de\/wp2\/formel-1-spa-francorchamps-2017\/#primaryimage\"},\"thumbnailUrl\":\"https:\/\/www.eel-fotografie.de\/wp2\/wp-content\/uploads\/ngg_featured\/DSC_6567.jpg\",\"keywords\":[\"2017\",\"Curbs\",\"Dynamik\",\"Eberhard Krieger\",\"eel fotografie\",\"eel-fotografie bildagentur\",\"FIA Formel 1\",\"Formel 1\",\"Formula One\",\"foto-krieger\",\"Geschwindigkeit\",\"GP Belgien\",\"Hamilton\",\"Kurve\",\"Motorsport\",\"Nikon\",\"Pilot\",\"Rennauto\",\"Rennenstrecke\",\"Rennfahrer\",\"Rennfans\",\"Rennwagen\",\"Saison 2017\",\"Spa Francorchamps\",\"sportfoto-krieger\",\"Start und Ziel\",\"Vettel\",\"Weltmeisterschaft\",\"Zuschauer\"],\"articleSection\":[\"Formel 1\",\"Motorsport\",\"Sport\"],\"inLanguage\":\"de\"},{\"@type\":\"WebPage\",\"@id\":\"https:\/\/www.eel-fotografie.de\/wp2\/formel-1-spa-francorchamps-2017\/\",\"url\":\"https:\/\/www.eel-fotografie.de\/wp2\/formel-1-spa-francorchamps-2017\/\",\"name\":\"Formel 1 Spa Francorchamps 2017 - eel-fotografie\",\"isPartOf\":{\"@id\":\"http:\/\/www.eel-fotografie.de\/wp2\/#website\"},\"primaryImageOfPage\":{\"@id\":\"https:\/\/www.eel-fotografie.de\/wp2\/formel-1-spa-francorchamps-2017\/#primaryimage\"},\"image\":{\"@id\":\"https:\/\/www.eel-fotografie.de\/wp2\/formel-1-spa-francorchamps-2017\/#primaryimage\"},\"thumbnailUrl\":\"https:\/\/www.eel-fotografie.de\/wp2\/wp-content\/uploads\/ngg_featured\/DSC_6567.jpg\",\"datePublished\":\"2017-09-04T16:47:50+00:00\",\"dateModified\":\"2022-05-24T18:17:36+00:00\",\"description\":\"Formel 1 Spa Francorchamps 2017, der GP von Belgien in 16 Fotos. Sieger Lewis Hamilton vor Sebastian Vettel und Daniel Ricciardo.\",\"breadcrumb\":{\"@id\":\"https:\/\/www.eel-fotografie.de\/wp2\/formel-1-spa-francorchamps-2017\/#breadcrumb\"},\"inLanguage\":\"de\",\"potentialAction\":[{\"@type\":\"ReadAction\",\"target\":[\"https:\/\/www.eel-fotografie.de\/wp2\/formel-1-spa-francorchamps-2017\/\"]}]},{\"@type\":\"ImageObject\",\"inLanguage\":\"de\",\"@id\":\"https:\/\/www.eel-fotografie.de\/wp2\/formel-1-spa-francorchamps-2017\/#primaryimage\",\"url\":\"https:\/\/www.eel-fotografie.de\/wp2\/wp-content\/uploads\/ngg_featured\/DSC_6567.jpg\",\"contentUrl\":\"https:\/\/www.eel-fotografie.de\/wp2\/wp-content\/uploads\/ngg_featured\/DSC_6567.jpg\",\"width\":1024,\"height\":681},{\"@type\":\"BreadcrumbList\",\"@id\":\"https:\/\/www.eel-fotografie.de\/wp2\/formel-1-spa-francorchamps-2017\/#breadcrumb\",\"itemListElement\":[{\"@type\":\"ListItem\",\"position\":1,\"name\":\"Home\",\"item\":\"http:\/\/www.eel-fotografie.de\/wp2\/\"},{\"@type\":\"ListItem\",\"position\":2,\"name\":\"Formel 1 Spa Francorchamps 2017\"}]},{\"@type\":\"WebSite\",\"@id\":\"http:\/\/www.eel-fotografie.de\/wp2\/#website\",\"url\":\"http:\/\/www.eel-fotografie.de\/wp2\/\",\"name\":\"eel-fotografie\",\"description\":\"fotografie - bildagentur\",\"publisher\":{\"@id\":\"http:\/\/www.eel-fotografie.de\/wp2\/#organization\"},\"potentialAction\":[{\"@type\":\"SearchAction\",\"target\":{\"@type\":\"EntryPoint\",\"urlTemplate\":\"http:\/\/www.eel-fotografie.de\/wp2\/?s={search_term_string}\"},\"query-input\":{\"@type\":\"PropertyValueSpecification\",\"valueRequired\":true,\"valueName\":\"search_term_string\"}}],\"inLanguage\":\"de\"},{\"@type\":\"Organization\",\"@id\":\"http:\/\/www.eel-fotografie.de\/wp2\/#organization\",\"name\":\"eel-fotografie | fotografie - bildagentur\",\"url\":\"http:\/\/www.eel-fotografie.de\/wp2\/\",\"logo\":{\"@type\":\"ImageObject\",\"inLanguage\":\"de\",\"@id\":\"http:\/\/www.eel-fotografie.de\/wp2\/#\/schema\/logo\/image\/\",\"url\":\"http:\/\/www.eel-fotografie.de\/wp2\/wp-content\/uploads\/eel-fotografie_logo_2_500x250.png\",\"contentUrl\":\"http:\/\/www.eel-fotografie.de\/wp2\/wp-content\/uploads\/eel-fotografie_logo_2_500x250.png\",\"width\":500,\"height\":254,\"caption\":\"eel-fotografie | fotografie - bildagentur\"},\"image\":{\"@id\":\"http:\/\/www.eel-fotografie.de\/wp2\/#\/schema\/logo\/image\/\"},\"sameAs\":[\"https:\/\/www.instagram.com\/eelfotografie\/\"]},{\"@type\":\"Person\",\"@id\":\"http:\/\/www.eel-fotografie.de\/wp2\/#\/schema\/person\/48b675d7a081d02af2929c3629214db0\",\"name\":\"admin\",\"image\":{\"@type\":\"ImageObject\",\"inLanguage\":\"de\",\"@id\":\"http:\/\/www.eel-fotografie.de\/wp2\/#\/schema\/person\/image\/\",\"url\":\"https:\/\/secure.gravatar.com\/avatar\/0238886d5b298e452983f5d971ee0c60774f53da880f3705d3087707fa31096c?s=96&d=mm&r=g\",\"contentUrl\":\"https:\/\/secure.gravatar.com\/avatar\/0238886d5b298e452983f5d971ee0c60774f53da880f3705d3087707fa31096c?s=96&d=mm&r=g\",\"caption\":\"admin\"},\"description\":\"Head of eel-fotografie | fotografie-bildagentur\",\"sameAs\":[\"http:\/\/www.eel-fotografie.de\"],\"url\":\"https:\/\/www.eel-fotografie.de\/wp2\/author\/admin\/\"}]}<\/script>\n<!-- \/ Yoast SEO plugin. -->","yoast_head_json":{"title":"Formel 1 Spa Francorchamps 2017 - eel-fotografie","description":"Formel 1 Spa Francorchamps 2017, der GP von Belgien in 16 Fotos. Sieger Lewis Hamilton vor Sebastian Vettel und Daniel Ricciardo.","robots":{"index":"index","follow":"follow","max-snippet":"max-snippet:-1","max-image-preview":"max-image-preview:large","max-video-preview":"max-video-preview:-1"},"canonical":"https:\/\/www.eel-fotografie.de\/wp2\/formel-1-spa-francorchamps-2017\/","twitter_misc":{"Verfasst von":"admin","Gesch\u00e4tzte Lesezeit":"1\u00a0Minute"},"schema":{"@context":"https:\/\/schema.org","@graph":[{"@type":"Article","@id":"https:\/\/www.eel-fotografie.de\/wp2\/formel-1-spa-francorchamps-2017\/#article","isPartOf":{"@id":"https:\/\/www.eel-fotografie.de\/wp2\/formel-1-spa-francorchamps-2017\/"},"author":{"name":"admin","@id":"http:\/\/www.eel-fotografie.de\/wp2\/#\/schema\/person\/48b675d7a081d02af2929c3629214db0"},"headline":"Formel 1 Spa Francorchamps 2017","datePublished":"2017-09-04T16:47:50+00:00","dateModified":"2022-05-24T18:17:36+00:00","mainEntityOfPage":{"@id":"https:\/\/www.eel-fotografie.de\/wp2\/formel-1-spa-francorchamps-2017\/"},"wordCount":219,"publisher":{"@id":"http:\/\/www.eel-fotografie.de\/wp2\/#organization"},"image":{"@id":"https:\/\/www.eel-fotografie.de\/wp2\/formel-1-spa-francorchamps-2017\/#primaryimage"},"thumbnailUrl":"https:\/\/www.eel-fotografie.de\/wp2\/wp-content\/uploads\/ngg_featured\/DSC_6567.jpg","keywords":["2017","Curbs","Dynamik","Eberhard Krieger","eel fotografie","eel-fotografie bildagentur","FIA Formel 1","Formel 1","Formula One","foto-krieger","Geschwindigkeit","GP Belgien","Hamilton","Kurve","Motorsport","Nikon","Pilot","Rennauto","Rennenstrecke","Rennfahrer","Rennfans","Rennwagen","Saison 2017","Spa Francorchamps","sportfoto-krieger","Start und Ziel","Vettel","Weltmeisterschaft","Zuschauer"],"articleSection":["Formel 1","Motorsport","Sport"],"inLanguage":"de"},{"@type":"WebPage","@id":"https:\/\/www.eel-fotografie.de\/wp2\/formel-1-spa-francorchamps-2017\/","url":"https:\/\/www.eel-fotografie.de\/wp2\/formel-1-spa-francorchamps-2017\/","name":"Formel 1 Spa Francorchamps 2017 - eel-fotografie","isPartOf":{"@id":"http:\/\/www.eel-fotografie.de\/wp2\/#website"},"primaryImageOfPage":{"@id":"https:\/\/www.eel-fotografie.de\/wp2\/formel-1-spa-francorchamps-2017\/#primaryimage"},"image":{"@id":"https:\/\/www.eel-fotografie.de\/wp2\/formel-1-spa-francorchamps-2017\/#primaryimage"},"thumbnailUrl":"https:\/\/www.eel-fotografie.de\/wp2\/wp-content\/uploads\/ngg_featured\/DSC_6567.jpg","datePublished":"2017-09-04T16:47:50+00:00","dateModified":"2022-05-24T18:17:36+00:00","description":"Formel 1 Spa Francorchamps 2017, der GP von Belgien in 16 Fotos. Sieger Lewis Hamilton vor Sebastian Vettel und Daniel Ricciardo.","breadcrumb":{"@id":"https:\/\/www.eel-fotografie.de\/wp2\/formel-1-spa-francorchamps-2017\/#breadcrumb"},"inLanguage":"de","potentialAction":[{"@type":"ReadAction","target":["https:\/\/www.eel-fotografie.de\/wp2\/formel-1-spa-francorchamps-2017\/"]}]},{"@type":"ImageObject","inLanguage":"de","@id":"https:\/\/www.eel-fotografie.de\/wp2\/formel-1-spa-francorchamps-2017\/#primaryimage","url":"https:\/\/www.eel-fotografie.de\/wp2\/wp-content\/uploads\/ngg_featured\/DSC_6567.jpg","contentUrl":"https:\/\/www.eel-fotografie.de\/wp2\/wp-content\/uploads\/ngg_featured\/DSC_6567.jpg","width":1024,"height":681},{"@type":"BreadcrumbList","@id":"https:\/\/www.eel-fotografie.de\/wp2\/formel-1-spa-francorchamps-2017\/#breadcrumb","itemListElement":[{"@type":"ListItem","position":1,"name":"Home","item":"http:\/\/www.eel-fotografie.de\/wp2\/"},{"@type":"ListItem","position":2,"name":"Formel 1 Spa Francorchamps 2017"}]},{"@type":"WebSite","@id":"http:\/\/www.eel-fotografie.de\/wp2\/#website","url":"http:\/\/www.eel-fotografie.de\/wp2\/","name":"eel-fotografie","description":"fotografie - bildagentur","publisher":{"@id":"http:\/\/www.eel-fotografie.de\/wp2\/#organization"},"potentialAction":[{"@type":"SearchAction","target":{"@type":"EntryPoint","urlTemplate":"http:\/\/www.eel-fotografie.de\/wp2\/?s={search_term_string}"},"query-input":{"@type":"PropertyValueSpecification","valueRequired":true,"valueName":"search_term_string"}}],"inLanguage":"de"},{"@type":"Organization","@id":"http:\/\/www.eel-fotografie.de\/wp2\/#organization","name":"eel-fotografie | fotografie - bildagentur","url":"http:\/\/www.eel-fotografie.de\/wp2\/","logo":{"@type":"ImageObject","inLanguage":"de","@id":"http:\/\/www.eel-fotografie.de\/wp2\/#\/schema\/logo\/image\/","url":"http:\/\/www.eel-fotografie.de\/wp2\/wp-content\/uploads\/eel-fotografie_logo_2_500x250.png","contentUrl":"http:\/\/www.eel-fotografie.de\/wp2\/wp-content\/uploads\/eel-fotografie_logo_2_500x250.png","width":500,"height":254,"caption":"eel-fotografie | fotografie - bildagentur"},"image":{"@id":"http:\/\/www.eel-fotografie.de\/wp2\/#\/schema\/logo\/image\/"},"sameAs":["https:\/\/www.instagram.com\/eelfotografie\/"]},{"@type":"Person","@id":"http:\/\/www.eel-fotografie.de\/wp2\/#\/schema\/person\/48b675d7a081d02af2929c3629214db0","name":"admin","image":{"@type":"ImageObject","inLanguage":"de","@id":"http:\/\/www.eel-fotografie.de\/wp2\/#\/schema\/person\/image\/","url":"https:\/\/secure.gravatar.com\/avatar\/0238886d5b298e452983f5d971ee0c60774f53da880f3705d3087707fa31096c?s=96&d=mm&r=g","contentUrl":"https:\/\/secure.gravatar.com\/avatar\/0238886d5b298e452983f5d971ee0c60774f53da880f3705d3087707fa31096c?s=96&d=mm&r=g","caption":"admin"},"description":"Head of eel-fotografie | fotografie-bildagentur","sameAs":["http:\/\/www.eel-fotografie.de"],"url":"https:\/\/www.eel-fotografie.de\/wp2\/author\/admin\/"}]}},"_links":{"self":[{"href":"https:\/\/www.eel-fotografie.de\/wp2\/wp-json\/wp\/v2\/posts\/13941","targetHints":{"allow":["GET"]}}],"collection":[{"href":"https:\/\/www.eel-fotografie.de\/wp2\/wp-json\/wp\/v2\/posts"}],"about":[{"href":"https:\/\/www.eel-fotografie.de\/wp2\/wp-json\/wp\/v2\/types\/post"}],"author":[{"embeddable":true,"href":"https:\/\/www.eel-fotografie.de\/wp2\/wp-json\/wp\/v2\/users\/1"}],"replies":[{"embeddable":true,"href":"https:\/\/www.eel-fotografie.de\/wp2\/wp-json\/wp\/v2\/comments?post=13941"}],"version-history":[{"count":0,"href":"https:\/\/www.eel-fotografie.de\/wp2\/wp-json\/wp\/v2\/posts\/13941\/revisions"}],"wp:featuredmedia":[{"embeddable":true,"href":"https:\/\/www.eel-fotografie.de\/wp2\/wp-json\/wp\/v2\/media\/13944"}],"wp:attachment":[{"href":"https:\/\/www.eel-fotografie.de\/wp2\/wp-json\/wp\/v2\/media?parent=13941"}],"wp:term":[{"taxonomy":"category","embeddable":true,"href":"https:\/\/www.eel-fotografie.de\/wp2\/wp-json\/wp\/v2\/categories?post=13941"},{"taxonomy":"post_tag","embeddable":true,"href":"https:\/\/www.eel-fotografie.de\/wp2\/wp-json\/wp\/v2\/tags?post=13941"}],"curies":[{"name":"wp","href":"https:\/\/api.w.org\/{rel}","templated":true}]}}