{"id":14002,"date":"2017-09-17T11:18:56","date_gmt":"2017-09-17T09:18:56","guid":{"rendered":"http:\/\/www.eel-fotografie.de\/wp2\/?p=14002"},"modified":"2022-05-24T20:18:04","modified_gmt":"2022-05-24T18:18:04","slug":"dtm-nuerburgring-2017","status":"publish","type":"post","link":"https:\/\/www.eel-fotografie.de\/wp2\/dtm-nuerburgring-2017\/","title":{"rendered":"DTM N\u00fcrburgring 2017"},"content":{"rendered":"ngg_shortcode_0_placeholder\n<p style=\"text-align: justify;\">DTM N\u00fcrburgring 2017, schwerste Bedingungen in der Eifel. Sonnenschein wechselt von einer Minute zur anderen in Regen. Slicks oder Regenreifen? Der N\u00fcrburgring wie man ihn kennt. Am Samstag werden einige Audi Piloten Opfer des Wetters. Mattias Ekstr\u00f6m verzockte sich im Reifenpoker, bleibt aber F\u00fchrender in der Fahrerwertung. 1 Punkt Vorsprung vor Lucas Auer, der am Samstag das Rennen gewinnt. Auch Sonntag gewinnt Mercedes: Robert Wickens wird erster, 2. Platz geht an Paul Di Resta, dritter wird Marco Wittmann (BMW), der somit ebenfalls wieder um den Meistertitel k\u00e4mpfen kann.<\/p>\nngg_shortcode_1_placeholder\n<p>(16 Fotos)<\/p>\n","protected":false},"excerpt":{"rendered":"<p>DTM N\u00fcrburgring 2017, schwerste Bedingungen in der Eifel. Sonnenschein wechselt von einer Minute zur anderen in Regen. Slicks oder Regenreifen? Der N\u00fcrburgring wie man ihn kennt. Am Samstag werden einige Audi Piloten Opfer des Wetters. Mattias Ekstr\u00f6m verzockte sich im Reifenpoker, bleibt aber F\u00fchrender in der Fahrerwertung. 1 Punkt Vorsprung vor Lucas Auer, der am [&hellip;]<\/p>\n","protected":false},"author":1,"featured_media":14083,"comment_status":"closed","ping_status":"closed","sticky":false,"template":"","format":"standard","meta":{"_genesis_hide_title":false,"_genesis_hide_breadcrumbs":false,"_genesis_hide_singular_image":false,"_genesis_hide_footer_widgets":false,"_genesis_custom_body_class":"","_genesis_custom_post_class":"","_genesis_layout":"","ngg_post_thumbnail":0,"footnotes":""},"categories":[13,185,17],"tags":[74,75,1257,767,87,12,771,6,7,204,770,106,220,768,1200,140,77,15,1636,18,302,1265,255,772,256,773,131,1256,1188,11,769,1264,162],"class_list":{"0":"post-14002","1":"post","2":"type-post","3":"status-publish","4":"format-standard","5":"has-post-thumbnail","7":"category-dtm","8":"category-motorsport","9":"category-sport","10":"tag-audi","11":"tag-bmw","12":"tag-bruno-spengler","13":"tag-curbs","14":"tag-deutsche-tourenwagen-masters","15":"tag-dtm","16":"tag-dynamik","17":"tag-eberhard-krieger","18":"tag-eel-fotografie","19":"tag-eel-fotografie-bildagentur","20":"tag-geschwindigkeit","21":"tag-itr","22":"tag-jamie-green","23":"tag-kurve","24":"tag-lucas-auer","25":"tag-marco-wittmann","26":"tag-mercedes","27":"tag-motorsport","28":"tag-nikon","29":"tag-nuerburgring","30":"tag-pilot","31":"tag-rene-rast","32":"tag-rennauto","33":"tag-rennenstrecke","34":"tag-rennfahrer","35":"tag-rennfans","36":"tag-rennwagen","37":"tag-robert-wickens","38":"tag-saison-2017","39":"tag-sportfoto-krieger","40":"tag-start-und-ziel","41":"tag-timo-glock","42":"tag-zuschauer","43":"entry"},"yoast_head":"<!-- This site is optimized with the Yoast SEO plugin v26.5 - https:\/\/yoast.com\/wordpress\/plugins\/seo\/ -->\n<title>DTM N\u00fcrburgring 2017 - eel-fotografie<\/title>\n<meta name=\"description\" content=\"DTM N\u00fcrburgring 2017, Lucas Auer und Robert Wickens gewinnen f\u00fcr Mercedes die beiden Rennl\u00e4ufe auf dem N\u00fcrburgring. (16 Fotos)\" \/>\n<meta name=\"robots\" content=\"index, follow, max-snippet:-1, max-image-preview:large, max-video-preview:-1\" \/>\n<link rel=\"canonical\" href=\"https:\/\/www.eel-fotografie.de\/wp2\/dtm-nuerburgring-2017\/\" \/>\n<meta name=\"twitter:label1\" content=\"Verfasst von\" \/>\n\t<meta name=\"twitter:data1\" content=\"admin\" \/>\n\t<meta name=\"twitter:label2\" content=\"Gesch\u00e4tzte Lesezeit\" \/>\n\t<meta name=\"twitter:data2\" content=\"1\u00a0Minute\" \/>\n<script type=\"application\/ld+json\" class=\"yoast-schema-graph\">{\"@context\":\"https:\/\/schema.org\",\"@graph\":[{\"@type\":\"Article\",\"@id\":\"https:\/\/www.eel-fotografie.de\/wp2\/dtm-nuerburgring-2017\/#article\",\"isPartOf\":{\"@id\":\"https:\/\/www.eel-fotografie.de\/wp2\/dtm-nuerburgring-2017\/\"},\"author\":{\"name\":\"admin\",\"@id\":\"http:\/\/www.eel-fotografie.de\/wp2\/#\/schema\/person\/48b675d7a081d02af2929c3629214db0\"},\"headline\":\"DTM N\u00fcrburgring 2017\",\"datePublished\":\"2017-09-17T09:18:56+00:00\",\"dateModified\":\"2022-05-24T18:18:04+00:00\",\"mainEntityOfPage\":{\"@id\":\"https:\/\/www.eel-fotografie.de\/wp2\/dtm-nuerburgring-2017\/\"},\"wordCount\":235,\"publisher\":{\"@id\":\"http:\/\/www.eel-fotografie.de\/wp2\/#organization\"},\"image\":{\"@id\":\"https:\/\/www.eel-fotografie.de\/wp2\/dtm-nuerburgring-2017\/#primaryimage\"},\"thumbnailUrl\":\"https:\/\/www.eel-fotografie.de\/wp2\/wp-content\/uploads\/ngg_featured\/DSC_9598_4506.jpg\",\"keywords\":[\"Audi\",\"BMW\",\"Bruno Spengler\",\"Curbs\",\"Deutsche Tourenwagen Masters\",\"DTM\",\"Dynamik\",\"Eberhard Krieger\",\"eel fotografie\",\"eel-fotografie bildagentur\",\"Geschwindigkeit\",\"ITR\",\"Jamie Green\",\"Kurve\",\"Lucas Auer\",\"Marco Wittmann\",\"Mercedes\",\"Motorsport\",\"Nikon\",\"N\u00fcrburgring\",\"Pilot\",\"Rene Rast\",\"Rennauto\",\"Rennenstrecke\",\"Rennfahrer\",\"Rennfans\",\"Rennwagen\",\"Robert Wickens\",\"Saison 2017\",\"sportfoto-krieger\",\"Start und Ziel\",\"Timo Glock\",\"Zuschauer\"],\"articleSection\":[\"DTM\",\"Motorsport\",\"Sport\"],\"inLanguage\":\"de\"},{\"@type\":\"WebPage\",\"@id\":\"https:\/\/www.eel-fotografie.de\/wp2\/dtm-nuerburgring-2017\/\",\"url\":\"https:\/\/www.eel-fotografie.de\/wp2\/dtm-nuerburgring-2017\/\",\"name\":\"DTM N\u00fcrburgring 2017 - eel-fotografie\",\"isPartOf\":{\"@id\":\"http:\/\/www.eel-fotografie.de\/wp2\/#website\"},\"primaryImageOfPage\":{\"@id\":\"https:\/\/www.eel-fotografie.de\/wp2\/dtm-nuerburgring-2017\/#primaryimage\"},\"image\":{\"@id\":\"https:\/\/www.eel-fotografie.de\/wp2\/dtm-nuerburgring-2017\/#primaryimage\"},\"thumbnailUrl\":\"https:\/\/www.eel-fotografie.de\/wp2\/wp-content\/uploads\/ngg_featured\/DSC_9598_4506.jpg\",\"datePublished\":\"2017-09-17T09:18:56+00:00\",\"dateModified\":\"2022-05-24T18:18:04+00:00\",\"description\":\"DTM N\u00fcrburgring 2017, Lucas Auer und Robert Wickens gewinnen f\u00fcr Mercedes die beiden Rennl\u00e4ufe auf dem N\u00fcrburgring. (16 Fotos)\",\"breadcrumb\":{\"@id\":\"https:\/\/www.eel-fotografie.de\/wp2\/dtm-nuerburgring-2017\/#breadcrumb\"},\"inLanguage\":\"de\",\"potentialAction\":[{\"@type\":\"ReadAction\",\"target\":[\"https:\/\/www.eel-fotografie.de\/wp2\/dtm-nuerburgring-2017\/\"]}]},{\"@type\":\"ImageObject\",\"inLanguage\":\"de\",\"@id\":\"https:\/\/www.eel-fotografie.de\/wp2\/dtm-nuerburgring-2017\/#primaryimage\",\"url\":\"https:\/\/www.eel-fotografie.de\/wp2\/wp-content\/uploads\/ngg_featured\/DSC_9598_4506.jpg\",\"contentUrl\":\"https:\/\/www.eel-fotografie.de\/wp2\/wp-content\/uploads\/ngg_featured\/DSC_9598_4506.jpg\",\"width\":1024,\"height\":681},{\"@type\":\"BreadcrumbList\",\"@id\":\"https:\/\/www.eel-fotografie.de\/wp2\/dtm-nuerburgring-2017\/#breadcrumb\",\"itemListElement\":[{\"@type\":\"ListItem\",\"position\":1,\"name\":\"Home\",\"item\":\"http:\/\/www.eel-fotografie.de\/wp2\/\"},{\"@type\":\"ListItem\",\"position\":2,\"name\":\"DTM N\u00fcrburgring 2017\"}]},{\"@type\":\"WebSite\",\"@id\":\"http:\/\/www.eel-fotografie.de\/wp2\/#website\",\"url\":\"http:\/\/www.eel-fotografie.de\/wp2\/\",\"name\":\"eel-fotografie\",\"description\":\"fotografie - bildagentur\",\"publisher\":{\"@id\":\"http:\/\/www.eel-fotografie.de\/wp2\/#organization\"},\"potentialAction\":[{\"@type\":\"SearchAction\",\"target\":{\"@type\":\"EntryPoint\",\"urlTemplate\":\"http:\/\/www.eel-fotografie.de\/wp2\/?s={search_term_string}\"},\"query-input\":{\"@type\":\"PropertyValueSpecification\",\"valueRequired\":true,\"valueName\":\"search_term_string\"}}],\"inLanguage\":\"de\"},{\"@type\":\"Organization\",\"@id\":\"http:\/\/www.eel-fotografie.de\/wp2\/#organization\",\"name\":\"eel-fotografie | fotografie - bildagentur\",\"url\":\"http:\/\/www.eel-fotografie.de\/wp2\/\",\"logo\":{\"@type\":\"ImageObject\",\"inLanguage\":\"de\",\"@id\":\"http:\/\/www.eel-fotografie.de\/wp2\/#\/schema\/logo\/image\/\",\"url\":\"http:\/\/www.eel-fotografie.de\/wp2\/wp-content\/uploads\/eel-fotografie_logo_2_500x250.png\",\"contentUrl\":\"http:\/\/www.eel-fotografie.de\/wp2\/wp-content\/uploads\/eel-fotografie_logo_2_500x250.png\",\"width\":500,\"height\":254,\"caption\":\"eel-fotografie | fotografie - bildagentur\"},\"image\":{\"@id\":\"http:\/\/www.eel-fotografie.de\/wp2\/#\/schema\/logo\/image\/\"},\"sameAs\":[\"https:\/\/www.instagram.com\/eelfotografie\/\"]},{\"@type\":\"Person\",\"@id\":\"http:\/\/www.eel-fotografie.de\/wp2\/#\/schema\/person\/48b675d7a081d02af2929c3629214db0\",\"name\":\"admin\",\"image\":{\"@type\":\"ImageObject\",\"inLanguage\":\"de\",\"@id\":\"http:\/\/www.eel-fotografie.de\/wp2\/#\/schema\/person\/image\/\",\"url\":\"https:\/\/secure.gravatar.com\/avatar\/0238886d5b298e452983f5d971ee0c60774f53da880f3705d3087707fa31096c?s=96&d=mm&r=g\",\"contentUrl\":\"https:\/\/secure.gravatar.com\/avatar\/0238886d5b298e452983f5d971ee0c60774f53da880f3705d3087707fa31096c?s=96&d=mm&r=g\",\"caption\":\"admin\"},\"description\":\"Head of eel-fotografie | fotografie-bildagentur\",\"sameAs\":[\"http:\/\/www.eel-fotografie.de\"],\"url\":\"https:\/\/www.eel-fotografie.de\/wp2\/author\/admin\/\"}]}<\/script>\n<!-- \/ Yoast SEO plugin. -->","yoast_head_json":{"title":"DTM N\u00fcrburgring 2017 - eel-fotografie","description":"DTM N\u00fcrburgring 2017, Lucas Auer und Robert Wickens gewinnen f\u00fcr Mercedes die beiden Rennl\u00e4ufe auf dem N\u00fcrburgring. (16 Fotos)","robots":{"index":"index","follow":"follow","max-snippet":"max-snippet:-1","max-image-preview":"max-image-preview:large","max-video-preview":"max-video-preview:-1"},"canonical":"https:\/\/www.eel-fotografie.de\/wp2\/dtm-nuerburgring-2017\/","twitter_misc":{"Verfasst von":"admin","Gesch\u00e4tzte Lesezeit":"1\u00a0Minute"},"schema":{"@context":"https:\/\/schema.org","@graph":[{"@type":"Article","@id":"https:\/\/www.eel-fotografie.de\/wp2\/dtm-nuerburgring-2017\/#article","isPartOf":{"@id":"https:\/\/www.eel-fotografie.de\/wp2\/dtm-nuerburgring-2017\/"},"author":{"name":"admin","@id":"http:\/\/www.eel-fotografie.de\/wp2\/#\/schema\/person\/48b675d7a081d02af2929c3629214db0"},"headline":"DTM N\u00fcrburgring 2017","datePublished":"2017-09-17T09:18:56+00:00","dateModified":"2022-05-24T18:18:04+00:00","mainEntityOfPage":{"@id":"https:\/\/www.eel-fotografie.de\/wp2\/dtm-nuerburgring-2017\/"},"wordCount":235,"publisher":{"@id":"http:\/\/www.eel-fotografie.de\/wp2\/#organization"},"image":{"@id":"https:\/\/www.eel-fotografie.de\/wp2\/dtm-nuerburgring-2017\/#primaryimage"},"thumbnailUrl":"https:\/\/www.eel-fotografie.de\/wp2\/wp-content\/uploads\/ngg_featured\/DSC_9598_4506.jpg","keywords":["Audi","BMW","Bruno Spengler","Curbs","Deutsche Tourenwagen Masters","DTM","Dynamik","Eberhard Krieger","eel fotografie","eel-fotografie bildagentur","Geschwindigkeit","ITR","Jamie Green","Kurve","Lucas Auer","Marco Wittmann","Mercedes","Motorsport","Nikon","N\u00fcrburgring","Pilot","Rene Rast","Rennauto","Rennenstrecke","Rennfahrer","Rennfans","Rennwagen","Robert Wickens","Saison 2017","sportfoto-krieger","Start und Ziel","Timo Glock","Zuschauer"],"articleSection":["DTM","Motorsport","Sport"],"inLanguage":"de"},{"@type":"WebPage","@id":"https:\/\/www.eel-fotografie.de\/wp2\/dtm-nuerburgring-2017\/","url":"https:\/\/www.eel-fotografie.de\/wp2\/dtm-nuerburgring-2017\/","name":"DTM N\u00fcrburgring 2017 - eel-fotografie","isPartOf":{"@id":"http:\/\/www.eel-fotografie.de\/wp2\/#website"},"primaryImageOfPage":{"@id":"https:\/\/www.eel-fotografie.de\/wp2\/dtm-nuerburgring-2017\/#primaryimage"},"image":{"@id":"https:\/\/www.eel-fotografie.de\/wp2\/dtm-nuerburgring-2017\/#primaryimage"},"thumbnailUrl":"https:\/\/www.eel-fotografie.de\/wp2\/wp-content\/uploads\/ngg_featured\/DSC_9598_4506.jpg","datePublished":"2017-09-17T09:18:56+00:00","dateModified":"2022-05-24T18:18:04+00:00","description":"DTM N\u00fcrburgring 2017, Lucas Auer und Robert Wickens gewinnen f\u00fcr Mercedes die beiden Rennl\u00e4ufe auf dem N\u00fcrburgring. (16 Fotos)","breadcrumb":{"@id":"https:\/\/www.eel-fotografie.de\/wp2\/dtm-nuerburgring-2017\/#breadcrumb"},"inLanguage":"de","potentialAction":[{"@type":"ReadAction","target":["https:\/\/www.eel-fotografie.de\/wp2\/dtm-nuerburgring-2017\/"]}]},{"@type":"ImageObject","inLanguage":"de","@id":"https:\/\/www.eel-fotografie.de\/wp2\/dtm-nuerburgring-2017\/#primaryimage","url":"https:\/\/www.eel-fotografie.de\/wp2\/wp-content\/uploads\/ngg_featured\/DSC_9598_4506.jpg","contentUrl":"https:\/\/www.eel-fotografie.de\/wp2\/wp-content\/uploads\/ngg_featured\/DSC_9598_4506.jpg","width":1024,"height":681},{"@type":"BreadcrumbList","@id":"https:\/\/www.eel-fotografie.de\/wp2\/dtm-nuerburgring-2017\/#breadcrumb","itemListElement":[{"@type":"ListItem","position":1,"name":"Home","item":"http:\/\/www.eel-fotografie.de\/wp2\/"},{"@type":"ListItem","position":2,"name":"DTM N\u00fcrburgring 2017"}]},{"@type":"WebSite","@id":"http:\/\/www.eel-fotografie.de\/wp2\/#website","url":"http:\/\/www.eel-fotografie.de\/wp2\/","name":"eel-fotografie","description":"fotografie - bildagentur","publisher":{"@id":"http:\/\/www.eel-fotografie.de\/wp2\/#organization"},"potentialAction":[{"@type":"SearchAction","target":{"@type":"EntryPoint","urlTemplate":"http:\/\/www.eel-fotografie.de\/wp2\/?s={search_term_string}"},"query-input":{"@type":"PropertyValueSpecification","valueRequired":true,"valueName":"search_term_string"}}],"inLanguage":"de"},{"@type":"Organization","@id":"http:\/\/www.eel-fotografie.de\/wp2\/#organization","name":"eel-fotografie | fotografie - bildagentur","url":"http:\/\/www.eel-fotografie.de\/wp2\/","logo":{"@type":"ImageObject","inLanguage":"de","@id":"http:\/\/www.eel-fotografie.de\/wp2\/#\/schema\/logo\/image\/","url":"http:\/\/www.eel-fotografie.de\/wp2\/wp-content\/uploads\/eel-fotografie_logo_2_500x250.png","contentUrl":"http:\/\/www.eel-fotografie.de\/wp2\/wp-content\/uploads\/eel-fotografie_logo_2_500x250.png","width":500,"height":254,"caption":"eel-fotografie | fotografie - bildagentur"},"image":{"@id":"http:\/\/www.eel-fotografie.de\/wp2\/#\/schema\/logo\/image\/"},"sameAs":["https:\/\/www.instagram.com\/eelfotografie\/"]},{"@type":"Person","@id":"http:\/\/www.eel-fotografie.de\/wp2\/#\/schema\/person\/48b675d7a081d02af2929c3629214db0","name":"admin","image":{"@type":"ImageObject","inLanguage":"de","@id":"http:\/\/www.eel-fotografie.de\/wp2\/#\/schema\/person\/image\/","url":"https:\/\/secure.gravatar.com\/avatar\/0238886d5b298e452983f5d971ee0c60774f53da880f3705d3087707fa31096c?s=96&d=mm&r=g","contentUrl":"https:\/\/secure.gravatar.com\/avatar\/0238886d5b298e452983f5d971ee0c60774f53da880f3705d3087707fa31096c?s=96&d=mm&r=g","caption":"admin"},"description":"Head of eel-fotografie | fotografie-bildagentur","sameAs":["http:\/\/www.eel-fotografie.de"],"url":"https:\/\/www.eel-fotografie.de\/wp2\/author\/admin\/"}]}},"_links":{"self":[{"href":"https:\/\/www.eel-fotografie.de\/wp2\/wp-json\/wp\/v2\/posts\/14002","targetHints":{"allow":["GET"]}}],"collection":[{"href":"https:\/\/www.eel-fotografie.de\/wp2\/wp-json\/wp\/v2\/posts"}],"about":[{"href":"https:\/\/www.eel-fotografie.de\/wp2\/wp-json\/wp\/v2\/types\/post"}],"author":[{"embeddable":true,"href":"https:\/\/www.eel-fotografie.de\/wp2\/wp-json\/wp\/v2\/users\/1"}],"replies":[{"embeddable":true,"href":"https:\/\/www.eel-fotografie.de\/wp2\/wp-json\/wp\/v2\/comments?post=14002"}],"version-history":[{"count":0,"href":"https:\/\/www.eel-fotografie.de\/wp2\/wp-json\/wp\/v2\/posts\/14002\/revisions"}],"wp:featuredmedia":[{"embeddable":true,"href":"https:\/\/www.eel-fotografie.de\/wp2\/wp-json\/wp\/v2\/media\/14083"}],"wp:attachment":[{"href":"https:\/\/www.eel-fotografie.de\/wp2\/wp-json\/wp\/v2\/media?parent=14002"}],"wp:term":[{"taxonomy":"category","embeddable":true,"href":"https:\/\/www.eel-fotografie.de\/wp2\/wp-json\/wp\/v2\/categories?post=14002"},{"taxonomy":"post_tag","embeddable":true,"href":"https:\/\/www.eel-fotografie.de\/wp2\/wp-json\/wp\/v2\/tags?post=14002"}],"curies":[{"name":"wp","href":"https:\/\/api.w.org\/{rel}","templated":true}]}}