{"id":14471,"date":"2017-11-02T16:49:19","date_gmt":"2017-11-02T15:49:19","guid":{"rendered":"http:\/\/www.eel-fotografie.de\/wp2\/?p=14471"},"modified":"2022-05-24T20:18:54","modified_gmt":"2022-05-24T18:18:54","slug":"luftbrueckendenkmal-frankfurt-flughafen","status":"publish","type":"post","link":"https:\/\/www.eel-fotografie.de\/wp2\/luftbrueckendenkmal-frankfurt-flughafen\/","title":{"rendered":"Luftbr\u00fcckendenkmal Frankfurt Flughafen"},"content":{"rendered":"ngg_shortcode_0_placeholder\n<p>Luftbr\u00fcckendenkmal Frankfurt Flughafen. Aufnahmen von zwei<em> Rosinenbombern<\/em> (Douglas C-47, Douglas C-54) die bei der Luftbr\u00fccke w\u00e4hrend der Berlin Blockade eine gro\u00dfe Rolle spielten.<\/p>\nngg_shortcode_1_placeholder\n<p>(12 Fotos)<\/p>\n","protected":false},"excerpt":{"rendered":"<p>Luftbr\u00fcckendenkmal Frankfurt Flughafen. Aufnahmen von zwei Rosinenbombern (Douglas C-47, Douglas C-54) die bei der Luftbr\u00fccke w\u00e4hrend der Berlin Blockade eine gro\u00dfe Rolle spielten. (12 Fotos)<\/p>\n","protected":false},"author":1,"featured_media":14472,"comment_status":"closed","ping_status":"closed","sticky":false,"template":"","format":"standard","meta":{"_genesis_hide_title":false,"_genesis_hide_breadcrumbs":false,"_genesis_hide_singular_image":false,"_genesis_hide_footer_widgets":false,"_genesis_custom_body_class":"","_genesis_custom_post_class":"","_genesis_layout":"","ngg_post_thumbnail":0,"footnotes":""},"categories":[1],"tags":[27,1344,1339,1346,1342,6,7,204,41,1343,10,1341,1340,1345,1636,1347,1338],"class_list":{"0":"post-14471","1":"post","2":"type-post","3":"status-publish","4":"format-standard","5":"has-post-thumbnail","7":"category-allgemein","8":"tag-ausstellung","9":"tag-berlin-blockade","10":"tag-berliner-luftbruecke","11":"tag-douglas-c-47","12":"tag-douglas-c-54","13":"tag-eberhard-krieger","14":"tag-eel-fotografie","15":"tag-eel-fotografie-bildagentur","16":"tag-flugzeug","17":"tag-flugzeuge-der-berliner-luftbruecke","18":"tag-foto-krieger","19":"tag-frankfurter-flughafen","20":"tag-freigelaende","21":"tag-luftbrueckendenkmal","22":"tag-nikon","23":"tag-rhein-main-air-base","24":"tag-rosinenbomber","25":"entry"},"yoast_head":"<!-- This site is optimized with the Yoast SEO plugin v26.5 - https:\/\/yoast.com\/wordpress\/plugins\/seo\/ -->\n<title>Luftbr\u00fcckendenkmal Frankfurt Flughafen - eel-fotografie<\/title>\n<meta name=\"description\" content=\"Luftbr\u00fcckendenkmal Frankfurt Flughafen, 2 Rosinenbomber, Austellungsst\u00fccke zum Gedenken an die Berliner Luftbr\u00fccke. (12 Fotos)\" \/>\n<meta name=\"robots\" content=\"index, follow, max-snippet:-1, max-image-preview:large, max-video-preview:-1\" \/>\n<link rel=\"canonical\" href=\"https:\/\/www.eel-fotografie.de\/wp2\/luftbrueckendenkmal-frankfurt-flughafen\/\" \/>\n<meta name=\"twitter:label1\" content=\"Verfasst von\" \/>\n\t<meta name=\"twitter:data1\" content=\"admin\" \/>\n\t<meta name=\"twitter:label2\" content=\"Gesch\u00e4tzte Lesezeit\" \/>\n\t<meta name=\"twitter:data2\" content=\"1\u00a0Minute\" \/>\n<script type=\"application\/ld+json\" class=\"yoast-schema-graph\">{\"@context\":\"https:\/\/schema.org\",\"@graph\":[{\"@type\":\"Article\",\"@id\":\"https:\/\/www.eel-fotografie.de\/wp2\/luftbrueckendenkmal-frankfurt-flughafen\/#article\",\"isPartOf\":{\"@id\":\"https:\/\/www.eel-fotografie.de\/wp2\/luftbrueckendenkmal-frankfurt-flughafen\/\"},\"author\":{\"name\":\"admin\",\"@id\":\"http:\/\/www.eel-fotografie.de\/wp2\/#\/schema\/person\/48b675d7a081d02af2929c3629214db0\"},\"headline\":\"Luftbr\u00fcckendenkmal Frankfurt Flughafen\",\"datePublished\":\"2017-11-02T15:49:19+00:00\",\"dateModified\":\"2022-05-24T18:18:54+00:00\",\"mainEntityOfPage\":{\"@id\":\"https:\/\/www.eel-fotografie.de\/wp2\/luftbrueckendenkmal-frankfurt-flughafen\/\"},\"wordCount\":173,\"publisher\":{\"@id\":\"http:\/\/www.eel-fotografie.de\/wp2\/#organization\"},\"image\":{\"@id\":\"https:\/\/www.eel-fotografie.de\/wp2\/luftbrueckendenkmal-frankfurt-flughafen\/#primaryimage\"},\"thumbnailUrl\":\"https:\/\/www.eel-fotografie.de\/wp2\/wp-content\/uploads\/ngg_featured\/DSCF4768.jpg\",\"keywords\":[\"Ausstellung\",\"Berlin-Blockade\",\"Berliner Luftbr\u00fccke\",\"Douglas C-47\",\"Douglas C-54\",\"Eberhard Krieger\",\"eel fotografie\",\"eel-fotografie bildagentur\",\"Flugzeug\",\"Flugzeuge der Berliner Luftbr\u00fccke\",\"foto-krieger\",\"Frankfurter Flughafen\",\"Freigel\u00e4nde\",\"Luftbr\u00fcckendenkmal\",\"Nikon\",\"Rhein-Main Air Base\",\"Rosinenbomber\"],\"inLanguage\":\"de\"},{\"@type\":\"WebPage\",\"@id\":\"https:\/\/www.eel-fotografie.de\/wp2\/luftbrueckendenkmal-frankfurt-flughafen\/\",\"url\":\"https:\/\/www.eel-fotografie.de\/wp2\/luftbrueckendenkmal-frankfurt-flughafen\/\",\"name\":\"Luftbr\u00fcckendenkmal Frankfurt Flughafen - eel-fotografie\",\"isPartOf\":{\"@id\":\"http:\/\/www.eel-fotografie.de\/wp2\/#website\"},\"primaryImageOfPage\":{\"@id\":\"https:\/\/www.eel-fotografie.de\/wp2\/luftbrueckendenkmal-frankfurt-flughafen\/#primaryimage\"},\"image\":{\"@id\":\"https:\/\/www.eel-fotografie.de\/wp2\/luftbrueckendenkmal-frankfurt-flughafen\/#primaryimage\"},\"thumbnailUrl\":\"https:\/\/www.eel-fotografie.de\/wp2\/wp-content\/uploads\/ngg_featured\/DSCF4768.jpg\",\"datePublished\":\"2017-11-02T15:49:19+00:00\",\"dateModified\":\"2022-05-24T18:18:54+00:00\",\"description\":\"Luftbr\u00fcckendenkmal Frankfurt Flughafen, 2 Rosinenbomber, Austellungsst\u00fccke zum Gedenken an die Berliner Luftbr\u00fccke. (12 Fotos)\",\"breadcrumb\":{\"@id\":\"https:\/\/www.eel-fotografie.de\/wp2\/luftbrueckendenkmal-frankfurt-flughafen\/#breadcrumb\"},\"inLanguage\":\"de\",\"potentialAction\":[{\"@type\":\"ReadAction\",\"target\":[\"https:\/\/www.eel-fotografie.de\/wp2\/luftbrueckendenkmal-frankfurt-flughafen\/\"]}]},{\"@type\":\"ImageObject\",\"inLanguage\":\"de\",\"@id\":\"https:\/\/www.eel-fotografie.de\/wp2\/luftbrueckendenkmal-frankfurt-flughafen\/#primaryimage\",\"url\":\"https:\/\/www.eel-fotografie.de\/wp2\/wp-content\/uploads\/ngg_featured\/DSCF4768.jpg\",\"contentUrl\":\"https:\/\/www.eel-fotografie.de\/wp2\/wp-content\/uploads\/ngg_featured\/DSCF4768.jpg\",\"width\":1024,\"height\":574},{\"@type\":\"BreadcrumbList\",\"@id\":\"https:\/\/www.eel-fotografie.de\/wp2\/luftbrueckendenkmal-frankfurt-flughafen\/#breadcrumb\",\"itemListElement\":[{\"@type\":\"ListItem\",\"position\":1,\"name\":\"Home\",\"item\":\"http:\/\/www.eel-fotografie.de\/wp2\/\"},{\"@type\":\"ListItem\",\"position\":2,\"name\":\"Luftbr\u00fcckendenkmal Frankfurt Flughafen\"}]},{\"@type\":\"WebSite\",\"@id\":\"http:\/\/www.eel-fotografie.de\/wp2\/#website\",\"url\":\"http:\/\/www.eel-fotografie.de\/wp2\/\",\"name\":\"eel-fotografie\",\"description\":\"fotografie - bildagentur\",\"publisher\":{\"@id\":\"http:\/\/www.eel-fotografie.de\/wp2\/#organization\"},\"potentialAction\":[{\"@type\":\"SearchAction\",\"target\":{\"@type\":\"EntryPoint\",\"urlTemplate\":\"http:\/\/www.eel-fotografie.de\/wp2\/?s={search_term_string}\"},\"query-input\":{\"@type\":\"PropertyValueSpecification\",\"valueRequired\":true,\"valueName\":\"search_term_string\"}}],\"inLanguage\":\"de\"},{\"@type\":\"Organization\",\"@id\":\"http:\/\/www.eel-fotografie.de\/wp2\/#organization\",\"name\":\"eel-fotografie | fotografie - bildagentur\",\"url\":\"http:\/\/www.eel-fotografie.de\/wp2\/\",\"logo\":{\"@type\":\"ImageObject\",\"inLanguage\":\"de\",\"@id\":\"http:\/\/www.eel-fotografie.de\/wp2\/#\/schema\/logo\/image\/\",\"url\":\"http:\/\/www.eel-fotografie.de\/wp2\/wp-content\/uploads\/eel-fotografie_logo_2_500x250.png\",\"contentUrl\":\"http:\/\/www.eel-fotografie.de\/wp2\/wp-content\/uploads\/eel-fotografie_logo_2_500x250.png\",\"width\":500,\"height\":254,\"caption\":\"eel-fotografie | fotografie - bildagentur\"},\"image\":{\"@id\":\"http:\/\/www.eel-fotografie.de\/wp2\/#\/schema\/logo\/image\/\"},\"sameAs\":[\"https:\/\/www.instagram.com\/eelfotografie\/\"]},{\"@type\":\"Person\",\"@id\":\"http:\/\/www.eel-fotografie.de\/wp2\/#\/schema\/person\/48b675d7a081d02af2929c3629214db0\",\"name\":\"admin\",\"image\":{\"@type\":\"ImageObject\",\"inLanguage\":\"de\",\"@id\":\"http:\/\/www.eel-fotografie.de\/wp2\/#\/schema\/person\/image\/\",\"url\":\"https:\/\/secure.gravatar.com\/avatar\/0238886d5b298e452983f5d971ee0c60774f53da880f3705d3087707fa31096c?s=96&d=mm&r=g\",\"contentUrl\":\"https:\/\/secure.gravatar.com\/avatar\/0238886d5b298e452983f5d971ee0c60774f53da880f3705d3087707fa31096c?s=96&d=mm&r=g\",\"caption\":\"admin\"},\"description\":\"Head of eel-fotografie | fotografie-bildagentur\",\"sameAs\":[\"http:\/\/www.eel-fotografie.de\"],\"url\":\"https:\/\/www.eel-fotografie.de\/wp2\/author\/admin\/\"}]}<\/script>\n<!-- \/ Yoast SEO plugin. -->","yoast_head_json":{"title":"Luftbr\u00fcckendenkmal Frankfurt Flughafen - eel-fotografie","description":"Luftbr\u00fcckendenkmal Frankfurt Flughafen, 2 Rosinenbomber, Austellungsst\u00fccke zum Gedenken an die Berliner Luftbr\u00fccke. (12 Fotos)","robots":{"index":"index","follow":"follow","max-snippet":"max-snippet:-1","max-image-preview":"max-image-preview:large","max-video-preview":"max-video-preview:-1"},"canonical":"https:\/\/www.eel-fotografie.de\/wp2\/luftbrueckendenkmal-frankfurt-flughafen\/","twitter_misc":{"Verfasst von":"admin","Gesch\u00e4tzte Lesezeit":"1\u00a0Minute"},"schema":{"@context":"https:\/\/schema.org","@graph":[{"@type":"Article","@id":"https:\/\/www.eel-fotografie.de\/wp2\/luftbrueckendenkmal-frankfurt-flughafen\/#article","isPartOf":{"@id":"https:\/\/www.eel-fotografie.de\/wp2\/luftbrueckendenkmal-frankfurt-flughafen\/"},"author":{"name":"admin","@id":"http:\/\/www.eel-fotografie.de\/wp2\/#\/schema\/person\/48b675d7a081d02af2929c3629214db0"},"headline":"Luftbr\u00fcckendenkmal Frankfurt Flughafen","datePublished":"2017-11-02T15:49:19+00:00","dateModified":"2022-05-24T18:18:54+00:00","mainEntityOfPage":{"@id":"https:\/\/www.eel-fotografie.de\/wp2\/luftbrueckendenkmal-frankfurt-flughafen\/"},"wordCount":173,"publisher":{"@id":"http:\/\/www.eel-fotografie.de\/wp2\/#organization"},"image":{"@id":"https:\/\/www.eel-fotografie.de\/wp2\/luftbrueckendenkmal-frankfurt-flughafen\/#primaryimage"},"thumbnailUrl":"https:\/\/www.eel-fotografie.de\/wp2\/wp-content\/uploads\/ngg_featured\/DSCF4768.jpg","keywords":["Ausstellung","Berlin-Blockade","Berliner Luftbr\u00fccke","Douglas C-47","Douglas C-54","Eberhard Krieger","eel fotografie","eel-fotografie bildagentur","Flugzeug","Flugzeuge der Berliner Luftbr\u00fccke","foto-krieger","Frankfurter Flughafen","Freigel\u00e4nde","Luftbr\u00fcckendenkmal","Nikon","Rhein-Main Air Base","Rosinenbomber"],"inLanguage":"de"},{"@type":"WebPage","@id":"https:\/\/www.eel-fotografie.de\/wp2\/luftbrueckendenkmal-frankfurt-flughafen\/","url":"https:\/\/www.eel-fotografie.de\/wp2\/luftbrueckendenkmal-frankfurt-flughafen\/","name":"Luftbr\u00fcckendenkmal Frankfurt Flughafen - eel-fotografie","isPartOf":{"@id":"http:\/\/www.eel-fotografie.de\/wp2\/#website"},"primaryImageOfPage":{"@id":"https:\/\/www.eel-fotografie.de\/wp2\/luftbrueckendenkmal-frankfurt-flughafen\/#primaryimage"},"image":{"@id":"https:\/\/www.eel-fotografie.de\/wp2\/luftbrueckendenkmal-frankfurt-flughafen\/#primaryimage"},"thumbnailUrl":"https:\/\/www.eel-fotografie.de\/wp2\/wp-content\/uploads\/ngg_featured\/DSCF4768.jpg","datePublished":"2017-11-02T15:49:19+00:00","dateModified":"2022-05-24T18:18:54+00:00","description":"Luftbr\u00fcckendenkmal Frankfurt Flughafen, 2 Rosinenbomber, Austellungsst\u00fccke zum Gedenken an die Berliner Luftbr\u00fccke. (12 Fotos)","breadcrumb":{"@id":"https:\/\/www.eel-fotografie.de\/wp2\/luftbrueckendenkmal-frankfurt-flughafen\/#breadcrumb"},"inLanguage":"de","potentialAction":[{"@type":"ReadAction","target":["https:\/\/www.eel-fotografie.de\/wp2\/luftbrueckendenkmal-frankfurt-flughafen\/"]}]},{"@type":"ImageObject","inLanguage":"de","@id":"https:\/\/www.eel-fotografie.de\/wp2\/luftbrueckendenkmal-frankfurt-flughafen\/#primaryimage","url":"https:\/\/www.eel-fotografie.de\/wp2\/wp-content\/uploads\/ngg_featured\/DSCF4768.jpg","contentUrl":"https:\/\/www.eel-fotografie.de\/wp2\/wp-content\/uploads\/ngg_featured\/DSCF4768.jpg","width":1024,"height":574},{"@type":"BreadcrumbList","@id":"https:\/\/www.eel-fotografie.de\/wp2\/luftbrueckendenkmal-frankfurt-flughafen\/#breadcrumb","itemListElement":[{"@type":"ListItem","position":1,"name":"Home","item":"http:\/\/www.eel-fotografie.de\/wp2\/"},{"@type":"ListItem","position":2,"name":"Luftbr\u00fcckendenkmal Frankfurt Flughafen"}]},{"@type":"WebSite","@id":"http:\/\/www.eel-fotografie.de\/wp2\/#website","url":"http:\/\/www.eel-fotografie.de\/wp2\/","name":"eel-fotografie","description":"fotografie - bildagentur","publisher":{"@id":"http:\/\/www.eel-fotografie.de\/wp2\/#organization"},"potentialAction":[{"@type":"SearchAction","target":{"@type":"EntryPoint","urlTemplate":"http:\/\/www.eel-fotografie.de\/wp2\/?s={search_term_string}"},"query-input":{"@type":"PropertyValueSpecification","valueRequired":true,"valueName":"search_term_string"}}],"inLanguage":"de"},{"@type":"Organization","@id":"http:\/\/www.eel-fotografie.de\/wp2\/#organization","name":"eel-fotografie | fotografie - bildagentur","url":"http:\/\/www.eel-fotografie.de\/wp2\/","logo":{"@type":"ImageObject","inLanguage":"de","@id":"http:\/\/www.eel-fotografie.de\/wp2\/#\/schema\/logo\/image\/","url":"http:\/\/www.eel-fotografie.de\/wp2\/wp-content\/uploads\/eel-fotografie_logo_2_500x250.png","contentUrl":"http:\/\/www.eel-fotografie.de\/wp2\/wp-content\/uploads\/eel-fotografie_logo_2_500x250.png","width":500,"height":254,"caption":"eel-fotografie | fotografie - bildagentur"},"image":{"@id":"http:\/\/www.eel-fotografie.de\/wp2\/#\/schema\/logo\/image\/"},"sameAs":["https:\/\/www.instagram.com\/eelfotografie\/"]},{"@type":"Person","@id":"http:\/\/www.eel-fotografie.de\/wp2\/#\/schema\/person\/48b675d7a081d02af2929c3629214db0","name":"admin","image":{"@type":"ImageObject","inLanguage":"de","@id":"http:\/\/www.eel-fotografie.de\/wp2\/#\/schema\/person\/image\/","url":"https:\/\/secure.gravatar.com\/avatar\/0238886d5b298e452983f5d971ee0c60774f53da880f3705d3087707fa31096c?s=96&d=mm&r=g","contentUrl":"https:\/\/secure.gravatar.com\/avatar\/0238886d5b298e452983f5d971ee0c60774f53da880f3705d3087707fa31096c?s=96&d=mm&r=g","caption":"admin"},"description":"Head of eel-fotografie | fotografie-bildagentur","sameAs":["http:\/\/www.eel-fotografie.de"],"url":"https:\/\/www.eel-fotografie.de\/wp2\/author\/admin\/"}]}},"_links":{"self":[{"href":"https:\/\/www.eel-fotografie.de\/wp2\/wp-json\/wp\/v2\/posts\/14471","targetHints":{"allow":["GET"]}}],"collection":[{"href":"https:\/\/www.eel-fotografie.de\/wp2\/wp-json\/wp\/v2\/posts"}],"about":[{"href":"https:\/\/www.eel-fotografie.de\/wp2\/wp-json\/wp\/v2\/types\/post"}],"author":[{"embeddable":true,"href":"https:\/\/www.eel-fotografie.de\/wp2\/wp-json\/wp\/v2\/users\/1"}],"replies":[{"embeddable":true,"href":"https:\/\/www.eel-fotografie.de\/wp2\/wp-json\/wp\/v2\/comments?post=14471"}],"version-history":[{"count":0,"href":"https:\/\/www.eel-fotografie.de\/wp2\/wp-json\/wp\/v2\/posts\/14471\/revisions"}],"wp:featuredmedia":[{"embeddable":true,"href":"https:\/\/www.eel-fotografie.de\/wp2\/wp-json\/wp\/v2\/media\/14472"}],"wp:attachment":[{"href":"https:\/\/www.eel-fotografie.de\/wp2\/wp-json\/wp\/v2\/media?parent=14471"}],"wp:term":[{"taxonomy":"category","embeddable":true,"href":"https:\/\/www.eel-fotografie.de\/wp2\/wp-json\/wp\/v2\/categories?post=14471"},{"taxonomy":"post_tag","embeddable":true,"href":"https:\/\/www.eel-fotografie.de\/wp2\/wp-json\/wp\/v2\/tags?post=14471"}],"curies":[{"name":"wp","href":"https:\/\/api.w.org\/{rel}","templated":true}]}}