{"id":14679,"date":"2017-12-12T17:51:52","date_gmt":"2017-12-12T16:51:52","guid":{"rendered":"http:\/\/www.eel-fotografie.de\/wp2\/?p=14679"},"modified":"2022-05-24T20:19:28","modified_gmt":"2022-05-24T18:19:28","slug":"eintracht-frankfurt-gegen-fc-bayern-muenchen-01","status":"publish","type":"post","link":"https:\/\/www.eel-fotografie.de\/wp2\/eintracht-frankfurt-gegen-fc-bayern-muenchen-01\/","title":{"rendered":"Eintracht Frankfurt gegen FC Bayern M\u00fcnchen 0:1"},"content":{"rendered":"ngg_shortcode_0_placeholder\n<p style=\"text-align: justify;\">Eintracht Frankfurt gegen FC Bayern M\u00fcnchen 0:1. Weniger der Sieg der M\u00fcnchener \u00fcberraschte die 51.000 Zuschauer, vielmehr die Szenen die das Spiel begleiteten: h\u00fcben wie dr\u00fcben keine Torchance, mehr Ballbesitz f\u00fcr Frankfurt, Frankfurter Mittelfeld \u00dcberlegenheit, vom Schiedsrichter zur\u00fcckgenommene rote Karte gegen Marius Wolf (Frankfurt), Arturo Vidal (M\u00fcnchen) h\u00e4tte wegen einer Notbremse eine rote Karte bekommen m\u00fcssen, es wurde nur Gelb&#8230;&#8230;&#8230;und eisig kalt war es auch!<\/p>\nngg_shortcode_1_placeholder\n<p>(16 Fotos)<\/p>\n","protected":false},"excerpt":{"rendered":"<p>Eintracht Frankfurt gegen FC Bayern M\u00fcnchen 0:1. Weniger der Sieg der M\u00fcnchener \u00fcberraschte die 51.000 Zuschauer, vielmehr die Szenen die das Spiel begleiteten: h\u00fcben wie dr\u00fcben keine Torchance, mehr Ballbesitz f\u00fcr Frankfurt, Frankfurter Mittelfeld \u00dcberlegenheit, vom Schiedsrichter zur\u00fcckgenommene rote Karte gegen Marius Wolf (Frankfurt), Arturo Vidal (M\u00fcnchen) h\u00e4tte wegen einer Notbremse eine rote Karte bekommen [&hellip;]<\/p>\n","protected":false},"author":1,"featured_media":14681,"comment_status":"closed","ping_status":"closed","sticky":false,"template":"","format":"standard","meta":{"_genesis_hide_title":false,"_genesis_hide_breadcrumbs":false,"_genesis_hide_singular_image":false,"_genesis_hide_footer_widgets":false,"_genesis_custom_body_class":"","_genesis_custom_post_class":"","_genesis_layout":"","ngg_post_thumbnail":0,"footnotes":""},"categories":[23,17],"tags":[1298,108,35,1279,1296,101,36,6,7,19,1358,10,22,1303,1636,1301,133,1302,16,11,1299,1300,1297,162],"class_list":{"0":"post-14679","1":"post","2":"type-post","3":"status-publish","4":"format-standard","5":"has-post-thumbnail","7":"category-fussball","8":"category-sport","9":"tag-ball","10":"tag-bayern-muenchen","11":"tag-bundesliga","12":"tag-bundesligasaison-20172018","13":"tag-bvb","14":"tag-dfb","15":"tag-dfl","16":"tag-eberhard-krieger","17":"tag-eel-fotografie","18":"tag-eintracht-frankfurt","19":"tag-fcb","20":"tag-foto-krieger","21":"tag-fussball","22":"tag-mannschaft","23":"tag-nikon","24":"tag-schiedsrichter","25":"tag-sge","26":"tag-spieler","27":"tag-sport","28":"tag-sportfoto-krieger","29":"tag-tor","30":"tag-torschuss","31":"tag-trikot","32":"tag-zuschauer","33":"entry"},"yoast_head":"<!-- This site is optimized with the Yoast SEO plugin v26.5 - https:\/\/yoast.com\/wordpress\/plugins\/seo\/ -->\n<title>Eintracht Frankfurt gegen FC Bayern M\u00fcnchen 0:1 - eel-fotografie<\/title>\n<meta name=\"description\" content=\"Eintracht Frankfurt gegen FC Bayern M\u00fcnchen 0:1. Der M\u00fcnchener Sieg war wenig \u00fcberraschend, vielmehr die Szenen rund um das Spiel verwunderten. (16 Fotos)\" \/>\n<meta name=\"robots\" content=\"index, follow, max-snippet:-1, max-image-preview:large, max-video-preview:-1\" \/>\n<link rel=\"canonical\" href=\"https:\/\/www.eel-fotografie.de\/wp2\/eintracht-frankfurt-gegen-fc-bayern-muenchen-01\/\" \/>\n<meta name=\"twitter:label1\" content=\"Verfasst von\" \/>\n\t<meta name=\"twitter:data1\" content=\"admin\" \/>\n\t<meta name=\"twitter:label2\" content=\"Gesch\u00e4tzte Lesezeit\" \/>\n\t<meta name=\"twitter:data2\" content=\"1\u00a0Minute\" \/>\n<script type=\"application\/ld+json\" class=\"yoast-schema-graph\">{\"@context\":\"https:\/\/schema.org\",\"@graph\":[{\"@type\":\"Article\",\"@id\":\"https:\/\/www.eel-fotografie.de\/wp2\/eintracht-frankfurt-gegen-fc-bayern-muenchen-01\/#article\",\"isPartOf\":{\"@id\":\"https:\/\/www.eel-fotografie.de\/wp2\/eintracht-frankfurt-gegen-fc-bayern-muenchen-01\/\"},\"author\":{\"name\":\"admin\",\"@id\":\"http:\/\/www.eel-fotografie.de\/wp2\/#\/schema\/person\/48b675d7a081d02af2929c3629214db0\"},\"headline\":\"Eintracht Frankfurt gegen FC Bayern M\u00fcnchen 0:1\",\"datePublished\":\"2017-12-12T16:51:52+00:00\",\"dateModified\":\"2022-05-24T18:19:28+00:00\",\"mainEntityOfPage\":{\"@id\":\"https:\/\/www.eel-fotografie.de\/wp2\/eintracht-frankfurt-gegen-fc-bayern-muenchen-01\/\"},\"wordCount\":222,\"publisher\":{\"@id\":\"http:\/\/www.eel-fotografie.de\/wp2\/#organization\"},\"image\":{\"@id\":\"https:\/\/www.eel-fotografie.de\/wp2\/eintracht-frankfurt-gegen-fc-bayern-muenchen-01\/#primaryimage\"},\"thumbnailUrl\":\"https:\/\/www.eel-fotografie.de\/wp2\/wp-content\/uploads\/ngg_featured\/DSC_7156.jpg\",\"keywords\":[\"Ball\",\"Bayern M\u00fcnchen\",\"Bundesliga\",\"Bundesligasaison 2017\/2018\",\"BVB\",\"DFB\",\"DFL\",\"Eberhard Krieger\",\"eel fotografie\",\"Eintracht Frankfurt\",\"FCB\",\"foto-krieger\",\"Fussball\",\"Mannschaft\",\"Nikon\",\"Schiedsrichter\",\"SGE\",\"Spieler\",\"Sport\",\"sportfoto-krieger\",\"Tor\",\"Torschuss\",\"Trikot\",\"Zuschauer\"],\"articleSection\":[\"Fussball\",\"Sport\"],\"inLanguage\":\"de\"},{\"@type\":\"WebPage\",\"@id\":\"https:\/\/www.eel-fotografie.de\/wp2\/eintracht-frankfurt-gegen-fc-bayern-muenchen-01\/\",\"url\":\"https:\/\/www.eel-fotografie.de\/wp2\/eintracht-frankfurt-gegen-fc-bayern-muenchen-01\/\",\"name\":\"Eintracht Frankfurt gegen FC Bayern M\u00fcnchen 0:1 - eel-fotografie\",\"isPartOf\":{\"@id\":\"http:\/\/www.eel-fotografie.de\/wp2\/#website\"},\"primaryImageOfPage\":{\"@id\":\"https:\/\/www.eel-fotografie.de\/wp2\/eintracht-frankfurt-gegen-fc-bayern-muenchen-01\/#primaryimage\"},\"image\":{\"@id\":\"https:\/\/www.eel-fotografie.de\/wp2\/eintracht-frankfurt-gegen-fc-bayern-muenchen-01\/#primaryimage\"},\"thumbnailUrl\":\"https:\/\/www.eel-fotografie.de\/wp2\/wp-content\/uploads\/ngg_featured\/DSC_7156.jpg\",\"datePublished\":\"2017-12-12T16:51:52+00:00\",\"dateModified\":\"2022-05-24T18:19:28+00:00\",\"description\":\"Eintracht Frankfurt gegen FC Bayern M\u00fcnchen 0:1. Der M\u00fcnchener Sieg war wenig \u00fcberraschend, vielmehr die Szenen rund um das Spiel verwunderten. (16 Fotos)\",\"breadcrumb\":{\"@id\":\"https:\/\/www.eel-fotografie.de\/wp2\/eintracht-frankfurt-gegen-fc-bayern-muenchen-01\/#breadcrumb\"},\"inLanguage\":\"de\",\"potentialAction\":[{\"@type\":\"ReadAction\",\"target\":[\"https:\/\/www.eel-fotografie.de\/wp2\/eintracht-frankfurt-gegen-fc-bayern-muenchen-01\/\"]}]},{\"@type\":\"ImageObject\",\"inLanguage\":\"de\",\"@id\":\"https:\/\/www.eel-fotografie.de\/wp2\/eintracht-frankfurt-gegen-fc-bayern-muenchen-01\/#primaryimage\",\"url\":\"https:\/\/www.eel-fotografie.de\/wp2\/wp-content\/uploads\/ngg_featured\/DSC_7156.jpg\",\"contentUrl\":\"https:\/\/www.eel-fotografie.de\/wp2\/wp-content\/uploads\/ngg_featured\/DSC_7156.jpg\",\"width\":1024,\"height\":681},{\"@type\":\"BreadcrumbList\",\"@id\":\"https:\/\/www.eel-fotografie.de\/wp2\/eintracht-frankfurt-gegen-fc-bayern-muenchen-01\/#breadcrumb\",\"itemListElement\":[{\"@type\":\"ListItem\",\"position\":1,\"name\":\"Home\",\"item\":\"http:\/\/www.eel-fotografie.de\/wp2\/\"},{\"@type\":\"ListItem\",\"position\":2,\"name\":\"Eintracht Frankfurt gegen FC Bayern M\u00fcnchen 0:1\"}]},{\"@type\":\"WebSite\",\"@id\":\"http:\/\/www.eel-fotografie.de\/wp2\/#website\",\"url\":\"http:\/\/www.eel-fotografie.de\/wp2\/\",\"name\":\"eel-fotografie\",\"description\":\"fotografie - bildagentur\",\"publisher\":{\"@id\":\"http:\/\/www.eel-fotografie.de\/wp2\/#organization\"},\"potentialAction\":[{\"@type\":\"SearchAction\",\"target\":{\"@type\":\"EntryPoint\",\"urlTemplate\":\"http:\/\/www.eel-fotografie.de\/wp2\/?s={search_term_string}\"},\"query-input\":{\"@type\":\"PropertyValueSpecification\",\"valueRequired\":true,\"valueName\":\"search_term_string\"}}],\"inLanguage\":\"de\"},{\"@type\":\"Organization\",\"@id\":\"http:\/\/www.eel-fotografie.de\/wp2\/#organization\",\"name\":\"eel-fotografie | fotografie - bildagentur\",\"url\":\"http:\/\/www.eel-fotografie.de\/wp2\/\",\"logo\":{\"@type\":\"ImageObject\",\"inLanguage\":\"de\",\"@id\":\"http:\/\/www.eel-fotografie.de\/wp2\/#\/schema\/logo\/image\/\",\"url\":\"http:\/\/www.eel-fotografie.de\/wp2\/wp-content\/uploads\/eel-fotografie_logo_2_500x250.png\",\"contentUrl\":\"http:\/\/www.eel-fotografie.de\/wp2\/wp-content\/uploads\/eel-fotografie_logo_2_500x250.png\",\"width\":500,\"height\":254,\"caption\":\"eel-fotografie | fotografie - bildagentur\"},\"image\":{\"@id\":\"http:\/\/www.eel-fotografie.de\/wp2\/#\/schema\/logo\/image\/\"},\"sameAs\":[\"https:\/\/www.instagram.com\/eelfotografie\/\"]},{\"@type\":\"Person\",\"@id\":\"http:\/\/www.eel-fotografie.de\/wp2\/#\/schema\/person\/48b675d7a081d02af2929c3629214db0\",\"name\":\"admin\",\"image\":{\"@type\":\"ImageObject\",\"inLanguage\":\"de\",\"@id\":\"http:\/\/www.eel-fotografie.de\/wp2\/#\/schema\/person\/image\/\",\"url\":\"https:\/\/secure.gravatar.com\/avatar\/0238886d5b298e452983f5d971ee0c60774f53da880f3705d3087707fa31096c?s=96&d=mm&r=g\",\"contentUrl\":\"https:\/\/secure.gravatar.com\/avatar\/0238886d5b298e452983f5d971ee0c60774f53da880f3705d3087707fa31096c?s=96&d=mm&r=g\",\"caption\":\"admin\"},\"description\":\"Head of eel-fotografie | fotografie-bildagentur\",\"sameAs\":[\"http:\/\/www.eel-fotografie.de\"],\"url\":\"https:\/\/www.eel-fotografie.de\/wp2\/author\/admin\/\"}]}<\/script>\n<!-- \/ Yoast SEO plugin. -->","yoast_head_json":{"title":"Eintracht Frankfurt gegen FC Bayern M\u00fcnchen 0:1 - eel-fotografie","description":"Eintracht Frankfurt gegen FC Bayern M\u00fcnchen 0:1. Der M\u00fcnchener Sieg war wenig \u00fcberraschend, vielmehr die Szenen rund um das Spiel verwunderten. (16 Fotos)","robots":{"index":"index","follow":"follow","max-snippet":"max-snippet:-1","max-image-preview":"max-image-preview:large","max-video-preview":"max-video-preview:-1"},"canonical":"https:\/\/www.eel-fotografie.de\/wp2\/eintracht-frankfurt-gegen-fc-bayern-muenchen-01\/","twitter_misc":{"Verfasst von":"admin","Gesch\u00e4tzte Lesezeit":"1\u00a0Minute"},"schema":{"@context":"https:\/\/schema.org","@graph":[{"@type":"Article","@id":"https:\/\/www.eel-fotografie.de\/wp2\/eintracht-frankfurt-gegen-fc-bayern-muenchen-01\/#article","isPartOf":{"@id":"https:\/\/www.eel-fotografie.de\/wp2\/eintracht-frankfurt-gegen-fc-bayern-muenchen-01\/"},"author":{"name":"admin","@id":"http:\/\/www.eel-fotografie.de\/wp2\/#\/schema\/person\/48b675d7a081d02af2929c3629214db0"},"headline":"Eintracht Frankfurt gegen FC Bayern M\u00fcnchen 0:1","datePublished":"2017-12-12T16:51:52+00:00","dateModified":"2022-05-24T18:19:28+00:00","mainEntityOfPage":{"@id":"https:\/\/www.eel-fotografie.de\/wp2\/eintracht-frankfurt-gegen-fc-bayern-muenchen-01\/"},"wordCount":222,"publisher":{"@id":"http:\/\/www.eel-fotografie.de\/wp2\/#organization"},"image":{"@id":"https:\/\/www.eel-fotografie.de\/wp2\/eintracht-frankfurt-gegen-fc-bayern-muenchen-01\/#primaryimage"},"thumbnailUrl":"https:\/\/www.eel-fotografie.de\/wp2\/wp-content\/uploads\/ngg_featured\/DSC_7156.jpg","keywords":["Ball","Bayern M\u00fcnchen","Bundesliga","Bundesligasaison 2017\/2018","BVB","DFB","DFL","Eberhard Krieger","eel fotografie","Eintracht Frankfurt","FCB","foto-krieger","Fussball","Mannschaft","Nikon","Schiedsrichter","SGE","Spieler","Sport","sportfoto-krieger","Tor","Torschuss","Trikot","Zuschauer"],"articleSection":["Fussball","Sport"],"inLanguage":"de"},{"@type":"WebPage","@id":"https:\/\/www.eel-fotografie.de\/wp2\/eintracht-frankfurt-gegen-fc-bayern-muenchen-01\/","url":"https:\/\/www.eel-fotografie.de\/wp2\/eintracht-frankfurt-gegen-fc-bayern-muenchen-01\/","name":"Eintracht Frankfurt gegen FC Bayern M\u00fcnchen 0:1 - eel-fotografie","isPartOf":{"@id":"http:\/\/www.eel-fotografie.de\/wp2\/#website"},"primaryImageOfPage":{"@id":"https:\/\/www.eel-fotografie.de\/wp2\/eintracht-frankfurt-gegen-fc-bayern-muenchen-01\/#primaryimage"},"image":{"@id":"https:\/\/www.eel-fotografie.de\/wp2\/eintracht-frankfurt-gegen-fc-bayern-muenchen-01\/#primaryimage"},"thumbnailUrl":"https:\/\/www.eel-fotografie.de\/wp2\/wp-content\/uploads\/ngg_featured\/DSC_7156.jpg","datePublished":"2017-12-12T16:51:52+00:00","dateModified":"2022-05-24T18:19:28+00:00","description":"Eintracht Frankfurt gegen FC Bayern M\u00fcnchen 0:1. Der M\u00fcnchener Sieg war wenig \u00fcberraschend, vielmehr die Szenen rund um das Spiel verwunderten. (16 Fotos)","breadcrumb":{"@id":"https:\/\/www.eel-fotografie.de\/wp2\/eintracht-frankfurt-gegen-fc-bayern-muenchen-01\/#breadcrumb"},"inLanguage":"de","potentialAction":[{"@type":"ReadAction","target":["https:\/\/www.eel-fotografie.de\/wp2\/eintracht-frankfurt-gegen-fc-bayern-muenchen-01\/"]}]},{"@type":"ImageObject","inLanguage":"de","@id":"https:\/\/www.eel-fotografie.de\/wp2\/eintracht-frankfurt-gegen-fc-bayern-muenchen-01\/#primaryimage","url":"https:\/\/www.eel-fotografie.de\/wp2\/wp-content\/uploads\/ngg_featured\/DSC_7156.jpg","contentUrl":"https:\/\/www.eel-fotografie.de\/wp2\/wp-content\/uploads\/ngg_featured\/DSC_7156.jpg","width":1024,"height":681},{"@type":"BreadcrumbList","@id":"https:\/\/www.eel-fotografie.de\/wp2\/eintracht-frankfurt-gegen-fc-bayern-muenchen-01\/#breadcrumb","itemListElement":[{"@type":"ListItem","position":1,"name":"Home","item":"http:\/\/www.eel-fotografie.de\/wp2\/"},{"@type":"ListItem","position":2,"name":"Eintracht Frankfurt gegen FC Bayern M\u00fcnchen 0:1"}]},{"@type":"WebSite","@id":"http:\/\/www.eel-fotografie.de\/wp2\/#website","url":"http:\/\/www.eel-fotografie.de\/wp2\/","name":"eel-fotografie","description":"fotografie - bildagentur","publisher":{"@id":"http:\/\/www.eel-fotografie.de\/wp2\/#organization"},"potentialAction":[{"@type":"SearchAction","target":{"@type":"EntryPoint","urlTemplate":"http:\/\/www.eel-fotografie.de\/wp2\/?s={search_term_string}"},"query-input":{"@type":"PropertyValueSpecification","valueRequired":true,"valueName":"search_term_string"}}],"inLanguage":"de"},{"@type":"Organization","@id":"http:\/\/www.eel-fotografie.de\/wp2\/#organization","name":"eel-fotografie | fotografie - bildagentur","url":"http:\/\/www.eel-fotografie.de\/wp2\/","logo":{"@type":"ImageObject","inLanguage":"de","@id":"http:\/\/www.eel-fotografie.de\/wp2\/#\/schema\/logo\/image\/","url":"http:\/\/www.eel-fotografie.de\/wp2\/wp-content\/uploads\/eel-fotografie_logo_2_500x250.png","contentUrl":"http:\/\/www.eel-fotografie.de\/wp2\/wp-content\/uploads\/eel-fotografie_logo_2_500x250.png","width":500,"height":254,"caption":"eel-fotografie | fotografie - bildagentur"},"image":{"@id":"http:\/\/www.eel-fotografie.de\/wp2\/#\/schema\/logo\/image\/"},"sameAs":["https:\/\/www.instagram.com\/eelfotografie\/"]},{"@type":"Person","@id":"http:\/\/www.eel-fotografie.de\/wp2\/#\/schema\/person\/48b675d7a081d02af2929c3629214db0","name":"admin","image":{"@type":"ImageObject","inLanguage":"de","@id":"http:\/\/www.eel-fotografie.de\/wp2\/#\/schema\/person\/image\/","url":"https:\/\/secure.gravatar.com\/avatar\/0238886d5b298e452983f5d971ee0c60774f53da880f3705d3087707fa31096c?s=96&d=mm&r=g","contentUrl":"https:\/\/secure.gravatar.com\/avatar\/0238886d5b298e452983f5d971ee0c60774f53da880f3705d3087707fa31096c?s=96&d=mm&r=g","caption":"admin"},"description":"Head of eel-fotografie | fotografie-bildagentur","sameAs":["http:\/\/www.eel-fotografie.de"],"url":"https:\/\/www.eel-fotografie.de\/wp2\/author\/admin\/"}]}},"_links":{"self":[{"href":"https:\/\/www.eel-fotografie.de\/wp2\/wp-json\/wp\/v2\/posts\/14679","targetHints":{"allow":["GET"]}}],"collection":[{"href":"https:\/\/www.eel-fotografie.de\/wp2\/wp-json\/wp\/v2\/posts"}],"about":[{"href":"https:\/\/www.eel-fotografie.de\/wp2\/wp-json\/wp\/v2\/types\/post"}],"author":[{"embeddable":true,"href":"https:\/\/www.eel-fotografie.de\/wp2\/wp-json\/wp\/v2\/users\/1"}],"replies":[{"embeddable":true,"href":"https:\/\/www.eel-fotografie.de\/wp2\/wp-json\/wp\/v2\/comments?post=14679"}],"version-history":[{"count":0,"href":"https:\/\/www.eel-fotografie.de\/wp2\/wp-json\/wp\/v2\/posts\/14679\/revisions"}],"wp:featuredmedia":[{"embeddable":true,"href":"https:\/\/www.eel-fotografie.de\/wp2\/wp-json\/wp\/v2\/media\/14681"}],"wp:attachment":[{"href":"https:\/\/www.eel-fotografie.de\/wp2\/wp-json\/wp\/v2\/media?parent=14679"}],"wp:term":[{"taxonomy":"category","embeddable":true,"href":"https:\/\/www.eel-fotografie.de\/wp2\/wp-json\/wp\/v2\/categories?post=14679"},{"taxonomy":"post_tag","embeddable":true,"href":"https:\/\/www.eel-fotografie.de\/wp2\/wp-json\/wp\/v2\/tags?post=14679"}],"curies":[{"name":"wp","href":"https:\/\/api.w.org\/{rel}","templated":true}]}}