{"id":14800,"date":"2018-01-30T18:41:36","date_gmt":"2018-01-30T17:41:36","guid":{"rendered":"http:\/\/www.eel-fotografie.de\/wp2\/?p=14800"},"modified":"2022-05-24T20:19:59","modified_gmt":"2022-05-24T18:19:59","slug":"eintracht-frankfurt-gegen-borussia-moenchengladbach-20","status":"publish","type":"post","link":"https:\/\/www.eel-fotografie.de\/wp2\/eintracht-frankfurt-gegen-borussia-moenchengladbach-20\/","title":{"rendered":"Eintracht Frankfurt gegen Borussia M\u00f6nchengladbach 2:0"},"content":{"rendered":"ngg_shortcode_0_placeholder\n<p style=\"text-align: justify;\">Eintracht Frankfurt gegen Borussia M\u00f6nchengladbach 2:0. Ein gl\u00fccklicher Heimsieg bringt Eintracht Frankfurt auf den 4. Tabellenplatz. Gladbach vergibt in der zweiten Spielh\u00e4lfte einen Foulelfmeter und weitere beste Torchancen.<\/p>\nngg_shortcode_1_placeholder\n<p>(12 Fotos)<\/p>\n","protected":false},"excerpt":{"rendered":"<p>Eintracht Frankfurt gegen Borussia M\u00f6nchengladbach 2:0. Ein gl\u00fccklicher Heimsieg bringt Eintracht Frankfurt auf den 4. Tabellenplatz. Gladbach vergibt in der zweiten Spielh\u00e4lfte einen Foulelfmeter und weitere beste Torchancen. (12 Fotos)<\/p>\n","protected":false},"author":1,"featured_media":14806,"comment_status":"closed","ping_status":"closed","sticky":false,"template":"","format":"standard","meta":{"_genesis_hide_title":false,"_genesis_hide_breadcrumbs":false,"_genesis_hide_singular_image":false,"_genesis_hide_footer_widgets":false,"_genesis_custom_body_class":"","_genesis_custom_post_class":"","_genesis_layout":"","ngg_post_thumbnail":0,"footnotes":""},"categories":[23,17],"tags":[1298,63,35,1279,101,36,6,7,19,10,22,1303,1636,1301,133,1302,16,11,1299,1300,1297,162],"class_list":{"0":"post-14800","1":"post","2":"type-post","3":"status-publish","4":"format-standard","5":"has-post-thumbnail","7":"category-fussball","8":"category-sport","9":"tag-ball","10":"tag-borussia-moenchengladbach","11":"tag-bundesliga","12":"tag-bundesligasaison-20172018","13":"tag-dfb","14":"tag-dfl","15":"tag-eberhard-krieger","16":"tag-eel-fotografie","17":"tag-eintracht-frankfurt","18":"tag-foto-krieger","19":"tag-fussball","20":"tag-mannschaft","21":"tag-nikon","22":"tag-schiedsrichter","23":"tag-sge","24":"tag-spieler","25":"tag-sport","26":"tag-sportfoto-krieger","27":"tag-tor","28":"tag-torschuss","29":"tag-trikot","30":"tag-zuschauer","31":"entry"},"yoast_head":"<!-- This site is optimized with the Yoast SEO plugin v26.5 - https:\/\/yoast.com\/wordpress\/plugins\/seo\/ -->\n<title>Eintracht Frankfurt gegen Borussia M\u00f6nchengladbach 2:0 - eel-fotografie<\/title>\n<meta name=\"description\" content=\"Eintracht Frankfurt gegen Borussia M\u00f6nchengladbach 2:0. Heimsieg f\u00fcr Eintracht Frankfurt und vierter Tabellenplatz. (12 Fotos)\" \/>\n<meta name=\"robots\" content=\"index, follow, max-snippet:-1, max-image-preview:large, max-video-preview:-1\" \/>\n<link rel=\"canonical\" href=\"https:\/\/www.eel-fotografie.de\/wp2\/eintracht-frankfurt-gegen-borussia-moenchengladbach-20\/\" \/>\n<meta name=\"twitter:label1\" content=\"Verfasst von\" \/>\n\t<meta name=\"twitter:data1\" content=\"admin\" \/>\n\t<meta name=\"twitter:label2\" content=\"Gesch\u00e4tzte Lesezeit\" \/>\n\t<meta name=\"twitter:data2\" content=\"1\u00a0Minute\" \/>\n<script type=\"application\/ld+json\" class=\"yoast-schema-graph\">{\"@context\":\"https:\/\/schema.org\",\"@graph\":[{\"@type\":\"Article\",\"@id\":\"https:\/\/www.eel-fotografie.de\/wp2\/eintracht-frankfurt-gegen-borussia-moenchengladbach-20\/#article\",\"isPartOf\":{\"@id\":\"https:\/\/www.eel-fotografie.de\/wp2\/eintracht-frankfurt-gegen-borussia-moenchengladbach-20\/\"},\"author\":{\"name\":\"admin\",\"@id\":\"http:\/\/www.eel-fotografie.de\/wp2\/#\/schema\/person\/48b675d7a081d02af2929c3629214db0\"},\"headline\":\"Eintracht Frankfurt gegen Borussia M\u00f6nchengladbach 2:0\",\"datePublished\":\"2018-01-30T17:41:36+00:00\",\"dateModified\":\"2022-05-24T18:19:59+00:00\",\"mainEntityOfPage\":{\"@id\":\"https:\/\/www.eel-fotografie.de\/wp2\/eintracht-frankfurt-gegen-borussia-moenchengladbach-20\/\"},\"wordCount\":191,\"publisher\":{\"@id\":\"http:\/\/www.eel-fotografie.de\/wp2\/#organization\"},\"image\":{\"@id\":\"https:\/\/www.eel-fotografie.de\/wp2\/eintracht-frankfurt-gegen-borussia-moenchengladbach-20\/#primaryimage\"},\"thumbnailUrl\":\"https:\/\/www.eel-fotografie.de\/wp2\/wp-content\/uploads\/ngg_featured\/DSC_8306.jpg\",\"keywords\":[\"Ball\",\"Borussia M\u00f6nchengladbach\",\"Bundesliga\",\"Bundesligasaison 2017\/2018\",\"DFB\",\"DFL\",\"Eberhard Krieger\",\"eel fotografie\",\"Eintracht Frankfurt\",\"foto-krieger\",\"Fussball\",\"Mannschaft\",\"Nikon\",\"Schiedsrichter\",\"SGE\",\"Spieler\",\"Sport\",\"sportfoto-krieger\",\"Tor\",\"Torschuss\",\"Trikot\",\"Zuschauer\"],\"articleSection\":[\"Fussball\",\"Sport\"],\"inLanguage\":\"de\"},{\"@type\":\"WebPage\",\"@id\":\"https:\/\/www.eel-fotografie.de\/wp2\/eintracht-frankfurt-gegen-borussia-moenchengladbach-20\/\",\"url\":\"https:\/\/www.eel-fotografie.de\/wp2\/eintracht-frankfurt-gegen-borussia-moenchengladbach-20\/\",\"name\":\"Eintracht Frankfurt gegen Borussia M\u00f6nchengladbach 2:0 - eel-fotografie\",\"isPartOf\":{\"@id\":\"http:\/\/www.eel-fotografie.de\/wp2\/#website\"},\"primaryImageOfPage\":{\"@id\":\"https:\/\/www.eel-fotografie.de\/wp2\/eintracht-frankfurt-gegen-borussia-moenchengladbach-20\/#primaryimage\"},\"image\":{\"@id\":\"https:\/\/www.eel-fotografie.de\/wp2\/eintracht-frankfurt-gegen-borussia-moenchengladbach-20\/#primaryimage\"},\"thumbnailUrl\":\"https:\/\/www.eel-fotografie.de\/wp2\/wp-content\/uploads\/ngg_featured\/DSC_8306.jpg\",\"datePublished\":\"2018-01-30T17:41:36+00:00\",\"dateModified\":\"2022-05-24T18:19:59+00:00\",\"description\":\"Eintracht Frankfurt gegen Borussia M\u00f6nchengladbach 2:0. Heimsieg f\u00fcr Eintracht Frankfurt und vierter Tabellenplatz. (12 Fotos)\",\"breadcrumb\":{\"@id\":\"https:\/\/www.eel-fotografie.de\/wp2\/eintracht-frankfurt-gegen-borussia-moenchengladbach-20\/#breadcrumb\"},\"inLanguage\":\"de\",\"potentialAction\":[{\"@type\":\"ReadAction\",\"target\":[\"https:\/\/www.eel-fotografie.de\/wp2\/eintracht-frankfurt-gegen-borussia-moenchengladbach-20\/\"]}]},{\"@type\":\"ImageObject\",\"inLanguage\":\"de\",\"@id\":\"https:\/\/www.eel-fotografie.de\/wp2\/eintracht-frankfurt-gegen-borussia-moenchengladbach-20\/#primaryimage\",\"url\":\"https:\/\/www.eel-fotografie.de\/wp2\/wp-content\/uploads\/ngg_featured\/DSC_8306.jpg\",\"contentUrl\":\"https:\/\/www.eel-fotografie.de\/wp2\/wp-content\/uploads\/ngg_featured\/DSC_8306.jpg\",\"width\":1024,\"height\":681},{\"@type\":\"BreadcrumbList\",\"@id\":\"https:\/\/www.eel-fotografie.de\/wp2\/eintracht-frankfurt-gegen-borussia-moenchengladbach-20\/#breadcrumb\",\"itemListElement\":[{\"@type\":\"ListItem\",\"position\":1,\"name\":\"Home\",\"item\":\"http:\/\/www.eel-fotografie.de\/wp2\/\"},{\"@type\":\"ListItem\",\"position\":2,\"name\":\"Eintracht Frankfurt gegen Borussia M\u00f6nchengladbach 2:0\"}]},{\"@type\":\"WebSite\",\"@id\":\"http:\/\/www.eel-fotografie.de\/wp2\/#website\",\"url\":\"http:\/\/www.eel-fotografie.de\/wp2\/\",\"name\":\"eel-fotografie\",\"description\":\"fotografie - bildagentur\",\"publisher\":{\"@id\":\"http:\/\/www.eel-fotografie.de\/wp2\/#organization\"},\"potentialAction\":[{\"@type\":\"SearchAction\",\"target\":{\"@type\":\"EntryPoint\",\"urlTemplate\":\"http:\/\/www.eel-fotografie.de\/wp2\/?s={search_term_string}\"},\"query-input\":{\"@type\":\"PropertyValueSpecification\",\"valueRequired\":true,\"valueName\":\"search_term_string\"}}],\"inLanguage\":\"de\"},{\"@type\":\"Organization\",\"@id\":\"http:\/\/www.eel-fotografie.de\/wp2\/#organization\",\"name\":\"eel-fotografie | fotografie - bildagentur\",\"url\":\"http:\/\/www.eel-fotografie.de\/wp2\/\",\"logo\":{\"@type\":\"ImageObject\",\"inLanguage\":\"de\",\"@id\":\"http:\/\/www.eel-fotografie.de\/wp2\/#\/schema\/logo\/image\/\",\"url\":\"http:\/\/www.eel-fotografie.de\/wp2\/wp-content\/uploads\/eel-fotografie_logo_2_500x250.png\",\"contentUrl\":\"http:\/\/www.eel-fotografie.de\/wp2\/wp-content\/uploads\/eel-fotografie_logo_2_500x250.png\",\"width\":500,\"height\":254,\"caption\":\"eel-fotografie | fotografie - bildagentur\"},\"image\":{\"@id\":\"http:\/\/www.eel-fotografie.de\/wp2\/#\/schema\/logo\/image\/\"},\"sameAs\":[\"https:\/\/www.instagram.com\/eelfotografie\/\"]},{\"@type\":\"Person\",\"@id\":\"http:\/\/www.eel-fotografie.de\/wp2\/#\/schema\/person\/48b675d7a081d02af2929c3629214db0\",\"name\":\"admin\",\"image\":{\"@type\":\"ImageObject\",\"inLanguage\":\"de\",\"@id\":\"http:\/\/www.eel-fotografie.de\/wp2\/#\/schema\/person\/image\/\",\"url\":\"https:\/\/secure.gravatar.com\/avatar\/0238886d5b298e452983f5d971ee0c60774f53da880f3705d3087707fa31096c?s=96&d=mm&r=g\",\"contentUrl\":\"https:\/\/secure.gravatar.com\/avatar\/0238886d5b298e452983f5d971ee0c60774f53da880f3705d3087707fa31096c?s=96&d=mm&r=g\",\"caption\":\"admin\"},\"description\":\"Head of eel-fotografie | fotografie-bildagentur\",\"sameAs\":[\"http:\/\/www.eel-fotografie.de\"],\"url\":\"https:\/\/www.eel-fotografie.de\/wp2\/author\/admin\/\"}]}<\/script>\n<!-- \/ Yoast SEO plugin. -->","yoast_head_json":{"title":"Eintracht Frankfurt gegen Borussia M\u00f6nchengladbach 2:0 - eel-fotografie","description":"Eintracht Frankfurt gegen Borussia M\u00f6nchengladbach 2:0. Heimsieg f\u00fcr Eintracht Frankfurt und vierter Tabellenplatz. (12 Fotos)","robots":{"index":"index","follow":"follow","max-snippet":"max-snippet:-1","max-image-preview":"max-image-preview:large","max-video-preview":"max-video-preview:-1"},"canonical":"https:\/\/www.eel-fotografie.de\/wp2\/eintracht-frankfurt-gegen-borussia-moenchengladbach-20\/","twitter_misc":{"Verfasst von":"admin","Gesch\u00e4tzte Lesezeit":"1\u00a0Minute"},"schema":{"@context":"https:\/\/schema.org","@graph":[{"@type":"Article","@id":"https:\/\/www.eel-fotografie.de\/wp2\/eintracht-frankfurt-gegen-borussia-moenchengladbach-20\/#article","isPartOf":{"@id":"https:\/\/www.eel-fotografie.de\/wp2\/eintracht-frankfurt-gegen-borussia-moenchengladbach-20\/"},"author":{"name":"admin","@id":"http:\/\/www.eel-fotografie.de\/wp2\/#\/schema\/person\/48b675d7a081d02af2929c3629214db0"},"headline":"Eintracht Frankfurt gegen Borussia M\u00f6nchengladbach 2:0","datePublished":"2018-01-30T17:41:36+00:00","dateModified":"2022-05-24T18:19:59+00:00","mainEntityOfPage":{"@id":"https:\/\/www.eel-fotografie.de\/wp2\/eintracht-frankfurt-gegen-borussia-moenchengladbach-20\/"},"wordCount":191,"publisher":{"@id":"http:\/\/www.eel-fotografie.de\/wp2\/#organization"},"image":{"@id":"https:\/\/www.eel-fotografie.de\/wp2\/eintracht-frankfurt-gegen-borussia-moenchengladbach-20\/#primaryimage"},"thumbnailUrl":"https:\/\/www.eel-fotografie.de\/wp2\/wp-content\/uploads\/ngg_featured\/DSC_8306.jpg","keywords":["Ball","Borussia M\u00f6nchengladbach","Bundesliga","Bundesligasaison 2017\/2018","DFB","DFL","Eberhard Krieger","eel fotografie","Eintracht Frankfurt","foto-krieger","Fussball","Mannschaft","Nikon","Schiedsrichter","SGE","Spieler","Sport","sportfoto-krieger","Tor","Torschuss","Trikot","Zuschauer"],"articleSection":["Fussball","Sport"],"inLanguage":"de"},{"@type":"WebPage","@id":"https:\/\/www.eel-fotografie.de\/wp2\/eintracht-frankfurt-gegen-borussia-moenchengladbach-20\/","url":"https:\/\/www.eel-fotografie.de\/wp2\/eintracht-frankfurt-gegen-borussia-moenchengladbach-20\/","name":"Eintracht Frankfurt gegen Borussia M\u00f6nchengladbach 2:0 - eel-fotografie","isPartOf":{"@id":"http:\/\/www.eel-fotografie.de\/wp2\/#website"},"primaryImageOfPage":{"@id":"https:\/\/www.eel-fotografie.de\/wp2\/eintracht-frankfurt-gegen-borussia-moenchengladbach-20\/#primaryimage"},"image":{"@id":"https:\/\/www.eel-fotografie.de\/wp2\/eintracht-frankfurt-gegen-borussia-moenchengladbach-20\/#primaryimage"},"thumbnailUrl":"https:\/\/www.eel-fotografie.de\/wp2\/wp-content\/uploads\/ngg_featured\/DSC_8306.jpg","datePublished":"2018-01-30T17:41:36+00:00","dateModified":"2022-05-24T18:19:59+00:00","description":"Eintracht Frankfurt gegen Borussia M\u00f6nchengladbach 2:0. Heimsieg f\u00fcr Eintracht Frankfurt und vierter Tabellenplatz. (12 Fotos)","breadcrumb":{"@id":"https:\/\/www.eel-fotografie.de\/wp2\/eintracht-frankfurt-gegen-borussia-moenchengladbach-20\/#breadcrumb"},"inLanguage":"de","potentialAction":[{"@type":"ReadAction","target":["https:\/\/www.eel-fotografie.de\/wp2\/eintracht-frankfurt-gegen-borussia-moenchengladbach-20\/"]}]},{"@type":"ImageObject","inLanguage":"de","@id":"https:\/\/www.eel-fotografie.de\/wp2\/eintracht-frankfurt-gegen-borussia-moenchengladbach-20\/#primaryimage","url":"https:\/\/www.eel-fotografie.de\/wp2\/wp-content\/uploads\/ngg_featured\/DSC_8306.jpg","contentUrl":"https:\/\/www.eel-fotografie.de\/wp2\/wp-content\/uploads\/ngg_featured\/DSC_8306.jpg","width":1024,"height":681},{"@type":"BreadcrumbList","@id":"https:\/\/www.eel-fotografie.de\/wp2\/eintracht-frankfurt-gegen-borussia-moenchengladbach-20\/#breadcrumb","itemListElement":[{"@type":"ListItem","position":1,"name":"Home","item":"http:\/\/www.eel-fotografie.de\/wp2\/"},{"@type":"ListItem","position":2,"name":"Eintracht Frankfurt gegen Borussia M\u00f6nchengladbach 2:0"}]},{"@type":"WebSite","@id":"http:\/\/www.eel-fotografie.de\/wp2\/#website","url":"http:\/\/www.eel-fotografie.de\/wp2\/","name":"eel-fotografie","description":"fotografie - bildagentur","publisher":{"@id":"http:\/\/www.eel-fotografie.de\/wp2\/#organization"},"potentialAction":[{"@type":"SearchAction","target":{"@type":"EntryPoint","urlTemplate":"http:\/\/www.eel-fotografie.de\/wp2\/?s={search_term_string}"},"query-input":{"@type":"PropertyValueSpecification","valueRequired":true,"valueName":"search_term_string"}}],"inLanguage":"de"},{"@type":"Organization","@id":"http:\/\/www.eel-fotografie.de\/wp2\/#organization","name":"eel-fotografie | fotografie - bildagentur","url":"http:\/\/www.eel-fotografie.de\/wp2\/","logo":{"@type":"ImageObject","inLanguage":"de","@id":"http:\/\/www.eel-fotografie.de\/wp2\/#\/schema\/logo\/image\/","url":"http:\/\/www.eel-fotografie.de\/wp2\/wp-content\/uploads\/eel-fotografie_logo_2_500x250.png","contentUrl":"http:\/\/www.eel-fotografie.de\/wp2\/wp-content\/uploads\/eel-fotografie_logo_2_500x250.png","width":500,"height":254,"caption":"eel-fotografie | fotografie - bildagentur"},"image":{"@id":"http:\/\/www.eel-fotografie.de\/wp2\/#\/schema\/logo\/image\/"},"sameAs":["https:\/\/www.instagram.com\/eelfotografie\/"]},{"@type":"Person","@id":"http:\/\/www.eel-fotografie.de\/wp2\/#\/schema\/person\/48b675d7a081d02af2929c3629214db0","name":"admin","image":{"@type":"ImageObject","inLanguage":"de","@id":"http:\/\/www.eel-fotografie.de\/wp2\/#\/schema\/person\/image\/","url":"https:\/\/secure.gravatar.com\/avatar\/0238886d5b298e452983f5d971ee0c60774f53da880f3705d3087707fa31096c?s=96&d=mm&r=g","contentUrl":"https:\/\/secure.gravatar.com\/avatar\/0238886d5b298e452983f5d971ee0c60774f53da880f3705d3087707fa31096c?s=96&d=mm&r=g","caption":"admin"},"description":"Head of eel-fotografie | fotografie-bildagentur","sameAs":["http:\/\/www.eel-fotografie.de"],"url":"https:\/\/www.eel-fotografie.de\/wp2\/author\/admin\/"}]}},"_links":{"self":[{"href":"https:\/\/www.eel-fotografie.de\/wp2\/wp-json\/wp\/v2\/posts\/14800","targetHints":{"allow":["GET"]}}],"collection":[{"href":"https:\/\/www.eel-fotografie.de\/wp2\/wp-json\/wp\/v2\/posts"}],"about":[{"href":"https:\/\/www.eel-fotografie.de\/wp2\/wp-json\/wp\/v2\/types\/post"}],"author":[{"embeddable":true,"href":"https:\/\/www.eel-fotografie.de\/wp2\/wp-json\/wp\/v2\/users\/1"}],"replies":[{"embeddable":true,"href":"https:\/\/www.eel-fotografie.de\/wp2\/wp-json\/wp\/v2\/comments?post=14800"}],"version-history":[{"count":0,"href":"https:\/\/www.eel-fotografie.de\/wp2\/wp-json\/wp\/v2\/posts\/14800\/revisions"}],"wp:featuredmedia":[{"embeddable":true,"href":"https:\/\/www.eel-fotografie.de\/wp2\/wp-json\/wp\/v2\/media\/14806"}],"wp:attachment":[{"href":"https:\/\/www.eel-fotografie.de\/wp2\/wp-json\/wp\/v2\/media?parent=14800"}],"wp:term":[{"taxonomy":"category","embeddable":true,"href":"https:\/\/www.eel-fotografie.de\/wp2\/wp-json\/wp\/v2\/categories?post=14800"},{"taxonomy":"post_tag","embeddable":true,"href":"https:\/\/www.eel-fotografie.de\/wp2\/wp-json\/wp\/v2\/tags?post=14800"}],"curies":[{"name":"wp","href":"https:\/\/api.w.org\/{rel}","templated":true}]}}