{"id":14980,"date":"2018-03-26T20:02:39","date_gmt":"2018-03-26T18:02:39","guid":{"rendered":"http:\/\/www.eel-fotografie.de\/wp2\/?p=14980"},"modified":"2022-05-24T20:20:37","modified_gmt":"2022-05-24T18:20:37","slug":"luminale-2018-frankfurt","status":"publish","type":"post","link":"https:\/\/www.eel-fotografie.de\/wp2\/luminale-2018-frankfurt\/","title":{"rendered":"Luminale 2018 Frankfurt"},"content":{"rendered":"ngg_shortcode_0_placeholder\n<p style=\"text-align: justify;\">Luminale 2018 Frankfurt. Der letzte Tag der Lichtshow im Rahmen der &#8222;Light + Building&#8220; Weltleitmesse f\u00fcr Licht und Geb\u00e4udetechnik in Frankfurt. Verschiedenste Geb\u00e4ude wurden mit einer Lichtinstallation in Szene gesetzt.<\/p>\nngg_shortcode_1_placeholder\n<p>(10 Fotos)<\/p>\n","protected":false},"excerpt":{"rendered":"<p>Luminale 2018 Frankfurt. Der letzte Tag der Lichtshow im Rahmen der &#8222;Light + Building&#8220; Weltleitmesse f\u00fcr Licht und Geb\u00e4udetechnik in Frankfurt. Verschiedenste Geb\u00e4ude wurden mit einer Lichtinstallation in Szene gesetzt. (10 Fotos)<\/p>\n","protected":false},"author":1,"featured_media":14984,"comment_status":"closed","ping_status":"closed","sticky":false,"template":"","format":"standard","meta":{"_genesis_hide_title":false,"_genesis_hide_breadcrumbs":false,"_genesis_hide_singular_image":false,"_genesis_hide_footer_widgets":false,"_genesis_custom_body_class":"","_genesis_custom_post_class":"","_genesis_layout":"","ngg_post_thumbnail":0,"footnotes":""},"categories":[1],"tags":[1373,1382,1377,1378,1369,1370,1381,1366,1364,1383,1372,1384,1375,1376,341,1368,1385,1387,1367,1380,1371,1379,246,1365,1636,1374,1386,162],"class_list":{"0":"post-14980","1":"post","2":"type-post","3":"status-publish","4":"format-standard","5":"has-post-thumbnail","7":"category-allgemein","8":"tag-alte-oper","9":"tag-art","10":"tag-beleuchtet","11":"tag-beleuchtung","12":"tag-bunt","13":"tag-farbig","14":"tag-fassadenkunst","15":"tag-fassadenprojektionen","16":"tag-frankfurt-am-main","17":"tag-frankfurt-fades","18":"tag-gebaeude","19":"tag-grossbildprojektionen","20":"tag-kunst","21":"tag-kunst-installation","22":"tag-licht","23":"tag-lichtinstallation","24":"tag-lichtkunst","25":"tag-lichtkunst-outdoor","26":"tag-lichtshow","27":"tag-lichtsilhouetten","28":"tag-lichtstrahlen","29":"tag-light-walk","30":"tag-lightshow","31":"tag-luminale-2018","32":"tag-nikon","33":"tag-roemer","34":"tag-videomapping","35":"tag-zuschauer","36":"entry"},"yoast_head":"<!-- This site is optimized with the Yoast SEO plugin v26.5 - https:\/\/yoast.com\/wordpress\/plugins\/seo\/ -->\n<title>Luminale 2018 Frankfurt - eel-fotografie<\/title>\n<meta name=\"description\" content=\"Luminale 2018 Frankfurt, Lightshow, Fassadenprojektionen, Lichtshow, Lichtinstallation auf Geb\u00e4ude, Kunst Installation, Light Walk, Lichtsilhouetten, Fassadenkunst, Lichtkunst, Lichtkunst Outdoor. (10 Fotos)\" \/>\n<meta name=\"robots\" content=\"index, follow, max-snippet:-1, max-image-preview:large, max-video-preview:-1\" \/>\n<link rel=\"canonical\" href=\"https:\/\/www.eel-fotografie.de\/wp2\/luminale-2018-frankfurt\/\" \/>\n<meta name=\"twitter:label1\" content=\"Verfasst von\" \/>\n\t<meta name=\"twitter:data1\" content=\"admin\" \/>\n\t<meta name=\"twitter:label2\" content=\"Gesch\u00e4tzte Lesezeit\" \/>\n\t<meta name=\"twitter:data2\" content=\"1\u00a0Minute\" \/>\n<script type=\"application\/ld+json\" class=\"yoast-schema-graph\">{\"@context\":\"https:\/\/schema.org\",\"@graph\":[{\"@type\":\"Article\",\"@id\":\"https:\/\/www.eel-fotografie.de\/wp2\/luminale-2018-frankfurt\/#article\",\"isPartOf\":{\"@id\":\"https:\/\/www.eel-fotografie.de\/wp2\/luminale-2018-frankfurt\/\"},\"author\":{\"name\":\"admin\",\"@id\":\"http:\/\/www.eel-fotografie.de\/wp2\/#\/schema\/person\/48b675d7a081d02af2929c3629214db0\"},\"headline\":\"Luminale 2018 Frankfurt\",\"datePublished\":\"2018-03-26T18:02:39+00:00\",\"dateModified\":\"2022-05-24T18:20:37+00:00\",\"mainEntityOfPage\":{\"@id\":\"https:\/\/www.eel-fotografie.de\/wp2\/luminale-2018-frankfurt\/\"},\"wordCount\":175,\"publisher\":{\"@id\":\"http:\/\/www.eel-fotografie.de\/wp2\/#organization\"},\"image\":{\"@id\":\"https:\/\/www.eel-fotografie.de\/wp2\/luminale-2018-frankfurt\/#primaryimage\"},\"thumbnailUrl\":\"https:\/\/www.eel-fotografie.de\/wp2\/wp-content\/uploads\/ngg_featured\/DSC_9585.jpg\",\"keywords\":[\"Alte Oper\",\"Art\",\"beleuchtet\",\"Beleuchtung\",\"Bunt\",\"Farbig\",\"Fassadenkunst\",\"Fassadenprojektionen\",\"Frankfurt am Main\",\"Frankfurt Fades\",\"Geb\u00e4ude\",\"Grossbildprojektionen\",\"Kunst\",\"Kunst Installation\",\"Licht\",\"Lichtinstallation\",\"Lichtkunst\",\"Lichtkunst Outdoor\",\"Lichtshow\",\"Lichtsilhouetten\",\"Lichtstrahlen\",\"Light Walk\",\"Lightshow\",\"Luminale 2018\",\"Nikon\",\"R\u00f6mer\",\"Videomapping\",\"Zuschauer\"],\"inLanguage\":\"de\"},{\"@type\":\"WebPage\",\"@id\":\"https:\/\/www.eel-fotografie.de\/wp2\/luminale-2018-frankfurt\/\",\"url\":\"https:\/\/www.eel-fotografie.de\/wp2\/luminale-2018-frankfurt\/\",\"name\":\"Luminale 2018 Frankfurt - eel-fotografie\",\"isPartOf\":{\"@id\":\"http:\/\/www.eel-fotografie.de\/wp2\/#website\"},\"primaryImageOfPage\":{\"@id\":\"https:\/\/www.eel-fotografie.de\/wp2\/luminale-2018-frankfurt\/#primaryimage\"},\"image\":{\"@id\":\"https:\/\/www.eel-fotografie.de\/wp2\/luminale-2018-frankfurt\/#primaryimage\"},\"thumbnailUrl\":\"https:\/\/www.eel-fotografie.de\/wp2\/wp-content\/uploads\/ngg_featured\/DSC_9585.jpg\",\"datePublished\":\"2018-03-26T18:02:39+00:00\",\"dateModified\":\"2022-05-24T18:20:37+00:00\",\"description\":\"Luminale 2018 Frankfurt, Lightshow, Fassadenprojektionen, Lichtshow, Lichtinstallation auf Geb\u00e4ude, Kunst Installation, Light Walk, Lichtsilhouetten, Fassadenkunst, Lichtkunst, Lichtkunst Outdoor. (10 Fotos)\",\"breadcrumb\":{\"@id\":\"https:\/\/www.eel-fotografie.de\/wp2\/luminale-2018-frankfurt\/#breadcrumb\"},\"inLanguage\":\"de\",\"potentialAction\":[{\"@type\":\"ReadAction\",\"target\":[\"https:\/\/www.eel-fotografie.de\/wp2\/luminale-2018-frankfurt\/\"]}]},{\"@type\":\"ImageObject\",\"inLanguage\":\"de\",\"@id\":\"https:\/\/www.eel-fotografie.de\/wp2\/luminale-2018-frankfurt\/#primaryimage\",\"url\":\"https:\/\/www.eel-fotografie.de\/wp2\/wp-content\/uploads\/ngg_featured\/DSC_9585.jpg\",\"contentUrl\":\"https:\/\/www.eel-fotografie.de\/wp2\/wp-content\/uploads\/ngg_featured\/DSC_9585.jpg\",\"width\":1024,\"height\":682},{\"@type\":\"BreadcrumbList\",\"@id\":\"https:\/\/www.eel-fotografie.de\/wp2\/luminale-2018-frankfurt\/#breadcrumb\",\"itemListElement\":[{\"@type\":\"ListItem\",\"position\":1,\"name\":\"Home\",\"item\":\"http:\/\/www.eel-fotografie.de\/wp2\/\"},{\"@type\":\"ListItem\",\"position\":2,\"name\":\"Luminale 2018 Frankfurt\"}]},{\"@type\":\"WebSite\",\"@id\":\"http:\/\/www.eel-fotografie.de\/wp2\/#website\",\"url\":\"http:\/\/www.eel-fotografie.de\/wp2\/\",\"name\":\"eel-fotografie\",\"description\":\"fotografie - bildagentur\",\"publisher\":{\"@id\":\"http:\/\/www.eel-fotografie.de\/wp2\/#organization\"},\"potentialAction\":[{\"@type\":\"SearchAction\",\"target\":{\"@type\":\"EntryPoint\",\"urlTemplate\":\"http:\/\/www.eel-fotografie.de\/wp2\/?s={search_term_string}\"},\"query-input\":{\"@type\":\"PropertyValueSpecification\",\"valueRequired\":true,\"valueName\":\"search_term_string\"}}],\"inLanguage\":\"de\"},{\"@type\":\"Organization\",\"@id\":\"http:\/\/www.eel-fotografie.de\/wp2\/#organization\",\"name\":\"eel-fotografie | fotografie - bildagentur\",\"url\":\"http:\/\/www.eel-fotografie.de\/wp2\/\",\"logo\":{\"@type\":\"ImageObject\",\"inLanguage\":\"de\",\"@id\":\"http:\/\/www.eel-fotografie.de\/wp2\/#\/schema\/logo\/image\/\",\"url\":\"http:\/\/www.eel-fotografie.de\/wp2\/wp-content\/uploads\/eel-fotografie_logo_2_500x250.png\",\"contentUrl\":\"http:\/\/www.eel-fotografie.de\/wp2\/wp-content\/uploads\/eel-fotografie_logo_2_500x250.png\",\"width\":500,\"height\":254,\"caption\":\"eel-fotografie | fotografie - bildagentur\"},\"image\":{\"@id\":\"http:\/\/www.eel-fotografie.de\/wp2\/#\/schema\/logo\/image\/\"},\"sameAs\":[\"https:\/\/www.instagram.com\/eelfotografie\/\"]},{\"@type\":\"Person\",\"@id\":\"http:\/\/www.eel-fotografie.de\/wp2\/#\/schema\/person\/48b675d7a081d02af2929c3629214db0\",\"name\":\"admin\",\"image\":{\"@type\":\"ImageObject\",\"inLanguage\":\"de\",\"@id\":\"http:\/\/www.eel-fotografie.de\/wp2\/#\/schema\/person\/image\/\",\"url\":\"https:\/\/secure.gravatar.com\/avatar\/0238886d5b298e452983f5d971ee0c60774f53da880f3705d3087707fa31096c?s=96&d=mm&r=g\",\"contentUrl\":\"https:\/\/secure.gravatar.com\/avatar\/0238886d5b298e452983f5d971ee0c60774f53da880f3705d3087707fa31096c?s=96&d=mm&r=g\",\"caption\":\"admin\"},\"description\":\"Head of eel-fotografie | fotografie-bildagentur\",\"sameAs\":[\"http:\/\/www.eel-fotografie.de\"],\"url\":\"https:\/\/www.eel-fotografie.de\/wp2\/author\/admin\/\"}]}<\/script>\n<!-- \/ Yoast SEO plugin. -->","yoast_head_json":{"title":"Luminale 2018 Frankfurt - eel-fotografie","description":"Luminale 2018 Frankfurt, Lightshow, Fassadenprojektionen, Lichtshow, Lichtinstallation auf Geb\u00e4ude, Kunst Installation, Light Walk, Lichtsilhouetten, Fassadenkunst, Lichtkunst, Lichtkunst Outdoor. (10 Fotos)","robots":{"index":"index","follow":"follow","max-snippet":"max-snippet:-1","max-image-preview":"max-image-preview:large","max-video-preview":"max-video-preview:-1"},"canonical":"https:\/\/www.eel-fotografie.de\/wp2\/luminale-2018-frankfurt\/","twitter_misc":{"Verfasst von":"admin","Gesch\u00e4tzte Lesezeit":"1\u00a0Minute"},"schema":{"@context":"https:\/\/schema.org","@graph":[{"@type":"Article","@id":"https:\/\/www.eel-fotografie.de\/wp2\/luminale-2018-frankfurt\/#article","isPartOf":{"@id":"https:\/\/www.eel-fotografie.de\/wp2\/luminale-2018-frankfurt\/"},"author":{"name":"admin","@id":"http:\/\/www.eel-fotografie.de\/wp2\/#\/schema\/person\/48b675d7a081d02af2929c3629214db0"},"headline":"Luminale 2018 Frankfurt","datePublished":"2018-03-26T18:02:39+00:00","dateModified":"2022-05-24T18:20:37+00:00","mainEntityOfPage":{"@id":"https:\/\/www.eel-fotografie.de\/wp2\/luminale-2018-frankfurt\/"},"wordCount":175,"publisher":{"@id":"http:\/\/www.eel-fotografie.de\/wp2\/#organization"},"image":{"@id":"https:\/\/www.eel-fotografie.de\/wp2\/luminale-2018-frankfurt\/#primaryimage"},"thumbnailUrl":"https:\/\/www.eel-fotografie.de\/wp2\/wp-content\/uploads\/ngg_featured\/DSC_9585.jpg","keywords":["Alte Oper","Art","beleuchtet","Beleuchtung","Bunt","Farbig","Fassadenkunst","Fassadenprojektionen","Frankfurt am Main","Frankfurt Fades","Geb\u00e4ude","Grossbildprojektionen","Kunst","Kunst Installation","Licht","Lichtinstallation","Lichtkunst","Lichtkunst Outdoor","Lichtshow","Lichtsilhouetten","Lichtstrahlen","Light Walk","Lightshow","Luminale 2018","Nikon","R\u00f6mer","Videomapping","Zuschauer"],"inLanguage":"de"},{"@type":"WebPage","@id":"https:\/\/www.eel-fotografie.de\/wp2\/luminale-2018-frankfurt\/","url":"https:\/\/www.eel-fotografie.de\/wp2\/luminale-2018-frankfurt\/","name":"Luminale 2018 Frankfurt - eel-fotografie","isPartOf":{"@id":"http:\/\/www.eel-fotografie.de\/wp2\/#website"},"primaryImageOfPage":{"@id":"https:\/\/www.eel-fotografie.de\/wp2\/luminale-2018-frankfurt\/#primaryimage"},"image":{"@id":"https:\/\/www.eel-fotografie.de\/wp2\/luminale-2018-frankfurt\/#primaryimage"},"thumbnailUrl":"https:\/\/www.eel-fotografie.de\/wp2\/wp-content\/uploads\/ngg_featured\/DSC_9585.jpg","datePublished":"2018-03-26T18:02:39+00:00","dateModified":"2022-05-24T18:20:37+00:00","description":"Luminale 2018 Frankfurt, Lightshow, Fassadenprojektionen, Lichtshow, Lichtinstallation auf Geb\u00e4ude, Kunst Installation, Light Walk, Lichtsilhouetten, Fassadenkunst, Lichtkunst, Lichtkunst Outdoor. (10 Fotos)","breadcrumb":{"@id":"https:\/\/www.eel-fotografie.de\/wp2\/luminale-2018-frankfurt\/#breadcrumb"},"inLanguage":"de","potentialAction":[{"@type":"ReadAction","target":["https:\/\/www.eel-fotografie.de\/wp2\/luminale-2018-frankfurt\/"]}]},{"@type":"ImageObject","inLanguage":"de","@id":"https:\/\/www.eel-fotografie.de\/wp2\/luminale-2018-frankfurt\/#primaryimage","url":"https:\/\/www.eel-fotografie.de\/wp2\/wp-content\/uploads\/ngg_featured\/DSC_9585.jpg","contentUrl":"https:\/\/www.eel-fotografie.de\/wp2\/wp-content\/uploads\/ngg_featured\/DSC_9585.jpg","width":1024,"height":682},{"@type":"BreadcrumbList","@id":"https:\/\/www.eel-fotografie.de\/wp2\/luminale-2018-frankfurt\/#breadcrumb","itemListElement":[{"@type":"ListItem","position":1,"name":"Home","item":"http:\/\/www.eel-fotografie.de\/wp2\/"},{"@type":"ListItem","position":2,"name":"Luminale 2018 Frankfurt"}]},{"@type":"WebSite","@id":"http:\/\/www.eel-fotografie.de\/wp2\/#website","url":"http:\/\/www.eel-fotografie.de\/wp2\/","name":"eel-fotografie","description":"fotografie - bildagentur","publisher":{"@id":"http:\/\/www.eel-fotografie.de\/wp2\/#organization"},"potentialAction":[{"@type":"SearchAction","target":{"@type":"EntryPoint","urlTemplate":"http:\/\/www.eel-fotografie.de\/wp2\/?s={search_term_string}"},"query-input":{"@type":"PropertyValueSpecification","valueRequired":true,"valueName":"search_term_string"}}],"inLanguage":"de"},{"@type":"Organization","@id":"http:\/\/www.eel-fotografie.de\/wp2\/#organization","name":"eel-fotografie | fotografie - bildagentur","url":"http:\/\/www.eel-fotografie.de\/wp2\/","logo":{"@type":"ImageObject","inLanguage":"de","@id":"http:\/\/www.eel-fotografie.de\/wp2\/#\/schema\/logo\/image\/","url":"http:\/\/www.eel-fotografie.de\/wp2\/wp-content\/uploads\/eel-fotografie_logo_2_500x250.png","contentUrl":"http:\/\/www.eel-fotografie.de\/wp2\/wp-content\/uploads\/eel-fotografie_logo_2_500x250.png","width":500,"height":254,"caption":"eel-fotografie | fotografie - bildagentur"},"image":{"@id":"http:\/\/www.eel-fotografie.de\/wp2\/#\/schema\/logo\/image\/"},"sameAs":["https:\/\/www.instagram.com\/eelfotografie\/"]},{"@type":"Person","@id":"http:\/\/www.eel-fotografie.de\/wp2\/#\/schema\/person\/48b675d7a081d02af2929c3629214db0","name":"admin","image":{"@type":"ImageObject","inLanguage":"de","@id":"http:\/\/www.eel-fotografie.de\/wp2\/#\/schema\/person\/image\/","url":"https:\/\/secure.gravatar.com\/avatar\/0238886d5b298e452983f5d971ee0c60774f53da880f3705d3087707fa31096c?s=96&d=mm&r=g","contentUrl":"https:\/\/secure.gravatar.com\/avatar\/0238886d5b298e452983f5d971ee0c60774f53da880f3705d3087707fa31096c?s=96&d=mm&r=g","caption":"admin"},"description":"Head of eel-fotografie | fotografie-bildagentur","sameAs":["http:\/\/www.eel-fotografie.de"],"url":"https:\/\/www.eel-fotografie.de\/wp2\/author\/admin\/"}]}},"_links":{"self":[{"href":"https:\/\/www.eel-fotografie.de\/wp2\/wp-json\/wp\/v2\/posts\/14980","targetHints":{"allow":["GET"]}}],"collection":[{"href":"https:\/\/www.eel-fotografie.de\/wp2\/wp-json\/wp\/v2\/posts"}],"about":[{"href":"https:\/\/www.eel-fotografie.de\/wp2\/wp-json\/wp\/v2\/types\/post"}],"author":[{"embeddable":true,"href":"https:\/\/www.eel-fotografie.de\/wp2\/wp-json\/wp\/v2\/users\/1"}],"replies":[{"embeddable":true,"href":"https:\/\/www.eel-fotografie.de\/wp2\/wp-json\/wp\/v2\/comments?post=14980"}],"version-history":[{"count":0,"href":"https:\/\/www.eel-fotografie.de\/wp2\/wp-json\/wp\/v2\/posts\/14980\/revisions"}],"wp:featuredmedia":[{"embeddable":true,"href":"https:\/\/www.eel-fotografie.de\/wp2\/wp-json\/wp\/v2\/media\/14984"}],"wp:attachment":[{"href":"https:\/\/www.eel-fotografie.de\/wp2\/wp-json\/wp\/v2\/media?parent=14980"}],"wp:term":[{"taxonomy":"category","embeddable":true,"href":"https:\/\/www.eel-fotografie.de\/wp2\/wp-json\/wp\/v2\/categories?post=14980"},{"taxonomy":"post_tag","embeddable":true,"href":"https:\/\/www.eel-fotografie.de\/wp2\/wp-json\/wp\/v2\/tags?post=14980"}],"curies":[{"name":"wp","href":"https:\/\/api.w.org\/{rel}","templated":true}]}}