{"id":15629,"date":"2018-06-26T21:11:58","date_gmt":"2018-06-26T19:11:58","guid":{"rendered":"http:\/\/www.eel-fotografie.de\/wp2\/?p=15629"},"modified":"2022-05-24T20:15:28","modified_gmt":"2022-05-24T18:15:28","slug":"dtm-norisring-2018","status":"publish","type":"post","link":"https:\/\/www.eel-fotografie.de\/wp2\/dtm-norisring-2018\/","title":{"rendered":"DTM Norisring 2018"},"content":{"rendered":"ngg_shortcode_0_placeholder\n<p style=\"text-align: justify;\">DTM Norisring 2018. Marco Wittmann (BMW) gelingt der gro\u00dfe Coup daheim. Der Franke f\u00e4hrt im Sonntagsrennen der Konkurrenz weg und holt seinen ersten Sieg auf dem Norisring. Total entt\u00e4uscht war am Sonntag hingegen Tabellenf\u00fchrer Gary Paffett (Mercedes), der im Qualifying noch Rang zwei geholt hatte. Er blieb ohne Punkte. Das Samstagsrennen war f\u00fcr Paffett noch gut gelaufen: Durch Rang zwei hinter Edo Mortara (Mercedes) hatte der Routinier wieder die F\u00fchrung in der Gesamtwertung \u00fcbernommen.<\/p>\nngg_shortcode_1_placeholder\n<p>&nbsp;<\/p>\n<p><strong>Rennergebnis, Samstag:<\/strong><br \/>\n1. E. Mortara, Mercedes<br \/>\n2. G. Paffett, Mercedes<br \/>\n3. M. Wittmann, BMW<\/p>\n<p><strong>Rennergebnis, Sonntag:<\/strong><br \/>\n1. M. Wittmann, BMW<br \/>\n2. E. Mortara, Mercrdes<br \/>\n3. D. Juncadella, Mercedes<\/p>\n<p>&nbsp;<\/p>\nngg_shortcode_2_placeholder\n<p>(24 Fotos)<\/p>\n","protected":false},"excerpt":{"rendered":"<p>DTM Norisring 2018. Marco Wittmann (BMW) gelingt der gro\u00dfe Coup daheim. Der Franke f\u00e4hrt im Sonntagsrennen der Konkurrenz weg und holt seinen ersten Sieg auf dem Norisring. Total entt\u00e4uscht war am Sonntag hingegen Tabellenf\u00fchrer Gary Paffett (Mercedes), der im Qualifying noch Rang zwei geholt hatte. Er blieb ohne Punkte. Das Samstagsrennen war f\u00fcr Paffett noch [&hellip;]<\/p>\n","protected":false},"author":1,"featured_media":15640,"comment_status":"closed","ping_status":"closed","sticky":false,"template":"","format":"standard","meta":{"_genesis_hide_title":false,"_genesis_hide_breadcrumbs":false,"_genesis_hide_singular_image":false,"_genesis_hide_footer_widgets":false,"_genesis_custom_body_class":"","_genesis_custom_post_class":"","_genesis_layout":"","ngg_post_thumbnail":0,"footnotes":""},"categories":[13,185,17],"tags":[74,75,1257,767,87,12,1199,1438,771,6,7,204,770,106,220,768,1200,140,77,15,1636,1255,302,1265,255,772,256,773,131,1427,11,769,1264,162],"class_list":{"0":"post-15629","1":"post","2":"type-post","3":"status-publish","4":"format-standard","5":"has-post-thumbnail","7":"category-dtm","8":"category-motorsport","9":"category-sport","10":"tag-audi","11":"tag-bmw","12":"tag-bruno-spengler","13":"tag-curbs","14":"tag-deutsche-tourenwagen-masters","15":"tag-dtm","16":"tag-dtm-meister","17":"tag-dtm-meisterschaft-2018","18":"tag-dynamik","19":"tag-eberhard-krieger","20":"tag-eel-fotografie","21":"tag-eel-fotografie-bildagentur","22":"tag-geschwindigkeit","23":"tag-itr","24":"tag-jamie-green","25":"tag-kurve","26":"tag-lucas-auer","27":"tag-marco-wittmann","28":"tag-mercedes","29":"tag-motorsport","30":"tag-nikon","31":"tag-norisring","32":"tag-pilot","33":"tag-rene-rast","34":"tag-rennauto","35":"tag-rennenstrecke","36":"tag-rennfahrer","37":"tag-rennfans","38":"tag-rennwagen","39":"tag-saison-2018","40":"tag-sportfoto-krieger","41":"tag-start-und-ziel","42":"tag-timo-glock","43":"tag-zuschauer","44":"entry"},"yoast_head":"<!-- This site is optimized with the Yoast SEO plugin v26.5 - https:\/\/yoast.com\/wordpress\/plugins\/seo\/ -->\n<title>DTM Norisring 2018 - eel-fotografie<\/title>\n<meta name=\"description\" content=\"DTM Norisring 2018, Mercedes (Jungadella) gewinnt am Samstag, BMW (Wittmann) gwinnt am Sonntag, Audi erlebt ein Fiasko. (24 Fotos)\" \/>\n<meta name=\"robots\" content=\"index, follow, max-snippet:-1, max-image-preview:large, max-video-preview:-1\" \/>\n<link rel=\"canonical\" href=\"https:\/\/www.eel-fotografie.de\/wp2\/dtm-norisring-2018\/\" \/>\n<meta name=\"twitter:label1\" content=\"Verfasst von\" \/>\n\t<meta name=\"twitter:data1\" content=\"admin\" \/>\n\t<meta name=\"twitter:label2\" content=\"Gesch\u00e4tzte Lesezeit\" \/>\n\t<meta name=\"twitter:data2\" content=\"2\u00a0Minuten\" \/>\n<script type=\"application\/ld+json\" class=\"yoast-schema-graph\">{\"@context\":\"https:\/\/schema.org\",\"@graph\":[{\"@type\":\"Article\",\"@id\":\"https:\/\/www.eel-fotografie.de\/wp2\/dtm-norisring-2018\/#article\",\"isPartOf\":{\"@id\":\"https:\/\/www.eel-fotografie.de\/wp2\/dtm-norisring-2018\/\"},\"author\":{\"name\":\"admin\",\"@id\":\"http:\/\/www.eel-fotografie.de\/wp2\/#\/schema\/person\/48b675d7a081d02af2929c3629214db0\"},\"headline\":\"DTM Norisring 2018\",\"datePublished\":\"2018-06-26T19:11:58+00:00\",\"dateModified\":\"2022-05-24T18:15:28+00:00\",\"mainEntityOfPage\":{\"@id\":\"https:\/\/www.eel-fotografie.de\/wp2\/dtm-norisring-2018\/\"},\"wordCount\":320,\"publisher\":{\"@id\":\"http:\/\/www.eel-fotografie.de\/wp2\/#organization\"},\"image\":{\"@id\":\"https:\/\/www.eel-fotografie.de\/wp2\/dtm-norisring-2018\/#primaryimage\"},\"thumbnailUrl\":\"https:\/\/www.eel-fotografie.de\/wp2\/wp-content\/uploads\/ngg_featured\/DTM_Norisring_2018_001.jpg\",\"keywords\":[\"Audi\",\"BMW\",\"Bruno Spengler\",\"Curbs\",\"Deutsche Tourenwagen Masters\",\"DTM\",\"DTM Meister\",\"DTM Meisterschaft 2018\",\"Dynamik\",\"Eberhard Krieger\",\"eel fotografie\",\"eel-fotografie bildagentur\",\"Geschwindigkeit\",\"ITR\",\"Jamie Green\",\"Kurve\",\"Lucas Auer\",\"Marco Wittmann\",\"Mercedes\",\"Motorsport\",\"Nikon\",\"Norisring\",\"Pilot\",\"Rene Rast\",\"Rennauto\",\"Rennenstrecke\",\"Rennfahrer\",\"Rennfans\",\"Rennwagen\",\"Saison 2018\",\"sportfoto-krieger\",\"Start und Ziel\",\"Timo Glock\",\"Zuschauer\"],\"articleSection\":[\"DTM\",\"Motorsport\",\"Sport\"],\"inLanguage\":\"de\"},{\"@type\":\"WebPage\",\"@id\":\"https:\/\/www.eel-fotografie.de\/wp2\/dtm-norisring-2018\/\",\"url\":\"https:\/\/www.eel-fotografie.de\/wp2\/dtm-norisring-2018\/\",\"name\":\"DTM Norisring 2018 - eel-fotografie\",\"isPartOf\":{\"@id\":\"http:\/\/www.eel-fotografie.de\/wp2\/#website\"},\"primaryImageOfPage\":{\"@id\":\"https:\/\/www.eel-fotografie.de\/wp2\/dtm-norisring-2018\/#primaryimage\"},\"image\":{\"@id\":\"https:\/\/www.eel-fotografie.de\/wp2\/dtm-norisring-2018\/#primaryimage\"},\"thumbnailUrl\":\"https:\/\/www.eel-fotografie.de\/wp2\/wp-content\/uploads\/ngg_featured\/DTM_Norisring_2018_001.jpg\",\"datePublished\":\"2018-06-26T19:11:58+00:00\",\"dateModified\":\"2022-05-24T18:15:28+00:00\",\"description\":\"DTM Norisring 2018, Mercedes (Jungadella) gewinnt am Samstag, BMW (Wittmann) gwinnt am Sonntag, Audi erlebt ein Fiasko. (24 Fotos)\",\"breadcrumb\":{\"@id\":\"https:\/\/www.eel-fotografie.de\/wp2\/dtm-norisring-2018\/#breadcrumb\"},\"inLanguage\":\"de\",\"potentialAction\":[{\"@type\":\"ReadAction\",\"target\":[\"https:\/\/www.eel-fotografie.de\/wp2\/dtm-norisring-2018\/\"]}]},{\"@type\":\"ImageObject\",\"inLanguage\":\"de\",\"@id\":\"https:\/\/www.eel-fotografie.de\/wp2\/dtm-norisring-2018\/#primaryimage\",\"url\":\"https:\/\/www.eel-fotografie.de\/wp2\/wp-content\/uploads\/ngg_featured\/DTM_Norisring_2018_001.jpg\",\"contentUrl\":\"https:\/\/www.eel-fotografie.de\/wp2\/wp-content\/uploads\/ngg_featured\/DTM_Norisring_2018_001.jpg\",\"width\":1024,\"height\":682},{\"@type\":\"BreadcrumbList\",\"@id\":\"https:\/\/www.eel-fotografie.de\/wp2\/dtm-norisring-2018\/#breadcrumb\",\"itemListElement\":[{\"@type\":\"ListItem\",\"position\":1,\"name\":\"Home\",\"item\":\"http:\/\/www.eel-fotografie.de\/wp2\/\"},{\"@type\":\"ListItem\",\"position\":2,\"name\":\"DTM Norisring 2018\"}]},{\"@type\":\"WebSite\",\"@id\":\"http:\/\/www.eel-fotografie.de\/wp2\/#website\",\"url\":\"http:\/\/www.eel-fotografie.de\/wp2\/\",\"name\":\"eel-fotografie\",\"description\":\"fotografie - bildagentur\",\"publisher\":{\"@id\":\"http:\/\/www.eel-fotografie.de\/wp2\/#organization\"},\"potentialAction\":[{\"@type\":\"SearchAction\",\"target\":{\"@type\":\"EntryPoint\",\"urlTemplate\":\"http:\/\/www.eel-fotografie.de\/wp2\/?s={search_term_string}\"},\"query-input\":{\"@type\":\"PropertyValueSpecification\",\"valueRequired\":true,\"valueName\":\"search_term_string\"}}],\"inLanguage\":\"de\"},{\"@type\":\"Organization\",\"@id\":\"http:\/\/www.eel-fotografie.de\/wp2\/#organization\",\"name\":\"eel-fotografie | fotografie - bildagentur\",\"url\":\"http:\/\/www.eel-fotografie.de\/wp2\/\",\"logo\":{\"@type\":\"ImageObject\",\"inLanguage\":\"de\",\"@id\":\"http:\/\/www.eel-fotografie.de\/wp2\/#\/schema\/logo\/image\/\",\"url\":\"http:\/\/www.eel-fotografie.de\/wp2\/wp-content\/uploads\/eel-fotografie_logo_2_500x250.png\",\"contentUrl\":\"http:\/\/www.eel-fotografie.de\/wp2\/wp-content\/uploads\/eel-fotografie_logo_2_500x250.png\",\"width\":500,\"height\":254,\"caption\":\"eel-fotografie | fotografie - bildagentur\"},\"image\":{\"@id\":\"http:\/\/www.eel-fotografie.de\/wp2\/#\/schema\/logo\/image\/\"},\"sameAs\":[\"https:\/\/www.instagram.com\/eelfotografie\/\"]},{\"@type\":\"Person\",\"@id\":\"http:\/\/www.eel-fotografie.de\/wp2\/#\/schema\/person\/48b675d7a081d02af2929c3629214db0\",\"name\":\"admin\",\"image\":{\"@type\":\"ImageObject\",\"inLanguage\":\"de\",\"@id\":\"http:\/\/www.eel-fotografie.de\/wp2\/#\/schema\/person\/image\/\",\"url\":\"https:\/\/secure.gravatar.com\/avatar\/0238886d5b298e452983f5d971ee0c60774f53da880f3705d3087707fa31096c?s=96&d=mm&r=g\",\"contentUrl\":\"https:\/\/secure.gravatar.com\/avatar\/0238886d5b298e452983f5d971ee0c60774f53da880f3705d3087707fa31096c?s=96&d=mm&r=g\",\"caption\":\"admin\"},\"description\":\"Head of eel-fotografie | fotografie-bildagentur\",\"sameAs\":[\"http:\/\/www.eel-fotografie.de\"],\"url\":\"https:\/\/www.eel-fotografie.de\/wp2\/author\/admin\/\"}]}<\/script>\n<!-- \/ Yoast SEO plugin. -->","yoast_head_json":{"title":"DTM Norisring 2018 - eel-fotografie","description":"DTM Norisring 2018, Mercedes (Jungadella) gewinnt am Samstag, BMW (Wittmann) gwinnt am Sonntag, Audi erlebt ein Fiasko. (24 Fotos)","robots":{"index":"index","follow":"follow","max-snippet":"max-snippet:-1","max-image-preview":"max-image-preview:large","max-video-preview":"max-video-preview:-1"},"canonical":"https:\/\/www.eel-fotografie.de\/wp2\/dtm-norisring-2018\/","twitter_misc":{"Verfasst von":"admin","Gesch\u00e4tzte Lesezeit":"2\u00a0Minuten"},"schema":{"@context":"https:\/\/schema.org","@graph":[{"@type":"Article","@id":"https:\/\/www.eel-fotografie.de\/wp2\/dtm-norisring-2018\/#article","isPartOf":{"@id":"https:\/\/www.eel-fotografie.de\/wp2\/dtm-norisring-2018\/"},"author":{"name":"admin","@id":"http:\/\/www.eel-fotografie.de\/wp2\/#\/schema\/person\/48b675d7a081d02af2929c3629214db0"},"headline":"DTM Norisring 2018","datePublished":"2018-06-26T19:11:58+00:00","dateModified":"2022-05-24T18:15:28+00:00","mainEntityOfPage":{"@id":"https:\/\/www.eel-fotografie.de\/wp2\/dtm-norisring-2018\/"},"wordCount":320,"publisher":{"@id":"http:\/\/www.eel-fotografie.de\/wp2\/#organization"},"image":{"@id":"https:\/\/www.eel-fotografie.de\/wp2\/dtm-norisring-2018\/#primaryimage"},"thumbnailUrl":"https:\/\/www.eel-fotografie.de\/wp2\/wp-content\/uploads\/ngg_featured\/DTM_Norisring_2018_001.jpg","keywords":["Audi","BMW","Bruno Spengler","Curbs","Deutsche Tourenwagen Masters","DTM","DTM Meister","DTM Meisterschaft 2018","Dynamik","Eberhard Krieger","eel fotografie","eel-fotografie bildagentur","Geschwindigkeit","ITR","Jamie Green","Kurve","Lucas Auer","Marco Wittmann","Mercedes","Motorsport","Nikon","Norisring","Pilot","Rene Rast","Rennauto","Rennenstrecke","Rennfahrer","Rennfans","Rennwagen","Saison 2018","sportfoto-krieger","Start und Ziel","Timo Glock","Zuschauer"],"articleSection":["DTM","Motorsport","Sport"],"inLanguage":"de"},{"@type":"WebPage","@id":"https:\/\/www.eel-fotografie.de\/wp2\/dtm-norisring-2018\/","url":"https:\/\/www.eel-fotografie.de\/wp2\/dtm-norisring-2018\/","name":"DTM Norisring 2018 - eel-fotografie","isPartOf":{"@id":"http:\/\/www.eel-fotografie.de\/wp2\/#website"},"primaryImageOfPage":{"@id":"https:\/\/www.eel-fotografie.de\/wp2\/dtm-norisring-2018\/#primaryimage"},"image":{"@id":"https:\/\/www.eel-fotografie.de\/wp2\/dtm-norisring-2018\/#primaryimage"},"thumbnailUrl":"https:\/\/www.eel-fotografie.de\/wp2\/wp-content\/uploads\/ngg_featured\/DTM_Norisring_2018_001.jpg","datePublished":"2018-06-26T19:11:58+00:00","dateModified":"2022-05-24T18:15:28+00:00","description":"DTM Norisring 2018, Mercedes (Jungadella) gewinnt am Samstag, BMW (Wittmann) gwinnt am Sonntag, Audi erlebt ein Fiasko. (24 Fotos)","breadcrumb":{"@id":"https:\/\/www.eel-fotografie.de\/wp2\/dtm-norisring-2018\/#breadcrumb"},"inLanguage":"de","potentialAction":[{"@type":"ReadAction","target":["https:\/\/www.eel-fotografie.de\/wp2\/dtm-norisring-2018\/"]}]},{"@type":"ImageObject","inLanguage":"de","@id":"https:\/\/www.eel-fotografie.de\/wp2\/dtm-norisring-2018\/#primaryimage","url":"https:\/\/www.eel-fotografie.de\/wp2\/wp-content\/uploads\/ngg_featured\/DTM_Norisring_2018_001.jpg","contentUrl":"https:\/\/www.eel-fotografie.de\/wp2\/wp-content\/uploads\/ngg_featured\/DTM_Norisring_2018_001.jpg","width":1024,"height":682},{"@type":"BreadcrumbList","@id":"https:\/\/www.eel-fotografie.de\/wp2\/dtm-norisring-2018\/#breadcrumb","itemListElement":[{"@type":"ListItem","position":1,"name":"Home","item":"http:\/\/www.eel-fotografie.de\/wp2\/"},{"@type":"ListItem","position":2,"name":"DTM Norisring 2018"}]},{"@type":"WebSite","@id":"http:\/\/www.eel-fotografie.de\/wp2\/#website","url":"http:\/\/www.eel-fotografie.de\/wp2\/","name":"eel-fotografie","description":"fotografie - bildagentur","publisher":{"@id":"http:\/\/www.eel-fotografie.de\/wp2\/#organization"},"potentialAction":[{"@type":"SearchAction","target":{"@type":"EntryPoint","urlTemplate":"http:\/\/www.eel-fotografie.de\/wp2\/?s={search_term_string}"},"query-input":{"@type":"PropertyValueSpecification","valueRequired":true,"valueName":"search_term_string"}}],"inLanguage":"de"},{"@type":"Organization","@id":"http:\/\/www.eel-fotografie.de\/wp2\/#organization","name":"eel-fotografie | fotografie - bildagentur","url":"http:\/\/www.eel-fotografie.de\/wp2\/","logo":{"@type":"ImageObject","inLanguage":"de","@id":"http:\/\/www.eel-fotografie.de\/wp2\/#\/schema\/logo\/image\/","url":"http:\/\/www.eel-fotografie.de\/wp2\/wp-content\/uploads\/eel-fotografie_logo_2_500x250.png","contentUrl":"http:\/\/www.eel-fotografie.de\/wp2\/wp-content\/uploads\/eel-fotografie_logo_2_500x250.png","width":500,"height":254,"caption":"eel-fotografie | fotografie - bildagentur"},"image":{"@id":"http:\/\/www.eel-fotografie.de\/wp2\/#\/schema\/logo\/image\/"},"sameAs":["https:\/\/www.instagram.com\/eelfotografie\/"]},{"@type":"Person","@id":"http:\/\/www.eel-fotografie.de\/wp2\/#\/schema\/person\/48b675d7a081d02af2929c3629214db0","name":"admin","image":{"@type":"ImageObject","inLanguage":"de","@id":"http:\/\/www.eel-fotografie.de\/wp2\/#\/schema\/person\/image\/","url":"https:\/\/secure.gravatar.com\/avatar\/0238886d5b298e452983f5d971ee0c60774f53da880f3705d3087707fa31096c?s=96&d=mm&r=g","contentUrl":"https:\/\/secure.gravatar.com\/avatar\/0238886d5b298e452983f5d971ee0c60774f53da880f3705d3087707fa31096c?s=96&d=mm&r=g","caption":"admin"},"description":"Head of eel-fotografie | fotografie-bildagentur","sameAs":["http:\/\/www.eel-fotografie.de"],"url":"https:\/\/www.eel-fotografie.de\/wp2\/author\/admin\/"}]}},"_links":{"self":[{"href":"https:\/\/www.eel-fotografie.de\/wp2\/wp-json\/wp\/v2\/posts\/15629","targetHints":{"allow":["GET"]}}],"collection":[{"href":"https:\/\/www.eel-fotografie.de\/wp2\/wp-json\/wp\/v2\/posts"}],"about":[{"href":"https:\/\/www.eel-fotografie.de\/wp2\/wp-json\/wp\/v2\/types\/post"}],"author":[{"embeddable":true,"href":"https:\/\/www.eel-fotografie.de\/wp2\/wp-json\/wp\/v2\/users\/1"}],"replies":[{"embeddable":true,"href":"https:\/\/www.eel-fotografie.de\/wp2\/wp-json\/wp\/v2\/comments?post=15629"}],"version-history":[{"count":0,"href":"https:\/\/www.eel-fotografie.de\/wp2\/wp-json\/wp\/v2\/posts\/15629\/revisions"}],"wp:featuredmedia":[{"embeddable":true,"href":"https:\/\/www.eel-fotografie.de\/wp2\/wp-json\/wp\/v2\/media\/15640"}],"wp:attachment":[{"href":"https:\/\/www.eel-fotografie.de\/wp2\/wp-json\/wp\/v2\/media?parent=15629"}],"wp:term":[{"taxonomy":"category","embeddable":true,"href":"https:\/\/www.eel-fotografie.de\/wp2\/wp-json\/wp\/v2\/categories?post=15629"},{"taxonomy":"post_tag","embeddable":true,"href":"https:\/\/www.eel-fotografie.de\/wp2\/wp-json\/wp\/v2\/tags?post=15629"}],"curies":[{"name":"wp","href":"https:\/\/api.w.org\/{rel}","templated":true}]}}