{"id":15735,"date":"2018-07-30T15:55:56","date_gmt":"2018-07-30T13:55:56","guid":{"rendered":"http:\/\/www.eel-fotografie.de\/wp2\/?p=15735"},"modified":"2024-10-24T14:11:02","modified_gmt":"2024-10-24T12:11:02","slug":"f1-grand-prix-deutschland","status":"publish","type":"post","link":"https:\/\/www.eel-fotografie.de\/wp2\/f1-grand-prix-deutschland\/","title":{"rendered":"F1 Grand Prix Deutschland"},"content":{"rendered":"ngg_shortcode_0_placeholder\n<p style=\"text-align: justify;\">F1 Grand Prix Deutschland. Sebastian Vettel (Ferrari) rutscht in F\u00fchrung liegend von der Strecke und schenkt Lewis Hamilton (Mercedes) den Sieg. Hamilton profitierte nicht nur f\u00fcr dieses Rennen, zus\u00e4tzlich zum Sieg \u00fcbernam er auch die WM-F\u00fchrung. Die \u00fcber 70.000 Zuschauer im ausverkauften Hockenheimring sahen bis zu Vettels Missgeschick eine Ferrari \u00dcberlegenheit. Am Ende siegte aber Lewis Hamilton, zweiter wurde Valtteri Bottas (Mercedes), der dritte Platz ging an Kimi R\u00e4ikk\u00f6nen (Ferrari).<\/p>\nngg_shortcode_1_placeholder\n<p>(20 Fotos)<\/p>\n","protected":false},"excerpt":{"rendered":"<p>F1 Grand Prix Deutschland. Sebastian Vettel (Ferrari) rutscht in F\u00fchrung liegend von der Strecke und schenkt Lewis Hamilton (Mercedes) den Sieg. Hamilton profitierte nicht nur f\u00fcr dieses Rennen, zus\u00e4tzlich zum Sieg \u00fcbernam er auch die WM-F\u00fchrung. Die \u00fcber 70.000 Zuschauer im ausverkauften Hockenheimring sahen bis zu Vettels Missgeschick eine Ferrari \u00dcberlegenheit. Am Ende siegte aber [&hellip;]<\/p>\n","protected":false},"author":1,"featured_media":15742,"comment_status":"closed","ping_status":"closed","sticky":false,"template":"","format":"standard","meta":{"_genesis_hide_title":false,"_genesis_hide_breadcrumbs":false,"_genesis_hide_singular_image":false,"_genesis_hide_footer_widgets":false,"_genesis_custom_body_class":"","_genesis_custom_post_class":"","_genesis_layout":"","ngg_post_thumbnail":0,"footnotes":""},"categories":[156,185,17],"tags":[767,771,6,7,204,1266,157,1441,921,10,1466,770,1465,1193,88,768,15,1636,302,255,772,256,773,131,1427,11,769,1194,1267,162],"class_list":{"0":"post-15735","1":"post","2":"type-post","3":"status-publish","4":"format-standard","5":"has-post-thumbnail","7":"category-formel-1","8":"category-motorsport","9":"category-sport","10":"tag-curbs","11":"tag-dynamik","12":"tag-eberhard-krieger","13":"tag-eel-fotografie","14":"tag-eel-fotografie-bildagentur","15":"tag-fia-formel-1","16":"tag-formel-1","17":"tag-formula-1-2018","18":"tag-formula-one","19":"tag-foto-krieger","20":"tag-germany-gp","21":"tag-geschwindigkeit","22":"tag-grosser-preis-von-deutschland-2018","23":"tag-hamilton","24":"tag-hockenheim","25":"tag-kurve","26":"tag-motorsport","27":"tag-nikon","28":"tag-pilot","29":"tag-rennauto","30":"tag-rennenstrecke","31":"tag-rennfahrer","32":"tag-rennfans","33":"tag-rennwagen","34":"tag-saison-2018","35":"tag-sportfoto-krieger","36":"tag-start-und-ziel","37":"tag-vettel","38":"tag-weltmeisterschaft","39":"tag-zuschauer","40":"entry"},"yoast_head":"<!-- This site is optimized with the Yoast SEO plugin v26.5 - https:\/\/yoast.com\/wordpress\/plugins\/seo\/ -->\n<title>F1 Grand Prix Deutschland - eel-fotografie<\/title>\n<meta name=\"description\" content=\"F1 Grand Prix Deutschland in Hockenheim. Sebastian Vettel rutscht in F\u00fchrung liegend von der Strecke und schenkt Lewis Hamilton den Sieg. (20 Fotos)\" \/>\n<meta name=\"robots\" content=\"index, follow, max-snippet:-1, max-image-preview:large, max-video-preview:-1\" \/>\n<link rel=\"canonical\" href=\"https:\/\/www.eel-fotografie.de\/wp2\/f1-grand-prix-deutschland\/\" \/>\n<meta name=\"twitter:label1\" content=\"Verfasst von\" \/>\n\t<meta name=\"twitter:data1\" content=\"admin\" \/>\n\t<meta name=\"twitter:label2\" content=\"Gesch\u00e4tzte Lesezeit\" \/>\n\t<meta name=\"twitter:data2\" content=\"1\u00a0Minute\" \/>\n<script type=\"application\/ld+json\" class=\"yoast-schema-graph\">{\"@context\":\"https:\/\/schema.org\",\"@graph\":[{\"@type\":\"Article\",\"@id\":\"https:\/\/www.eel-fotografie.de\/wp2\/f1-grand-prix-deutschland\/#article\",\"isPartOf\":{\"@id\":\"https:\/\/www.eel-fotografie.de\/wp2\/f1-grand-prix-deutschland\/\"},\"author\":{\"name\":\"admin\",\"@id\":\"http:\/\/www.eel-fotografie.de\/wp2\/#\/schema\/person\/48b675d7a081d02af2929c3629214db0\"},\"headline\":\"F1 Grand Prix Deutschland\",\"datePublished\":\"2018-07-30T13:55:56+00:00\",\"dateModified\":\"2024-10-24T12:11:02+00:00\",\"mainEntityOfPage\":{\"@id\":\"https:\/\/www.eel-fotografie.de\/wp2\/f1-grand-prix-deutschland\/\"},\"wordCount\":221,\"publisher\":{\"@id\":\"http:\/\/www.eel-fotografie.de\/wp2\/#organization\"},\"image\":{\"@id\":\"https:\/\/www.eel-fotografie.de\/wp2\/f1-grand-prix-deutschland\/#primaryimage\"},\"thumbnailUrl\":\"https:\/\/www.eel-fotografie.de\/wp2\/wp-content\/uploads\/ngg_featured\/DSC_8004.jpg\",\"keywords\":[\"Curbs\",\"Dynamik\",\"Eberhard Krieger\",\"eel fotografie\",\"eel-fotografie bildagentur\",\"FIA Formel 1\",\"Formel 1\",\"Formula 1 2018\",\"Formula One\",\"foto-krieger\",\"Germany GP\",\"Geschwindigkeit\",\"Grosser Preis von Deutschland 2018\",\"Hamilton\",\"Hockenheim\",\"Kurve\",\"Motorsport\",\"Nikon\",\"Pilot\",\"Rennauto\",\"Rennenstrecke\",\"Rennfahrer\",\"Rennfans\",\"Rennwagen\",\"Saison 2018\",\"sportfoto-krieger\",\"Start und Ziel\",\"Vettel\",\"Weltmeisterschaft\",\"Zuschauer\"],\"articleSection\":[\"Formel 1\",\"Motorsport\",\"Sport\"],\"inLanguage\":\"de\"},{\"@type\":\"WebPage\",\"@id\":\"https:\/\/www.eel-fotografie.de\/wp2\/f1-grand-prix-deutschland\/\",\"url\":\"https:\/\/www.eel-fotografie.de\/wp2\/f1-grand-prix-deutschland\/\",\"name\":\"F1 Grand Prix Deutschland - eel-fotografie\",\"isPartOf\":{\"@id\":\"http:\/\/www.eel-fotografie.de\/wp2\/#website\"},\"primaryImageOfPage\":{\"@id\":\"https:\/\/www.eel-fotografie.de\/wp2\/f1-grand-prix-deutschland\/#primaryimage\"},\"image\":{\"@id\":\"https:\/\/www.eel-fotografie.de\/wp2\/f1-grand-prix-deutschland\/#primaryimage\"},\"thumbnailUrl\":\"https:\/\/www.eel-fotografie.de\/wp2\/wp-content\/uploads\/ngg_featured\/DSC_8004.jpg\",\"datePublished\":\"2018-07-30T13:55:56+00:00\",\"dateModified\":\"2024-10-24T12:11:02+00:00\",\"description\":\"F1 Grand Prix Deutschland in Hockenheim. Sebastian Vettel rutscht in F\u00fchrung liegend von der Strecke und schenkt Lewis Hamilton den Sieg. (20 Fotos)\",\"breadcrumb\":{\"@id\":\"https:\/\/www.eel-fotografie.de\/wp2\/f1-grand-prix-deutschland\/#breadcrumb\"},\"inLanguage\":\"de\",\"potentialAction\":[{\"@type\":\"ReadAction\",\"target\":[\"https:\/\/www.eel-fotografie.de\/wp2\/f1-grand-prix-deutschland\/\"]}]},{\"@type\":\"ImageObject\",\"inLanguage\":\"de\",\"@id\":\"https:\/\/www.eel-fotografie.de\/wp2\/f1-grand-prix-deutschland\/#primaryimage\",\"url\":\"https:\/\/www.eel-fotografie.de\/wp2\/wp-content\/uploads\/ngg_featured\/DSC_8004.jpg\",\"contentUrl\":\"https:\/\/www.eel-fotografie.de\/wp2\/wp-content\/uploads\/ngg_featured\/DSC_8004.jpg\",\"width\":1024,\"height\":682},{\"@type\":\"BreadcrumbList\",\"@id\":\"https:\/\/www.eel-fotografie.de\/wp2\/f1-grand-prix-deutschland\/#breadcrumb\",\"itemListElement\":[{\"@type\":\"ListItem\",\"position\":1,\"name\":\"Home\",\"item\":\"http:\/\/www.eel-fotografie.de\/wp2\/\"},{\"@type\":\"ListItem\",\"position\":2,\"name\":\"F1 Grand Prix Deutschland\"}]},{\"@type\":\"WebSite\",\"@id\":\"http:\/\/www.eel-fotografie.de\/wp2\/#website\",\"url\":\"http:\/\/www.eel-fotografie.de\/wp2\/\",\"name\":\"eel-fotografie\",\"description\":\"fotografie - bildagentur\",\"publisher\":{\"@id\":\"http:\/\/www.eel-fotografie.de\/wp2\/#organization\"},\"potentialAction\":[{\"@type\":\"SearchAction\",\"target\":{\"@type\":\"EntryPoint\",\"urlTemplate\":\"http:\/\/www.eel-fotografie.de\/wp2\/?s={search_term_string}\"},\"query-input\":{\"@type\":\"PropertyValueSpecification\",\"valueRequired\":true,\"valueName\":\"search_term_string\"}}],\"inLanguage\":\"de\"},{\"@type\":\"Organization\",\"@id\":\"http:\/\/www.eel-fotografie.de\/wp2\/#organization\",\"name\":\"eel-fotografie | fotografie - bildagentur\",\"url\":\"http:\/\/www.eel-fotografie.de\/wp2\/\",\"logo\":{\"@type\":\"ImageObject\",\"inLanguage\":\"de\",\"@id\":\"http:\/\/www.eel-fotografie.de\/wp2\/#\/schema\/logo\/image\/\",\"url\":\"http:\/\/www.eel-fotografie.de\/wp2\/wp-content\/uploads\/eel-fotografie_logo_2_500x250.png\",\"contentUrl\":\"http:\/\/www.eel-fotografie.de\/wp2\/wp-content\/uploads\/eel-fotografie_logo_2_500x250.png\",\"width\":500,\"height\":254,\"caption\":\"eel-fotografie | fotografie - bildagentur\"},\"image\":{\"@id\":\"http:\/\/www.eel-fotografie.de\/wp2\/#\/schema\/logo\/image\/\"},\"sameAs\":[\"https:\/\/www.instagram.com\/eelfotografie\/\"]},{\"@type\":\"Person\",\"@id\":\"http:\/\/www.eel-fotografie.de\/wp2\/#\/schema\/person\/48b675d7a081d02af2929c3629214db0\",\"name\":\"admin\",\"image\":{\"@type\":\"ImageObject\",\"inLanguage\":\"de\",\"@id\":\"http:\/\/www.eel-fotografie.de\/wp2\/#\/schema\/person\/image\/\",\"url\":\"https:\/\/secure.gravatar.com\/avatar\/0238886d5b298e452983f5d971ee0c60774f53da880f3705d3087707fa31096c?s=96&d=mm&r=g\",\"contentUrl\":\"https:\/\/secure.gravatar.com\/avatar\/0238886d5b298e452983f5d971ee0c60774f53da880f3705d3087707fa31096c?s=96&d=mm&r=g\",\"caption\":\"admin\"},\"description\":\"Head of eel-fotografie | fotografie-bildagentur\",\"sameAs\":[\"http:\/\/www.eel-fotografie.de\"],\"url\":\"https:\/\/www.eel-fotografie.de\/wp2\/author\/admin\/\"}]}<\/script>\n<!-- \/ Yoast SEO plugin. -->","yoast_head_json":{"title":"F1 Grand Prix Deutschland - eel-fotografie","description":"F1 Grand Prix Deutschland in Hockenheim. Sebastian Vettel rutscht in F\u00fchrung liegend von der Strecke und schenkt Lewis Hamilton den Sieg. (20 Fotos)","robots":{"index":"index","follow":"follow","max-snippet":"max-snippet:-1","max-image-preview":"max-image-preview:large","max-video-preview":"max-video-preview:-1"},"canonical":"https:\/\/www.eel-fotografie.de\/wp2\/f1-grand-prix-deutschland\/","twitter_misc":{"Verfasst von":"admin","Gesch\u00e4tzte Lesezeit":"1\u00a0Minute"},"schema":{"@context":"https:\/\/schema.org","@graph":[{"@type":"Article","@id":"https:\/\/www.eel-fotografie.de\/wp2\/f1-grand-prix-deutschland\/#article","isPartOf":{"@id":"https:\/\/www.eel-fotografie.de\/wp2\/f1-grand-prix-deutschland\/"},"author":{"name":"admin","@id":"http:\/\/www.eel-fotografie.de\/wp2\/#\/schema\/person\/48b675d7a081d02af2929c3629214db0"},"headline":"F1 Grand Prix Deutschland","datePublished":"2018-07-30T13:55:56+00:00","dateModified":"2024-10-24T12:11:02+00:00","mainEntityOfPage":{"@id":"https:\/\/www.eel-fotografie.de\/wp2\/f1-grand-prix-deutschland\/"},"wordCount":221,"publisher":{"@id":"http:\/\/www.eel-fotografie.de\/wp2\/#organization"},"image":{"@id":"https:\/\/www.eel-fotografie.de\/wp2\/f1-grand-prix-deutschland\/#primaryimage"},"thumbnailUrl":"https:\/\/www.eel-fotografie.de\/wp2\/wp-content\/uploads\/ngg_featured\/DSC_8004.jpg","keywords":["Curbs","Dynamik","Eberhard Krieger","eel fotografie","eel-fotografie bildagentur","FIA Formel 1","Formel 1","Formula 1 2018","Formula One","foto-krieger","Germany GP","Geschwindigkeit","Grosser Preis von Deutschland 2018","Hamilton","Hockenheim","Kurve","Motorsport","Nikon","Pilot","Rennauto","Rennenstrecke","Rennfahrer","Rennfans","Rennwagen","Saison 2018","sportfoto-krieger","Start und Ziel","Vettel","Weltmeisterschaft","Zuschauer"],"articleSection":["Formel 1","Motorsport","Sport"],"inLanguage":"de"},{"@type":"WebPage","@id":"https:\/\/www.eel-fotografie.de\/wp2\/f1-grand-prix-deutschland\/","url":"https:\/\/www.eel-fotografie.de\/wp2\/f1-grand-prix-deutschland\/","name":"F1 Grand Prix Deutschland - eel-fotografie","isPartOf":{"@id":"http:\/\/www.eel-fotografie.de\/wp2\/#website"},"primaryImageOfPage":{"@id":"https:\/\/www.eel-fotografie.de\/wp2\/f1-grand-prix-deutschland\/#primaryimage"},"image":{"@id":"https:\/\/www.eel-fotografie.de\/wp2\/f1-grand-prix-deutschland\/#primaryimage"},"thumbnailUrl":"https:\/\/www.eel-fotografie.de\/wp2\/wp-content\/uploads\/ngg_featured\/DSC_8004.jpg","datePublished":"2018-07-30T13:55:56+00:00","dateModified":"2024-10-24T12:11:02+00:00","description":"F1 Grand Prix Deutschland in Hockenheim. Sebastian Vettel rutscht in F\u00fchrung liegend von der Strecke und schenkt Lewis Hamilton den Sieg. (20 Fotos)","breadcrumb":{"@id":"https:\/\/www.eel-fotografie.de\/wp2\/f1-grand-prix-deutschland\/#breadcrumb"},"inLanguage":"de","potentialAction":[{"@type":"ReadAction","target":["https:\/\/www.eel-fotografie.de\/wp2\/f1-grand-prix-deutschland\/"]}]},{"@type":"ImageObject","inLanguage":"de","@id":"https:\/\/www.eel-fotografie.de\/wp2\/f1-grand-prix-deutschland\/#primaryimage","url":"https:\/\/www.eel-fotografie.de\/wp2\/wp-content\/uploads\/ngg_featured\/DSC_8004.jpg","contentUrl":"https:\/\/www.eel-fotografie.de\/wp2\/wp-content\/uploads\/ngg_featured\/DSC_8004.jpg","width":1024,"height":682},{"@type":"BreadcrumbList","@id":"https:\/\/www.eel-fotografie.de\/wp2\/f1-grand-prix-deutschland\/#breadcrumb","itemListElement":[{"@type":"ListItem","position":1,"name":"Home","item":"http:\/\/www.eel-fotografie.de\/wp2\/"},{"@type":"ListItem","position":2,"name":"F1 Grand Prix Deutschland"}]},{"@type":"WebSite","@id":"http:\/\/www.eel-fotografie.de\/wp2\/#website","url":"http:\/\/www.eel-fotografie.de\/wp2\/","name":"eel-fotografie","description":"fotografie - bildagentur","publisher":{"@id":"http:\/\/www.eel-fotografie.de\/wp2\/#organization"},"potentialAction":[{"@type":"SearchAction","target":{"@type":"EntryPoint","urlTemplate":"http:\/\/www.eel-fotografie.de\/wp2\/?s={search_term_string}"},"query-input":{"@type":"PropertyValueSpecification","valueRequired":true,"valueName":"search_term_string"}}],"inLanguage":"de"},{"@type":"Organization","@id":"http:\/\/www.eel-fotografie.de\/wp2\/#organization","name":"eel-fotografie | fotografie - bildagentur","url":"http:\/\/www.eel-fotografie.de\/wp2\/","logo":{"@type":"ImageObject","inLanguage":"de","@id":"http:\/\/www.eel-fotografie.de\/wp2\/#\/schema\/logo\/image\/","url":"http:\/\/www.eel-fotografie.de\/wp2\/wp-content\/uploads\/eel-fotografie_logo_2_500x250.png","contentUrl":"http:\/\/www.eel-fotografie.de\/wp2\/wp-content\/uploads\/eel-fotografie_logo_2_500x250.png","width":500,"height":254,"caption":"eel-fotografie | fotografie - bildagentur"},"image":{"@id":"http:\/\/www.eel-fotografie.de\/wp2\/#\/schema\/logo\/image\/"},"sameAs":["https:\/\/www.instagram.com\/eelfotografie\/"]},{"@type":"Person","@id":"http:\/\/www.eel-fotografie.de\/wp2\/#\/schema\/person\/48b675d7a081d02af2929c3629214db0","name":"admin","image":{"@type":"ImageObject","inLanguage":"de","@id":"http:\/\/www.eel-fotografie.de\/wp2\/#\/schema\/person\/image\/","url":"https:\/\/secure.gravatar.com\/avatar\/0238886d5b298e452983f5d971ee0c60774f53da880f3705d3087707fa31096c?s=96&d=mm&r=g","contentUrl":"https:\/\/secure.gravatar.com\/avatar\/0238886d5b298e452983f5d971ee0c60774f53da880f3705d3087707fa31096c?s=96&d=mm&r=g","caption":"admin"},"description":"Head of eel-fotografie | fotografie-bildagentur","sameAs":["http:\/\/www.eel-fotografie.de"],"url":"https:\/\/www.eel-fotografie.de\/wp2\/author\/admin\/"}]}},"_links":{"self":[{"href":"https:\/\/www.eel-fotografie.de\/wp2\/wp-json\/wp\/v2\/posts\/15735","targetHints":{"allow":["GET"]}}],"collection":[{"href":"https:\/\/www.eel-fotografie.de\/wp2\/wp-json\/wp\/v2\/posts"}],"about":[{"href":"https:\/\/www.eel-fotografie.de\/wp2\/wp-json\/wp\/v2\/types\/post"}],"author":[{"embeddable":true,"href":"https:\/\/www.eel-fotografie.de\/wp2\/wp-json\/wp\/v2\/users\/1"}],"replies":[{"embeddable":true,"href":"https:\/\/www.eel-fotografie.de\/wp2\/wp-json\/wp\/v2\/comments?post=15735"}],"version-history":[{"count":1,"href":"https:\/\/www.eel-fotografie.de\/wp2\/wp-json\/wp\/v2\/posts\/15735\/revisions"}],"predecessor-version":[{"id":19694,"href":"https:\/\/www.eel-fotografie.de\/wp2\/wp-json\/wp\/v2\/posts\/15735\/revisions\/19694"}],"wp:featuredmedia":[{"embeddable":true,"href":"https:\/\/www.eel-fotografie.de\/wp2\/wp-json\/wp\/v2\/media\/15742"}],"wp:attachment":[{"href":"https:\/\/www.eel-fotografie.de\/wp2\/wp-json\/wp\/v2\/media?parent=15735"}],"wp:term":[{"taxonomy":"category","embeddable":true,"href":"https:\/\/www.eel-fotografie.de\/wp2\/wp-json\/wp\/v2\/categories?post=15735"},{"taxonomy":"post_tag","embeddable":true,"href":"https:\/\/www.eel-fotografie.de\/wp2\/wp-json\/wp\/v2\/tags?post=15735"}],"curies":[{"name":"wp","href":"https:\/\/api.w.org\/{rel}","templated":true}]}}