{"id":15755,"date":"2018-07-30T17:01:28","date_gmt":"2018-07-30T15:01:28","guid":{"rendered":"http:\/\/www.eel-fotografie.de\/wp2\/?p=15755"},"modified":"2022-05-24T20:15:08","modified_gmt":"2022-05-24T18:15:08","slug":"mondfinsternis-juli-2018","status":"publish","type":"post","link":"https:\/\/www.eel-fotografie.de\/wp2\/mondfinsternis-juli-2018\/","title":{"rendered":"Mondfinsternis Juli 2018"},"content":{"rendered":"<p style=\"text-align: justify;\"><strong>Mondfinsternis Juli 2018<\/strong> &#8211; was mit Begriffen wie &#8222;Blutmond&#8220;, &#8222;Jahrhundertfinsternis&#8220;, &#8222;Naturspektakel&#8220;, &#8222;roter Mond&#8220; und vielen mehr daher kam, stellte sich im Nachhinein als doch eher unspektakul\u00e4r heraus. Nett anzuschauen, von so mancher Party begleitet, doch eher wenig beeindruckend. Mit einer Dauer von 103 Minuten war es immerhin die l\u00e4ngste Mondfinsternis des 21. Jahrhunderts. Genug Zeit also die Speicherkarten zu f\u00fcllen. N\u00e4chste Chance: 21. Januar 2019, dann allerdings ohne &#8222;Blut&#8220;.<\/p>\n<p>ngg_shortcode_0_placeholder(5 Fotos)<\/p>\n","protected":false},"excerpt":{"rendered":"<p>Mondfinsternis Juli 2018 &#8211; was mit Begriffen wie &#8222;Blutmond&#8220;, &#8222;Jahrhundertfinsternis&#8220;, &#8222;Naturspektakel&#8220;, &#8222;roter Mond&#8220; und vielen mehr daher kam, stellte sich im Nachhinein als doch eher unspektakul\u00e4r heraus. Nett anzuschauen, von so mancher Party begleitet, doch eher wenig beeindruckend. Mit einer Dauer von 103 Minuten war es immerhin die l\u00e4ngste Mondfinsternis des 21. Jahrhunderts. Genug Zeit [&hellip;]<\/p>\n","protected":false},"author":1,"featured_media":15757,"comment_status":"closed","ping_status":"closed","sticky":false,"template":"","format":"standard","meta":{"_genesis_hide_title":false,"_genesis_hide_breadcrumbs":false,"_genesis_hide_singular_image":false,"_genesis_hide_footer_widgets":false,"_genesis_custom_body_class":"","_genesis_custom_post_class":"","_genesis_layout":"","ngg_post_thumbnail":0,"footnotes":""},"categories":[1],"tags":[1479,6,7,204,1483,1484,1485,1480,1477,1478,1487,1636,1482,1486,11,1481],"class_list":{"0":"post-15755","1":"post","2":"type-post","3":"status-publish","4":"format-standard","5":"has-post-thumbnail","7":"category-allgemein","8":"tag-blutmond","9":"tag-eberhard-krieger","10":"tag-eel-fotografie","11":"tag-eel-fotografie-bildagentur","12":"tag-erdschatten","13":"tag-kernschatten","14":"tag-laengste-mondfinsternis-des-21-jahrhunderts","15":"tag-mars","16":"tag-mond","17":"tag-mondfinsternis-2018","18":"tag-naturspektakel","19":"tag-nikon","20":"tag-roter-mond","21":"tag-roetlicher-vollmond","22":"tag-sportfoto-krieger","23":"tag-totale-mondfinsternis","24":"entry"},"yoast_head":"<!-- This site is optimized with the Yoast SEO plugin v26.5 - https:\/\/yoast.com\/wordpress\/plugins\/seo\/ -->\n<title>Mondfinsternis Juli 2018 - eel-fotografie<\/title>\n<meta name=\"description\" content=\"Mondfinsternis Juli 2018, Blutmond, l\u00e4ngste Mondfinsternis des 21. Jahrhunderts, Roter Vollmond, totale Mondfinsternis. (5 Fotos)\" \/>\n<meta name=\"robots\" content=\"index, follow, max-snippet:-1, max-image-preview:large, max-video-preview:-1\" \/>\n<link rel=\"canonical\" href=\"https:\/\/www.eel-fotografie.de\/wp2\/mondfinsternis-juli-2018\/\" \/>\n<meta name=\"twitter:label1\" content=\"Verfasst von\" \/>\n\t<meta name=\"twitter:data1\" content=\"admin\" \/>\n<script type=\"application\/ld+json\" class=\"yoast-schema-graph\">{\"@context\":\"https:\/\/schema.org\",\"@graph\":[{\"@type\":\"Article\",\"@id\":\"https:\/\/www.eel-fotografie.de\/wp2\/mondfinsternis-juli-2018\/#article\",\"isPartOf\":{\"@id\":\"https:\/\/www.eel-fotografie.de\/wp2\/mondfinsternis-juli-2018\/\"},\"author\":{\"name\":\"admin\",\"@id\":\"http:\/\/www.eel-fotografie.de\/wp2\/#\/schema\/person\/48b675d7a081d02af2929c3629214db0\"},\"headline\":\"Mondfinsternis Juli 2018\",\"datePublished\":\"2018-07-30T15:01:28+00:00\",\"dateModified\":\"2022-05-24T18:15:08+00:00\",\"mainEntityOfPage\":{\"@id\":\"https:\/\/www.eel-fotografie.de\/wp2\/mondfinsternis-juli-2018\/\"},\"wordCount\":81,\"publisher\":{\"@id\":\"http:\/\/www.eel-fotografie.de\/wp2\/#organization\"},\"image\":{\"@id\":\"https:\/\/www.eel-fotografie.de\/wp2\/mondfinsternis-juli-2018\/#primaryimage\"},\"thumbnailUrl\":\"https:\/\/www.eel-fotografie.de\/wp2\/wp-content\/uploads\/ngg_featured\/DSC_3666.jpg\",\"keywords\":[\"Blutmond\",\"Eberhard Krieger\",\"eel fotografie\",\"eel-fotografie bildagentur\",\"Erdschatten\",\"Kernschatten\",\"L\u00e4ngste Mondfinsternis des 21. Jahrhunderts\",\"Mars\",\"Mond\",\"Mondfinsternis 2018\",\"Naturspektakel\",\"Nikon\",\"Roter Mond\",\"R\u00f6tlicher Vollmond\",\"sportfoto-krieger\",\"Totale Mondfinsternis\"],\"inLanguage\":\"de\"},{\"@type\":\"WebPage\",\"@id\":\"https:\/\/www.eel-fotografie.de\/wp2\/mondfinsternis-juli-2018\/\",\"url\":\"https:\/\/www.eel-fotografie.de\/wp2\/mondfinsternis-juli-2018\/\",\"name\":\"Mondfinsternis Juli 2018 - eel-fotografie\",\"isPartOf\":{\"@id\":\"http:\/\/www.eel-fotografie.de\/wp2\/#website\"},\"primaryImageOfPage\":{\"@id\":\"https:\/\/www.eel-fotografie.de\/wp2\/mondfinsternis-juli-2018\/#primaryimage\"},\"image\":{\"@id\":\"https:\/\/www.eel-fotografie.de\/wp2\/mondfinsternis-juli-2018\/#primaryimage\"},\"thumbnailUrl\":\"https:\/\/www.eel-fotografie.de\/wp2\/wp-content\/uploads\/ngg_featured\/DSC_3666.jpg\",\"datePublished\":\"2018-07-30T15:01:28+00:00\",\"dateModified\":\"2022-05-24T18:15:08+00:00\",\"description\":\"Mondfinsternis Juli 2018, Blutmond, l\u00e4ngste Mondfinsternis des 21. Jahrhunderts, Roter Vollmond, totale Mondfinsternis. (5 Fotos)\",\"breadcrumb\":{\"@id\":\"https:\/\/www.eel-fotografie.de\/wp2\/mondfinsternis-juli-2018\/#breadcrumb\"},\"inLanguage\":\"de\",\"potentialAction\":[{\"@type\":\"ReadAction\",\"target\":[\"https:\/\/www.eel-fotografie.de\/wp2\/mondfinsternis-juli-2018\/\"]}]},{\"@type\":\"ImageObject\",\"inLanguage\":\"de\",\"@id\":\"https:\/\/www.eel-fotografie.de\/wp2\/mondfinsternis-juli-2018\/#primaryimage\",\"url\":\"https:\/\/www.eel-fotografie.de\/wp2\/wp-content\/uploads\/ngg_featured\/DSC_3666.jpg\",\"contentUrl\":\"https:\/\/www.eel-fotografie.de\/wp2\/wp-content\/uploads\/ngg_featured\/DSC_3666.jpg\",\"width\":1024,\"height\":682},{\"@type\":\"BreadcrumbList\",\"@id\":\"https:\/\/www.eel-fotografie.de\/wp2\/mondfinsternis-juli-2018\/#breadcrumb\",\"itemListElement\":[{\"@type\":\"ListItem\",\"position\":1,\"name\":\"Home\",\"item\":\"http:\/\/www.eel-fotografie.de\/wp2\/\"},{\"@type\":\"ListItem\",\"position\":2,\"name\":\"Mondfinsternis Juli 2018\"}]},{\"@type\":\"WebSite\",\"@id\":\"http:\/\/www.eel-fotografie.de\/wp2\/#website\",\"url\":\"http:\/\/www.eel-fotografie.de\/wp2\/\",\"name\":\"eel-fotografie\",\"description\":\"fotografie - bildagentur\",\"publisher\":{\"@id\":\"http:\/\/www.eel-fotografie.de\/wp2\/#organization\"},\"potentialAction\":[{\"@type\":\"SearchAction\",\"target\":{\"@type\":\"EntryPoint\",\"urlTemplate\":\"http:\/\/www.eel-fotografie.de\/wp2\/?s={search_term_string}\"},\"query-input\":{\"@type\":\"PropertyValueSpecification\",\"valueRequired\":true,\"valueName\":\"search_term_string\"}}],\"inLanguage\":\"de\"},{\"@type\":\"Organization\",\"@id\":\"http:\/\/www.eel-fotografie.de\/wp2\/#organization\",\"name\":\"eel-fotografie | fotografie - bildagentur\",\"url\":\"http:\/\/www.eel-fotografie.de\/wp2\/\",\"logo\":{\"@type\":\"ImageObject\",\"inLanguage\":\"de\",\"@id\":\"http:\/\/www.eel-fotografie.de\/wp2\/#\/schema\/logo\/image\/\",\"url\":\"http:\/\/www.eel-fotografie.de\/wp2\/wp-content\/uploads\/eel-fotografie_logo_2_500x250.png\",\"contentUrl\":\"http:\/\/www.eel-fotografie.de\/wp2\/wp-content\/uploads\/eel-fotografie_logo_2_500x250.png\",\"width\":500,\"height\":254,\"caption\":\"eel-fotografie | fotografie - bildagentur\"},\"image\":{\"@id\":\"http:\/\/www.eel-fotografie.de\/wp2\/#\/schema\/logo\/image\/\"},\"sameAs\":[\"https:\/\/www.instagram.com\/eelfotografie\/\"]},{\"@type\":\"Person\",\"@id\":\"http:\/\/www.eel-fotografie.de\/wp2\/#\/schema\/person\/48b675d7a081d02af2929c3629214db0\",\"name\":\"admin\",\"image\":{\"@type\":\"ImageObject\",\"inLanguage\":\"de\",\"@id\":\"http:\/\/www.eel-fotografie.de\/wp2\/#\/schema\/person\/image\/\",\"url\":\"https:\/\/secure.gravatar.com\/avatar\/0238886d5b298e452983f5d971ee0c60774f53da880f3705d3087707fa31096c?s=96&d=mm&r=g\",\"contentUrl\":\"https:\/\/secure.gravatar.com\/avatar\/0238886d5b298e452983f5d971ee0c60774f53da880f3705d3087707fa31096c?s=96&d=mm&r=g\",\"caption\":\"admin\"},\"description\":\"Head of eel-fotografie | fotografie-bildagentur\",\"sameAs\":[\"http:\/\/www.eel-fotografie.de\"],\"url\":\"https:\/\/www.eel-fotografie.de\/wp2\/author\/admin\/\"}]}<\/script>\n<!-- \/ Yoast SEO plugin. -->","yoast_head_json":{"title":"Mondfinsternis Juli 2018 - eel-fotografie","description":"Mondfinsternis Juli 2018, Blutmond, l\u00e4ngste Mondfinsternis des 21. Jahrhunderts, Roter Vollmond, totale Mondfinsternis. (5 Fotos)","robots":{"index":"index","follow":"follow","max-snippet":"max-snippet:-1","max-image-preview":"max-image-preview:large","max-video-preview":"max-video-preview:-1"},"canonical":"https:\/\/www.eel-fotografie.de\/wp2\/mondfinsternis-juli-2018\/","twitter_misc":{"Verfasst von":"admin"},"schema":{"@context":"https:\/\/schema.org","@graph":[{"@type":"Article","@id":"https:\/\/www.eel-fotografie.de\/wp2\/mondfinsternis-juli-2018\/#article","isPartOf":{"@id":"https:\/\/www.eel-fotografie.de\/wp2\/mondfinsternis-juli-2018\/"},"author":{"name":"admin","@id":"http:\/\/www.eel-fotografie.de\/wp2\/#\/schema\/person\/48b675d7a081d02af2929c3629214db0"},"headline":"Mondfinsternis Juli 2018","datePublished":"2018-07-30T15:01:28+00:00","dateModified":"2022-05-24T18:15:08+00:00","mainEntityOfPage":{"@id":"https:\/\/www.eel-fotografie.de\/wp2\/mondfinsternis-juli-2018\/"},"wordCount":81,"publisher":{"@id":"http:\/\/www.eel-fotografie.de\/wp2\/#organization"},"image":{"@id":"https:\/\/www.eel-fotografie.de\/wp2\/mondfinsternis-juli-2018\/#primaryimage"},"thumbnailUrl":"https:\/\/www.eel-fotografie.de\/wp2\/wp-content\/uploads\/ngg_featured\/DSC_3666.jpg","keywords":["Blutmond","Eberhard Krieger","eel fotografie","eel-fotografie bildagentur","Erdschatten","Kernschatten","L\u00e4ngste Mondfinsternis des 21. Jahrhunderts","Mars","Mond","Mondfinsternis 2018","Naturspektakel","Nikon","Roter Mond","R\u00f6tlicher Vollmond","sportfoto-krieger","Totale Mondfinsternis"],"inLanguage":"de"},{"@type":"WebPage","@id":"https:\/\/www.eel-fotografie.de\/wp2\/mondfinsternis-juli-2018\/","url":"https:\/\/www.eel-fotografie.de\/wp2\/mondfinsternis-juli-2018\/","name":"Mondfinsternis Juli 2018 - eel-fotografie","isPartOf":{"@id":"http:\/\/www.eel-fotografie.de\/wp2\/#website"},"primaryImageOfPage":{"@id":"https:\/\/www.eel-fotografie.de\/wp2\/mondfinsternis-juli-2018\/#primaryimage"},"image":{"@id":"https:\/\/www.eel-fotografie.de\/wp2\/mondfinsternis-juli-2018\/#primaryimage"},"thumbnailUrl":"https:\/\/www.eel-fotografie.de\/wp2\/wp-content\/uploads\/ngg_featured\/DSC_3666.jpg","datePublished":"2018-07-30T15:01:28+00:00","dateModified":"2022-05-24T18:15:08+00:00","description":"Mondfinsternis Juli 2018, Blutmond, l\u00e4ngste Mondfinsternis des 21. Jahrhunderts, Roter Vollmond, totale Mondfinsternis. (5 Fotos)","breadcrumb":{"@id":"https:\/\/www.eel-fotografie.de\/wp2\/mondfinsternis-juli-2018\/#breadcrumb"},"inLanguage":"de","potentialAction":[{"@type":"ReadAction","target":["https:\/\/www.eel-fotografie.de\/wp2\/mondfinsternis-juli-2018\/"]}]},{"@type":"ImageObject","inLanguage":"de","@id":"https:\/\/www.eel-fotografie.de\/wp2\/mondfinsternis-juli-2018\/#primaryimage","url":"https:\/\/www.eel-fotografie.de\/wp2\/wp-content\/uploads\/ngg_featured\/DSC_3666.jpg","contentUrl":"https:\/\/www.eel-fotografie.de\/wp2\/wp-content\/uploads\/ngg_featured\/DSC_3666.jpg","width":1024,"height":682},{"@type":"BreadcrumbList","@id":"https:\/\/www.eel-fotografie.de\/wp2\/mondfinsternis-juli-2018\/#breadcrumb","itemListElement":[{"@type":"ListItem","position":1,"name":"Home","item":"http:\/\/www.eel-fotografie.de\/wp2\/"},{"@type":"ListItem","position":2,"name":"Mondfinsternis Juli 2018"}]},{"@type":"WebSite","@id":"http:\/\/www.eel-fotografie.de\/wp2\/#website","url":"http:\/\/www.eel-fotografie.de\/wp2\/","name":"eel-fotografie","description":"fotografie - bildagentur","publisher":{"@id":"http:\/\/www.eel-fotografie.de\/wp2\/#organization"},"potentialAction":[{"@type":"SearchAction","target":{"@type":"EntryPoint","urlTemplate":"http:\/\/www.eel-fotografie.de\/wp2\/?s={search_term_string}"},"query-input":{"@type":"PropertyValueSpecification","valueRequired":true,"valueName":"search_term_string"}}],"inLanguage":"de"},{"@type":"Organization","@id":"http:\/\/www.eel-fotografie.de\/wp2\/#organization","name":"eel-fotografie | fotografie - bildagentur","url":"http:\/\/www.eel-fotografie.de\/wp2\/","logo":{"@type":"ImageObject","inLanguage":"de","@id":"http:\/\/www.eel-fotografie.de\/wp2\/#\/schema\/logo\/image\/","url":"http:\/\/www.eel-fotografie.de\/wp2\/wp-content\/uploads\/eel-fotografie_logo_2_500x250.png","contentUrl":"http:\/\/www.eel-fotografie.de\/wp2\/wp-content\/uploads\/eel-fotografie_logo_2_500x250.png","width":500,"height":254,"caption":"eel-fotografie | fotografie - bildagentur"},"image":{"@id":"http:\/\/www.eel-fotografie.de\/wp2\/#\/schema\/logo\/image\/"},"sameAs":["https:\/\/www.instagram.com\/eelfotografie\/"]},{"@type":"Person","@id":"http:\/\/www.eel-fotografie.de\/wp2\/#\/schema\/person\/48b675d7a081d02af2929c3629214db0","name":"admin","image":{"@type":"ImageObject","inLanguage":"de","@id":"http:\/\/www.eel-fotografie.de\/wp2\/#\/schema\/person\/image\/","url":"https:\/\/secure.gravatar.com\/avatar\/0238886d5b298e452983f5d971ee0c60774f53da880f3705d3087707fa31096c?s=96&d=mm&r=g","contentUrl":"https:\/\/secure.gravatar.com\/avatar\/0238886d5b298e452983f5d971ee0c60774f53da880f3705d3087707fa31096c?s=96&d=mm&r=g","caption":"admin"},"description":"Head of eel-fotografie | fotografie-bildagentur","sameAs":["http:\/\/www.eel-fotografie.de"],"url":"https:\/\/www.eel-fotografie.de\/wp2\/author\/admin\/"}]}},"_links":{"self":[{"href":"https:\/\/www.eel-fotografie.de\/wp2\/wp-json\/wp\/v2\/posts\/15755","targetHints":{"allow":["GET"]}}],"collection":[{"href":"https:\/\/www.eel-fotografie.de\/wp2\/wp-json\/wp\/v2\/posts"}],"about":[{"href":"https:\/\/www.eel-fotografie.de\/wp2\/wp-json\/wp\/v2\/types\/post"}],"author":[{"embeddable":true,"href":"https:\/\/www.eel-fotografie.de\/wp2\/wp-json\/wp\/v2\/users\/1"}],"replies":[{"embeddable":true,"href":"https:\/\/www.eel-fotografie.de\/wp2\/wp-json\/wp\/v2\/comments?post=15755"}],"version-history":[{"count":0,"href":"https:\/\/www.eel-fotografie.de\/wp2\/wp-json\/wp\/v2\/posts\/15755\/revisions"}],"wp:featuredmedia":[{"embeddable":true,"href":"https:\/\/www.eel-fotografie.de\/wp2\/wp-json\/wp\/v2\/media\/15757"}],"wp:attachment":[{"href":"https:\/\/www.eel-fotografie.de\/wp2\/wp-json\/wp\/v2\/media?parent=15755"}],"wp:term":[{"taxonomy":"category","embeddable":true,"href":"https:\/\/www.eel-fotografie.de\/wp2\/wp-json\/wp\/v2\/categories?post=15755"},{"taxonomy":"post_tag","embeddable":true,"href":"https:\/\/www.eel-fotografie.de\/wp2\/wp-json\/wp\/v2\/tags?post=15755"}],"curies":[{"name":"wp","href":"https:\/\/api.w.org\/{rel}","templated":true}]}}