{"id":16158,"date":"2018-10-15T17:47:55","date_gmt":"2018-10-15T15:47:55","guid":{"rendered":"http:\/\/www.eel-fotografie.de\/wp2\/?p=16158"},"modified":"2022-05-24T20:06:20","modified_gmt":"2022-05-24T18:06:20","slug":"dtm-saisonfinale-2018","status":"publish","type":"post","link":"https:\/\/www.eel-fotografie.de\/wp2\/dtm-saisonfinale-2018\/","title":{"rendered":"DTM Saisonfinale 2018"},"content":{"rendered":"ngg_shortcode_0_placeholder\n<p style=\"text-align: justify;\">DTM Saisonfinale 2018, Gary Paffet (Mercedes) hei\u00dft der DTM Champion 2018. Er holte sich die Meisterschaft mit vier Punkten Vorsprung auf den Zweitplatzierten Ren\u00e9 Rast (Audi). Dritter wurde am Ende der entt\u00e4uschte Paul di Resta (Mercedes).<\/p>\n<p>Ergebnisse:<\/p>\n<p><strong>Samstag<\/strong><br \/>\n1. Ren\u00e9 Rast (Audi)<br \/>\n2.Robin Frijns (Audi)<br \/>\n3. Timo Glock (BMW)<br \/>\n<strong>Sonntag<\/strong><br \/>\n1. Ren\u00e9 Rast (Audi)<br \/>\n2. Marco Wittmann (BMW)<br \/>\n3. Gary Paffett (Mercedes)<br \/>\n<strong>Meisterschaft 2018<\/strong><br \/>\n1. Gary Paffett (Mercedes) 255 Punkte<br \/>\n2. Ren\u00e9 Rast (Audi) 251 Punkte<br \/>\n3. Paul di Resta (Mercedes) 233 Punkte<\/p>\n<p>ngg_shortcode_1_placeholder(25 Fotos)<\/p>\n","protected":false},"excerpt":{"rendered":"<p>DTM Saisonfinale 2018, Gary Paffet (Mercedes) hei\u00dft der DTM Champion 2018. Er holte sich die Meisterschaft mit vier Punkten Vorsprung auf den Zweitplatzierten Ren\u00e9 Rast (Audi). Dritter wurde am Ende der entt\u00e4uschte Paul di Resta (Mercedes). Ergebnisse: Samstag 1. Ren\u00e9 Rast (Audi) 2.Robin Frijns (Audi) 3. Timo Glock (BMW) Sonntag 1. Ren\u00e9 Rast (Audi) 2. [&hellip;]<\/p>\n","protected":false},"author":1,"featured_media":16165,"comment_status":"closed","ping_status":"closed","sticky":false,"template":"","format":"standard","meta":{"_genesis_hide_title":false,"_genesis_hide_breadcrumbs":false,"_genesis_hide_singular_image":false,"_genesis_hide_footer_widgets":false,"_genesis_custom_body_class":"","_genesis_custom_post_class":"","_genesis_layout":"","ngg_post_thumbnail":0,"footnotes":""},"categories":[13,185,17],"tags":[74,75,1257,767,87,12,1199,1438,771,6,7,204,1505,770,88,106,220,768,1200,140,77,15,1636,302,1265,255,772,256,773,131,1427,1504,11,769,1264,162],"class_list":{"0":"post-16158","1":"post","2":"type-post","3":"status-publish","4":"format-standard","5":"has-post-thumbnail","7":"category-dtm","8":"category-motorsport","9":"category-sport","10":"tag-audi","11":"tag-bmw","12":"tag-bruno-spengler","13":"tag-curbs","14":"tag-deutsche-tourenwagen-masters","15":"tag-dtm","16":"tag-dtm-meister","17":"tag-dtm-meisterschaft-2018","18":"tag-dynamik","19":"tag-eberhard-krieger","20":"tag-eel-fotografie","21":"tag-eel-fotografie-bildagentur","22":"tag-gary-paffett","23":"tag-geschwindigkeit","24":"tag-hockenheim","25":"tag-itr","26":"tag-jamie-green","27":"tag-kurve","28":"tag-lucas-auer","29":"tag-marco-wittmann","30":"tag-mercedes","31":"tag-motorsport","32":"tag-nikon","33":"tag-pilot","34":"tag-rene-rast","35":"tag-rennauto","36":"tag-rennenstrecke","37":"tag-rennfahrer","38":"tag-rennfans","39":"tag-rennwagen","40":"tag-saison-2018","41":"tag-saisonfinale-2018","42":"tag-sportfoto-krieger","43":"tag-start-und-ziel","44":"tag-timo-glock","45":"tag-zuschauer","46":"entry"},"yoast_head":"<!-- This site is optimized with the Yoast SEO plugin v26.5 - https:\/\/yoast.com\/wordpress\/plugins\/seo\/ -->\n<title>DTM Saisonfinale 2018 - eel-fotografie<\/title>\n<meta name=\"description\" content=\"DTM Saisonfinale 2018 Hockenheim, Gary Paffet (Mercedes) hei\u00dft der DTM Champion 2018. Zweiter Platz Ren\u00e9 Rast (Audi). (25 Foto)\" \/>\n<meta name=\"robots\" content=\"index, follow, max-snippet:-1, max-image-preview:large, max-video-preview:-1\" \/>\n<link rel=\"canonical\" href=\"https:\/\/www.eel-fotografie.de\/wp2\/dtm-saisonfinale-2018\/\" \/>\n<meta name=\"twitter:label1\" content=\"Verfasst von\" \/>\n\t<meta name=\"twitter:data1\" content=\"admin\" \/>\n<script type=\"application\/ld+json\" class=\"yoast-schema-graph\">{\"@context\":\"https:\/\/schema.org\",\"@graph\":[{\"@type\":\"Article\",\"@id\":\"https:\/\/www.eel-fotografie.de\/wp2\/dtm-saisonfinale-2018\/#article\",\"isPartOf\":{\"@id\":\"https:\/\/www.eel-fotografie.de\/wp2\/dtm-saisonfinale-2018\/\"},\"author\":{\"name\":\"admin\",\"@id\":\"http:\/\/www.eel-fotografie.de\/wp2\/#\/schema\/person\/48b675d7a081d02af2929c3629214db0\"},\"headline\":\"DTM Saisonfinale 2018\",\"datePublished\":\"2018-10-15T15:47:55+00:00\",\"dateModified\":\"2022-05-24T18:06:20+00:00\",\"mainEntityOfPage\":{\"@id\":\"https:\/\/www.eel-fotografie.de\/wp2\/dtm-saisonfinale-2018\/\"},\"wordCount\":94,\"publisher\":{\"@id\":\"http:\/\/www.eel-fotografie.de\/wp2\/#organization\"},\"image\":{\"@id\":\"https:\/\/www.eel-fotografie.de\/wp2\/dtm-saisonfinale-2018\/#primaryimage\"},\"thumbnailUrl\":\"https:\/\/www.eel-fotografie.de\/wp2\/wp-content\/uploads\/ngg_featured\/DSC_8371.jpg\",\"keywords\":[\"Audi\",\"BMW\",\"Bruno Spengler\",\"Curbs\",\"Deutsche Tourenwagen Masters\",\"DTM\",\"DTM Meister\",\"DTM Meisterschaft 2018\",\"Dynamik\",\"Eberhard Krieger\",\"eel fotografie\",\"eel-fotografie bildagentur\",\"Gary Paffett\",\"Geschwindigkeit\",\"Hockenheim\",\"ITR\",\"Jamie Green\",\"Kurve\",\"Lucas Auer\",\"Marco Wittmann\",\"Mercedes\",\"Motorsport\",\"Nikon\",\"Pilot\",\"Rene Rast\",\"Rennauto\",\"Rennenstrecke\",\"Rennfahrer\",\"Rennfans\",\"Rennwagen\",\"Saison 2018\",\"Saisonfinale 2018\",\"sportfoto-krieger\",\"Start und Ziel\",\"Timo Glock\",\"Zuschauer\"],\"articleSection\":[\"DTM\",\"Motorsport\",\"Sport\"],\"inLanguage\":\"de\"},{\"@type\":\"WebPage\",\"@id\":\"https:\/\/www.eel-fotografie.de\/wp2\/dtm-saisonfinale-2018\/\",\"url\":\"https:\/\/www.eel-fotografie.de\/wp2\/dtm-saisonfinale-2018\/\",\"name\":\"DTM Saisonfinale 2018 - eel-fotografie\",\"isPartOf\":{\"@id\":\"http:\/\/www.eel-fotografie.de\/wp2\/#website\"},\"primaryImageOfPage\":{\"@id\":\"https:\/\/www.eel-fotografie.de\/wp2\/dtm-saisonfinale-2018\/#primaryimage\"},\"image\":{\"@id\":\"https:\/\/www.eel-fotografie.de\/wp2\/dtm-saisonfinale-2018\/#primaryimage\"},\"thumbnailUrl\":\"https:\/\/www.eel-fotografie.de\/wp2\/wp-content\/uploads\/ngg_featured\/DSC_8371.jpg\",\"datePublished\":\"2018-10-15T15:47:55+00:00\",\"dateModified\":\"2022-05-24T18:06:20+00:00\",\"description\":\"DTM Saisonfinale 2018 Hockenheim, Gary Paffet (Mercedes) hei\u00dft der DTM Champion 2018. Zweiter Platz Ren\u00e9 Rast (Audi). (25 Foto)\",\"breadcrumb\":{\"@id\":\"https:\/\/www.eel-fotografie.de\/wp2\/dtm-saisonfinale-2018\/#breadcrumb\"},\"inLanguage\":\"de\",\"potentialAction\":[{\"@type\":\"ReadAction\",\"target\":[\"https:\/\/www.eel-fotografie.de\/wp2\/dtm-saisonfinale-2018\/\"]}]},{\"@type\":\"ImageObject\",\"inLanguage\":\"de\",\"@id\":\"https:\/\/www.eel-fotografie.de\/wp2\/dtm-saisonfinale-2018\/#primaryimage\",\"url\":\"https:\/\/www.eel-fotografie.de\/wp2\/wp-content\/uploads\/ngg_featured\/DSC_8371.jpg\",\"contentUrl\":\"https:\/\/www.eel-fotografie.de\/wp2\/wp-content\/uploads\/ngg_featured\/DSC_8371.jpg\",\"width\":1024,\"height\":682},{\"@type\":\"BreadcrumbList\",\"@id\":\"https:\/\/www.eel-fotografie.de\/wp2\/dtm-saisonfinale-2018\/#breadcrumb\",\"itemListElement\":[{\"@type\":\"ListItem\",\"position\":1,\"name\":\"Home\",\"item\":\"http:\/\/www.eel-fotografie.de\/wp2\/\"},{\"@type\":\"ListItem\",\"position\":2,\"name\":\"DTM Saisonfinale 2018\"}]},{\"@type\":\"WebSite\",\"@id\":\"http:\/\/www.eel-fotografie.de\/wp2\/#website\",\"url\":\"http:\/\/www.eel-fotografie.de\/wp2\/\",\"name\":\"eel-fotografie\",\"description\":\"fotografie - bildagentur\",\"publisher\":{\"@id\":\"http:\/\/www.eel-fotografie.de\/wp2\/#organization\"},\"potentialAction\":[{\"@type\":\"SearchAction\",\"target\":{\"@type\":\"EntryPoint\",\"urlTemplate\":\"http:\/\/www.eel-fotografie.de\/wp2\/?s={search_term_string}\"},\"query-input\":{\"@type\":\"PropertyValueSpecification\",\"valueRequired\":true,\"valueName\":\"search_term_string\"}}],\"inLanguage\":\"de\"},{\"@type\":\"Organization\",\"@id\":\"http:\/\/www.eel-fotografie.de\/wp2\/#organization\",\"name\":\"eel-fotografie | fotografie - bildagentur\",\"url\":\"http:\/\/www.eel-fotografie.de\/wp2\/\",\"logo\":{\"@type\":\"ImageObject\",\"inLanguage\":\"de\",\"@id\":\"http:\/\/www.eel-fotografie.de\/wp2\/#\/schema\/logo\/image\/\",\"url\":\"http:\/\/www.eel-fotografie.de\/wp2\/wp-content\/uploads\/eel-fotografie_logo_2_500x250.png\",\"contentUrl\":\"http:\/\/www.eel-fotografie.de\/wp2\/wp-content\/uploads\/eel-fotografie_logo_2_500x250.png\",\"width\":500,\"height\":254,\"caption\":\"eel-fotografie | fotografie - bildagentur\"},\"image\":{\"@id\":\"http:\/\/www.eel-fotografie.de\/wp2\/#\/schema\/logo\/image\/\"},\"sameAs\":[\"https:\/\/www.instagram.com\/eelfotografie\/\"]},{\"@type\":\"Person\",\"@id\":\"http:\/\/www.eel-fotografie.de\/wp2\/#\/schema\/person\/48b675d7a081d02af2929c3629214db0\",\"name\":\"admin\",\"image\":{\"@type\":\"ImageObject\",\"inLanguage\":\"de\",\"@id\":\"http:\/\/www.eel-fotografie.de\/wp2\/#\/schema\/person\/image\/\",\"url\":\"https:\/\/secure.gravatar.com\/avatar\/0238886d5b298e452983f5d971ee0c60774f53da880f3705d3087707fa31096c?s=96&d=mm&r=g\",\"contentUrl\":\"https:\/\/secure.gravatar.com\/avatar\/0238886d5b298e452983f5d971ee0c60774f53da880f3705d3087707fa31096c?s=96&d=mm&r=g\",\"caption\":\"admin\"},\"description\":\"Head of eel-fotografie | fotografie-bildagentur\",\"sameAs\":[\"http:\/\/www.eel-fotografie.de\"],\"url\":\"https:\/\/www.eel-fotografie.de\/wp2\/author\/admin\/\"}]}<\/script>\n<!-- \/ Yoast SEO plugin. -->","yoast_head_json":{"title":"DTM Saisonfinale 2018 - eel-fotografie","description":"DTM Saisonfinale 2018 Hockenheim, Gary Paffet (Mercedes) hei\u00dft der DTM Champion 2018. Zweiter Platz Ren\u00e9 Rast (Audi). (25 Foto)","robots":{"index":"index","follow":"follow","max-snippet":"max-snippet:-1","max-image-preview":"max-image-preview:large","max-video-preview":"max-video-preview:-1"},"canonical":"https:\/\/www.eel-fotografie.de\/wp2\/dtm-saisonfinale-2018\/","twitter_misc":{"Verfasst von":"admin"},"schema":{"@context":"https:\/\/schema.org","@graph":[{"@type":"Article","@id":"https:\/\/www.eel-fotografie.de\/wp2\/dtm-saisonfinale-2018\/#article","isPartOf":{"@id":"https:\/\/www.eel-fotografie.de\/wp2\/dtm-saisonfinale-2018\/"},"author":{"name":"admin","@id":"http:\/\/www.eel-fotografie.de\/wp2\/#\/schema\/person\/48b675d7a081d02af2929c3629214db0"},"headline":"DTM Saisonfinale 2018","datePublished":"2018-10-15T15:47:55+00:00","dateModified":"2022-05-24T18:06:20+00:00","mainEntityOfPage":{"@id":"https:\/\/www.eel-fotografie.de\/wp2\/dtm-saisonfinale-2018\/"},"wordCount":94,"publisher":{"@id":"http:\/\/www.eel-fotografie.de\/wp2\/#organization"},"image":{"@id":"https:\/\/www.eel-fotografie.de\/wp2\/dtm-saisonfinale-2018\/#primaryimage"},"thumbnailUrl":"https:\/\/www.eel-fotografie.de\/wp2\/wp-content\/uploads\/ngg_featured\/DSC_8371.jpg","keywords":["Audi","BMW","Bruno Spengler","Curbs","Deutsche Tourenwagen Masters","DTM","DTM Meister","DTM Meisterschaft 2018","Dynamik","Eberhard Krieger","eel fotografie","eel-fotografie bildagentur","Gary Paffett","Geschwindigkeit","Hockenheim","ITR","Jamie Green","Kurve","Lucas Auer","Marco Wittmann","Mercedes","Motorsport","Nikon","Pilot","Rene Rast","Rennauto","Rennenstrecke","Rennfahrer","Rennfans","Rennwagen","Saison 2018","Saisonfinale 2018","sportfoto-krieger","Start und Ziel","Timo Glock","Zuschauer"],"articleSection":["DTM","Motorsport","Sport"],"inLanguage":"de"},{"@type":"WebPage","@id":"https:\/\/www.eel-fotografie.de\/wp2\/dtm-saisonfinale-2018\/","url":"https:\/\/www.eel-fotografie.de\/wp2\/dtm-saisonfinale-2018\/","name":"DTM Saisonfinale 2018 - eel-fotografie","isPartOf":{"@id":"http:\/\/www.eel-fotografie.de\/wp2\/#website"},"primaryImageOfPage":{"@id":"https:\/\/www.eel-fotografie.de\/wp2\/dtm-saisonfinale-2018\/#primaryimage"},"image":{"@id":"https:\/\/www.eel-fotografie.de\/wp2\/dtm-saisonfinale-2018\/#primaryimage"},"thumbnailUrl":"https:\/\/www.eel-fotografie.de\/wp2\/wp-content\/uploads\/ngg_featured\/DSC_8371.jpg","datePublished":"2018-10-15T15:47:55+00:00","dateModified":"2022-05-24T18:06:20+00:00","description":"DTM Saisonfinale 2018 Hockenheim, Gary Paffet (Mercedes) hei\u00dft der DTM Champion 2018. Zweiter Platz Ren\u00e9 Rast (Audi). (25 Foto)","breadcrumb":{"@id":"https:\/\/www.eel-fotografie.de\/wp2\/dtm-saisonfinale-2018\/#breadcrumb"},"inLanguage":"de","potentialAction":[{"@type":"ReadAction","target":["https:\/\/www.eel-fotografie.de\/wp2\/dtm-saisonfinale-2018\/"]}]},{"@type":"ImageObject","inLanguage":"de","@id":"https:\/\/www.eel-fotografie.de\/wp2\/dtm-saisonfinale-2018\/#primaryimage","url":"https:\/\/www.eel-fotografie.de\/wp2\/wp-content\/uploads\/ngg_featured\/DSC_8371.jpg","contentUrl":"https:\/\/www.eel-fotografie.de\/wp2\/wp-content\/uploads\/ngg_featured\/DSC_8371.jpg","width":1024,"height":682},{"@type":"BreadcrumbList","@id":"https:\/\/www.eel-fotografie.de\/wp2\/dtm-saisonfinale-2018\/#breadcrumb","itemListElement":[{"@type":"ListItem","position":1,"name":"Home","item":"http:\/\/www.eel-fotografie.de\/wp2\/"},{"@type":"ListItem","position":2,"name":"DTM Saisonfinale 2018"}]},{"@type":"WebSite","@id":"http:\/\/www.eel-fotografie.de\/wp2\/#website","url":"http:\/\/www.eel-fotografie.de\/wp2\/","name":"eel-fotografie","description":"fotografie - bildagentur","publisher":{"@id":"http:\/\/www.eel-fotografie.de\/wp2\/#organization"},"potentialAction":[{"@type":"SearchAction","target":{"@type":"EntryPoint","urlTemplate":"http:\/\/www.eel-fotografie.de\/wp2\/?s={search_term_string}"},"query-input":{"@type":"PropertyValueSpecification","valueRequired":true,"valueName":"search_term_string"}}],"inLanguage":"de"},{"@type":"Organization","@id":"http:\/\/www.eel-fotografie.de\/wp2\/#organization","name":"eel-fotografie | fotografie - bildagentur","url":"http:\/\/www.eel-fotografie.de\/wp2\/","logo":{"@type":"ImageObject","inLanguage":"de","@id":"http:\/\/www.eel-fotografie.de\/wp2\/#\/schema\/logo\/image\/","url":"http:\/\/www.eel-fotografie.de\/wp2\/wp-content\/uploads\/eel-fotografie_logo_2_500x250.png","contentUrl":"http:\/\/www.eel-fotografie.de\/wp2\/wp-content\/uploads\/eel-fotografie_logo_2_500x250.png","width":500,"height":254,"caption":"eel-fotografie | fotografie - bildagentur"},"image":{"@id":"http:\/\/www.eel-fotografie.de\/wp2\/#\/schema\/logo\/image\/"},"sameAs":["https:\/\/www.instagram.com\/eelfotografie\/"]},{"@type":"Person","@id":"http:\/\/www.eel-fotografie.de\/wp2\/#\/schema\/person\/48b675d7a081d02af2929c3629214db0","name":"admin","image":{"@type":"ImageObject","inLanguage":"de","@id":"http:\/\/www.eel-fotografie.de\/wp2\/#\/schema\/person\/image\/","url":"https:\/\/secure.gravatar.com\/avatar\/0238886d5b298e452983f5d971ee0c60774f53da880f3705d3087707fa31096c?s=96&d=mm&r=g","contentUrl":"https:\/\/secure.gravatar.com\/avatar\/0238886d5b298e452983f5d971ee0c60774f53da880f3705d3087707fa31096c?s=96&d=mm&r=g","caption":"admin"},"description":"Head of eel-fotografie | fotografie-bildagentur","sameAs":["http:\/\/www.eel-fotografie.de"],"url":"https:\/\/www.eel-fotografie.de\/wp2\/author\/admin\/"}]}},"_links":{"self":[{"href":"https:\/\/www.eel-fotografie.de\/wp2\/wp-json\/wp\/v2\/posts\/16158","targetHints":{"allow":["GET"]}}],"collection":[{"href":"https:\/\/www.eel-fotografie.de\/wp2\/wp-json\/wp\/v2\/posts"}],"about":[{"href":"https:\/\/www.eel-fotografie.de\/wp2\/wp-json\/wp\/v2\/types\/post"}],"author":[{"embeddable":true,"href":"https:\/\/www.eel-fotografie.de\/wp2\/wp-json\/wp\/v2\/users\/1"}],"replies":[{"embeddable":true,"href":"https:\/\/www.eel-fotografie.de\/wp2\/wp-json\/wp\/v2\/comments?post=16158"}],"version-history":[{"count":0,"href":"https:\/\/www.eel-fotografie.de\/wp2\/wp-json\/wp\/v2\/posts\/16158\/revisions"}],"wp:featuredmedia":[{"embeddable":true,"href":"https:\/\/www.eel-fotografie.de\/wp2\/wp-json\/wp\/v2\/media\/16165"}],"wp:attachment":[{"href":"https:\/\/www.eel-fotografie.de\/wp2\/wp-json\/wp\/v2\/media?parent=16158"}],"wp:term":[{"taxonomy":"category","embeddable":true,"href":"https:\/\/www.eel-fotografie.de\/wp2\/wp-json\/wp\/v2\/categories?post=16158"},{"taxonomy":"post_tag","embeddable":true,"href":"https:\/\/www.eel-fotografie.de\/wp2\/wp-json\/wp\/v2\/tags?post=16158"}],"curies":[{"name":"wp","href":"https:\/\/api.w.org\/{rel}","templated":true}]}}