{"id":16368,"date":"2018-12-18T18:35:49","date_gmt":"2018-12-18T17:35:49","guid":{"rendered":"http:\/\/www.eel-fotografie.de\/wp2\/?p=16368"},"modified":"2022-05-24T20:08:28","modified_gmt":"2022-05-24T18:08:28","slug":"12-x-12-2018","status":"publish","type":"post","link":"https:\/\/www.eel-fotografie.de\/wp2\/12-x-12-2018\/","title":{"rendered":"12 x 12, 2018"},"content":{"rendered":"\nngg_shortcode_0_placeholder\n\n\n\n<p>12 x 12, 2018. 12 Monate, 12 Fotos. F\u00fcr jeden Monat ein Foto. Ein &#8222;Best of 2018&#8220; f\u00fcr das Jahr 2018. Subjektiv, unvollst\u00e4ndig, unreflektiert&#8230;..<a href=\"http:\/\/www.eel-fotografie.de\/wp2\/12-x-12-12-monate-12-fotos-2018\/\">Klick!<\/a><\/p>\n\n\n\n<p>(Auch zu finden unter &#8222;Spezial&#8220;)<br><\/p>\n","protected":false},"excerpt":{"rendered":"<p>12 x 12, 2018. 12 Monate, 12 Fotos. F\u00fcr jeden Monat ein Foto. Ein &#8222;Best of 2018&#8220; f\u00fcr das Jahr 2018. Subjektiv, unvollst\u00e4ndig, unreflektiert&#8230;..Klick! (Auch zu finden unter &#8222;Spezial&#8220;)<\/p>\n","protected":false},"author":1,"featured_media":16385,"comment_status":"closed","ping_status":"closed","sticky":false,"template":"","format":"standard","meta":{"_genesis_hide_title":false,"_genesis_hide_breadcrumbs":false,"_genesis_hide_singular_image":false,"_genesis_hide_footer_widgets":false,"_genesis_custom_body_class":"","_genesis_custom_post_class":"","_genesis_layout":"","ngg_post_thumbnail":0,"footnotes":""},"categories":[1],"tags":[1526,1529,1494,1517,1298,1527,1528,35,1525,767,101,36,771,6,7,19,1266,157,921,10,22,770,1193,768,1303,15,1636,302,255,772,256,773,131,1427,1301,133,1302,16,11,769,1299,1300,1297,1194,1267,162],"class_list":{"0":"post-16368","1":"post","2":"type-post","3":"status-publish","4":"format-standard","5":"has-post-thumbnail","7":"category-allgemein","8":"tag-12x12","9":"tag-12x12-2018","10":"tag-1494","11":"tag-abu-dhabi-gp","12":"tag-ball","13":"tag-best-of","14":"tag-best-of-2018","15":"tag-bundesliga","16":"tag-bundesligasaison-2018","17":"tag-curbs","18":"tag-dfb","19":"tag-dfl","20":"tag-dynamik","21":"tag-eberhard-krieger","22":"tag-eel-fotografie","23":"tag-eintracht-frankfurt","24":"tag-fia-formel-1","25":"tag-formel-1","26":"tag-formula-one","27":"tag-foto-krieger","28":"tag-fussball","29":"tag-geschwindigkeit","30":"tag-hamilton","31":"tag-kurve","32":"tag-mannschaft","33":"tag-motorsport","34":"tag-nikon","35":"tag-pilot","36":"tag-rennauto","37":"tag-rennenstrecke","38":"tag-rennfahrer","39":"tag-rennfans","40":"tag-rennwagen","41":"tag-saison-2018","42":"tag-schiedsrichter","43":"tag-sge","44":"tag-spieler","45":"tag-sport","46":"tag-sportfoto-krieger","47":"tag-start-und-ziel","48":"tag-tor","49":"tag-torschuss","50":"tag-trikot","51":"tag-vettel","52":"tag-weltmeisterschaft","53":"tag-zuschauer","54":"entry"},"yoast_head":"<!-- This site is optimized with the Yoast SEO plugin v26.5 - https:\/\/yoast.com\/wordpress\/plugins\/seo\/ -->\n<title>12 x 12, 2018 - eel-fotografie<\/title>\n<meta name=\"description\" content=\"12 x 12, 2018. 12 Monate, 12 Fotos. F\u00fcr jeden Monat ein Foto. Ein &quot;Best of 2018&quot; f\u00fcr das Jahr 2018. (12 Fotos)\" \/>\n<meta name=\"robots\" content=\"index, follow, max-snippet:-1, max-image-preview:large, max-video-preview:-1\" \/>\n<link rel=\"canonical\" href=\"https:\/\/www.eel-fotografie.de\/wp2\/12-x-12-2018\/\" \/>\n<meta name=\"twitter:label1\" content=\"Verfasst von\" \/>\n\t<meta name=\"twitter:data1\" content=\"admin\" \/>\n<script type=\"application\/ld+json\" class=\"yoast-schema-graph\">{\"@context\":\"https:\/\/schema.org\",\"@graph\":[{\"@type\":\"Article\",\"@id\":\"https:\/\/www.eel-fotografie.de\/wp2\/12-x-12-2018\/#article\",\"isPartOf\":{\"@id\":\"https:\/\/www.eel-fotografie.de\/wp2\/12-x-12-2018\/\"},\"author\":{\"name\":\"admin\",\"@id\":\"http:\/\/www.eel-fotografie.de\/wp2\/#\/schema\/person\/48b675d7a081d02af2929c3629214db0\"},\"headline\":\"12 x 12, 2018\",\"datePublished\":\"2018-12-18T17:35:49+00:00\",\"dateModified\":\"2022-05-24T18:08:28+00:00\",\"mainEntityOfPage\":{\"@id\":\"https:\/\/www.eel-fotografie.de\/wp2\/12-x-12-2018\/\"},\"wordCount\":35,\"publisher\":{\"@id\":\"http:\/\/www.eel-fotografie.de\/wp2\/#organization\"},\"image\":{\"@id\":\"https:\/\/www.eel-fotografie.de\/wp2\/12-x-12-2018\/#primaryimage\"},\"thumbnailUrl\":\"https:\/\/www.eel-fotografie.de\/wp2\/wp-content\/uploads\/Teaser-e1545159214797.jpg\",\"keywords\":[\"12x12\",\"12x12 2018\",\"2018\",\"Abu Dhabi GP\",\"Ball\",\"Best of\",\"Best of 2018\",\"Bundesliga\",\"Bundesligasaison 2018\",\"Curbs\",\"DFB\",\"DFL\",\"Dynamik\",\"Eberhard Krieger\",\"eel fotografie\",\"Eintracht Frankfurt\",\"FIA Formel 1\",\"Formel 1\",\"Formula One\",\"foto-krieger\",\"Fussball\",\"Geschwindigkeit\",\"Hamilton\",\"Kurve\",\"Mannschaft\",\"Motorsport\",\"Nikon\",\"Pilot\",\"Rennauto\",\"Rennenstrecke\",\"Rennfahrer\",\"Rennfans\",\"Rennwagen\",\"Saison 2018\",\"Schiedsrichter\",\"SGE\",\"Spieler\",\"Sport\",\"sportfoto-krieger\",\"Start und Ziel\",\"Tor\",\"Torschuss\",\"Trikot\",\"Vettel\",\"Weltmeisterschaft\",\"Zuschauer\"],\"inLanguage\":\"de\"},{\"@type\":\"WebPage\",\"@id\":\"https:\/\/www.eel-fotografie.de\/wp2\/12-x-12-2018\/\",\"url\":\"https:\/\/www.eel-fotografie.de\/wp2\/12-x-12-2018\/\",\"name\":\"12 x 12, 2018 - eel-fotografie\",\"isPartOf\":{\"@id\":\"http:\/\/www.eel-fotografie.de\/wp2\/#website\"},\"primaryImageOfPage\":{\"@id\":\"https:\/\/www.eel-fotografie.de\/wp2\/12-x-12-2018\/#primaryimage\"},\"image\":{\"@id\":\"https:\/\/www.eel-fotografie.de\/wp2\/12-x-12-2018\/#primaryimage\"},\"thumbnailUrl\":\"https:\/\/www.eel-fotografie.de\/wp2\/wp-content\/uploads\/Teaser-e1545159214797.jpg\",\"datePublished\":\"2018-12-18T17:35:49+00:00\",\"dateModified\":\"2022-05-24T18:08:28+00:00\",\"description\":\"12 x 12, 2018. 12 Monate, 12 Fotos. F\u00fcr jeden Monat ein Foto. Ein \\\"Best of 2018\\\" f\u00fcr das Jahr 2018. (12 Fotos)\",\"breadcrumb\":{\"@id\":\"https:\/\/www.eel-fotografie.de\/wp2\/12-x-12-2018\/#breadcrumb\"},\"inLanguage\":\"de\",\"potentialAction\":[{\"@type\":\"ReadAction\",\"target\":[\"https:\/\/www.eel-fotografie.de\/wp2\/12-x-12-2018\/\"]}]},{\"@type\":\"ImageObject\",\"inLanguage\":\"de\",\"@id\":\"https:\/\/www.eel-fotografie.de\/wp2\/12-x-12-2018\/#primaryimage\",\"url\":\"https:\/\/www.eel-fotografie.de\/wp2\/wp-content\/uploads\/Teaser-e1545159214797.jpg\",\"contentUrl\":\"https:\/\/www.eel-fotografie.de\/wp2\/wp-content\/uploads\/Teaser-e1545159214797.jpg\",\"width\":1024,\"height\":481,\"caption\":\"12 x 12, Best of 2018\"},{\"@type\":\"BreadcrumbList\",\"@id\":\"https:\/\/www.eel-fotografie.de\/wp2\/12-x-12-2018\/#breadcrumb\",\"itemListElement\":[{\"@type\":\"ListItem\",\"position\":1,\"name\":\"Home\",\"item\":\"http:\/\/www.eel-fotografie.de\/wp2\/\"},{\"@type\":\"ListItem\",\"position\":2,\"name\":\"12 x 12, 2018\"}]},{\"@type\":\"WebSite\",\"@id\":\"http:\/\/www.eel-fotografie.de\/wp2\/#website\",\"url\":\"http:\/\/www.eel-fotografie.de\/wp2\/\",\"name\":\"eel-fotografie\",\"description\":\"fotografie - bildagentur\",\"publisher\":{\"@id\":\"http:\/\/www.eel-fotografie.de\/wp2\/#organization\"},\"potentialAction\":[{\"@type\":\"SearchAction\",\"target\":{\"@type\":\"EntryPoint\",\"urlTemplate\":\"http:\/\/www.eel-fotografie.de\/wp2\/?s={search_term_string}\"},\"query-input\":{\"@type\":\"PropertyValueSpecification\",\"valueRequired\":true,\"valueName\":\"search_term_string\"}}],\"inLanguage\":\"de\"},{\"@type\":\"Organization\",\"@id\":\"http:\/\/www.eel-fotografie.de\/wp2\/#organization\",\"name\":\"eel-fotografie | fotografie - bildagentur\",\"url\":\"http:\/\/www.eel-fotografie.de\/wp2\/\",\"logo\":{\"@type\":\"ImageObject\",\"inLanguage\":\"de\",\"@id\":\"http:\/\/www.eel-fotografie.de\/wp2\/#\/schema\/logo\/image\/\",\"url\":\"http:\/\/www.eel-fotografie.de\/wp2\/wp-content\/uploads\/eel-fotografie_logo_2_500x250.png\",\"contentUrl\":\"http:\/\/www.eel-fotografie.de\/wp2\/wp-content\/uploads\/eel-fotografie_logo_2_500x250.png\",\"width\":500,\"height\":254,\"caption\":\"eel-fotografie | fotografie - bildagentur\"},\"image\":{\"@id\":\"http:\/\/www.eel-fotografie.de\/wp2\/#\/schema\/logo\/image\/\"},\"sameAs\":[\"https:\/\/www.instagram.com\/eelfotografie\/\"]},{\"@type\":\"Person\",\"@id\":\"http:\/\/www.eel-fotografie.de\/wp2\/#\/schema\/person\/48b675d7a081d02af2929c3629214db0\",\"name\":\"admin\",\"image\":{\"@type\":\"ImageObject\",\"inLanguage\":\"de\",\"@id\":\"http:\/\/www.eel-fotografie.de\/wp2\/#\/schema\/person\/image\/\",\"url\":\"https:\/\/secure.gravatar.com\/avatar\/0238886d5b298e452983f5d971ee0c60774f53da880f3705d3087707fa31096c?s=96&d=mm&r=g\",\"contentUrl\":\"https:\/\/secure.gravatar.com\/avatar\/0238886d5b298e452983f5d971ee0c60774f53da880f3705d3087707fa31096c?s=96&d=mm&r=g\",\"caption\":\"admin\"},\"description\":\"Head of eel-fotografie | fotografie-bildagentur\",\"sameAs\":[\"http:\/\/www.eel-fotografie.de\"],\"url\":\"https:\/\/www.eel-fotografie.de\/wp2\/author\/admin\/\"}]}<\/script>\n<!-- \/ Yoast SEO plugin. -->","yoast_head_json":{"title":"12 x 12, 2018 - eel-fotografie","description":"12 x 12, 2018. 12 Monate, 12 Fotos. F\u00fcr jeden Monat ein Foto. Ein \"Best of 2018\" f\u00fcr das Jahr 2018. (12 Fotos)","robots":{"index":"index","follow":"follow","max-snippet":"max-snippet:-1","max-image-preview":"max-image-preview:large","max-video-preview":"max-video-preview:-1"},"canonical":"https:\/\/www.eel-fotografie.de\/wp2\/12-x-12-2018\/","twitter_misc":{"Verfasst von":"admin"},"schema":{"@context":"https:\/\/schema.org","@graph":[{"@type":"Article","@id":"https:\/\/www.eel-fotografie.de\/wp2\/12-x-12-2018\/#article","isPartOf":{"@id":"https:\/\/www.eel-fotografie.de\/wp2\/12-x-12-2018\/"},"author":{"name":"admin","@id":"http:\/\/www.eel-fotografie.de\/wp2\/#\/schema\/person\/48b675d7a081d02af2929c3629214db0"},"headline":"12 x 12, 2018","datePublished":"2018-12-18T17:35:49+00:00","dateModified":"2022-05-24T18:08:28+00:00","mainEntityOfPage":{"@id":"https:\/\/www.eel-fotografie.de\/wp2\/12-x-12-2018\/"},"wordCount":35,"publisher":{"@id":"http:\/\/www.eel-fotografie.de\/wp2\/#organization"},"image":{"@id":"https:\/\/www.eel-fotografie.de\/wp2\/12-x-12-2018\/#primaryimage"},"thumbnailUrl":"https:\/\/www.eel-fotografie.de\/wp2\/wp-content\/uploads\/Teaser-e1545159214797.jpg","keywords":["12x12","12x12 2018","2018","Abu Dhabi GP","Ball","Best of","Best of 2018","Bundesliga","Bundesligasaison 2018","Curbs","DFB","DFL","Dynamik","Eberhard Krieger","eel fotografie","Eintracht Frankfurt","FIA Formel 1","Formel 1","Formula One","foto-krieger","Fussball","Geschwindigkeit","Hamilton","Kurve","Mannschaft","Motorsport","Nikon","Pilot","Rennauto","Rennenstrecke","Rennfahrer","Rennfans","Rennwagen","Saison 2018","Schiedsrichter","SGE","Spieler","Sport","sportfoto-krieger","Start und Ziel","Tor","Torschuss","Trikot","Vettel","Weltmeisterschaft","Zuschauer"],"inLanguage":"de"},{"@type":"WebPage","@id":"https:\/\/www.eel-fotografie.de\/wp2\/12-x-12-2018\/","url":"https:\/\/www.eel-fotografie.de\/wp2\/12-x-12-2018\/","name":"12 x 12, 2018 - eel-fotografie","isPartOf":{"@id":"http:\/\/www.eel-fotografie.de\/wp2\/#website"},"primaryImageOfPage":{"@id":"https:\/\/www.eel-fotografie.de\/wp2\/12-x-12-2018\/#primaryimage"},"image":{"@id":"https:\/\/www.eel-fotografie.de\/wp2\/12-x-12-2018\/#primaryimage"},"thumbnailUrl":"https:\/\/www.eel-fotografie.de\/wp2\/wp-content\/uploads\/Teaser-e1545159214797.jpg","datePublished":"2018-12-18T17:35:49+00:00","dateModified":"2022-05-24T18:08:28+00:00","description":"12 x 12, 2018. 12 Monate, 12 Fotos. F\u00fcr jeden Monat ein Foto. Ein \"Best of 2018\" f\u00fcr das Jahr 2018. (12 Fotos)","breadcrumb":{"@id":"https:\/\/www.eel-fotografie.de\/wp2\/12-x-12-2018\/#breadcrumb"},"inLanguage":"de","potentialAction":[{"@type":"ReadAction","target":["https:\/\/www.eel-fotografie.de\/wp2\/12-x-12-2018\/"]}]},{"@type":"ImageObject","inLanguage":"de","@id":"https:\/\/www.eel-fotografie.de\/wp2\/12-x-12-2018\/#primaryimage","url":"https:\/\/www.eel-fotografie.de\/wp2\/wp-content\/uploads\/Teaser-e1545159214797.jpg","contentUrl":"https:\/\/www.eel-fotografie.de\/wp2\/wp-content\/uploads\/Teaser-e1545159214797.jpg","width":1024,"height":481,"caption":"12 x 12, Best of 2018"},{"@type":"BreadcrumbList","@id":"https:\/\/www.eel-fotografie.de\/wp2\/12-x-12-2018\/#breadcrumb","itemListElement":[{"@type":"ListItem","position":1,"name":"Home","item":"http:\/\/www.eel-fotografie.de\/wp2\/"},{"@type":"ListItem","position":2,"name":"12 x 12, 2018"}]},{"@type":"WebSite","@id":"http:\/\/www.eel-fotografie.de\/wp2\/#website","url":"http:\/\/www.eel-fotografie.de\/wp2\/","name":"eel-fotografie","description":"fotografie - bildagentur","publisher":{"@id":"http:\/\/www.eel-fotografie.de\/wp2\/#organization"},"potentialAction":[{"@type":"SearchAction","target":{"@type":"EntryPoint","urlTemplate":"http:\/\/www.eel-fotografie.de\/wp2\/?s={search_term_string}"},"query-input":{"@type":"PropertyValueSpecification","valueRequired":true,"valueName":"search_term_string"}}],"inLanguage":"de"},{"@type":"Organization","@id":"http:\/\/www.eel-fotografie.de\/wp2\/#organization","name":"eel-fotografie | fotografie - bildagentur","url":"http:\/\/www.eel-fotografie.de\/wp2\/","logo":{"@type":"ImageObject","inLanguage":"de","@id":"http:\/\/www.eel-fotografie.de\/wp2\/#\/schema\/logo\/image\/","url":"http:\/\/www.eel-fotografie.de\/wp2\/wp-content\/uploads\/eel-fotografie_logo_2_500x250.png","contentUrl":"http:\/\/www.eel-fotografie.de\/wp2\/wp-content\/uploads\/eel-fotografie_logo_2_500x250.png","width":500,"height":254,"caption":"eel-fotografie | fotografie - bildagentur"},"image":{"@id":"http:\/\/www.eel-fotografie.de\/wp2\/#\/schema\/logo\/image\/"},"sameAs":["https:\/\/www.instagram.com\/eelfotografie\/"]},{"@type":"Person","@id":"http:\/\/www.eel-fotografie.de\/wp2\/#\/schema\/person\/48b675d7a081d02af2929c3629214db0","name":"admin","image":{"@type":"ImageObject","inLanguage":"de","@id":"http:\/\/www.eel-fotografie.de\/wp2\/#\/schema\/person\/image\/","url":"https:\/\/secure.gravatar.com\/avatar\/0238886d5b298e452983f5d971ee0c60774f53da880f3705d3087707fa31096c?s=96&d=mm&r=g","contentUrl":"https:\/\/secure.gravatar.com\/avatar\/0238886d5b298e452983f5d971ee0c60774f53da880f3705d3087707fa31096c?s=96&d=mm&r=g","caption":"admin"},"description":"Head of eel-fotografie | fotografie-bildagentur","sameAs":["http:\/\/www.eel-fotografie.de"],"url":"https:\/\/www.eel-fotografie.de\/wp2\/author\/admin\/"}]}},"_links":{"self":[{"href":"https:\/\/www.eel-fotografie.de\/wp2\/wp-json\/wp\/v2\/posts\/16368","targetHints":{"allow":["GET"]}}],"collection":[{"href":"https:\/\/www.eel-fotografie.de\/wp2\/wp-json\/wp\/v2\/posts"}],"about":[{"href":"https:\/\/www.eel-fotografie.de\/wp2\/wp-json\/wp\/v2\/types\/post"}],"author":[{"embeddable":true,"href":"https:\/\/www.eel-fotografie.de\/wp2\/wp-json\/wp\/v2\/users\/1"}],"replies":[{"embeddable":true,"href":"https:\/\/www.eel-fotografie.de\/wp2\/wp-json\/wp\/v2\/comments?post=16368"}],"version-history":[{"count":0,"href":"https:\/\/www.eel-fotografie.de\/wp2\/wp-json\/wp\/v2\/posts\/16368\/revisions"}],"wp:featuredmedia":[{"embeddable":true,"href":"https:\/\/www.eel-fotografie.de\/wp2\/wp-json\/wp\/v2\/media\/16385"}],"wp:attachment":[{"href":"https:\/\/www.eel-fotografie.de\/wp2\/wp-json\/wp\/v2\/media?parent=16368"}],"wp:term":[{"taxonomy":"category","embeddable":true,"href":"https:\/\/www.eel-fotografie.de\/wp2\/wp-json\/wp\/v2\/categories?post=16368"},{"taxonomy":"post_tag","embeddable":true,"href":"https:\/\/www.eel-fotografie.de\/wp2\/wp-json\/wp\/v2\/tags?post=16368"}],"curies":[{"name":"wp","href":"https:\/\/api.w.org\/{rel}","templated":true}]}}