{"id":16952,"date":"2019-04-15T19:00:11","date_gmt":"2019-04-15T17:00:11","guid":{"rendered":"http:\/\/www.eel-fotografie.de\/wp2\/?p=16952"},"modified":"2022-05-24T20:09:27","modified_gmt":"2022-05-24T18:09:27","slug":"eintracht-frankfurt-fc-augsburg-13","status":"publish","type":"post","link":"https:\/\/www.eel-fotografie.de\/wp2\/eintracht-frankfurt-fc-augsburg-13\/","title":{"rendered":"Eintracht Frankfurt &#8211; FC Augsburg 1:3"},"content":{"rendered":"\nngg_shortcode_0_placeholder\n\n\n\n<p style=\"text-align:justify\">&#8222;Niederlage gegen Augsburg&#8220;, oder &#8222;Ein Tag zum Vergessen&#8220; titelt die Frankfurter Rundschau.  Eintracht Frankfurt, am Donnerstag in der Europa League noch \u00fcberschw\u00e4nglich f\u00fcr ihren Kampf gegen Benfica Lissabon gelobt, hat erstmals wieder in diesem Jahr in der Liga, nicht unverdient, 1:3 (1:2) gegen eine spielerisch erstaunlich  starke und selbstbewusst auftretende Mannschaft des FC Augsburg verloren. Es war die erste Niederlage nach elf erfolgreichen Spielen in der Bundesliga. <\/p>\n\n\n\nngg_shortcode_1_placeholder\n\n\n\n<p><\/p>\n\n\n\n<p><a rel=\"noopener noreferrer\" href=\"https:\/\/www.fr.de\/eintracht-frankfurt\/fotostrecke-eintracht-verliert-gegen-augsburg-12192925.html\" target=\"_blank\"><i class=\"fas fa-angle-double-right\"><\/i> FR Fotostrecke zum Spiel<\/a><\/p>\n\n\n\n<p>(17 Fotos)<\/p>\n","protected":false},"excerpt":{"rendered":"<p>&#8222;Niederlage gegen Augsburg&#8220;, oder &#8222;Ein Tag zum Vergessen&#8220; titelt die Frankfurter Rundschau. Eintracht Frankfurt, am Donnerstag in der Europa League noch \u00fcberschw\u00e4nglich f\u00fcr ihren Kampf gegen Benfica Lissabon gelobt, hat erstmals wieder in diesem Jahr in der Liga, nicht unverdient, 1:3 (1:2) gegen eine spielerisch erstaunlich starke und selbstbewusst auftretende Mannschaft des FC Augsburg verloren. [&hellip;]<\/p>\n","protected":false},"author":1,"featured_media":16978,"comment_status":"closed","ping_status":"closed","sticky":false,"template":"","format":"standard","meta":{"_genesis_hide_title":false,"_genesis_hide_breadcrumbs":false,"_genesis_hide_singular_image":false,"_genesis_hide_footer_widgets":false,"_genesis_custom_body_class":"","_genesis_custom_post_class":"","_genesis_layout":"","ngg_post_thumbnail":5251,"footnotes":""},"categories":[23,17],"tags":[1298,35,1501,101,36,6,7,19,46,10,22,1303,1636,1301,133,1302,16,11,1299,1300,1297],"class_list":{"0":"post-16952","1":"post","2":"type-post","3":"status-publish","4":"format-standard","5":"has-post-thumbnail","7":"category-fussball","8":"category-sport","9":"tag-ball","10":"tag-bundesliga","11":"tag-bundesligasaison-2018-2019","12":"tag-dfb","13":"tag-dfl","14":"tag-eberhard-krieger","15":"tag-eel-fotografie","16":"tag-eintracht-frankfurt","17":"tag-fc-augsburg","18":"tag-foto-krieger","19":"tag-fussball","20":"tag-mannschaft","21":"tag-nikon","22":"tag-schiedsrichter","23":"tag-sge","24":"tag-spieler","25":"tag-sport","26":"tag-sportfoto-krieger","27":"tag-tor","28":"tag-torschuss","29":"tag-trikot","30":"entry"},"yoast_head":"<!-- This site is optimized with the Yoast SEO plugin v26.5 - https:\/\/yoast.com\/wordpress\/plugins\/seo\/ -->\n<title>Eintracht Frankfurt - FC Augsburg 1:3 - eel-fotografie<\/title>\n<meta name=\"description\" content=\"Eintracht Frankfurt - FC Augsburg 1:3. Es war die erste Niederlage f\u00fcr Frankfurt nach elf erfolgreichen Spielen in der Bundesliga. (17 Fotos)\" \/>\n<meta name=\"robots\" content=\"index, follow, max-snippet:-1, max-image-preview:large, max-video-preview:-1\" \/>\n<link rel=\"canonical\" href=\"https:\/\/www.eel-fotografie.de\/wp2\/eintracht-frankfurt-fc-augsburg-13\/\" \/>\n<meta name=\"twitter:label1\" content=\"Verfasst von\" \/>\n\t<meta name=\"twitter:data1\" content=\"admin\" \/>\n<script type=\"application\/ld+json\" class=\"yoast-schema-graph\">{\"@context\":\"https:\/\/schema.org\",\"@graph\":[{\"@type\":\"Article\",\"@id\":\"https:\/\/www.eel-fotografie.de\/wp2\/eintracht-frankfurt-fc-augsburg-13\/#article\",\"isPartOf\":{\"@id\":\"https:\/\/www.eel-fotografie.de\/wp2\/eintracht-frankfurt-fc-augsburg-13\/\"},\"author\":{\"name\":\"admin\",\"@id\":\"http:\/\/www.eel-fotografie.de\/wp2\/#\/schema\/person\/48b675d7a081d02af2929c3629214db0\"},\"headline\":\"Eintracht Frankfurt &#8211; FC Augsburg 1:3\",\"datePublished\":\"2019-04-15T17:00:11+00:00\",\"dateModified\":\"2022-05-24T18:09:27+00:00\",\"mainEntityOfPage\":{\"@id\":\"https:\/\/www.eel-fotografie.de\/wp2\/eintracht-frankfurt-fc-augsburg-13\/\"},\"wordCount\":98,\"publisher\":{\"@id\":\"http:\/\/www.eel-fotografie.de\/wp2\/#organization\"},\"image\":{\"@id\":\"https:\/\/www.eel-fotografie.de\/wp2\/eintracht-frankfurt-fc-augsburg-13\/#primaryimage\"},\"thumbnailUrl\":\"https:\/\/www.eel-fotografie.de\/wp2\/wp-content\/uploads\/DSC_8324.jpg\",\"keywords\":[\"Ball\",\"Bundesliga\",\"Bundesligasaison 2018\/2019\",\"DFB\",\"DFL\",\"Eberhard Krieger\",\"eel fotografie\",\"Eintracht Frankfurt\",\"FC Augsburg\",\"foto-krieger\",\"Fussball\",\"Mannschaft\",\"Nikon\",\"Schiedsrichter\",\"SGE\",\"Spieler\",\"Sport\",\"sportfoto-krieger\",\"Tor\",\"Torschuss\",\"Trikot\"],\"articleSection\":[\"Fussball\",\"Sport\"],\"inLanguage\":\"de\"},{\"@type\":\"WebPage\",\"@id\":\"https:\/\/www.eel-fotografie.de\/wp2\/eintracht-frankfurt-fc-augsburg-13\/\",\"url\":\"https:\/\/www.eel-fotografie.de\/wp2\/eintracht-frankfurt-fc-augsburg-13\/\",\"name\":\"Eintracht Frankfurt - FC Augsburg 1:3 - eel-fotografie\",\"isPartOf\":{\"@id\":\"http:\/\/www.eel-fotografie.de\/wp2\/#website\"},\"primaryImageOfPage\":{\"@id\":\"https:\/\/www.eel-fotografie.de\/wp2\/eintracht-frankfurt-fc-augsburg-13\/#primaryimage\"},\"image\":{\"@id\":\"https:\/\/www.eel-fotografie.de\/wp2\/eintracht-frankfurt-fc-augsburg-13\/#primaryimage\"},\"thumbnailUrl\":\"https:\/\/www.eel-fotografie.de\/wp2\/wp-content\/uploads\/DSC_8324.jpg\",\"datePublished\":\"2019-04-15T17:00:11+00:00\",\"dateModified\":\"2022-05-24T18:09:27+00:00\",\"description\":\"Eintracht Frankfurt - FC Augsburg 1:3. Es war die erste Niederlage f\u00fcr Frankfurt nach elf erfolgreichen Spielen in der Bundesliga. (17 Fotos)\",\"breadcrumb\":{\"@id\":\"https:\/\/www.eel-fotografie.de\/wp2\/eintracht-frankfurt-fc-augsburg-13\/#breadcrumb\"},\"inLanguage\":\"de\",\"potentialAction\":[{\"@type\":\"ReadAction\",\"target\":[\"https:\/\/www.eel-fotografie.de\/wp2\/eintracht-frankfurt-fc-augsburg-13\/\"]}]},{\"@type\":\"ImageObject\",\"inLanguage\":\"de\",\"@id\":\"https:\/\/www.eel-fotografie.de\/wp2\/eintracht-frankfurt-fc-augsburg-13\/#primaryimage\",\"url\":\"https:\/\/www.eel-fotografie.de\/wp2\/wp-content\/uploads\/DSC_8324.jpg\",\"contentUrl\":\"https:\/\/www.eel-fotografie.de\/wp2\/wp-content\/uploads\/DSC_8324.jpg\",\"width\":1024,\"height\":681},{\"@type\":\"BreadcrumbList\",\"@id\":\"https:\/\/www.eel-fotografie.de\/wp2\/eintracht-frankfurt-fc-augsburg-13\/#breadcrumb\",\"itemListElement\":[{\"@type\":\"ListItem\",\"position\":1,\"name\":\"Home\",\"item\":\"http:\/\/www.eel-fotografie.de\/wp2\/\"},{\"@type\":\"ListItem\",\"position\":2,\"name\":\"Eintracht Frankfurt &#8211; FC Augsburg 1:3\"}]},{\"@type\":\"WebSite\",\"@id\":\"http:\/\/www.eel-fotografie.de\/wp2\/#website\",\"url\":\"http:\/\/www.eel-fotografie.de\/wp2\/\",\"name\":\"eel-fotografie\",\"description\":\"fotografie - bildagentur\",\"publisher\":{\"@id\":\"http:\/\/www.eel-fotografie.de\/wp2\/#organization\"},\"potentialAction\":[{\"@type\":\"SearchAction\",\"target\":{\"@type\":\"EntryPoint\",\"urlTemplate\":\"http:\/\/www.eel-fotografie.de\/wp2\/?s={search_term_string}\"},\"query-input\":{\"@type\":\"PropertyValueSpecification\",\"valueRequired\":true,\"valueName\":\"search_term_string\"}}],\"inLanguage\":\"de\"},{\"@type\":\"Organization\",\"@id\":\"http:\/\/www.eel-fotografie.de\/wp2\/#organization\",\"name\":\"eel-fotografie | fotografie - bildagentur\",\"url\":\"http:\/\/www.eel-fotografie.de\/wp2\/\",\"logo\":{\"@type\":\"ImageObject\",\"inLanguage\":\"de\",\"@id\":\"http:\/\/www.eel-fotografie.de\/wp2\/#\/schema\/logo\/image\/\",\"url\":\"http:\/\/www.eel-fotografie.de\/wp2\/wp-content\/uploads\/eel-fotografie_logo_2_500x250.png\",\"contentUrl\":\"http:\/\/www.eel-fotografie.de\/wp2\/wp-content\/uploads\/eel-fotografie_logo_2_500x250.png\",\"width\":500,\"height\":254,\"caption\":\"eel-fotografie | fotografie - bildagentur\"},\"image\":{\"@id\":\"http:\/\/www.eel-fotografie.de\/wp2\/#\/schema\/logo\/image\/\"},\"sameAs\":[\"https:\/\/www.instagram.com\/eelfotografie\/\"]},{\"@type\":\"Person\",\"@id\":\"http:\/\/www.eel-fotografie.de\/wp2\/#\/schema\/person\/48b675d7a081d02af2929c3629214db0\",\"name\":\"admin\",\"image\":{\"@type\":\"ImageObject\",\"inLanguage\":\"de\",\"@id\":\"http:\/\/www.eel-fotografie.de\/wp2\/#\/schema\/person\/image\/\",\"url\":\"https:\/\/secure.gravatar.com\/avatar\/0238886d5b298e452983f5d971ee0c60774f53da880f3705d3087707fa31096c?s=96&d=mm&r=g\",\"contentUrl\":\"https:\/\/secure.gravatar.com\/avatar\/0238886d5b298e452983f5d971ee0c60774f53da880f3705d3087707fa31096c?s=96&d=mm&r=g\",\"caption\":\"admin\"},\"description\":\"Head of eel-fotografie | fotografie-bildagentur\",\"sameAs\":[\"http:\/\/www.eel-fotografie.de\"],\"url\":\"https:\/\/www.eel-fotografie.de\/wp2\/author\/admin\/\"}]}<\/script>\n<!-- \/ Yoast SEO plugin. -->","yoast_head_json":{"title":"Eintracht Frankfurt - FC Augsburg 1:3 - eel-fotografie","description":"Eintracht Frankfurt - FC Augsburg 1:3. Es war die erste Niederlage f\u00fcr Frankfurt nach elf erfolgreichen Spielen in der Bundesliga. (17 Fotos)","robots":{"index":"index","follow":"follow","max-snippet":"max-snippet:-1","max-image-preview":"max-image-preview:large","max-video-preview":"max-video-preview:-1"},"canonical":"https:\/\/www.eel-fotografie.de\/wp2\/eintracht-frankfurt-fc-augsburg-13\/","twitter_misc":{"Verfasst von":"admin"},"schema":{"@context":"https:\/\/schema.org","@graph":[{"@type":"Article","@id":"https:\/\/www.eel-fotografie.de\/wp2\/eintracht-frankfurt-fc-augsburg-13\/#article","isPartOf":{"@id":"https:\/\/www.eel-fotografie.de\/wp2\/eintracht-frankfurt-fc-augsburg-13\/"},"author":{"name":"admin","@id":"http:\/\/www.eel-fotografie.de\/wp2\/#\/schema\/person\/48b675d7a081d02af2929c3629214db0"},"headline":"Eintracht Frankfurt &#8211; FC Augsburg 1:3","datePublished":"2019-04-15T17:00:11+00:00","dateModified":"2022-05-24T18:09:27+00:00","mainEntityOfPage":{"@id":"https:\/\/www.eel-fotografie.de\/wp2\/eintracht-frankfurt-fc-augsburg-13\/"},"wordCount":98,"publisher":{"@id":"http:\/\/www.eel-fotografie.de\/wp2\/#organization"},"image":{"@id":"https:\/\/www.eel-fotografie.de\/wp2\/eintracht-frankfurt-fc-augsburg-13\/#primaryimage"},"thumbnailUrl":"https:\/\/www.eel-fotografie.de\/wp2\/wp-content\/uploads\/DSC_8324.jpg","keywords":["Ball","Bundesliga","Bundesligasaison 2018\/2019","DFB","DFL","Eberhard Krieger","eel fotografie","Eintracht Frankfurt","FC Augsburg","foto-krieger","Fussball","Mannschaft","Nikon","Schiedsrichter","SGE","Spieler","Sport","sportfoto-krieger","Tor","Torschuss","Trikot"],"articleSection":["Fussball","Sport"],"inLanguage":"de"},{"@type":"WebPage","@id":"https:\/\/www.eel-fotografie.de\/wp2\/eintracht-frankfurt-fc-augsburg-13\/","url":"https:\/\/www.eel-fotografie.de\/wp2\/eintracht-frankfurt-fc-augsburg-13\/","name":"Eintracht Frankfurt - FC Augsburg 1:3 - eel-fotografie","isPartOf":{"@id":"http:\/\/www.eel-fotografie.de\/wp2\/#website"},"primaryImageOfPage":{"@id":"https:\/\/www.eel-fotografie.de\/wp2\/eintracht-frankfurt-fc-augsburg-13\/#primaryimage"},"image":{"@id":"https:\/\/www.eel-fotografie.de\/wp2\/eintracht-frankfurt-fc-augsburg-13\/#primaryimage"},"thumbnailUrl":"https:\/\/www.eel-fotografie.de\/wp2\/wp-content\/uploads\/DSC_8324.jpg","datePublished":"2019-04-15T17:00:11+00:00","dateModified":"2022-05-24T18:09:27+00:00","description":"Eintracht Frankfurt - FC Augsburg 1:3. Es war die erste Niederlage f\u00fcr Frankfurt nach elf erfolgreichen Spielen in der Bundesliga. (17 Fotos)","breadcrumb":{"@id":"https:\/\/www.eel-fotografie.de\/wp2\/eintracht-frankfurt-fc-augsburg-13\/#breadcrumb"},"inLanguage":"de","potentialAction":[{"@type":"ReadAction","target":["https:\/\/www.eel-fotografie.de\/wp2\/eintracht-frankfurt-fc-augsburg-13\/"]}]},{"@type":"ImageObject","inLanguage":"de","@id":"https:\/\/www.eel-fotografie.de\/wp2\/eintracht-frankfurt-fc-augsburg-13\/#primaryimage","url":"https:\/\/www.eel-fotografie.de\/wp2\/wp-content\/uploads\/DSC_8324.jpg","contentUrl":"https:\/\/www.eel-fotografie.de\/wp2\/wp-content\/uploads\/DSC_8324.jpg","width":1024,"height":681},{"@type":"BreadcrumbList","@id":"https:\/\/www.eel-fotografie.de\/wp2\/eintracht-frankfurt-fc-augsburg-13\/#breadcrumb","itemListElement":[{"@type":"ListItem","position":1,"name":"Home","item":"http:\/\/www.eel-fotografie.de\/wp2\/"},{"@type":"ListItem","position":2,"name":"Eintracht Frankfurt &#8211; FC Augsburg 1:3"}]},{"@type":"WebSite","@id":"http:\/\/www.eel-fotografie.de\/wp2\/#website","url":"http:\/\/www.eel-fotografie.de\/wp2\/","name":"eel-fotografie","description":"fotografie - bildagentur","publisher":{"@id":"http:\/\/www.eel-fotografie.de\/wp2\/#organization"},"potentialAction":[{"@type":"SearchAction","target":{"@type":"EntryPoint","urlTemplate":"http:\/\/www.eel-fotografie.de\/wp2\/?s={search_term_string}"},"query-input":{"@type":"PropertyValueSpecification","valueRequired":true,"valueName":"search_term_string"}}],"inLanguage":"de"},{"@type":"Organization","@id":"http:\/\/www.eel-fotografie.de\/wp2\/#organization","name":"eel-fotografie | fotografie - bildagentur","url":"http:\/\/www.eel-fotografie.de\/wp2\/","logo":{"@type":"ImageObject","inLanguage":"de","@id":"http:\/\/www.eel-fotografie.de\/wp2\/#\/schema\/logo\/image\/","url":"http:\/\/www.eel-fotografie.de\/wp2\/wp-content\/uploads\/eel-fotografie_logo_2_500x250.png","contentUrl":"http:\/\/www.eel-fotografie.de\/wp2\/wp-content\/uploads\/eel-fotografie_logo_2_500x250.png","width":500,"height":254,"caption":"eel-fotografie | fotografie - bildagentur"},"image":{"@id":"http:\/\/www.eel-fotografie.de\/wp2\/#\/schema\/logo\/image\/"},"sameAs":["https:\/\/www.instagram.com\/eelfotografie\/"]},{"@type":"Person","@id":"http:\/\/www.eel-fotografie.de\/wp2\/#\/schema\/person\/48b675d7a081d02af2929c3629214db0","name":"admin","image":{"@type":"ImageObject","inLanguage":"de","@id":"http:\/\/www.eel-fotografie.de\/wp2\/#\/schema\/person\/image\/","url":"https:\/\/secure.gravatar.com\/avatar\/0238886d5b298e452983f5d971ee0c60774f53da880f3705d3087707fa31096c?s=96&d=mm&r=g","contentUrl":"https:\/\/secure.gravatar.com\/avatar\/0238886d5b298e452983f5d971ee0c60774f53da880f3705d3087707fa31096c?s=96&d=mm&r=g","caption":"admin"},"description":"Head of eel-fotografie | fotografie-bildagentur","sameAs":["http:\/\/www.eel-fotografie.de"],"url":"https:\/\/www.eel-fotografie.de\/wp2\/author\/admin\/"}]}},"_links":{"self":[{"href":"https:\/\/www.eel-fotografie.de\/wp2\/wp-json\/wp\/v2\/posts\/16952","targetHints":{"allow":["GET"]}}],"collection":[{"href":"https:\/\/www.eel-fotografie.de\/wp2\/wp-json\/wp\/v2\/posts"}],"about":[{"href":"https:\/\/www.eel-fotografie.de\/wp2\/wp-json\/wp\/v2\/types\/post"}],"author":[{"embeddable":true,"href":"https:\/\/www.eel-fotografie.de\/wp2\/wp-json\/wp\/v2\/users\/1"}],"replies":[{"embeddable":true,"href":"https:\/\/www.eel-fotografie.de\/wp2\/wp-json\/wp\/v2\/comments?post=16952"}],"version-history":[{"count":0,"href":"https:\/\/www.eel-fotografie.de\/wp2\/wp-json\/wp\/v2\/posts\/16952\/revisions"}],"wp:featuredmedia":[{"embeddable":true,"href":"https:\/\/www.eel-fotografie.de\/wp2\/wp-json\/wp\/v2\/media\/16978"}],"wp:attachment":[{"href":"https:\/\/www.eel-fotografie.de\/wp2\/wp-json\/wp\/v2\/media?parent=16952"}],"wp:term":[{"taxonomy":"category","embeddable":true,"href":"https:\/\/www.eel-fotografie.de\/wp2\/wp-json\/wp\/v2\/categories?post=16952"},{"taxonomy":"post_tag","embeddable":true,"href":"https:\/\/www.eel-fotografie.de\/wp2\/wp-json\/wp\/v2\/tags?post=16952"}],"curies":[{"name":"wp","href":"https:\/\/api.w.org\/{rel}","templated":true}]}}