{"id":17793,"date":"2019-12-29T17:34:25","date_gmt":"2019-12-29T16:34:25","guid":{"rendered":"http:\/\/www.eel-fotografie.de\/wp2\/?p=17793"},"modified":"2022-05-24T19:47:30","modified_gmt":"2022-05-24T17:47:30","slug":"12-x-12-2019","status":"publish","type":"post","link":"https:\/\/www.eel-fotografie.de\/wp2\/12-x-12-2019\/","title":{"rendered":"12 x 12, 2019"},"content":{"rendered":"\nngg_shortcode_0_placeholder\n\n\n\n<p> 12 x 12, 2019. 12 Monate, 12 Fotos. F\u00fcr jeden Monat ein Foto. Ein &#8222;Best  of 2019&#8220; f\u00fcr das Jahr 2019. Subjektiv, unvollst\u00e4ndig, unreflektiert&#8230;.. <a href=\"http:\/\/www.eel-fotografie.de\/wp2\/12-x-12-12-monate-12-fotos-2019\/\">Klick!<\/a><\/p>\n\n\n\nngg_shortcode_1_placeholder\n\n\n\n<p> (Auch zu finden unter &#8222;Spezial&#8220;) <\/p>\n","protected":false},"excerpt":{"rendered":"<p>12 x 12, 2019. 12 Monate, 12 Fotos. F\u00fcr jeden Monat ein Foto. Ein &#8222;Best of 2019&#8220; f\u00fcr das Jahr 2019. Subjektiv, unvollst\u00e4ndig, unreflektiert&#8230;.. Klick! (Auch zu finden unter &#8222;Spezial&#8220;)<\/p>\n","protected":false},"author":1,"featured_media":17794,"comment_status":"closed","ping_status":"closed","sticky":false,"template":"","format":"standard","meta":{"_genesis_hide_title":false,"_genesis_hide_breadcrumbs":false,"_genesis_hide_singular_image":false,"_genesis_hide_footer_widgets":false,"_genesis_custom_body_class":"","_genesis_custom_post_class":"","_genesis_layout":"","ngg_post_thumbnail":0,"footnotes":""},"categories":[1],"tags":[1526,1632,1630,1517,1298,1527,1631,1634,35,1629,767,101,36,771,6,7,19,1266,157,921,10,22,770,1193,768,1303,15,1636,1635,302,255,772,256,773,131,1550,1301,133,1302,16,11,96,769,1299,1300,1297,1633,1194,1267,162],"class_list":{"0":"post-17793","1":"post","2":"type-post","3":"status-publish","4":"format-standard","5":"has-post-thumbnail","7":"category-allgemein","8":"tag-12x12","9":"tag-12x12-2019","10":"tag-1630","11":"tag-abu-dhabi-gp","12":"tag-ball","13":"tag-best-of","14":"tag-best-of-2019","15":"tag-best-picture","16":"tag-bundesliga","17":"tag-bundesligasaison-2019","18":"tag-curbs","19":"tag-dfb","20":"tag-dfl","21":"tag-dynamik","22":"tag-eberhard-krieger","23":"tag-eel-fotografie","24":"tag-eintracht-frankfurt","25":"tag-fia-formel-1","26":"tag-formel-1","27":"tag-formula-one","28":"tag-foto-krieger","29":"tag-fussball","30":"tag-geschwindigkeit","31":"tag-hamilton","32":"tag-kurve","33":"tag-mannschaft","34":"tag-motorsport","35":"tag-nikon","36":"tag-picture-of-the-year","37":"tag-pilot","38":"tag-rennauto","39":"tag-rennenstrecke","40":"tag-rennfahrer","41":"tag-rennfans","42":"tag-rennwagen","43":"tag-saison-2019","44":"tag-schiedsrichter","45":"tag-sge","46":"tag-spieler","47":"tag-sport","48":"tag-sportfoto-krieger","49":"tag-sportfotografie","50":"tag-start-und-ziel","51":"tag-tor","52":"tag-torschuss","53":"tag-trikot","54":"tag-verstappen","55":"tag-vettel","56":"tag-weltmeisterschaft","57":"tag-zuschauer","58":"entry"},"yoast_head":"<!-- This site is optimized with the Yoast SEO plugin v26.5 - https:\/\/yoast.com\/wordpress\/plugins\/seo\/ -->\n<title>12 x 12, 2019 - eel-fotografie<\/title>\n<meta name=\"description\" content=\"12 x 12, 2019. 12 Monate, 12 Fotos. F\u00fcr jeden Monat ein Foto. Ein &quot;Best of 2019&quot; f\u00fcr das Jahr 2019. Subjektiv, unvollst\u00e4ndig, unreflektiert.....\" \/>\n<meta name=\"robots\" content=\"index, follow, max-snippet:-1, max-image-preview:large, max-video-preview:-1\" \/>\n<link rel=\"canonical\" href=\"http:\/\/www.eel-fotografie.de\/wp2\/12-x-12-2019\/\" \/>\n<meta name=\"twitter:label1\" content=\"Verfasst von\" \/>\n\t<meta name=\"twitter:data1\" content=\"admin\" \/>\n<script type=\"application\/ld+json\" class=\"yoast-schema-graph\">{\"@context\":\"https:\/\/schema.org\",\"@graph\":[{\"@type\":\"Article\",\"@id\":\"http:\/\/www.eel-fotografie.de\/wp2\/12-x-12-2019\/#article\",\"isPartOf\":{\"@id\":\"http:\/\/www.eel-fotografie.de\/wp2\/12-x-12-2019\/\"},\"author\":{\"name\":\"admin\",\"@id\":\"https:\/\/www.eel-fotografie.de\/wp2\/#\/schema\/person\/48b675d7a081d02af2929c3629214db0\"},\"headline\":\"12 x 12, 2019\",\"datePublished\":\"2019-12-29T16:34:25+00:00\",\"dateModified\":\"2022-05-24T17:47:30+00:00\",\"mainEntityOfPage\":{\"@id\":\"http:\/\/www.eel-fotografie.de\/wp2\/12-x-12-2019\/\"},\"wordCount\":43,\"publisher\":{\"@id\":\"https:\/\/www.eel-fotografie.de\/wp2\/#organization\"},\"image\":{\"@id\":\"http:\/\/www.eel-fotografie.de\/wp2\/12-x-12-2019\/#primaryimage\"},\"thumbnailUrl\":\"https:\/\/www.eel-fotografie.de\/wp2\/wp-content\/uploads\/3_Teaser.jpg\",\"keywords\":[\"12x12\",\"12x12 2019\",\"2019\",\"Abu Dhabi GP\",\"Ball\",\"Best of\",\"Best of 2019\",\"best picture\",\"Bundesliga\",\"Bundesligasaison 2019\",\"Curbs\",\"DFB\",\"DFL\",\"Dynamik\",\"Eberhard Krieger\",\"eel fotografie\",\"Eintracht Frankfurt\",\"FIA Formel 1\",\"Formel 1\",\"Formula One\",\"foto-krieger\",\"Fussball\",\"Geschwindigkeit\",\"Hamilton\",\"Kurve\",\"Mannschaft\",\"Motorsport\",\"Nikon\",\"picture of the year\",\"Pilot\",\"Rennauto\",\"Rennenstrecke\",\"Rennfahrer\",\"Rennfans\",\"Rennwagen\",\"Saison 2019\",\"Schiedsrichter\",\"SGE\",\"Spieler\",\"Sport\",\"sportfoto-krieger\",\"Sportfotografie\",\"Start und Ziel\",\"Tor\",\"Torschuss\",\"Trikot\",\"Verstappen\",\"Vettel\",\"Weltmeisterschaft\",\"Zuschauer\"],\"inLanguage\":\"de\"},{\"@type\":\"WebPage\",\"@id\":\"http:\/\/www.eel-fotografie.de\/wp2\/12-x-12-2019\/\",\"url\":\"http:\/\/www.eel-fotografie.de\/wp2\/12-x-12-2019\/\",\"name\":\"12 x 12, 2019 - eel-fotografie\",\"isPartOf\":{\"@id\":\"https:\/\/www.eel-fotografie.de\/wp2\/#website\"},\"primaryImageOfPage\":{\"@id\":\"http:\/\/www.eel-fotografie.de\/wp2\/12-x-12-2019\/#primaryimage\"},\"image\":{\"@id\":\"http:\/\/www.eel-fotografie.de\/wp2\/12-x-12-2019\/#primaryimage\"},\"thumbnailUrl\":\"https:\/\/www.eel-fotografie.de\/wp2\/wp-content\/uploads\/3_Teaser.jpg\",\"datePublished\":\"2019-12-29T16:34:25+00:00\",\"dateModified\":\"2022-05-24T17:47:30+00:00\",\"description\":\"12 x 12, 2019. 12 Monate, 12 Fotos. F\u00fcr jeden Monat ein Foto. Ein \\\"Best of 2019\\\" f\u00fcr das Jahr 2019. Subjektiv, unvollst\u00e4ndig, unreflektiert.....\",\"breadcrumb\":{\"@id\":\"http:\/\/www.eel-fotografie.de\/wp2\/12-x-12-2019\/#breadcrumb\"},\"inLanguage\":\"de\",\"potentialAction\":[{\"@type\":\"ReadAction\",\"target\":[\"http:\/\/www.eel-fotografie.de\/wp2\/12-x-12-2019\/\"]}]},{\"@type\":\"ImageObject\",\"inLanguage\":\"de\",\"@id\":\"http:\/\/www.eel-fotografie.de\/wp2\/12-x-12-2019\/#primaryimage\",\"url\":\"https:\/\/www.eel-fotografie.de\/wp2\/wp-content\/uploads\/3_Teaser.jpg\",\"contentUrl\":\"https:\/\/www.eel-fotografie.de\/wp2\/wp-content\/uploads\/3_Teaser.jpg\",\"width\":1024,\"height\":481,\"caption\":\"12 x 12, Best of 2019\"},{\"@type\":\"BreadcrumbList\",\"@id\":\"http:\/\/www.eel-fotografie.de\/wp2\/12-x-12-2019\/#breadcrumb\",\"itemListElement\":[{\"@type\":\"ListItem\",\"position\":1,\"name\":\"Home\",\"item\":\"https:\/\/www.eel-fotografie.de\/wp2\/\"},{\"@type\":\"ListItem\",\"position\":2,\"name\":\"12 x 12, 2019\"}]},{\"@type\":\"WebSite\",\"@id\":\"https:\/\/www.eel-fotografie.de\/wp2\/#website\",\"url\":\"https:\/\/www.eel-fotografie.de\/wp2\/\",\"name\":\"eel-fotografie\",\"description\":\"fotografie - bildagentur\",\"publisher\":{\"@id\":\"https:\/\/www.eel-fotografie.de\/wp2\/#organization\"},\"potentialAction\":[{\"@type\":\"SearchAction\",\"target\":{\"@type\":\"EntryPoint\",\"urlTemplate\":\"https:\/\/www.eel-fotografie.de\/wp2\/?s={search_term_string}\"},\"query-input\":{\"@type\":\"PropertyValueSpecification\",\"valueRequired\":true,\"valueName\":\"search_term_string\"}}],\"inLanguage\":\"de\"},{\"@type\":\"Organization\",\"@id\":\"https:\/\/www.eel-fotografie.de\/wp2\/#organization\",\"name\":\"eel-fotografie | fotografie - bildagentur\",\"url\":\"https:\/\/www.eel-fotografie.de\/wp2\/\",\"logo\":{\"@type\":\"ImageObject\",\"inLanguage\":\"de\",\"@id\":\"https:\/\/www.eel-fotografie.de\/wp2\/#\/schema\/logo\/image\/\",\"url\":\"http:\/\/www.eel-fotografie.de\/wp2\/wp-content\/uploads\/eel-fotografie_logo_2_500x250.png\",\"contentUrl\":\"http:\/\/www.eel-fotografie.de\/wp2\/wp-content\/uploads\/eel-fotografie_logo_2_500x250.png\",\"width\":500,\"height\":254,\"caption\":\"eel-fotografie | fotografie - bildagentur\"},\"image\":{\"@id\":\"https:\/\/www.eel-fotografie.de\/wp2\/#\/schema\/logo\/image\/\"},\"sameAs\":[\"https:\/\/www.instagram.com\/eelfotografie\/\"]},{\"@type\":\"Person\",\"@id\":\"https:\/\/www.eel-fotografie.de\/wp2\/#\/schema\/person\/48b675d7a081d02af2929c3629214db0\",\"name\":\"admin\",\"image\":{\"@type\":\"ImageObject\",\"inLanguage\":\"de\",\"@id\":\"https:\/\/www.eel-fotografie.de\/wp2\/#\/schema\/person\/image\/\",\"url\":\"https:\/\/secure.gravatar.com\/avatar\/0238886d5b298e452983f5d971ee0c60774f53da880f3705d3087707fa31096c?s=96&d=mm&r=g\",\"contentUrl\":\"https:\/\/secure.gravatar.com\/avatar\/0238886d5b298e452983f5d971ee0c60774f53da880f3705d3087707fa31096c?s=96&d=mm&r=g\",\"caption\":\"admin\"},\"description\":\"Head of eel-fotografie | fotografie-bildagentur\",\"sameAs\":[\"http:\/\/www.eel-fotografie.de\"],\"url\":\"https:\/\/www.eel-fotografie.de\/wp2\/author\/admin\/\"}]}<\/script>\n<!-- \/ Yoast SEO plugin. -->","yoast_head_json":{"title":"12 x 12, 2019 - eel-fotografie","description":"12 x 12, 2019. 12 Monate, 12 Fotos. F\u00fcr jeden Monat ein Foto. Ein \"Best of 2019\" f\u00fcr das Jahr 2019. Subjektiv, unvollst\u00e4ndig, unreflektiert.....","robots":{"index":"index","follow":"follow","max-snippet":"max-snippet:-1","max-image-preview":"max-image-preview:large","max-video-preview":"max-video-preview:-1"},"canonical":"http:\/\/www.eel-fotografie.de\/wp2\/12-x-12-2019\/","twitter_misc":{"Verfasst von":"admin"},"schema":{"@context":"https:\/\/schema.org","@graph":[{"@type":"Article","@id":"http:\/\/www.eel-fotografie.de\/wp2\/12-x-12-2019\/#article","isPartOf":{"@id":"http:\/\/www.eel-fotografie.de\/wp2\/12-x-12-2019\/"},"author":{"name":"admin","@id":"https:\/\/www.eel-fotografie.de\/wp2\/#\/schema\/person\/48b675d7a081d02af2929c3629214db0"},"headline":"12 x 12, 2019","datePublished":"2019-12-29T16:34:25+00:00","dateModified":"2022-05-24T17:47:30+00:00","mainEntityOfPage":{"@id":"http:\/\/www.eel-fotografie.de\/wp2\/12-x-12-2019\/"},"wordCount":43,"publisher":{"@id":"https:\/\/www.eel-fotografie.de\/wp2\/#organization"},"image":{"@id":"http:\/\/www.eel-fotografie.de\/wp2\/12-x-12-2019\/#primaryimage"},"thumbnailUrl":"https:\/\/www.eel-fotografie.de\/wp2\/wp-content\/uploads\/3_Teaser.jpg","keywords":["12x12","12x12 2019","2019","Abu Dhabi GP","Ball","Best of","Best of 2019","best picture","Bundesliga","Bundesligasaison 2019","Curbs","DFB","DFL","Dynamik","Eberhard Krieger","eel fotografie","Eintracht Frankfurt","FIA Formel 1","Formel 1","Formula One","foto-krieger","Fussball","Geschwindigkeit","Hamilton","Kurve","Mannschaft","Motorsport","Nikon","picture of the year","Pilot","Rennauto","Rennenstrecke","Rennfahrer","Rennfans","Rennwagen","Saison 2019","Schiedsrichter","SGE","Spieler","Sport","sportfoto-krieger","Sportfotografie","Start und Ziel","Tor","Torschuss","Trikot","Verstappen","Vettel","Weltmeisterschaft","Zuschauer"],"inLanguage":"de"},{"@type":"WebPage","@id":"http:\/\/www.eel-fotografie.de\/wp2\/12-x-12-2019\/","url":"http:\/\/www.eel-fotografie.de\/wp2\/12-x-12-2019\/","name":"12 x 12, 2019 - eel-fotografie","isPartOf":{"@id":"https:\/\/www.eel-fotografie.de\/wp2\/#website"},"primaryImageOfPage":{"@id":"http:\/\/www.eel-fotografie.de\/wp2\/12-x-12-2019\/#primaryimage"},"image":{"@id":"http:\/\/www.eel-fotografie.de\/wp2\/12-x-12-2019\/#primaryimage"},"thumbnailUrl":"https:\/\/www.eel-fotografie.de\/wp2\/wp-content\/uploads\/3_Teaser.jpg","datePublished":"2019-12-29T16:34:25+00:00","dateModified":"2022-05-24T17:47:30+00:00","description":"12 x 12, 2019. 12 Monate, 12 Fotos. F\u00fcr jeden Monat ein Foto. Ein \"Best of 2019\" f\u00fcr das Jahr 2019. Subjektiv, unvollst\u00e4ndig, unreflektiert.....","breadcrumb":{"@id":"http:\/\/www.eel-fotografie.de\/wp2\/12-x-12-2019\/#breadcrumb"},"inLanguage":"de","potentialAction":[{"@type":"ReadAction","target":["http:\/\/www.eel-fotografie.de\/wp2\/12-x-12-2019\/"]}]},{"@type":"ImageObject","inLanguage":"de","@id":"http:\/\/www.eel-fotografie.de\/wp2\/12-x-12-2019\/#primaryimage","url":"https:\/\/www.eel-fotografie.de\/wp2\/wp-content\/uploads\/3_Teaser.jpg","contentUrl":"https:\/\/www.eel-fotografie.de\/wp2\/wp-content\/uploads\/3_Teaser.jpg","width":1024,"height":481,"caption":"12 x 12, Best of 2019"},{"@type":"BreadcrumbList","@id":"http:\/\/www.eel-fotografie.de\/wp2\/12-x-12-2019\/#breadcrumb","itemListElement":[{"@type":"ListItem","position":1,"name":"Home","item":"https:\/\/www.eel-fotografie.de\/wp2\/"},{"@type":"ListItem","position":2,"name":"12 x 12, 2019"}]},{"@type":"WebSite","@id":"https:\/\/www.eel-fotografie.de\/wp2\/#website","url":"https:\/\/www.eel-fotografie.de\/wp2\/","name":"eel-fotografie","description":"fotografie - bildagentur","publisher":{"@id":"https:\/\/www.eel-fotografie.de\/wp2\/#organization"},"potentialAction":[{"@type":"SearchAction","target":{"@type":"EntryPoint","urlTemplate":"https:\/\/www.eel-fotografie.de\/wp2\/?s={search_term_string}"},"query-input":{"@type":"PropertyValueSpecification","valueRequired":true,"valueName":"search_term_string"}}],"inLanguage":"de"},{"@type":"Organization","@id":"https:\/\/www.eel-fotografie.de\/wp2\/#organization","name":"eel-fotografie | fotografie - bildagentur","url":"https:\/\/www.eel-fotografie.de\/wp2\/","logo":{"@type":"ImageObject","inLanguage":"de","@id":"https:\/\/www.eel-fotografie.de\/wp2\/#\/schema\/logo\/image\/","url":"http:\/\/www.eel-fotografie.de\/wp2\/wp-content\/uploads\/eel-fotografie_logo_2_500x250.png","contentUrl":"http:\/\/www.eel-fotografie.de\/wp2\/wp-content\/uploads\/eel-fotografie_logo_2_500x250.png","width":500,"height":254,"caption":"eel-fotografie | fotografie - bildagentur"},"image":{"@id":"https:\/\/www.eel-fotografie.de\/wp2\/#\/schema\/logo\/image\/"},"sameAs":["https:\/\/www.instagram.com\/eelfotografie\/"]},{"@type":"Person","@id":"https:\/\/www.eel-fotografie.de\/wp2\/#\/schema\/person\/48b675d7a081d02af2929c3629214db0","name":"admin","image":{"@type":"ImageObject","inLanguage":"de","@id":"https:\/\/www.eel-fotografie.de\/wp2\/#\/schema\/person\/image\/","url":"https:\/\/secure.gravatar.com\/avatar\/0238886d5b298e452983f5d971ee0c60774f53da880f3705d3087707fa31096c?s=96&d=mm&r=g","contentUrl":"https:\/\/secure.gravatar.com\/avatar\/0238886d5b298e452983f5d971ee0c60774f53da880f3705d3087707fa31096c?s=96&d=mm&r=g","caption":"admin"},"description":"Head of eel-fotografie | fotografie-bildagentur","sameAs":["http:\/\/www.eel-fotografie.de"],"url":"https:\/\/www.eel-fotografie.de\/wp2\/author\/admin\/"}]}},"_links":{"self":[{"href":"https:\/\/www.eel-fotografie.de\/wp2\/wp-json\/wp\/v2\/posts\/17793","targetHints":{"allow":["GET"]}}],"collection":[{"href":"https:\/\/www.eel-fotografie.de\/wp2\/wp-json\/wp\/v2\/posts"}],"about":[{"href":"https:\/\/www.eel-fotografie.de\/wp2\/wp-json\/wp\/v2\/types\/post"}],"author":[{"embeddable":true,"href":"https:\/\/www.eel-fotografie.de\/wp2\/wp-json\/wp\/v2\/users\/1"}],"replies":[{"embeddable":true,"href":"https:\/\/www.eel-fotografie.de\/wp2\/wp-json\/wp\/v2\/comments?post=17793"}],"version-history":[{"count":0,"href":"https:\/\/www.eel-fotografie.de\/wp2\/wp-json\/wp\/v2\/posts\/17793\/revisions"}],"wp:featuredmedia":[{"embeddable":true,"href":"https:\/\/www.eel-fotografie.de\/wp2\/wp-json\/wp\/v2\/media\/17794"}],"wp:attachment":[{"href":"https:\/\/www.eel-fotografie.de\/wp2\/wp-json\/wp\/v2\/media?parent=17793"}],"wp:term":[{"taxonomy":"category","embeddable":true,"href":"https:\/\/www.eel-fotografie.de\/wp2\/wp-json\/wp\/v2\/categories?post=17793"},{"taxonomy":"post_tag","embeddable":true,"href":"https:\/\/www.eel-fotografie.de\/wp2\/wp-json\/wp\/v2\/tags?post=17793"}],"curies":[{"name":"wp","href":"https:\/\/api.w.org\/{rel}","templated":true}]}}