{"id":18216,"date":"2021-07-06T14:52:58","date_gmt":"2021-07-06T12:52:58","guid":{"rendered":"http:\/\/www.eel-fotografie.de\/wp2\/?p=18216"},"modified":"2022-05-24T19:53:38","modified_gmt":"2022-05-24T17:53:38","slug":"lost-places-peenemuende","status":"publish","type":"post","link":"https:\/\/www.eel-fotografie.de\/wp2\/lost-places-peenemuende\/","title":{"rendered":"Lost Places &#8211; Peenem\u00fcnde"},"content":{"rendered":"\nngg_shortcode_0_placeholder\n\n\n\n<p style=\"text-align:justify\">Die Heeresversuchsanstalt (HVA) Peenem\u00fcnde war eine ab 1936 in Peenem\u00fcnde-Ost errichtete Entwicklungs- und Versuchsstelle des Heeres der Wehrmacht. Unter dem Kommando von Walter Dornberger (Chef der Raketenabteilung) im Heereswaffenamt und dem Technischen Leiter Wernher von Braun wurde im Norden der Insel Usedom u.a. die erste funktionsf\u00e4hige Gro\u00dfrakete Aggregat 4 (A4, \u201eVergeltungswaffe V2\u201c) entwickelt und getestet. Die A4 war mit ihrem ersten erfolgreichen Flug am 3. Oktober 1942 mit einer H\u00f6he von 85 km das erste von Menschen konstruierte Objekt, das den Weltraum erreichte. Allgemein gilt Peenem\u00fcnde daher als \u201eWiege der Raumfahrt\u201c. Im Rahmen der &#8222;Operation Overcast&#8220; konnten die USA im August 1945 \u00fcber 100 Spezialisten aus Peenem\u00fcnde f\u00fcr das Amerikanische Raketenprogramm anwerben. Der prominenteste der nach dem Zweiten Weltkrieg in die USA emigrierten Experten aus Peenem\u00fcnde war der Technische Direktor von Peenem\u00fcnde Wernher von Braun, der in den1960er Jahre die Mondrakete Saturn V f\u00fcr die NASA entwickelte und ma\u00dfgeblich am Apollo-Programm zur ersten Mondlandung mitwirkte. <\/p>\n\n\n\n<p style=\"text-align:justify\">Heute ist das Gebiet im Nordosten der Insel Sperrgebiet. Es ist Naturschutzgebiet und gilt als Munitionsverseucht. Im Nordwesten befindet sich das Historisch Technische Museum. (<a href=\"https:\/\/museum-peenemuende.de\/\" target=\"_blank\" rel=\"noreferrer noopener\">Internetseite Museum-Peenemuende<\/a>), (<a href=\"http:\/\/www.eel-fotografie.de\/wp2\/peenemuende\/\" target=\"_blank\" rel=\"noreferrer noopener\">Aussenansicht Historisch Technisches Museum<\/a>).<\/p>\n\n\n\nngg_shortcode_1_placeholder\n\n\n\n<p>(16 Fotos)<\/p>\n\n\n\n<p style=\"text-align:justify\">Zum Vergleich Fotos des Bundesarchiv. Die Pfeile makieren die von mir fotografierten Originalpl\u00e4tze.<\/p>\n\n\n\nngg_shortcode_2_placeholder\n\n\n\nngg_shortcode_3_placeholder\n\n\n\nngg_shortcode_4_placeholder\n\n\n\nngg_shortcode_5_placeholder\n\n\n\n<p><\/p>\n","protected":false},"excerpt":{"rendered":"<p>Die Heeresversuchsanstalt (HVA) Peenem\u00fcnde war eine ab 1936 in Peenem\u00fcnde-Ost errichtete Entwicklungs- und Versuchsstelle des Heeres der Wehrmacht. Unter dem Kommando von Walter Dornberger (Chef der Raketenabteilung) im Heereswaffenamt und dem Technischen Leiter Wernher von Braun wurde im Norden der Insel Usedom u.a. die erste funktionsf\u00e4hige Gro\u00dfrakete Aggregat 4 (A4, \u201eVergeltungswaffe V2\u201c) entwickelt und getestet. [&hellip;]<\/p>\n","protected":false},"author":1,"featured_media":18236,"comment_status":"closed","ping_status":"closed","sticky":false,"template":"","format":"standard","meta":{"_genesis_hide_title":false,"_genesis_hide_breadcrumbs":false,"_genesis_hide_singular_image":false,"_genesis_hide_footer_widgets":false,"_genesis_custom_body_class":"","_genesis_custom_post_class":"","_genesis_layout":"","ngg_post_thumbnail":2000000158,"footnotes":""},"categories":[1],"tags":[1698,6,7,10,1689,1694,1693,111,1690,1692,1695,1636,112,1687,1686,1688,11,1691,1696,1682,1683,1685,1684,1250,1699,113,1697],"class_list":{"0":"post-18216","1":"post","2":"type-post","3":"status-publish","4":"format-standard","5":"has-post-thumbnail","7":"category-allgemein","8":"tag-abgasschurre","9":"tag-eberhard-krieger","10":"tag-eel-fotografie","11":"tag-foto-krieger","12":"tag-gedenkstein","13":"tag-gesprengt","14":"tag-heeresversuchsanstalt-ost","15":"tag-historisch-technisches-informationszentrum-peenemuende","16":"tag-hydrant","17":"tag-karlshagen","18":"tag-lost-places","19":"tag-nikon","20":"tag-peenemuende","21":"tag-rakete","22":"tag-raketenstart","23":"tag-rocket","24":"tag-sportfoto-krieger","25":"tag-startplatz","26":"tag-truemmer","27":"tag-usedom","28":"tag-v2","29":"tag-v2-a4","30":"tag-vergeltungswaffe-v2","31":"tag-wald","32":"tag-wernher-von-braun","33":"tag-wolken","34":"tag-zugewachsen","35":"entry"},"yoast_head":"<!-- This site is optimized with the Yoast SEO plugin v26.5 - https:\/\/yoast.com\/wordpress\/plugins\/seo\/ -->\n<title>Lost Places - Peenem\u00fcnde - eel-fotografie<\/title>\n<meta name=\"description\" content=\"Lost Places Peenem\u00fcnde, Heeresversuchsanstalt Peenem\u00fcnde auf Usedom, Speergebiet, erste Rakete die den Orbit erreicht hat (1942).\" \/>\n<meta name=\"robots\" content=\"index, follow, max-snippet:-1, max-image-preview:large, max-video-preview:-1\" \/>\n<link rel=\"canonical\" href=\"https:\/\/www.eel-fotografie.de\/wp2\/lost-places-peenemuende\/\" \/>\n<meta name=\"twitter:label1\" content=\"Verfasst von\" \/>\n\t<meta name=\"twitter:data1\" content=\"admin\" \/>\n\t<meta name=\"twitter:label2\" content=\"Gesch\u00e4tzte Lesezeit\" \/>\n\t<meta name=\"twitter:data2\" content=\"1\u00a0Minute\" \/>\n<script type=\"application\/ld+json\" class=\"yoast-schema-graph\">{\"@context\":\"https:\/\/schema.org\",\"@graph\":[{\"@type\":\"Article\",\"@id\":\"https:\/\/www.eel-fotografie.de\/wp2\/lost-places-peenemuende\/#article\",\"isPartOf\":{\"@id\":\"https:\/\/www.eel-fotografie.de\/wp2\/lost-places-peenemuende\/\"},\"author\":{\"name\":\"admin\",\"@id\":\"http:\/\/www.eel-fotografie.de\/wp2\/#\/schema\/person\/48b675d7a081d02af2929c3629214db0\"},\"headline\":\"Lost Places &#8211; Peenem\u00fcnde\",\"datePublished\":\"2021-07-06T12:52:58+00:00\",\"dateModified\":\"2022-05-24T17:53:38+00:00\",\"mainEntityOfPage\":{\"@id\":\"https:\/\/www.eel-fotografie.de\/wp2\/lost-places-peenemuende\/\"},\"wordCount\":259,\"publisher\":{\"@id\":\"http:\/\/www.eel-fotografie.de\/wp2\/#organization\"},\"image\":{\"@id\":\"https:\/\/www.eel-fotografie.de\/wp2\/lost-places-peenemuende\/#primaryimage\"},\"thumbnailUrl\":\"https:\/\/www.eel-fotografie.de\/wp2\/wp-content\/uploads\/nggallery_import\/Hydrant_1.jpg\",\"keywords\":[\"Abgasschurre\",\"Eberhard Krieger\",\"eel fotografie\",\"foto-krieger\",\"Gedenkstein\",\"gesprengt\",\"Heeresversuchsanstalt Ost\",\"Historisch-technisches Informationszentrum Peenem\u00fcnde\",\"Hydrant\",\"Karlshagen\",\"Lost Places\",\"Nikon\",\"Peenemuende\",\"Rakete\",\"Raketenstart\",\"Rocket\",\"sportfoto-krieger\",\"Startplatz\",\"Tr\u00fcmmer\",\"Usedom\",\"V2\",\"V2 A4\",\"Vergeltungswaffe V2\",\"Wald\",\"Wernher von Braun\",\"Wolken\",\"zugewachsen\"],\"inLanguage\":\"de\"},{\"@type\":\"WebPage\",\"@id\":\"https:\/\/www.eel-fotografie.de\/wp2\/lost-places-peenemuende\/\",\"url\":\"https:\/\/www.eel-fotografie.de\/wp2\/lost-places-peenemuende\/\",\"name\":\"Lost Places - Peenem\u00fcnde - eel-fotografie\",\"isPartOf\":{\"@id\":\"http:\/\/www.eel-fotografie.de\/wp2\/#website\"},\"primaryImageOfPage\":{\"@id\":\"https:\/\/www.eel-fotografie.de\/wp2\/lost-places-peenemuende\/#primaryimage\"},\"image\":{\"@id\":\"https:\/\/www.eel-fotografie.de\/wp2\/lost-places-peenemuende\/#primaryimage\"},\"thumbnailUrl\":\"https:\/\/www.eel-fotografie.de\/wp2\/wp-content\/uploads\/nggallery_import\/Hydrant_1.jpg\",\"datePublished\":\"2021-07-06T12:52:58+00:00\",\"dateModified\":\"2022-05-24T17:53:38+00:00\",\"description\":\"Lost Places Peenem\u00fcnde, Heeresversuchsanstalt Peenem\u00fcnde auf Usedom, Speergebiet, erste Rakete die den Orbit erreicht hat (1942).\",\"breadcrumb\":{\"@id\":\"https:\/\/www.eel-fotografie.de\/wp2\/lost-places-peenemuende\/#breadcrumb\"},\"inLanguage\":\"de\",\"potentialAction\":[{\"@type\":\"ReadAction\",\"target\":[\"https:\/\/www.eel-fotografie.de\/wp2\/lost-places-peenemuende\/\"]}]},{\"@type\":\"ImageObject\",\"inLanguage\":\"de\",\"@id\":\"https:\/\/www.eel-fotografie.de\/wp2\/lost-places-peenemuende\/#primaryimage\",\"url\":\"https:\/\/www.eel-fotografie.de\/wp2\/wp-content\/uploads\/nggallery_import\/Hydrant_1.jpg\",\"contentUrl\":\"https:\/\/www.eel-fotografie.de\/wp2\/wp-content\/uploads\/nggallery_import\/Hydrant_1.jpg\",\"width\":1024,\"height\":681},{\"@type\":\"BreadcrumbList\",\"@id\":\"https:\/\/www.eel-fotografie.de\/wp2\/lost-places-peenemuende\/#breadcrumb\",\"itemListElement\":[{\"@type\":\"ListItem\",\"position\":1,\"name\":\"Home\",\"item\":\"http:\/\/www.eel-fotografie.de\/wp2\/\"},{\"@type\":\"ListItem\",\"position\":2,\"name\":\"Lost Places &#8211; Peenem\u00fcnde\"}]},{\"@type\":\"WebSite\",\"@id\":\"http:\/\/www.eel-fotografie.de\/wp2\/#website\",\"url\":\"http:\/\/www.eel-fotografie.de\/wp2\/\",\"name\":\"eel-fotografie\",\"description\":\"fotografie - bildagentur\",\"publisher\":{\"@id\":\"http:\/\/www.eel-fotografie.de\/wp2\/#organization\"},\"potentialAction\":[{\"@type\":\"SearchAction\",\"target\":{\"@type\":\"EntryPoint\",\"urlTemplate\":\"http:\/\/www.eel-fotografie.de\/wp2\/?s={search_term_string}\"},\"query-input\":{\"@type\":\"PropertyValueSpecification\",\"valueRequired\":true,\"valueName\":\"search_term_string\"}}],\"inLanguage\":\"de\"},{\"@type\":\"Organization\",\"@id\":\"http:\/\/www.eel-fotografie.de\/wp2\/#organization\",\"name\":\"eel-fotografie | fotografie - bildagentur\",\"url\":\"http:\/\/www.eel-fotografie.de\/wp2\/\",\"logo\":{\"@type\":\"ImageObject\",\"inLanguage\":\"de\",\"@id\":\"http:\/\/www.eel-fotografie.de\/wp2\/#\/schema\/logo\/image\/\",\"url\":\"http:\/\/www.eel-fotografie.de\/wp2\/wp-content\/uploads\/eel-fotografie_logo_2_500x250.png\",\"contentUrl\":\"http:\/\/www.eel-fotografie.de\/wp2\/wp-content\/uploads\/eel-fotografie_logo_2_500x250.png\",\"width\":500,\"height\":254,\"caption\":\"eel-fotografie | fotografie - bildagentur\"},\"image\":{\"@id\":\"http:\/\/www.eel-fotografie.de\/wp2\/#\/schema\/logo\/image\/\"},\"sameAs\":[\"https:\/\/www.instagram.com\/eelfotografie\/\"]},{\"@type\":\"Person\",\"@id\":\"http:\/\/www.eel-fotografie.de\/wp2\/#\/schema\/person\/48b675d7a081d02af2929c3629214db0\",\"name\":\"admin\",\"image\":{\"@type\":\"ImageObject\",\"inLanguage\":\"de\",\"@id\":\"http:\/\/www.eel-fotografie.de\/wp2\/#\/schema\/person\/image\/\",\"url\":\"https:\/\/secure.gravatar.com\/avatar\/0238886d5b298e452983f5d971ee0c60774f53da880f3705d3087707fa31096c?s=96&d=mm&r=g\",\"contentUrl\":\"https:\/\/secure.gravatar.com\/avatar\/0238886d5b298e452983f5d971ee0c60774f53da880f3705d3087707fa31096c?s=96&d=mm&r=g\",\"caption\":\"admin\"},\"description\":\"Head of eel-fotografie | fotografie-bildagentur\",\"sameAs\":[\"http:\/\/www.eel-fotografie.de\"],\"url\":\"https:\/\/www.eel-fotografie.de\/wp2\/author\/admin\/\"}]}<\/script>\n<!-- \/ Yoast SEO plugin. -->","yoast_head_json":{"title":"Lost Places - Peenem\u00fcnde - eel-fotografie","description":"Lost Places Peenem\u00fcnde, Heeresversuchsanstalt Peenem\u00fcnde auf Usedom, Speergebiet, erste Rakete die den Orbit erreicht hat (1942).","robots":{"index":"index","follow":"follow","max-snippet":"max-snippet:-1","max-image-preview":"max-image-preview:large","max-video-preview":"max-video-preview:-1"},"canonical":"https:\/\/www.eel-fotografie.de\/wp2\/lost-places-peenemuende\/","twitter_misc":{"Verfasst von":"admin","Gesch\u00e4tzte Lesezeit":"1\u00a0Minute"},"schema":{"@context":"https:\/\/schema.org","@graph":[{"@type":"Article","@id":"https:\/\/www.eel-fotografie.de\/wp2\/lost-places-peenemuende\/#article","isPartOf":{"@id":"https:\/\/www.eel-fotografie.de\/wp2\/lost-places-peenemuende\/"},"author":{"name":"admin","@id":"http:\/\/www.eel-fotografie.de\/wp2\/#\/schema\/person\/48b675d7a081d02af2929c3629214db0"},"headline":"Lost Places &#8211; Peenem\u00fcnde","datePublished":"2021-07-06T12:52:58+00:00","dateModified":"2022-05-24T17:53:38+00:00","mainEntityOfPage":{"@id":"https:\/\/www.eel-fotografie.de\/wp2\/lost-places-peenemuende\/"},"wordCount":259,"publisher":{"@id":"http:\/\/www.eel-fotografie.de\/wp2\/#organization"},"image":{"@id":"https:\/\/www.eel-fotografie.de\/wp2\/lost-places-peenemuende\/#primaryimage"},"thumbnailUrl":"https:\/\/www.eel-fotografie.de\/wp2\/wp-content\/uploads\/nggallery_import\/Hydrant_1.jpg","keywords":["Abgasschurre","Eberhard Krieger","eel fotografie","foto-krieger","Gedenkstein","gesprengt","Heeresversuchsanstalt Ost","Historisch-technisches Informationszentrum Peenem\u00fcnde","Hydrant","Karlshagen","Lost Places","Nikon","Peenemuende","Rakete","Raketenstart","Rocket","sportfoto-krieger","Startplatz","Tr\u00fcmmer","Usedom","V2","V2 A4","Vergeltungswaffe V2","Wald","Wernher von Braun","Wolken","zugewachsen"],"inLanguage":"de"},{"@type":"WebPage","@id":"https:\/\/www.eel-fotografie.de\/wp2\/lost-places-peenemuende\/","url":"https:\/\/www.eel-fotografie.de\/wp2\/lost-places-peenemuende\/","name":"Lost Places - Peenem\u00fcnde - eel-fotografie","isPartOf":{"@id":"http:\/\/www.eel-fotografie.de\/wp2\/#website"},"primaryImageOfPage":{"@id":"https:\/\/www.eel-fotografie.de\/wp2\/lost-places-peenemuende\/#primaryimage"},"image":{"@id":"https:\/\/www.eel-fotografie.de\/wp2\/lost-places-peenemuende\/#primaryimage"},"thumbnailUrl":"https:\/\/www.eel-fotografie.de\/wp2\/wp-content\/uploads\/nggallery_import\/Hydrant_1.jpg","datePublished":"2021-07-06T12:52:58+00:00","dateModified":"2022-05-24T17:53:38+00:00","description":"Lost Places Peenem\u00fcnde, Heeresversuchsanstalt Peenem\u00fcnde auf Usedom, Speergebiet, erste Rakete die den Orbit erreicht hat (1942).","breadcrumb":{"@id":"https:\/\/www.eel-fotografie.de\/wp2\/lost-places-peenemuende\/#breadcrumb"},"inLanguage":"de","potentialAction":[{"@type":"ReadAction","target":["https:\/\/www.eel-fotografie.de\/wp2\/lost-places-peenemuende\/"]}]},{"@type":"ImageObject","inLanguage":"de","@id":"https:\/\/www.eel-fotografie.de\/wp2\/lost-places-peenemuende\/#primaryimage","url":"https:\/\/www.eel-fotografie.de\/wp2\/wp-content\/uploads\/nggallery_import\/Hydrant_1.jpg","contentUrl":"https:\/\/www.eel-fotografie.de\/wp2\/wp-content\/uploads\/nggallery_import\/Hydrant_1.jpg","width":1024,"height":681},{"@type":"BreadcrumbList","@id":"https:\/\/www.eel-fotografie.de\/wp2\/lost-places-peenemuende\/#breadcrumb","itemListElement":[{"@type":"ListItem","position":1,"name":"Home","item":"http:\/\/www.eel-fotografie.de\/wp2\/"},{"@type":"ListItem","position":2,"name":"Lost Places &#8211; Peenem\u00fcnde"}]},{"@type":"WebSite","@id":"http:\/\/www.eel-fotografie.de\/wp2\/#website","url":"http:\/\/www.eel-fotografie.de\/wp2\/","name":"eel-fotografie","description":"fotografie - bildagentur","publisher":{"@id":"http:\/\/www.eel-fotografie.de\/wp2\/#organization"},"potentialAction":[{"@type":"SearchAction","target":{"@type":"EntryPoint","urlTemplate":"http:\/\/www.eel-fotografie.de\/wp2\/?s={search_term_string}"},"query-input":{"@type":"PropertyValueSpecification","valueRequired":true,"valueName":"search_term_string"}}],"inLanguage":"de"},{"@type":"Organization","@id":"http:\/\/www.eel-fotografie.de\/wp2\/#organization","name":"eel-fotografie | fotografie - bildagentur","url":"http:\/\/www.eel-fotografie.de\/wp2\/","logo":{"@type":"ImageObject","inLanguage":"de","@id":"http:\/\/www.eel-fotografie.de\/wp2\/#\/schema\/logo\/image\/","url":"http:\/\/www.eel-fotografie.de\/wp2\/wp-content\/uploads\/eel-fotografie_logo_2_500x250.png","contentUrl":"http:\/\/www.eel-fotografie.de\/wp2\/wp-content\/uploads\/eel-fotografie_logo_2_500x250.png","width":500,"height":254,"caption":"eel-fotografie | fotografie - bildagentur"},"image":{"@id":"http:\/\/www.eel-fotografie.de\/wp2\/#\/schema\/logo\/image\/"},"sameAs":["https:\/\/www.instagram.com\/eelfotografie\/"]},{"@type":"Person","@id":"http:\/\/www.eel-fotografie.de\/wp2\/#\/schema\/person\/48b675d7a081d02af2929c3629214db0","name":"admin","image":{"@type":"ImageObject","inLanguage":"de","@id":"http:\/\/www.eel-fotografie.de\/wp2\/#\/schema\/person\/image\/","url":"https:\/\/secure.gravatar.com\/avatar\/0238886d5b298e452983f5d971ee0c60774f53da880f3705d3087707fa31096c?s=96&d=mm&r=g","contentUrl":"https:\/\/secure.gravatar.com\/avatar\/0238886d5b298e452983f5d971ee0c60774f53da880f3705d3087707fa31096c?s=96&d=mm&r=g","caption":"admin"},"description":"Head of eel-fotografie | fotografie-bildagentur","sameAs":["http:\/\/www.eel-fotografie.de"],"url":"https:\/\/www.eel-fotografie.de\/wp2\/author\/admin\/"}]}},"_links":{"self":[{"href":"https:\/\/www.eel-fotografie.de\/wp2\/wp-json\/wp\/v2\/posts\/18216","targetHints":{"allow":["GET"]}}],"collection":[{"href":"https:\/\/www.eel-fotografie.de\/wp2\/wp-json\/wp\/v2\/posts"}],"about":[{"href":"https:\/\/www.eel-fotografie.de\/wp2\/wp-json\/wp\/v2\/types\/post"}],"author":[{"embeddable":true,"href":"https:\/\/www.eel-fotografie.de\/wp2\/wp-json\/wp\/v2\/users\/1"}],"replies":[{"embeddable":true,"href":"https:\/\/www.eel-fotografie.de\/wp2\/wp-json\/wp\/v2\/comments?post=18216"}],"version-history":[{"count":0,"href":"https:\/\/www.eel-fotografie.de\/wp2\/wp-json\/wp\/v2\/posts\/18216\/revisions"}],"wp:featuredmedia":[{"embeddable":true,"href":"https:\/\/www.eel-fotografie.de\/wp2\/wp-json\/wp\/v2\/media\/18236"}],"wp:attachment":[{"href":"https:\/\/www.eel-fotografie.de\/wp2\/wp-json\/wp\/v2\/media?parent=18216"}],"wp:term":[{"taxonomy":"category","embeddable":true,"href":"https:\/\/www.eel-fotografie.de\/wp2\/wp-json\/wp\/v2\/categories?post=18216"},{"taxonomy":"post_tag","embeddable":true,"href":"https:\/\/www.eel-fotografie.de\/wp2\/wp-json\/wp\/v2\/tags?post=18216"}],"curies":[{"name":"wp","href":"https:\/\/api.w.org\/{rel}","templated":true}]}}