{"id":18365,"date":"2021-07-11T15:35:29","date_gmt":"2021-07-11T13:35:29","guid":{"rendered":"http:\/\/www.eel-fotografie.de\/wp2\/?p=18365"},"modified":"2022-05-24T19:53:08","modified_gmt":"2022-05-24T17:53:08","slug":"usedom-sonneninsel","status":"publish","type":"post","link":"https:\/\/www.eel-fotografie.de\/wp2\/usedom-sonneninsel\/","title":{"rendered":"Usedom &#8211; Sonneninsel"},"content":{"rendered":"\nngg_shortcode_0_placeholder\n\n\n\n<p><p style=\"text-align:justify\">Usedom ist eine in der Pommerschen Bucht der s\u00fcdlichen Ostsee gelegene Insel, die gr\u00f6\u00dftenteils zu Deutschland und zu einem kleinen Teil zu Polen geh\u00f6rt. Nach R\u00fcgen ist Usedom die zweitgr\u00f6\u00dfte deutsche Insel. Bis 1945 geh\u00f6rte sie zur preu\u00dfischen Provinz Pommern. Heute geh\u00f6rt der gr\u00f6\u00dfere, deutsche Teil zum Land Mecklenburg-Vorpommern und ist Teil des Landkreises Vorpommern-Greifswald. Die gr\u00f6\u00dften Orte auf deutscher Seite sind Heringsdorf im Osten und Zinnowitz im Westen der Insel. Mit durchschnittlich 1906 Sonnenstunden im Jahr ist Usedom regelm\u00e4\u00dfig die sonnenreichste Gegend Deutschlands und der Ostsee, weshalb sie durch das Tourismusmarketing auch als Sonneninsel beworben wird. Der bis zu 70 m breite feine Sandstrand der Usedomer Ostseek\u00fcste erstreckt sich mit 42 km L\u00e4nge von Peenem\u00fcnde im Nordwesten bis nach \u015awinouj\u015bcie im Osten der Insel. Mit 4,9 Millionen \u00dcbernachtungen ist Usedom nach R\u00fcgen die zweitbeliebteste deutsche Urlaubsinsel.<br>Der Name der Insel ist von der Stadt Usedom abgeleitet. Ab etwa 1850 und besonders im letzten Viertel des 19. Jahrhunderts bl\u00fchten auf der Insel zahlreiche Seeb\u00e4der auf, die vor allem G\u00e4ste aus den Metropolen wie Berlin und Stettin anzogen. Seitdem ist Usedom stark durch den Tourismus gepr\u00e4gt, seit dem Wendejahr 1990 auch zunehmend durch internationalen. Zeugnisse dieser Zeit sind zahlreiche Villen in Stilen der B\u00e4derarchitektur, traditionell gebaute Reeth\u00e4user, Fischerkaten sowie die Seebr\u00fccke Ahlbeck. Touristische Zentren der Insel sind im Nordwesten Karlshagen, Trassenheide und Zinnowitz, im Mittelteil der Insel die Bernsteinb\u00e4der Koserow, Loddin, \u00dcckeritz und Zempin und im Osten die Kaiserb\u00e4der Bansin, Heringsdorf und Ahlbeck sowie \u015awinouj\u015bcie.<\/p><\/p>\n\n\n\n<p>Quelle: <a href=\"https:\/\/de.wikipedia.org\/wiki\/Usedom\" target=\"_blank\" rel=\"noreferrer noopener\">Wikipedia \/ Usedom<\/a><\/p>\n\n\n\n<p>Weiterer Beitrag: <a href=\"http:\/\/www.eel-fotografie.de\/wp2\/lost-places-peenemuende\/\" target=\"_blank\" rel=\"noreferrer noopener\">Peenem\u00fcnde<\/a> \/ Usedom<\/p>\n\n\n\nngg_shortcode_1_placeholder\n\n\n\n<p>(24 Fotos)<\/p>\n","protected":false},"excerpt":{"rendered":"<p>Usedom ist eine in der Pommerschen Bucht der s\u00fcdlichen Ostsee gelegene Insel, die gr\u00f6\u00dftenteils zu Deutschland und zu einem kleinen Teil zu Polen geh\u00f6rt. Nach R\u00fcgen ist Usedom die zweitgr\u00f6\u00dfte deutsche Insel. Bis 1945 geh\u00f6rte sie zur preu\u00dfischen Provinz Pommern. Heute geh\u00f6rt der gr\u00f6\u00dfere, deutsche Teil zum Land Mecklenburg-Vorpommern und ist Teil des Landkreises Vorpommern-Greifswald. [&hellip;]<\/p>\n","protected":false},"author":1,"featured_media":18368,"comment_status":"closed","ping_status":"closed","sticky":false,"template":"","format":"standard","meta":{"_genesis_hide_title":false,"_genesis_hide_breadcrumbs":false,"_genesis_hide_singular_image":false,"_genesis_hide_footer_widgets":false,"_genesis_custom_body_class":"","_genesis_custom_post_class":"","_genesis_layout":"","ngg_post_thumbnail":2000000205,"footnotes":""},"categories":[1],"tags":[6,7,1715,10,1693,111,1690,1692,282,1711,341,1695,881,1636,112,1719,1717,1712,880,1713,11,1249,1718,1714,1696,1682,1250,1716,113],"class_list":{"0":"post-18365","1":"post","2":"type-post","3":"status-publish","4":"format-standard","5":"has-post-thumbnail","7":"category-allgemein","8":"tag-eberhard-krieger","9":"tag-eel-fotografie","10":"tag-farbe","11":"tag-foto-krieger","12":"tag-heeresversuchsanstalt-ost","13":"tag-historisch-technisches-informationszentrum-peenemuende","14":"tag-hydrant","15":"tag-karlshagen","16":"tag-kuh","17":"tag-kueken","18":"tag-licht","19":"tag-lost-places","20":"tag-meer","21":"tag-nikon","22":"tag-peenemuende","23":"tag-pferd","24":"tag-s-w","25":"tag-schwan","26":"tag-sonne","27":"tag-sonnenuntergang","28":"tag-sportfoto-krieger","29":"tag-strand","30":"tag-strohballen","31":"tag-trassenheide","32":"tag-truemmer","33":"tag-usedom","34":"tag-wald","35":"tag-wasser","36":"tag-wolken","37":"entry"},"yoast_head":"<!-- This site is optimized with the Yoast SEO plugin v26.5 - https:\/\/yoast.com\/wordpress\/plugins\/seo\/ -->\n<title>Usedom - Sonneninsel - eel-fotografie<\/title>\n<meta name=\"description\" content=\"Usedom - Sonneninsel, Usedom ist eine in der Pommerschen Bucht der s\u00fcdlichen Ostsee gelegene Insel. (24 Fotos)\" \/>\n<meta name=\"robots\" content=\"index, follow, max-snippet:-1, max-image-preview:large, max-video-preview:-1\" \/>\n<link rel=\"canonical\" href=\"https:\/\/www.eel-fotografie.de\/wp2\/usedom-sonneninsel\/\" \/>\n<meta name=\"twitter:label1\" content=\"Verfasst von\" \/>\n\t<meta name=\"twitter:data1\" content=\"admin\" \/>\n\t<meta name=\"twitter:label2\" content=\"Gesch\u00e4tzte Lesezeit\" \/>\n\t<meta name=\"twitter:data2\" content=\"2\u00a0Minuten\" \/>\n<script type=\"application\/ld+json\" class=\"yoast-schema-graph\">{\"@context\":\"https:\/\/schema.org\",\"@graph\":[{\"@type\":\"Article\",\"@id\":\"https:\/\/www.eel-fotografie.de\/wp2\/usedom-sonneninsel\/#article\",\"isPartOf\":{\"@id\":\"https:\/\/www.eel-fotografie.de\/wp2\/usedom-sonneninsel\/\"},\"author\":{\"name\":\"admin\",\"@id\":\"http:\/\/www.eel-fotografie.de\/wp2\/#\/schema\/person\/48b675d7a081d02af2929c3629214db0\"},\"headline\":\"Usedom &#8211; Sonneninsel\",\"datePublished\":\"2021-07-11T13:35:29+00:00\",\"dateModified\":\"2022-05-24T17:53:08+00:00\",\"mainEntityOfPage\":{\"@id\":\"https:\/\/www.eel-fotografie.de\/wp2\/usedom-sonneninsel\/\"},\"wordCount\":289,\"publisher\":{\"@id\":\"http:\/\/www.eel-fotografie.de\/wp2\/#organization\"},\"image\":{\"@id\":\"https:\/\/www.eel-fotografie.de\/wp2\/usedom-sonneninsel\/#primaryimage\"},\"thumbnailUrl\":\"https:\/\/www.eel-fotografie.de\/wp2\/wp-content\/uploads\/nggallery_import\/DSC_3352.jpg\",\"keywords\":[\"Eberhard Krieger\",\"eel fotografie\",\"Farbe\",\"foto-krieger\",\"Heeresversuchsanstalt Ost\",\"Historisch-technisches Informationszentrum Peenem\u00fcnde\",\"Hydrant\",\"Karlshagen\",\"Kuh\",\"K\u00fcken\",\"Licht\",\"Lost Places\",\"Meer\",\"Nikon\",\"Peenemuende\",\"Pferd\",\"S\/W\",\"Schwan\",\"Sonne\",\"Sonnenuntergang\",\"sportfoto-krieger\",\"Strand\",\"Strohballen\",\"Trassenheide\",\"Tr\u00fcmmer\",\"Usedom\",\"Wald\",\"Wasser\",\"Wolken\"],\"inLanguage\":\"de\"},{\"@type\":\"WebPage\",\"@id\":\"https:\/\/www.eel-fotografie.de\/wp2\/usedom-sonneninsel\/\",\"url\":\"https:\/\/www.eel-fotografie.de\/wp2\/usedom-sonneninsel\/\",\"name\":\"Usedom - Sonneninsel - eel-fotografie\",\"isPartOf\":{\"@id\":\"http:\/\/www.eel-fotografie.de\/wp2\/#website\"},\"primaryImageOfPage\":{\"@id\":\"https:\/\/www.eel-fotografie.de\/wp2\/usedom-sonneninsel\/#primaryimage\"},\"image\":{\"@id\":\"https:\/\/www.eel-fotografie.de\/wp2\/usedom-sonneninsel\/#primaryimage\"},\"thumbnailUrl\":\"https:\/\/www.eel-fotografie.de\/wp2\/wp-content\/uploads\/nggallery_import\/DSC_3352.jpg\",\"datePublished\":\"2021-07-11T13:35:29+00:00\",\"dateModified\":\"2022-05-24T17:53:08+00:00\",\"description\":\"Usedom - Sonneninsel, Usedom ist eine in der Pommerschen Bucht der s\u00fcdlichen Ostsee gelegene Insel. (24 Fotos)\",\"breadcrumb\":{\"@id\":\"https:\/\/www.eel-fotografie.de\/wp2\/usedom-sonneninsel\/#breadcrumb\"},\"inLanguage\":\"de\",\"potentialAction\":[{\"@type\":\"ReadAction\",\"target\":[\"https:\/\/www.eel-fotografie.de\/wp2\/usedom-sonneninsel\/\"]}]},{\"@type\":\"ImageObject\",\"inLanguage\":\"de\",\"@id\":\"https:\/\/www.eel-fotografie.de\/wp2\/usedom-sonneninsel\/#primaryimage\",\"url\":\"https:\/\/www.eel-fotografie.de\/wp2\/wp-content\/uploads\/nggallery_import\/DSC_3352.jpg\",\"contentUrl\":\"https:\/\/www.eel-fotografie.de\/wp2\/wp-content\/uploads\/nggallery_import\/DSC_3352.jpg\",\"width\":1024,\"height\":681},{\"@type\":\"BreadcrumbList\",\"@id\":\"https:\/\/www.eel-fotografie.de\/wp2\/usedom-sonneninsel\/#breadcrumb\",\"itemListElement\":[{\"@type\":\"ListItem\",\"position\":1,\"name\":\"Home\",\"item\":\"http:\/\/www.eel-fotografie.de\/wp2\/\"},{\"@type\":\"ListItem\",\"position\":2,\"name\":\"Usedom &#8211; Sonneninsel\"}]},{\"@type\":\"WebSite\",\"@id\":\"http:\/\/www.eel-fotografie.de\/wp2\/#website\",\"url\":\"http:\/\/www.eel-fotografie.de\/wp2\/\",\"name\":\"eel-fotografie\",\"description\":\"fotografie - bildagentur\",\"publisher\":{\"@id\":\"http:\/\/www.eel-fotografie.de\/wp2\/#organization\"},\"potentialAction\":[{\"@type\":\"SearchAction\",\"target\":{\"@type\":\"EntryPoint\",\"urlTemplate\":\"http:\/\/www.eel-fotografie.de\/wp2\/?s={search_term_string}\"},\"query-input\":{\"@type\":\"PropertyValueSpecification\",\"valueRequired\":true,\"valueName\":\"search_term_string\"}}],\"inLanguage\":\"de\"},{\"@type\":\"Organization\",\"@id\":\"http:\/\/www.eel-fotografie.de\/wp2\/#organization\",\"name\":\"eel-fotografie | fotografie - bildagentur\",\"url\":\"http:\/\/www.eel-fotografie.de\/wp2\/\",\"logo\":{\"@type\":\"ImageObject\",\"inLanguage\":\"de\",\"@id\":\"http:\/\/www.eel-fotografie.de\/wp2\/#\/schema\/logo\/image\/\",\"url\":\"http:\/\/www.eel-fotografie.de\/wp2\/wp-content\/uploads\/eel-fotografie_logo_2_500x250.png\",\"contentUrl\":\"http:\/\/www.eel-fotografie.de\/wp2\/wp-content\/uploads\/eel-fotografie_logo_2_500x250.png\",\"width\":500,\"height\":254,\"caption\":\"eel-fotografie | fotografie - bildagentur\"},\"image\":{\"@id\":\"http:\/\/www.eel-fotografie.de\/wp2\/#\/schema\/logo\/image\/\"},\"sameAs\":[\"https:\/\/www.instagram.com\/eelfotografie\/\"]},{\"@type\":\"Person\",\"@id\":\"http:\/\/www.eel-fotografie.de\/wp2\/#\/schema\/person\/48b675d7a081d02af2929c3629214db0\",\"name\":\"admin\",\"image\":{\"@type\":\"ImageObject\",\"inLanguage\":\"de\",\"@id\":\"http:\/\/www.eel-fotografie.de\/wp2\/#\/schema\/person\/image\/\",\"url\":\"https:\/\/secure.gravatar.com\/avatar\/0238886d5b298e452983f5d971ee0c60774f53da880f3705d3087707fa31096c?s=96&d=mm&r=g\",\"contentUrl\":\"https:\/\/secure.gravatar.com\/avatar\/0238886d5b298e452983f5d971ee0c60774f53da880f3705d3087707fa31096c?s=96&d=mm&r=g\",\"caption\":\"admin\"},\"description\":\"Head of eel-fotografie | fotografie-bildagentur\",\"sameAs\":[\"http:\/\/www.eel-fotografie.de\"],\"url\":\"https:\/\/www.eel-fotografie.de\/wp2\/author\/admin\/\"}]}<\/script>\n<!-- \/ Yoast SEO plugin. -->","yoast_head_json":{"title":"Usedom - Sonneninsel - eel-fotografie","description":"Usedom - Sonneninsel, Usedom ist eine in der Pommerschen Bucht der s\u00fcdlichen Ostsee gelegene Insel. (24 Fotos)","robots":{"index":"index","follow":"follow","max-snippet":"max-snippet:-1","max-image-preview":"max-image-preview:large","max-video-preview":"max-video-preview:-1"},"canonical":"https:\/\/www.eel-fotografie.de\/wp2\/usedom-sonneninsel\/","twitter_misc":{"Verfasst von":"admin","Gesch\u00e4tzte Lesezeit":"2\u00a0Minuten"},"schema":{"@context":"https:\/\/schema.org","@graph":[{"@type":"Article","@id":"https:\/\/www.eel-fotografie.de\/wp2\/usedom-sonneninsel\/#article","isPartOf":{"@id":"https:\/\/www.eel-fotografie.de\/wp2\/usedom-sonneninsel\/"},"author":{"name":"admin","@id":"http:\/\/www.eel-fotografie.de\/wp2\/#\/schema\/person\/48b675d7a081d02af2929c3629214db0"},"headline":"Usedom &#8211; Sonneninsel","datePublished":"2021-07-11T13:35:29+00:00","dateModified":"2022-05-24T17:53:08+00:00","mainEntityOfPage":{"@id":"https:\/\/www.eel-fotografie.de\/wp2\/usedom-sonneninsel\/"},"wordCount":289,"publisher":{"@id":"http:\/\/www.eel-fotografie.de\/wp2\/#organization"},"image":{"@id":"https:\/\/www.eel-fotografie.de\/wp2\/usedom-sonneninsel\/#primaryimage"},"thumbnailUrl":"https:\/\/www.eel-fotografie.de\/wp2\/wp-content\/uploads\/nggallery_import\/DSC_3352.jpg","keywords":["Eberhard Krieger","eel fotografie","Farbe","foto-krieger","Heeresversuchsanstalt Ost","Historisch-technisches Informationszentrum Peenem\u00fcnde","Hydrant","Karlshagen","Kuh","K\u00fcken","Licht","Lost Places","Meer","Nikon","Peenemuende","Pferd","S\/W","Schwan","Sonne","Sonnenuntergang","sportfoto-krieger","Strand","Strohballen","Trassenheide","Tr\u00fcmmer","Usedom","Wald","Wasser","Wolken"],"inLanguage":"de"},{"@type":"WebPage","@id":"https:\/\/www.eel-fotografie.de\/wp2\/usedom-sonneninsel\/","url":"https:\/\/www.eel-fotografie.de\/wp2\/usedom-sonneninsel\/","name":"Usedom - Sonneninsel - eel-fotografie","isPartOf":{"@id":"http:\/\/www.eel-fotografie.de\/wp2\/#website"},"primaryImageOfPage":{"@id":"https:\/\/www.eel-fotografie.de\/wp2\/usedom-sonneninsel\/#primaryimage"},"image":{"@id":"https:\/\/www.eel-fotografie.de\/wp2\/usedom-sonneninsel\/#primaryimage"},"thumbnailUrl":"https:\/\/www.eel-fotografie.de\/wp2\/wp-content\/uploads\/nggallery_import\/DSC_3352.jpg","datePublished":"2021-07-11T13:35:29+00:00","dateModified":"2022-05-24T17:53:08+00:00","description":"Usedom - Sonneninsel, Usedom ist eine in der Pommerschen Bucht der s\u00fcdlichen Ostsee gelegene Insel. (24 Fotos)","breadcrumb":{"@id":"https:\/\/www.eel-fotografie.de\/wp2\/usedom-sonneninsel\/#breadcrumb"},"inLanguage":"de","potentialAction":[{"@type":"ReadAction","target":["https:\/\/www.eel-fotografie.de\/wp2\/usedom-sonneninsel\/"]}]},{"@type":"ImageObject","inLanguage":"de","@id":"https:\/\/www.eel-fotografie.de\/wp2\/usedom-sonneninsel\/#primaryimage","url":"https:\/\/www.eel-fotografie.de\/wp2\/wp-content\/uploads\/nggallery_import\/DSC_3352.jpg","contentUrl":"https:\/\/www.eel-fotografie.de\/wp2\/wp-content\/uploads\/nggallery_import\/DSC_3352.jpg","width":1024,"height":681},{"@type":"BreadcrumbList","@id":"https:\/\/www.eel-fotografie.de\/wp2\/usedom-sonneninsel\/#breadcrumb","itemListElement":[{"@type":"ListItem","position":1,"name":"Home","item":"http:\/\/www.eel-fotografie.de\/wp2\/"},{"@type":"ListItem","position":2,"name":"Usedom &#8211; Sonneninsel"}]},{"@type":"WebSite","@id":"http:\/\/www.eel-fotografie.de\/wp2\/#website","url":"http:\/\/www.eel-fotografie.de\/wp2\/","name":"eel-fotografie","description":"fotografie - bildagentur","publisher":{"@id":"http:\/\/www.eel-fotografie.de\/wp2\/#organization"},"potentialAction":[{"@type":"SearchAction","target":{"@type":"EntryPoint","urlTemplate":"http:\/\/www.eel-fotografie.de\/wp2\/?s={search_term_string}"},"query-input":{"@type":"PropertyValueSpecification","valueRequired":true,"valueName":"search_term_string"}}],"inLanguage":"de"},{"@type":"Organization","@id":"http:\/\/www.eel-fotografie.de\/wp2\/#organization","name":"eel-fotografie | fotografie - bildagentur","url":"http:\/\/www.eel-fotografie.de\/wp2\/","logo":{"@type":"ImageObject","inLanguage":"de","@id":"http:\/\/www.eel-fotografie.de\/wp2\/#\/schema\/logo\/image\/","url":"http:\/\/www.eel-fotografie.de\/wp2\/wp-content\/uploads\/eel-fotografie_logo_2_500x250.png","contentUrl":"http:\/\/www.eel-fotografie.de\/wp2\/wp-content\/uploads\/eel-fotografie_logo_2_500x250.png","width":500,"height":254,"caption":"eel-fotografie | fotografie - bildagentur"},"image":{"@id":"http:\/\/www.eel-fotografie.de\/wp2\/#\/schema\/logo\/image\/"},"sameAs":["https:\/\/www.instagram.com\/eelfotografie\/"]},{"@type":"Person","@id":"http:\/\/www.eel-fotografie.de\/wp2\/#\/schema\/person\/48b675d7a081d02af2929c3629214db0","name":"admin","image":{"@type":"ImageObject","inLanguage":"de","@id":"http:\/\/www.eel-fotografie.de\/wp2\/#\/schema\/person\/image\/","url":"https:\/\/secure.gravatar.com\/avatar\/0238886d5b298e452983f5d971ee0c60774f53da880f3705d3087707fa31096c?s=96&d=mm&r=g","contentUrl":"https:\/\/secure.gravatar.com\/avatar\/0238886d5b298e452983f5d971ee0c60774f53da880f3705d3087707fa31096c?s=96&d=mm&r=g","caption":"admin"},"description":"Head of eel-fotografie | fotografie-bildagentur","sameAs":["http:\/\/www.eel-fotografie.de"],"url":"https:\/\/www.eel-fotografie.de\/wp2\/author\/admin\/"}]}},"_links":{"self":[{"href":"https:\/\/www.eel-fotografie.de\/wp2\/wp-json\/wp\/v2\/posts\/18365","targetHints":{"allow":["GET"]}}],"collection":[{"href":"https:\/\/www.eel-fotografie.de\/wp2\/wp-json\/wp\/v2\/posts"}],"about":[{"href":"https:\/\/www.eel-fotografie.de\/wp2\/wp-json\/wp\/v2\/types\/post"}],"author":[{"embeddable":true,"href":"https:\/\/www.eel-fotografie.de\/wp2\/wp-json\/wp\/v2\/users\/1"}],"replies":[{"embeddable":true,"href":"https:\/\/www.eel-fotografie.de\/wp2\/wp-json\/wp\/v2\/comments?post=18365"}],"version-history":[{"count":0,"href":"https:\/\/www.eel-fotografie.de\/wp2\/wp-json\/wp\/v2\/posts\/18365\/revisions"}],"wp:featuredmedia":[{"embeddable":true,"href":"https:\/\/www.eel-fotografie.de\/wp2\/wp-json\/wp\/v2\/media\/18368"}],"wp:attachment":[{"href":"https:\/\/www.eel-fotografie.de\/wp2\/wp-json\/wp\/v2\/media?parent=18365"}],"wp:term":[{"taxonomy":"category","embeddable":true,"href":"https:\/\/www.eel-fotografie.de\/wp2\/wp-json\/wp\/v2\/categories?post=18365"},{"taxonomy":"post_tag","embeddable":true,"href":"https:\/\/www.eel-fotografie.de\/wp2\/wp-json\/wp\/v2\/tags?post=18365"}],"curies":[{"name":"wp","href":"https:\/\/api.w.org\/{rel}","templated":true}]}}