{"id":18552,"date":"2021-10-11T13:54:11","date_gmt":"2021-10-11T11:54:11","guid":{"rendered":"https:\/\/www.eel-fotografie.de\/wp2\/?p=18552"},"modified":"2022-04-07T08:34:00","modified_gmt":"2022-04-07T06:34:00","slug":"dtm-finale-2021-norisring","status":"publish","type":"post","link":"https:\/\/www.eel-fotografie.de\/wp2\/dtm-finale-2021-norisring\/","title":{"rendered":"DTM Finale 2021 Norisring"},"content":{"rendered":"\nngg_shortcode_0_placeholder\n\n\n\n<p><p style=\"text-align:justify\">Maximilian G\u00f6tz (Mercedes) DTM Meister 2021. Er konnte sowohl das Samstags-, als auch das Sonntagsrennen (unter freundlicher mithilfe von Mercedes Kollegen Lucas Auer) gewinnen. Er entriss damit in den letzten beiden L\u00e4ufen Liam Lawson (Ferrari) die Tabellenf\u00fchrung, der durch eine Kollision mit Kelvin van der Linde (Audi) und einem dadurch resultierenden Schaden weit zur\u00fcckgeworfen wurde. Kelvin van der Linde brachte sich durch einen Plattfu\u00df und einer Zeitstrafe um den Titel. Somit war f\u00fcr Maxi G\u00f6tz der Weg zur Meisterschaft frei.<\/p>\n\n\n\nngg_shortcode_1_placeholder\n\n\n\n<p>(30 Fotos)<\/p>\n","protected":false},"excerpt":{"rendered":"<p>Maximilian G\u00f6tz (Mercedes) DTM Meister 2021. Er konnte sowohl das Samstags-, als auch das Sonntagsrennen (unter freundlicher mithilfe von Mercedes Kollegen Lucas Auer) gewinnen. Er entriss damit in den letzten beiden L\u00e4ufen Liam Lawson (Ferrari) die Tabellenf\u00fchrung, der durch eine Kollision mit Kelvin van der Linde (Audi) und einem dadurch resultierenden Schaden weit zur\u00fcckgeworfen wurde. [&hellip;]<\/p>\n","protected":false},"author":1,"featured_media":18554,"comment_status":"closed","ping_status":"closed","sticky":false,"template":"","format":"standard","meta":{"_genesis_hide_title":false,"_genesis_hide_breadcrumbs":false,"_genesis_hide_singular_image":false,"_genesis_hide_footer_widgets":false,"_genesis_custom_body_class":"","_genesis_custom_post_class":"","_genesis_layout":"","ngg_post_thumbnail":2000000327,"footnotes":""},"categories":[13,185,17],"tags":[74,75,767,87,12,1735,1199,1733,771,6,7,204,40,770,106,1734,768,756,140,1779,1731,77,15,1736,1651,1636,1778,1777,302,89,255,772,256,773,131,1738,16,11,769,1264,162],"class_list":{"0":"post-18552","1":"post","2":"type-post","3":"status-publish","4":"format-standard","5":"has-post-thumbnail","7":"category-dtm","8":"category-motorsport","9":"category-sport","10":"tag-audi","11":"tag-bmw","12":"tag-curbs","13":"tag-deutsche-tourenwagen-masters","14":"tag-dtm","15":"tag-dtm-2021","16":"tag-dtm-meister","17":"tag-dtm-meisterschaft-2021","18":"tag-dynamik","19":"tag-eberhard-krieger","20":"tag-eel-fotografie","21":"tag-eel-fotografie-bildagentur","22":"tag-ferrari","23":"tag-geschwindigkeit","24":"tag-itr","25":"tag-kelvin-van-der-linde","26":"tag-kurve","27":"tag-lamborghini","28":"tag-marco-wittmann","29":"tag-maximilian-goetz","30":"tag-mclaren","31":"tag-mercedes","32":"tag-motorsport","33":"tag-motorsportfotografie","34":"tag-nico-mueller","35":"tag-nikon","36":"tag-nikon-deutschland","37":"tag-norisring-2021","38":"tag-pilot","39":"tag-porsche","40":"tag-rennauto","41":"tag-rennenstrecke","42":"tag-rennfahrer","43":"tag-rennfans","44":"tag-rennwagen","45":"tag-saison-2021","46":"tag-sport","47":"tag-sportfoto-krieger","48":"tag-start-und-ziel","49":"tag-timo-glock","50":"tag-zuschauer","51":"entry"},"yoast_head":"<!-- This site is optimized with the Yoast SEO plugin v26.5 - https:\/\/yoast.com\/wordpress\/plugins\/seo\/ -->\n<title>DTM Finale 2021 Norisring - eel-fotografie<\/title>\n<meta name=\"description\" content=\"DTM Finale 2021 Norisring. Maximilian G\u00f6tz (Mercedes) DTM Meister 2021. Er konnte sowohl das Samstags-, als auch das Sonntagsrennen gewinnen. (30 Fotos)\" \/>\n<meta name=\"robots\" content=\"index, follow, max-snippet:-1, max-image-preview:large, max-video-preview:-1\" \/>\n<link rel=\"canonical\" href=\"https:\/\/www.eel-fotografie.de\/wp2\/dtm-finale-2021-norisring\/\" \/>\n<meta name=\"twitter:label1\" content=\"Verfasst von\" \/>\n\t<meta name=\"twitter:data1\" content=\"admin\" \/>\n\t<meta name=\"twitter:label2\" content=\"Gesch\u00e4tzte Lesezeit\" \/>\n\t<meta name=\"twitter:data2\" content=\"1\u00a0Minute\" \/>\n<script type=\"application\/ld+json\" class=\"yoast-schema-graph\">{\"@context\":\"https:\/\/schema.org\",\"@graph\":[{\"@type\":\"Article\",\"@id\":\"https:\/\/www.eel-fotografie.de\/wp2\/dtm-finale-2021-norisring\/#article\",\"isPartOf\":{\"@id\":\"https:\/\/www.eel-fotografie.de\/wp2\/dtm-finale-2021-norisring\/\"},\"author\":{\"name\":\"admin\",\"@id\":\"http:\/\/www.eel-fotografie.de\/wp2\/#\/schema\/person\/48b675d7a081d02af2929c3629214db0\"},\"headline\":\"DTM Finale 2021 Norisring\",\"datePublished\":\"2021-10-11T11:54:11+00:00\",\"dateModified\":\"2022-04-07T06:34:00+00:00\",\"mainEntityOfPage\":{\"@id\":\"https:\/\/www.eel-fotografie.de\/wp2\/dtm-finale-2021-norisring\/\"},\"wordCount\":104,\"publisher\":{\"@id\":\"http:\/\/www.eel-fotografie.de\/wp2\/#organization\"},\"image\":{\"@id\":\"https:\/\/www.eel-fotografie.de\/wp2\/dtm-finale-2021-norisring\/#primaryimage\"},\"thumbnailUrl\":\"https:\/\/www.eel-fotografie.de\/wp2\/wp-content\/uploads\/nggallery_import\/Norisring_2021_0022.jpg\",\"keywords\":[\"Audi\",\"BMW\",\"Curbs\",\"Deutsche Tourenwagen Masters\",\"DTM\",\"DTM 2021\",\"DTM Meister\",\"DTM Meisterschaft 2021\",\"Dynamik\",\"Eberhard Krieger\",\"eel fotografie\",\"eel-fotografie bildagentur\",\"Ferrari\",\"Geschwindigkeit\",\"ITR\",\"Kelvin van der Linde\",\"Kurve\",\"Lamborghini\",\"Marco Wittmann\",\"Maximilian G\u00f6tz\",\"Mclaren\",\"Mercedes\",\"Motorsport\",\"Motorsportfotografie\",\"Nico M\u00fcller\",\"Nikon\",\"Nikon Deutschland\",\"Norisring 2021\",\"Pilot\",\"Porsche\",\"Rennauto\",\"Rennenstrecke\",\"Rennfahrer\",\"Rennfans\",\"Rennwagen\",\"Saison 2021\",\"Sport\",\"sportfoto-krieger\",\"Start und Ziel\",\"Timo Glock\",\"Zuschauer\"],\"articleSection\":[\"DTM\",\"Motorsport\",\"Sport\"],\"inLanguage\":\"de\"},{\"@type\":\"WebPage\",\"@id\":\"https:\/\/www.eel-fotografie.de\/wp2\/dtm-finale-2021-norisring\/\",\"url\":\"https:\/\/www.eel-fotografie.de\/wp2\/dtm-finale-2021-norisring\/\",\"name\":\"DTM Finale 2021 Norisring - eel-fotografie\",\"isPartOf\":{\"@id\":\"http:\/\/www.eel-fotografie.de\/wp2\/#website\"},\"primaryImageOfPage\":{\"@id\":\"https:\/\/www.eel-fotografie.de\/wp2\/dtm-finale-2021-norisring\/#primaryimage\"},\"image\":{\"@id\":\"https:\/\/www.eel-fotografie.de\/wp2\/dtm-finale-2021-norisring\/#primaryimage\"},\"thumbnailUrl\":\"https:\/\/www.eel-fotografie.de\/wp2\/wp-content\/uploads\/nggallery_import\/Norisring_2021_0022.jpg\",\"datePublished\":\"2021-10-11T11:54:11+00:00\",\"dateModified\":\"2022-04-07T06:34:00+00:00\",\"description\":\"DTM Finale 2021 Norisring. Maximilian G\u00f6tz (Mercedes) DTM Meister 2021. Er konnte sowohl das Samstags-, als auch das Sonntagsrennen gewinnen. (30 Fotos)\",\"breadcrumb\":{\"@id\":\"https:\/\/www.eel-fotografie.de\/wp2\/dtm-finale-2021-norisring\/#breadcrumb\"},\"inLanguage\":\"de\",\"potentialAction\":[{\"@type\":\"ReadAction\",\"target\":[\"https:\/\/www.eel-fotografie.de\/wp2\/dtm-finale-2021-norisring\/\"]}]},{\"@type\":\"ImageObject\",\"inLanguage\":\"de\",\"@id\":\"https:\/\/www.eel-fotografie.de\/wp2\/dtm-finale-2021-norisring\/#primaryimage\",\"url\":\"https:\/\/www.eel-fotografie.de\/wp2\/wp-content\/uploads\/nggallery_import\/Norisring_2021_0022.jpg\",\"contentUrl\":\"https:\/\/www.eel-fotografie.de\/wp2\/wp-content\/uploads\/nggallery_import\/Norisring_2021_0022.jpg\",\"width\":1024,\"height\":682},{\"@type\":\"BreadcrumbList\",\"@id\":\"https:\/\/www.eel-fotografie.de\/wp2\/dtm-finale-2021-norisring\/#breadcrumb\",\"itemListElement\":[{\"@type\":\"ListItem\",\"position\":1,\"name\":\"Home\",\"item\":\"http:\/\/www.eel-fotografie.de\/wp2\/\"},{\"@type\":\"ListItem\",\"position\":2,\"name\":\"DTM Finale 2021 Norisring\"}]},{\"@type\":\"WebSite\",\"@id\":\"http:\/\/www.eel-fotografie.de\/wp2\/#website\",\"url\":\"http:\/\/www.eel-fotografie.de\/wp2\/\",\"name\":\"eel-fotografie\",\"description\":\"fotografie - bildagentur\",\"publisher\":{\"@id\":\"http:\/\/www.eel-fotografie.de\/wp2\/#organization\"},\"potentialAction\":[{\"@type\":\"SearchAction\",\"target\":{\"@type\":\"EntryPoint\",\"urlTemplate\":\"http:\/\/www.eel-fotografie.de\/wp2\/?s={search_term_string}\"},\"query-input\":{\"@type\":\"PropertyValueSpecification\",\"valueRequired\":true,\"valueName\":\"search_term_string\"}}],\"inLanguage\":\"de\"},{\"@type\":\"Organization\",\"@id\":\"http:\/\/www.eel-fotografie.de\/wp2\/#organization\",\"name\":\"eel-fotografie | fotografie - bildagentur\",\"url\":\"http:\/\/www.eel-fotografie.de\/wp2\/\",\"logo\":{\"@type\":\"ImageObject\",\"inLanguage\":\"de\",\"@id\":\"http:\/\/www.eel-fotografie.de\/wp2\/#\/schema\/logo\/image\/\",\"url\":\"http:\/\/www.eel-fotografie.de\/wp2\/wp-content\/uploads\/eel-fotografie_logo_2_500x250.png\",\"contentUrl\":\"http:\/\/www.eel-fotografie.de\/wp2\/wp-content\/uploads\/eel-fotografie_logo_2_500x250.png\",\"width\":500,\"height\":254,\"caption\":\"eel-fotografie | fotografie - bildagentur\"},\"image\":{\"@id\":\"http:\/\/www.eel-fotografie.de\/wp2\/#\/schema\/logo\/image\/\"},\"sameAs\":[\"https:\/\/www.instagram.com\/eelfotografie\/\"]},{\"@type\":\"Person\",\"@id\":\"http:\/\/www.eel-fotografie.de\/wp2\/#\/schema\/person\/48b675d7a081d02af2929c3629214db0\",\"name\":\"admin\",\"image\":{\"@type\":\"ImageObject\",\"inLanguage\":\"de\",\"@id\":\"http:\/\/www.eel-fotografie.de\/wp2\/#\/schema\/person\/image\/\",\"url\":\"https:\/\/secure.gravatar.com\/avatar\/0238886d5b298e452983f5d971ee0c60774f53da880f3705d3087707fa31096c?s=96&d=mm&r=g\",\"contentUrl\":\"https:\/\/secure.gravatar.com\/avatar\/0238886d5b298e452983f5d971ee0c60774f53da880f3705d3087707fa31096c?s=96&d=mm&r=g\",\"caption\":\"admin\"},\"description\":\"Head of eel-fotografie | fotografie-bildagentur\",\"sameAs\":[\"http:\/\/www.eel-fotografie.de\"],\"url\":\"https:\/\/www.eel-fotografie.de\/wp2\/author\/admin\/\"}]}<\/script>\n<!-- \/ Yoast SEO plugin. -->","yoast_head_json":{"title":"DTM Finale 2021 Norisring - eel-fotografie","description":"DTM Finale 2021 Norisring. Maximilian G\u00f6tz (Mercedes) DTM Meister 2021. Er konnte sowohl das Samstags-, als auch das Sonntagsrennen gewinnen. (30 Fotos)","robots":{"index":"index","follow":"follow","max-snippet":"max-snippet:-1","max-image-preview":"max-image-preview:large","max-video-preview":"max-video-preview:-1"},"canonical":"https:\/\/www.eel-fotografie.de\/wp2\/dtm-finale-2021-norisring\/","twitter_misc":{"Verfasst von":"admin","Gesch\u00e4tzte Lesezeit":"1\u00a0Minute"},"schema":{"@context":"https:\/\/schema.org","@graph":[{"@type":"Article","@id":"https:\/\/www.eel-fotografie.de\/wp2\/dtm-finale-2021-norisring\/#article","isPartOf":{"@id":"https:\/\/www.eel-fotografie.de\/wp2\/dtm-finale-2021-norisring\/"},"author":{"name":"admin","@id":"http:\/\/www.eel-fotografie.de\/wp2\/#\/schema\/person\/48b675d7a081d02af2929c3629214db0"},"headline":"DTM Finale 2021 Norisring","datePublished":"2021-10-11T11:54:11+00:00","dateModified":"2022-04-07T06:34:00+00:00","mainEntityOfPage":{"@id":"https:\/\/www.eel-fotografie.de\/wp2\/dtm-finale-2021-norisring\/"},"wordCount":104,"publisher":{"@id":"http:\/\/www.eel-fotografie.de\/wp2\/#organization"},"image":{"@id":"https:\/\/www.eel-fotografie.de\/wp2\/dtm-finale-2021-norisring\/#primaryimage"},"thumbnailUrl":"https:\/\/www.eel-fotografie.de\/wp2\/wp-content\/uploads\/nggallery_import\/Norisring_2021_0022.jpg","keywords":["Audi","BMW","Curbs","Deutsche Tourenwagen Masters","DTM","DTM 2021","DTM Meister","DTM Meisterschaft 2021","Dynamik","Eberhard Krieger","eel fotografie","eel-fotografie bildagentur","Ferrari","Geschwindigkeit","ITR","Kelvin van der Linde","Kurve","Lamborghini","Marco Wittmann","Maximilian G\u00f6tz","Mclaren","Mercedes","Motorsport","Motorsportfotografie","Nico M\u00fcller","Nikon","Nikon Deutschland","Norisring 2021","Pilot","Porsche","Rennauto","Rennenstrecke","Rennfahrer","Rennfans","Rennwagen","Saison 2021","Sport","sportfoto-krieger","Start und Ziel","Timo Glock","Zuschauer"],"articleSection":["DTM","Motorsport","Sport"],"inLanguage":"de"},{"@type":"WebPage","@id":"https:\/\/www.eel-fotografie.de\/wp2\/dtm-finale-2021-norisring\/","url":"https:\/\/www.eel-fotografie.de\/wp2\/dtm-finale-2021-norisring\/","name":"DTM Finale 2021 Norisring - eel-fotografie","isPartOf":{"@id":"http:\/\/www.eel-fotografie.de\/wp2\/#website"},"primaryImageOfPage":{"@id":"https:\/\/www.eel-fotografie.de\/wp2\/dtm-finale-2021-norisring\/#primaryimage"},"image":{"@id":"https:\/\/www.eel-fotografie.de\/wp2\/dtm-finale-2021-norisring\/#primaryimage"},"thumbnailUrl":"https:\/\/www.eel-fotografie.de\/wp2\/wp-content\/uploads\/nggallery_import\/Norisring_2021_0022.jpg","datePublished":"2021-10-11T11:54:11+00:00","dateModified":"2022-04-07T06:34:00+00:00","description":"DTM Finale 2021 Norisring. Maximilian G\u00f6tz (Mercedes) DTM Meister 2021. Er konnte sowohl das Samstags-, als auch das Sonntagsrennen gewinnen. (30 Fotos)","breadcrumb":{"@id":"https:\/\/www.eel-fotografie.de\/wp2\/dtm-finale-2021-norisring\/#breadcrumb"},"inLanguage":"de","potentialAction":[{"@type":"ReadAction","target":["https:\/\/www.eel-fotografie.de\/wp2\/dtm-finale-2021-norisring\/"]}]},{"@type":"ImageObject","inLanguage":"de","@id":"https:\/\/www.eel-fotografie.de\/wp2\/dtm-finale-2021-norisring\/#primaryimage","url":"https:\/\/www.eel-fotografie.de\/wp2\/wp-content\/uploads\/nggallery_import\/Norisring_2021_0022.jpg","contentUrl":"https:\/\/www.eel-fotografie.de\/wp2\/wp-content\/uploads\/nggallery_import\/Norisring_2021_0022.jpg","width":1024,"height":682},{"@type":"BreadcrumbList","@id":"https:\/\/www.eel-fotografie.de\/wp2\/dtm-finale-2021-norisring\/#breadcrumb","itemListElement":[{"@type":"ListItem","position":1,"name":"Home","item":"http:\/\/www.eel-fotografie.de\/wp2\/"},{"@type":"ListItem","position":2,"name":"DTM Finale 2021 Norisring"}]},{"@type":"WebSite","@id":"http:\/\/www.eel-fotografie.de\/wp2\/#website","url":"http:\/\/www.eel-fotografie.de\/wp2\/","name":"eel-fotografie","description":"fotografie - bildagentur","publisher":{"@id":"http:\/\/www.eel-fotografie.de\/wp2\/#organization"},"potentialAction":[{"@type":"SearchAction","target":{"@type":"EntryPoint","urlTemplate":"http:\/\/www.eel-fotografie.de\/wp2\/?s={search_term_string}"},"query-input":{"@type":"PropertyValueSpecification","valueRequired":true,"valueName":"search_term_string"}}],"inLanguage":"de"},{"@type":"Organization","@id":"http:\/\/www.eel-fotografie.de\/wp2\/#organization","name":"eel-fotografie | fotografie - bildagentur","url":"http:\/\/www.eel-fotografie.de\/wp2\/","logo":{"@type":"ImageObject","inLanguage":"de","@id":"http:\/\/www.eel-fotografie.de\/wp2\/#\/schema\/logo\/image\/","url":"http:\/\/www.eel-fotografie.de\/wp2\/wp-content\/uploads\/eel-fotografie_logo_2_500x250.png","contentUrl":"http:\/\/www.eel-fotografie.de\/wp2\/wp-content\/uploads\/eel-fotografie_logo_2_500x250.png","width":500,"height":254,"caption":"eel-fotografie | fotografie - bildagentur"},"image":{"@id":"http:\/\/www.eel-fotografie.de\/wp2\/#\/schema\/logo\/image\/"},"sameAs":["https:\/\/www.instagram.com\/eelfotografie\/"]},{"@type":"Person","@id":"http:\/\/www.eel-fotografie.de\/wp2\/#\/schema\/person\/48b675d7a081d02af2929c3629214db0","name":"admin","image":{"@type":"ImageObject","inLanguage":"de","@id":"http:\/\/www.eel-fotografie.de\/wp2\/#\/schema\/person\/image\/","url":"https:\/\/secure.gravatar.com\/avatar\/0238886d5b298e452983f5d971ee0c60774f53da880f3705d3087707fa31096c?s=96&d=mm&r=g","contentUrl":"https:\/\/secure.gravatar.com\/avatar\/0238886d5b298e452983f5d971ee0c60774f53da880f3705d3087707fa31096c?s=96&d=mm&r=g","caption":"admin"},"description":"Head of eel-fotografie | fotografie-bildagentur","sameAs":["http:\/\/www.eel-fotografie.de"],"url":"https:\/\/www.eel-fotografie.de\/wp2\/author\/admin\/"}]}},"_links":{"self":[{"href":"https:\/\/www.eel-fotografie.de\/wp2\/wp-json\/wp\/v2\/posts\/18552","targetHints":{"allow":["GET"]}}],"collection":[{"href":"https:\/\/www.eel-fotografie.de\/wp2\/wp-json\/wp\/v2\/posts"}],"about":[{"href":"https:\/\/www.eel-fotografie.de\/wp2\/wp-json\/wp\/v2\/types\/post"}],"author":[{"embeddable":true,"href":"https:\/\/www.eel-fotografie.de\/wp2\/wp-json\/wp\/v2\/users\/1"}],"replies":[{"embeddable":true,"href":"https:\/\/www.eel-fotografie.de\/wp2\/wp-json\/wp\/v2\/comments?post=18552"}],"version-history":[{"count":0,"href":"https:\/\/www.eel-fotografie.de\/wp2\/wp-json\/wp\/v2\/posts\/18552\/revisions"}],"wp:featuredmedia":[{"embeddable":true,"href":"https:\/\/www.eel-fotografie.de\/wp2\/wp-json\/wp\/v2\/media\/18554"}],"wp:attachment":[{"href":"https:\/\/www.eel-fotografie.de\/wp2\/wp-json\/wp\/v2\/media?parent=18552"}],"wp:term":[{"taxonomy":"category","embeddable":true,"href":"https:\/\/www.eel-fotografie.de\/wp2\/wp-json\/wp\/v2\/categories?post=18552"},{"taxonomy":"post_tag","embeddable":true,"href":"https:\/\/www.eel-fotografie.de\/wp2\/wp-json\/wp\/v2\/tags?post=18552"}],"curies":[{"name":"wp","href":"https:\/\/api.w.org\/{rel}","templated":true}]}}