{"id":18856,"date":"2022-05-31T15:36:18","date_gmt":"2022-05-31T13:36:18","guid":{"rendered":"https:\/\/www.eel-fotografie.de\/wp2\/?p=18856"},"modified":"2022-10-27T16:27:38","modified_gmt":"2022-10-27T14:27:38","slug":"24h-rennen-nuerburgring-2022","status":"publish","type":"post","link":"https:\/\/www.eel-fotografie.de\/wp2\/24h-rennen-nuerburgring-2022\/","title":{"rendered":"24h Rennen N\u00fcrburgring 2022"},"content":{"rendered":"\nngg_shortcode_0_placeholder\n\n\n\n<p><p style=\"text-align:justify\">Das 24h-Rennen N\u00fcrburgring 2022 feierte sein 50. Jubil\u00e4um. Beim Rennen, das erstmals seit 2019 ohne Unterbrechung \u00fcber die volle Distanz ausgetragen werden konnte, spielten sich wie \u00fcblich einige Dramen ab. Die 24 Stunden werden inzwischen wie ein 2 Stunden Sprint-Rennen gefahren. Erstmals waren auch wieder Tausende Zuschauer an der Strecke.<\/p>\n\n\n\nngg_shortcode_1_placeholder\n\n\n\n<p><p><p style=\"text-align:justify\">Das Ergebnis nach 24 Stunden:<\/p>\n\n\n\n<p><p style=\"text-align:justify\"><ol><li>Kelvin Van der Linde, Dries Vanthoor, Frederic Vervisch, Robin Frijns &#8211; Audi Sport Team Phoenix<\/li><li>Adam Christodoulou, Maximilian G\u00f6tz, Fabian Schiller &#8211; Mercedes-AMG Team GetSpeed<\/li><li>Maro Engel, Jules Gounon, Daniel Juncadella &#8211; Mercedes-AMG Team GetSpeed<\/li><\/ol><\/p>\n\n\n\nngg_shortcode_2_placeholder\n\n\n\n<p>(26 Fotos)<\/p>\n","protected":false},"excerpt":{"rendered":"<p>Das 24h-Rennen N\u00fcrburgring 2022 feierte sein 50. Jubil\u00e4um. Beim Rennen, das erstmals seit 2019 ohne Unterbrechung \u00fcber die volle Distanz ausgetragen werden konnte, spielten sich wie \u00fcblich einige Dramen ab. Die 24 Stunden werden inzwischen wie ein 2 Stunden Sprint-Rennen gefahren. Erstmals waren auch wieder Tausende Zuschauer an der Strecke. Das Ergebnis nach 24 Stunden: [&hellip;]<\/p>\n","protected":false},"author":1,"featured_media":18858,"comment_status":"closed","ping_status":"closed","sticky":false,"template":"","format":"standard","meta":{"_genesis_hide_title":false,"_genesis_hide_breadcrumbs":false,"_genesis_hide_singular_image":false,"_genesis_hide_footer_widgets":false,"_genesis_custom_body_class":"","_genesis_custom_post_class":"","_genesis_layout":"","ngg_post_thumbnail":2000000458,"footnotes":""},"categories":[176,185,17],"tags":[175,1843,74,75,767,771,6,7,204,40,770,1734,768,756,1841,140,1779,77,15,1736,1842,1840,1651,1636,1786,1778,1838,302,89,1265,255,772,256,773,131,1837,1828,16,11,769,162],"class_list":{"0":"post-18856","1":"post","2":"type-post","3":"status-publish","4":"format-standard","5":"has-post-thumbnail","7":"category-24-stunden-rennen","8":"category-motorsport","9":"category-sport","10":"tag-24-stunden-rennen","11":"tag-24hnbr","12":"tag-audi","13":"tag-bmw","14":"tag-curbs","15":"tag-dynamik","16":"tag-eberhard-krieger","17":"tag-eel-fotografie","18":"tag-eel-fotografie-bildagentur","19":"tag-ferrari","20":"tag-geschwindigkeit","21":"tag-kelvin-van-der-linde","22":"tag-kurve","23":"tag-lamborghini","24":"tag-lichter","25":"tag-marco-wittmann","26":"tag-maximilian-goetz","27":"tag-mercedes","28":"tag-motorsport","29":"tag-motorsportfotografie","30":"tag-motorsportphotography","31":"tag-nacht","32":"tag-nico-mueller","33":"tag-nikon","34":"tag-nikon-dach","35":"tag-nikon-deutschland","36":"tag-nuerburgring-2022","37":"tag-pilot","38":"tag-porsche","39":"tag-rene-rast","40":"tag-rennauto","41":"tag-rennenstrecke","42":"tag-rennfahrer","43":"tag-rennfans","44":"tag-rennwagen","45":"tag-saison-2022","46":"tag-sheldon-van-der-linde","47":"tag-sport","48":"tag-sportfoto-krieger","49":"tag-start-und-ziel","50":"tag-zuschauer","51":"entry"},"yoast_head":"<!-- This site is optimized with the Yoast SEO plugin v26.5 - https:\/\/yoast.com\/wordpress\/plugins\/seo\/ -->\n<title>24h Rennen N\u00fcrburgring 2022 - eel-fotografie<\/title>\n<meta name=\"description\" content=\"24h Rennen N\u00fcrburgring 2022 - Harakiri, oder: ein Sprintrennen \u00fcber 24 Stunden. Audi hat am Ende die Nase vorne. (26 Fotos)\" \/>\n<meta name=\"robots\" content=\"index, follow, max-snippet:-1, max-image-preview:large, max-video-preview:-1\" \/>\n<link rel=\"canonical\" href=\"https:\/\/www.eel-fotografie.de\/wp2\/24h-rennen-nuerburgring-2022\/\" \/>\n<meta name=\"twitter:label1\" content=\"Verfasst von\" \/>\n\t<meta name=\"twitter:data1\" content=\"admin\" \/>\n\t<meta name=\"twitter:label2\" content=\"Gesch\u00e4tzte Lesezeit\" \/>\n\t<meta name=\"twitter:data2\" content=\"1\u00a0Minute\" \/>\n<script type=\"application\/ld+json\" class=\"yoast-schema-graph\">{\"@context\":\"https:\/\/schema.org\",\"@graph\":[{\"@type\":\"Article\",\"@id\":\"https:\/\/www.eel-fotografie.de\/wp2\/24h-rennen-nuerburgring-2022\/#article\",\"isPartOf\":{\"@id\":\"https:\/\/www.eel-fotografie.de\/wp2\/24h-rennen-nuerburgring-2022\/\"},\"author\":{\"name\":\"admin\",\"@id\":\"http:\/\/www.eel-fotografie.de\/wp2\/#\/schema\/person\/48b675d7a081d02af2929c3629214db0\"},\"headline\":\"24h Rennen N\u00fcrburgring 2022\",\"datePublished\":\"2022-05-31T13:36:18+00:00\",\"dateModified\":\"2022-10-27T14:27:38+00:00\",\"mainEntityOfPage\":{\"@id\":\"https:\/\/www.eel-fotografie.de\/wp2\/24h-rennen-nuerburgring-2022\/\"},\"wordCount\":115,\"publisher\":{\"@id\":\"http:\/\/www.eel-fotografie.de\/wp2\/#organization\"},\"image\":{\"@id\":\"https:\/\/www.eel-fotografie.de\/wp2\/24h-rennen-nuerburgring-2022\/#primaryimage\"},\"thumbnailUrl\":\"https:\/\/www.eel-fotografie.de\/wp2\/wp-content\/uploads\/nggallery_import\/DSC_1214.jpg\",\"keywords\":[\"24 Stunden Rennen\",\"24hnbr\",\"Audi\",\"BMW\",\"Curbs\",\"Dynamik\",\"Eberhard Krieger\",\"eel fotografie\",\"eel-fotografie bildagentur\",\"Ferrari\",\"Geschwindigkeit\",\"Kelvin van der Linde\",\"Kurve\",\"Lamborghini\",\"Lichter\",\"Marco Wittmann\",\"Maximilian G\u00f6tz\",\"Mercedes\",\"Motorsport\",\"Motorsportfotografie\",\"Motorsportphotography\",\"Nacht\",\"Nico M\u00fcller\",\"Nikon\",\"Nikon Dach\",\"Nikon Deutschland\",\"N\u00fcrburgring 2022\",\"Pilot\",\"Porsche\",\"Rene Rast\",\"Rennauto\",\"Rennenstrecke\",\"Rennfahrer\",\"Rennfans\",\"Rennwagen\",\"Saison 2022\",\"Sheldon van der Linde\",\"Sport\",\"sportfoto-krieger\",\"Start und Ziel\",\"Zuschauer\"],\"articleSection\":[\"24 Stunden Rennen\",\"Motorsport\",\"Sport\"],\"inLanguage\":\"de\"},{\"@type\":\"WebPage\",\"@id\":\"https:\/\/www.eel-fotografie.de\/wp2\/24h-rennen-nuerburgring-2022\/\",\"url\":\"https:\/\/www.eel-fotografie.de\/wp2\/24h-rennen-nuerburgring-2022\/\",\"name\":\"24h Rennen N\u00fcrburgring 2022 - eel-fotografie\",\"isPartOf\":{\"@id\":\"http:\/\/www.eel-fotografie.de\/wp2\/#website\"},\"primaryImageOfPage\":{\"@id\":\"https:\/\/www.eel-fotografie.de\/wp2\/24h-rennen-nuerburgring-2022\/#primaryimage\"},\"image\":{\"@id\":\"https:\/\/www.eel-fotografie.de\/wp2\/24h-rennen-nuerburgring-2022\/#primaryimage\"},\"thumbnailUrl\":\"https:\/\/www.eel-fotografie.de\/wp2\/wp-content\/uploads\/nggallery_import\/DSC_1214.jpg\",\"datePublished\":\"2022-05-31T13:36:18+00:00\",\"dateModified\":\"2022-10-27T14:27:38+00:00\",\"description\":\"24h Rennen N\u00fcrburgring 2022 - Harakiri, oder: ein Sprintrennen \u00fcber 24 Stunden. Audi hat am Ende die Nase vorne. (26 Fotos)\",\"breadcrumb\":{\"@id\":\"https:\/\/www.eel-fotografie.de\/wp2\/24h-rennen-nuerburgring-2022\/#breadcrumb\"},\"inLanguage\":\"de\",\"potentialAction\":[{\"@type\":\"ReadAction\",\"target\":[\"https:\/\/www.eel-fotografie.de\/wp2\/24h-rennen-nuerburgring-2022\/\"]}]},{\"@type\":\"ImageObject\",\"inLanguage\":\"de\",\"@id\":\"https:\/\/www.eel-fotografie.de\/wp2\/24h-rennen-nuerburgring-2022\/#primaryimage\",\"url\":\"https:\/\/www.eel-fotografie.de\/wp2\/wp-content\/uploads\/nggallery_import\/DSC_1214.jpg\",\"contentUrl\":\"https:\/\/www.eel-fotografie.de\/wp2\/wp-content\/uploads\/nggallery_import\/DSC_1214.jpg\",\"width\":1024,\"height\":681},{\"@type\":\"BreadcrumbList\",\"@id\":\"https:\/\/www.eel-fotografie.de\/wp2\/24h-rennen-nuerburgring-2022\/#breadcrumb\",\"itemListElement\":[{\"@type\":\"ListItem\",\"position\":1,\"name\":\"Home\",\"item\":\"http:\/\/www.eel-fotografie.de\/wp2\/\"},{\"@type\":\"ListItem\",\"position\":2,\"name\":\"24h Rennen N\u00fcrburgring 2022\"}]},{\"@type\":\"WebSite\",\"@id\":\"http:\/\/www.eel-fotografie.de\/wp2\/#website\",\"url\":\"http:\/\/www.eel-fotografie.de\/wp2\/\",\"name\":\"eel-fotografie\",\"description\":\"fotografie - bildagentur\",\"publisher\":{\"@id\":\"http:\/\/www.eel-fotografie.de\/wp2\/#organization\"},\"potentialAction\":[{\"@type\":\"SearchAction\",\"target\":{\"@type\":\"EntryPoint\",\"urlTemplate\":\"http:\/\/www.eel-fotografie.de\/wp2\/?s={search_term_string}\"},\"query-input\":{\"@type\":\"PropertyValueSpecification\",\"valueRequired\":true,\"valueName\":\"search_term_string\"}}],\"inLanguage\":\"de\"},{\"@type\":\"Organization\",\"@id\":\"http:\/\/www.eel-fotografie.de\/wp2\/#organization\",\"name\":\"eel-fotografie | fotografie - bildagentur\",\"url\":\"http:\/\/www.eel-fotografie.de\/wp2\/\",\"logo\":{\"@type\":\"ImageObject\",\"inLanguage\":\"de\",\"@id\":\"http:\/\/www.eel-fotografie.de\/wp2\/#\/schema\/logo\/image\/\",\"url\":\"http:\/\/www.eel-fotografie.de\/wp2\/wp-content\/uploads\/eel-fotografie_logo_2_500x250.png\",\"contentUrl\":\"http:\/\/www.eel-fotografie.de\/wp2\/wp-content\/uploads\/eel-fotografie_logo_2_500x250.png\",\"width\":500,\"height\":254,\"caption\":\"eel-fotografie | fotografie - bildagentur\"},\"image\":{\"@id\":\"http:\/\/www.eel-fotografie.de\/wp2\/#\/schema\/logo\/image\/\"},\"sameAs\":[\"https:\/\/www.instagram.com\/eelfotografie\/\"]},{\"@type\":\"Person\",\"@id\":\"http:\/\/www.eel-fotografie.de\/wp2\/#\/schema\/person\/48b675d7a081d02af2929c3629214db0\",\"name\":\"admin\",\"image\":{\"@type\":\"ImageObject\",\"inLanguage\":\"de\",\"@id\":\"http:\/\/www.eel-fotografie.de\/wp2\/#\/schema\/person\/image\/\",\"url\":\"https:\/\/secure.gravatar.com\/avatar\/0238886d5b298e452983f5d971ee0c60774f53da880f3705d3087707fa31096c?s=96&d=mm&r=g\",\"contentUrl\":\"https:\/\/secure.gravatar.com\/avatar\/0238886d5b298e452983f5d971ee0c60774f53da880f3705d3087707fa31096c?s=96&d=mm&r=g\",\"caption\":\"admin\"},\"description\":\"Head of eel-fotografie | fotografie-bildagentur\",\"sameAs\":[\"http:\/\/www.eel-fotografie.de\"],\"url\":\"https:\/\/www.eel-fotografie.de\/wp2\/author\/admin\/\"}]}<\/script>\n<!-- \/ Yoast SEO plugin. -->","yoast_head_json":{"title":"24h Rennen N\u00fcrburgring 2022 - eel-fotografie","description":"24h Rennen N\u00fcrburgring 2022 - Harakiri, oder: ein Sprintrennen \u00fcber 24 Stunden. Audi hat am Ende die Nase vorne. (26 Fotos)","robots":{"index":"index","follow":"follow","max-snippet":"max-snippet:-1","max-image-preview":"max-image-preview:large","max-video-preview":"max-video-preview:-1"},"canonical":"https:\/\/www.eel-fotografie.de\/wp2\/24h-rennen-nuerburgring-2022\/","twitter_misc":{"Verfasst von":"admin","Gesch\u00e4tzte Lesezeit":"1\u00a0Minute"},"schema":{"@context":"https:\/\/schema.org","@graph":[{"@type":"Article","@id":"https:\/\/www.eel-fotografie.de\/wp2\/24h-rennen-nuerburgring-2022\/#article","isPartOf":{"@id":"https:\/\/www.eel-fotografie.de\/wp2\/24h-rennen-nuerburgring-2022\/"},"author":{"name":"admin","@id":"http:\/\/www.eel-fotografie.de\/wp2\/#\/schema\/person\/48b675d7a081d02af2929c3629214db0"},"headline":"24h Rennen N\u00fcrburgring 2022","datePublished":"2022-05-31T13:36:18+00:00","dateModified":"2022-10-27T14:27:38+00:00","mainEntityOfPage":{"@id":"https:\/\/www.eel-fotografie.de\/wp2\/24h-rennen-nuerburgring-2022\/"},"wordCount":115,"publisher":{"@id":"http:\/\/www.eel-fotografie.de\/wp2\/#organization"},"image":{"@id":"https:\/\/www.eel-fotografie.de\/wp2\/24h-rennen-nuerburgring-2022\/#primaryimage"},"thumbnailUrl":"https:\/\/www.eel-fotografie.de\/wp2\/wp-content\/uploads\/nggallery_import\/DSC_1214.jpg","keywords":["24 Stunden Rennen","24hnbr","Audi","BMW","Curbs","Dynamik","Eberhard Krieger","eel fotografie","eel-fotografie bildagentur","Ferrari","Geschwindigkeit","Kelvin van der Linde","Kurve","Lamborghini","Lichter","Marco Wittmann","Maximilian G\u00f6tz","Mercedes","Motorsport","Motorsportfotografie","Motorsportphotography","Nacht","Nico M\u00fcller","Nikon","Nikon Dach","Nikon Deutschland","N\u00fcrburgring 2022","Pilot","Porsche","Rene Rast","Rennauto","Rennenstrecke","Rennfahrer","Rennfans","Rennwagen","Saison 2022","Sheldon van der Linde","Sport","sportfoto-krieger","Start und Ziel","Zuschauer"],"articleSection":["24 Stunden Rennen","Motorsport","Sport"],"inLanguage":"de"},{"@type":"WebPage","@id":"https:\/\/www.eel-fotografie.de\/wp2\/24h-rennen-nuerburgring-2022\/","url":"https:\/\/www.eel-fotografie.de\/wp2\/24h-rennen-nuerburgring-2022\/","name":"24h Rennen N\u00fcrburgring 2022 - eel-fotografie","isPartOf":{"@id":"http:\/\/www.eel-fotografie.de\/wp2\/#website"},"primaryImageOfPage":{"@id":"https:\/\/www.eel-fotografie.de\/wp2\/24h-rennen-nuerburgring-2022\/#primaryimage"},"image":{"@id":"https:\/\/www.eel-fotografie.de\/wp2\/24h-rennen-nuerburgring-2022\/#primaryimage"},"thumbnailUrl":"https:\/\/www.eel-fotografie.de\/wp2\/wp-content\/uploads\/nggallery_import\/DSC_1214.jpg","datePublished":"2022-05-31T13:36:18+00:00","dateModified":"2022-10-27T14:27:38+00:00","description":"24h Rennen N\u00fcrburgring 2022 - Harakiri, oder: ein Sprintrennen \u00fcber 24 Stunden. Audi hat am Ende die Nase vorne. (26 Fotos)","breadcrumb":{"@id":"https:\/\/www.eel-fotografie.de\/wp2\/24h-rennen-nuerburgring-2022\/#breadcrumb"},"inLanguage":"de","potentialAction":[{"@type":"ReadAction","target":["https:\/\/www.eel-fotografie.de\/wp2\/24h-rennen-nuerburgring-2022\/"]}]},{"@type":"ImageObject","inLanguage":"de","@id":"https:\/\/www.eel-fotografie.de\/wp2\/24h-rennen-nuerburgring-2022\/#primaryimage","url":"https:\/\/www.eel-fotografie.de\/wp2\/wp-content\/uploads\/nggallery_import\/DSC_1214.jpg","contentUrl":"https:\/\/www.eel-fotografie.de\/wp2\/wp-content\/uploads\/nggallery_import\/DSC_1214.jpg","width":1024,"height":681},{"@type":"BreadcrumbList","@id":"https:\/\/www.eel-fotografie.de\/wp2\/24h-rennen-nuerburgring-2022\/#breadcrumb","itemListElement":[{"@type":"ListItem","position":1,"name":"Home","item":"http:\/\/www.eel-fotografie.de\/wp2\/"},{"@type":"ListItem","position":2,"name":"24h Rennen N\u00fcrburgring 2022"}]},{"@type":"WebSite","@id":"http:\/\/www.eel-fotografie.de\/wp2\/#website","url":"http:\/\/www.eel-fotografie.de\/wp2\/","name":"eel-fotografie","description":"fotografie - bildagentur","publisher":{"@id":"http:\/\/www.eel-fotografie.de\/wp2\/#organization"},"potentialAction":[{"@type":"SearchAction","target":{"@type":"EntryPoint","urlTemplate":"http:\/\/www.eel-fotografie.de\/wp2\/?s={search_term_string}"},"query-input":{"@type":"PropertyValueSpecification","valueRequired":true,"valueName":"search_term_string"}}],"inLanguage":"de"},{"@type":"Organization","@id":"http:\/\/www.eel-fotografie.de\/wp2\/#organization","name":"eel-fotografie | fotografie - bildagentur","url":"http:\/\/www.eel-fotografie.de\/wp2\/","logo":{"@type":"ImageObject","inLanguage":"de","@id":"http:\/\/www.eel-fotografie.de\/wp2\/#\/schema\/logo\/image\/","url":"http:\/\/www.eel-fotografie.de\/wp2\/wp-content\/uploads\/eel-fotografie_logo_2_500x250.png","contentUrl":"http:\/\/www.eel-fotografie.de\/wp2\/wp-content\/uploads\/eel-fotografie_logo_2_500x250.png","width":500,"height":254,"caption":"eel-fotografie | fotografie - bildagentur"},"image":{"@id":"http:\/\/www.eel-fotografie.de\/wp2\/#\/schema\/logo\/image\/"},"sameAs":["https:\/\/www.instagram.com\/eelfotografie\/"]},{"@type":"Person","@id":"http:\/\/www.eel-fotografie.de\/wp2\/#\/schema\/person\/48b675d7a081d02af2929c3629214db0","name":"admin","image":{"@type":"ImageObject","inLanguage":"de","@id":"http:\/\/www.eel-fotografie.de\/wp2\/#\/schema\/person\/image\/","url":"https:\/\/secure.gravatar.com\/avatar\/0238886d5b298e452983f5d971ee0c60774f53da880f3705d3087707fa31096c?s=96&d=mm&r=g","contentUrl":"https:\/\/secure.gravatar.com\/avatar\/0238886d5b298e452983f5d971ee0c60774f53da880f3705d3087707fa31096c?s=96&d=mm&r=g","caption":"admin"},"description":"Head of eel-fotografie | fotografie-bildagentur","sameAs":["http:\/\/www.eel-fotografie.de"],"url":"https:\/\/www.eel-fotografie.de\/wp2\/author\/admin\/"}]}},"_links":{"self":[{"href":"https:\/\/www.eel-fotografie.de\/wp2\/wp-json\/wp\/v2\/posts\/18856","targetHints":{"allow":["GET"]}}],"collection":[{"href":"https:\/\/www.eel-fotografie.de\/wp2\/wp-json\/wp\/v2\/posts"}],"about":[{"href":"https:\/\/www.eel-fotografie.de\/wp2\/wp-json\/wp\/v2\/types\/post"}],"author":[{"embeddable":true,"href":"https:\/\/www.eel-fotografie.de\/wp2\/wp-json\/wp\/v2\/users\/1"}],"replies":[{"embeddable":true,"href":"https:\/\/www.eel-fotografie.de\/wp2\/wp-json\/wp\/v2\/comments?post=18856"}],"version-history":[{"count":0,"href":"https:\/\/www.eel-fotografie.de\/wp2\/wp-json\/wp\/v2\/posts\/18856\/revisions"}],"wp:featuredmedia":[{"embeddable":true,"href":"https:\/\/www.eel-fotografie.de\/wp2\/wp-json\/wp\/v2\/media\/18858"}],"wp:attachment":[{"href":"https:\/\/www.eel-fotografie.de\/wp2\/wp-json\/wp\/v2\/media?parent=18856"}],"wp:term":[{"taxonomy":"category","embeddable":true,"href":"https:\/\/www.eel-fotografie.de\/wp2\/wp-json\/wp\/v2\/categories?post=18856"},{"taxonomy":"post_tag","embeddable":true,"href":"https:\/\/www.eel-fotografie.de\/wp2\/wp-json\/wp\/v2\/tags?post=18856"}],"curies":[{"name":"wp","href":"https:\/\/api.w.org\/{rel}","templated":true}]}}