{"id":19357,"date":"2023-08-30T21:48:24","date_gmt":"2023-08-30T19:48:24","guid":{"rendered":"https:\/\/www.eel-fotografie.de\/wp2\/?p=19357"},"modified":"2023-08-30T21:48:27","modified_gmt":"2023-08-30T19:48:27","slug":"nitrolympix-2023","status":"publish","type":"post","link":"https:\/\/www.eel-fotografie.de\/wp2\/nitrolympix-2023\/","title":{"rendered":"NitrolympiX 2023"},"content":{"rendered":"\nngg_shortcode_0_placeholder\n\n\n\n<p><p style=\"text-align:justify\">Bereits zum 36. Mal war die Europ\u00e4ische Drag-Racing-Elite zu Gast im Motodrom in Hockenheim. Highlight waren die Top Fuel Dragster, die mit ihren 11.000 PS die 402 Meter lange Strecke in unter 4 Sekunden und mit \u00fcber 500 Km\/h zur\u00fccklegen. Knapp 43.000 Zuschauern, die am Wochenende die Trib\u00fcnen entlang der Strecke f\u00fcllten, wurde ein Feuerwerk aus Spitzensport und Entertainment geboten. Ein H\u00f6hepunkt war, wie jedes Jahr, die Nightshow am Samstag Abend.<\/p>\n\n\n\nngg_shortcode_1_placeholder\n\n\n\n<p>(32 Fotos)<\/p>\n\n\n\nngg_shortcode_2_placeholder\n\n\n\n<p>(17 Fotos)<\/p>\n","protected":false},"excerpt":{"rendered":"<p>Bereits zum 36. Mal war die Europ\u00e4ische Drag-Racing-Elite zu Gast im Motodrom in Hockenheim. Highlight waren die Top Fuel Dragster, die mit ihren 11.000 PS die 402 Meter lange Strecke in unter 4 Sekunden und mit \u00fcber 500 Km\/h zur\u00fccklegen. Knapp 43.000 Zuschauern, die am Wochenende die Trib\u00fcnen entlang der Strecke f\u00fcllten, wurde ein Feuerwerk [&hellip;]<\/p>\n","protected":false},"author":1,"featured_media":19359,"comment_status":"closed","ping_status":"closed","sticky":false,"template":"","format":"standard","meta":{"_genesis_hide_title":false,"_genesis_hide_breadcrumbs":false,"_genesis_hide_singular_image":false,"_genesis_hide_footer_widgets":false,"_genesis_custom_body_class":"","_genesis_custom_post_class":"","_genesis_layout":"","ngg_post_thumbnail":2000000835,"footnotes":""},"categories":[238,185,17],"tags":[937,941,236,934,237,239,240,771,6,7,1491,244,770,935,245,1636,1778,1965,1927,1850,933,301,1964,936,256,131,938,16,940,942,939,260,162],"class_list":{"0":"post-19357","1":"post","2":"type-post","3":"status-publish","4":"format-standard","5":"has-post-thumbnail","7":"category-dragsterrennen","8":"category-motorsport","9":"category-sport","10":"tag-14-meile","11":"tag-beschleunigung","12":"tag-beschleunigungsrennen","13":"tag-drag-racing","14":"tag-dragster","15":"tag-dragsterrennstrecke","16":"tag-duesenantrieb","17":"tag-dynamik","18":"tag-eberhard-krieger","19":"tag-eel-fotografie","20":"tag-feuer","21":"tag-fia-drag-racing-europameisterschaften","22":"tag-geschwindigkeit","23":"tag-hockenheimring","24":"tag-jetdragster","25":"tag-nikon","26":"tag-nikon-deutschland","27":"tag-nikon-europa","28":"tag-nikon-z9","29":"tag-nikondach","30":"tag-nitro","31":"tag-nitrolympx","32":"tag-nitrolympx-2023","33":"tag-nitromethan","34":"tag-rennfahrer","35":"tag-rennwagen","36":"tag-rico-anthes-quartermile","37":"tag-sport","38":"tag-start","39":"tag-startampel","40":"tag-startlinie","41":"tag-top-fuel","42":"tag-zuschauer","43":"entry"},"yoast_head":"<!-- This site is optimized with the Yoast SEO plugin v26.5 - https:\/\/yoast.com\/wordpress\/plugins\/seo\/ -->\n<title>NitrolympiX 2023 - eel-fotografie<\/title>\n<meta name=\"description\" content=\"NitrolympiX 2023 - Zum 36. Mal war die Europ\u00e4ische Drag-Racing-Elite zu Gast im Motodrom in Hockenheim. (49 Fotos)\" \/>\n<meta name=\"robots\" content=\"index, follow, max-snippet:-1, max-image-preview:large, max-video-preview:-1\" \/>\n<link rel=\"canonical\" href=\"https:\/\/www.eel-fotografie.de\/wp2\/nitrolympix-2023\/\" \/>\n<meta name=\"twitter:label1\" content=\"Verfasst von\" \/>\n\t<meta name=\"twitter:data1\" content=\"admin\" \/>\n\t<meta name=\"twitter:label2\" content=\"Gesch\u00e4tzte Lesezeit\" \/>\n\t<meta name=\"twitter:data2\" content=\"1\u00a0Minute\" \/>\n<script type=\"application\/ld+json\" class=\"yoast-schema-graph\">{\"@context\":\"https:\/\/schema.org\",\"@graph\":[{\"@type\":\"Article\",\"@id\":\"https:\/\/www.eel-fotografie.de\/wp2\/nitrolympix-2023\/#article\",\"isPartOf\":{\"@id\":\"https:\/\/www.eel-fotografie.de\/wp2\/nitrolympix-2023\/\"},\"author\":{\"name\":\"admin\",\"@id\":\"https:\/\/www.eel-fotografie.de\/wp2\/#\/schema\/person\/48b675d7a081d02af2929c3629214db0\"},\"headline\":\"NitrolympiX 2023\",\"datePublished\":\"2023-08-30T19:48:24+00:00\",\"dateModified\":\"2023-08-30T19:48:27+00:00\",\"mainEntityOfPage\":{\"@id\":\"https:\/\/www.eel-fotografie.de\/wp2\/nitrolympix-2023\/\"},\"wordCount\":94,\"publisher\":{\"@id\":\"https:\/\/www.eel-fotografie.de\/wp2\/#organization\"},\"image\":{\"@id\":\"https:\/\/www.eel-fotografie.de\/wp2\/nitrolympix-2023\/#primaryimage\"},\"thumbnailUrl\":\"https:\/\/www.eel-fotografie.de\/wp2\/wp-content\/uploads\/nggallery_import\/DSC_7092.jpg\",\"keywords\":[\"1\/4 Meile\",\"Beschleunigung\",\"Beschleunigungsrennen\",\"Drag Racing\",\"Dragster\",\"Dragsterrennstrecke\",\"D\u00fcsenantrieb\",\"Dynamik\",\"Eberhard Krieger\",\"eel fotografie\",\"Feuer\",\"FIA-Drag-Racing-Europameisterschaften\",\"Geschwindigkeit\",\"Hockenheimring\",\"Jetdragster\",\"Nikon\",\"Nikon Deutschland\",\"Nikon Europa\",\"Nikon Z9\",\"Nikondach\",\"Nitro\",\"NitrolympX\",\"NitrolympX 2023\",\"Nitromethan\",\"Rennfahrer\",\"Rennwagen\",\"Rico Anthes Quartermile\",\"Sport\",\"Start\",\"Startampel\",\"Startlinie\",\"Top Fuel\",\"Zuschauer\"],\"articleSection\":[\"Dragsterrennen\",\"Motorsport\",\"Sport\"],\"inLanguage\":\"de\"},{\"@type\":\"WebPage\",\"@id\":\"https:\/\/www.eel-fotografie.de\/wp2\/nitrolympix-2023\/\",\"url\":\"https:\/\/www.eel-fotografie.de\/wp2\/nitrolympix-2023\/\",\"name\":\"NitrolympiX 2023 - eel-fotografie\",\"isPartOf\":{\"@id\":\"https:\/\/www.eel-fotografie.de\/wp2\/#website\"},\"primaryImageOfPage\":{\"@id\":\"https:\/\/www.eel-fotografie.de\/wp2\/nitrolympix-2023\/#primaryimage\"},\"image\":{\"@id\":\"https:\/\/www.eel-fotografie.de\/wp2\/nitrolympix-2023\/#primaryimage\"},\"thumbnailUrl\":\"https:\/\/www.eel-fotografie.de\/wp2\/wp-content\/uploads\/nggallery_import\/DSC_7092.jpg\",\"datePublished\":\"2023-08-30T19:48:24+00:00\",\"dateModified\":\"2023-08-30T19:48:27+00:00\",\"description\":\"NitrolympiX 2023 - Zum 36. Mal war die Europ\u00e4ische Drag-Racing-Elite zu Gast im Motodrom in Hockenheim. (49 Fotos)\",\"breadcrumb\":{\"@id\":\"https:\/\/www.eel-fotografie.de\/wp2\/nitrolympix-2023\/#breadcrumb\"},\"inLanguage\":\"de\",\"potentialAction\":[{\"@type\":\"ReadAction\",\"target\":[\"https:\/\/www.eel-fotografie.de\/wp2\/nitrolympix-2023\/\"]}]},{\"@type\":\"ImageObject\",\"inLanguage\":\"de\",\"@id\":\"https:\/\/www.eel-fotografie.de\/wp2\/nitrolympix-2023\/#primaryimage\",\"url\":\"https:\/\/www.eel-fotografie.de\/wp2\/wp-content\/uploads\/nggallery_import\/DSC_7092.jpg\",\"contentUrl\":\"https:\/\/www.eel-fotografie.de\/wp2\/wp-content\/uploads\/nggallery_import\/DSC_7092.jpg\",\"width\":1024,\"height\":681},{\"@type\":\"BreadcrumbList\",\"@id\":\"https:\/\/www.eel-fotografie.de\/wp2\/nitrolympix-2023\/#breadcrumb\",\"itemListElement\":[{\"@type\":\"ListItem\",\"position\":1,\"name\":\"Home\",\"item\":\"https:\/\/www.eel-fotografie.de\/wp2\/\"},{\"@type\":\"ListItem\",\"position\":2,\"name\":\"NitrolympiX 2023\"}]},{\"@type\":\"WebSite\",\"@id\":\"https:\/\/www.eel-fotografie.de\/wp2\/#website\",\"url\":\"https:\/\/www.eel-fotografie.de\/wp2\/\",\"name\":\"eel-fotografie\",\"description\":\"fotografie - bildagentur\",\"publisher\":{\"@id\":\"https:\/\/www.eel-fotografie.de\/wp2\/#organization\"},\"potentialAction\":[{\"@type\":\"SearchAction\",\"target\":{\"@type\":\"EntryPoint\",\"urlTemplate\":\"https:\/\/www.eel-fotografie.de\/wp2\/?s={search_term_string}\"},\"query-input\":{\"@type\":\"PropertyValueSpecification\",\"valueRequired\":true,\"valueName\":\"search_term_string\"}}],\"inLanguage\":\"de\"},{\"@type\":\"Organization\",\"@id\":\"https:\/\/www.eel-fotografie.de\/wp2\/#organization\",\"name\":\"eel-fotografie | fotografie - bildagentur\",\"url\":\"https:\/\/www.eel-fotografie.de\/wp2\/\",\"logo\":{\"@type\":\"ImageObject\",\"inLanguage\":\"de\",\"@id\":\"https:\/\/www.eel-fotografie.de\/wp2\/#\/schema\/logo\/image\/\",\"url\":\"http:\/\/www.eel-fotografie.de\/wp2\/wp-content\/uploads\/eel-fotografie_logo_2_500x250.png\",\"contentUrl\":\"http:\/\/www.eel-fotografie.de\/wp2\/wp-content\/uploads\/eel-fotografie_logo_2_500x250.png\",\"width\":500,\"height\":254,\"caption\":\"eel-fotografie | fotografie - bildagentur\"},\"image\":{\"@id\":\"https:\/\/www.eel-fotografie.de\/wp2\/#\/schema\/logo\/image\/\"},\"sameAs\":[\"https:\/\/www.instagram.com\/eelfotografie\/\"]},{\"@type\":\"Person\",\"@id\":\"https:\/\/www.eel-fotografie.de\/wp2\/#\/schema\/person\/48b675d7a081d02af2929c3629214db0\",\"name\":\"admin\",\"image\":{\"@type\":\"ImageObject\",\"inLanguage\":\"de\",\"@id\":\"https:\/\/www.eel-fotografie.de\/wp2\/#\/schema\/person\/image\/\",\"url\":\"https:\/\/secure.gravatar.com\/avatar\/0238886d5b298e452983f5d971ee0c60774f53da880f3705d3087707fa31096c?s=96&d=mm&r=g\",\"contentUrl\":\"https:\/\/secure.gravatar.com\/avatar\/0238886d5b298e452983f5d971ee0c60774f53da880f3705d3087707fa31096c?s=96&d=mm&r=g\",\"caption\":\"admin\"},\"description\":\"Head of eel-fotografie | fotografie-bildagentur\",\"sameAs\":[\"http:\/\/www.eel-fotografie.de\"],\"url\":\"https:\/\/www.eel-fotografie.de\/wp2\/author\/admin\/\"}]}<\/script>\n<!-- \/ Yoast SEO plugin. -->","yoast_head_json":{"title":"NitrolympiX 2023 - eel-fotografie","description":"NitrolympiX 2023 - Zum 36. Mal war die Europ\u00e4ische Drag-Racing-Elite zu Gast im Motodrom in Hockenheim. (49 Fotos)","robots":{"index":"index","follow":"follow","max-snippet":"max-snippet:-1","max-image-preview":"max-image-preview:large","max-video-preview":"max-video-preview:-1"},"canonical":"https:\/\/www.eel-fotografie.de\/wp2\/nitrolympix-2023\/","twitter_misc":{"Verfasst von":"admin","Gesch\u00e4tzte Lesezeit":"1\u00a0Minute"},"schema":{"@context":"https:\/\/schema.org","@graph":[{"@type":"Article","@id":"https:\/\/www.eel-fotografie.de\/wp2\/nitrolympix-2023\/#article","isPartOf":{"@id":"https:\/\/www.eel-fotografie.de\/wp2\/nitrolympix-2023\/"},"author":{"name":"admin","@id":"https:\/\/www.eel-fotografie.de\/wp2\/#\/schema\/person\/48b675d7a081d02af2929c3629214db0"},"headline":"NitrolympiX 2023","datePublished":"2023-08-30T19:48:24+00:00","dateModified":"2023-08-30T19:48:27+00:00","mainEntityOfPage":{"@id":"https:\/\/www.eel-fotografie.de\/wp2\/nitrolympix-2023\/"},"wordCount":94,"publisher":{"@id":"https:\/\/www.eel-fotografie.de\/wp2\/#organization"},"image":{"@id":"https:\/\/www.eel-fotografie.de\/wp2\/nitrolympix-2023\/#primaryimage"},"thumbnailUrl":"https:\/\/www.eel-fotografie.de\/wp2\/wp-content\/uploads\/nggallery_import\/DSC_7092.jpg","keywords":["1\/4 Meile","Beschleunigung","Beschleunigungsrennen","Drag Racing","Dragster","Dragsterrennstrecke","D\u00fcsenantrieb","Dynamik","Eberhard Krieger","eel fotografie","Feuer","FIA-Drag-Racing-Europameisterschaften","Geschwindigkeit","Hockenheimring","Jetdragster","Nikon","Nikon Deutschland","Nikon Europa","Nikon Z9","Nikondach","Nitro","NitrolympX","NitrolympX 2023","Nitromethan","Rennfahrer","Rennwagen","Rico Anthes Quartermile","Sport","Start","Startampel","Startlinie","Top Fuel","Zuschauer"],"articleSection":["Dragsterrennen","Motorsport","Sport"],"inLanguage":"de"},{"@type":"WebPage","@id":"https:\/\/www.eel-fotografie.de\/wp2\/nitrolympix-2023\/","url":"https:\/\/www.eel-fotografie.de\/wp2\/nitrolympix-2023\/","name":"NitrolympiX 2023 - eel-fotografie","isPartOf":{"@id":"https:\/\/www.eel-fotografie.de\/wp2\/#website"},"primaryImageOfPage":{"@id":"https:\/\/www.eel-fotografie.de\/wp2\/nitrolympix-2023\/#primaryimage"},"image":{"@id":"https:\/\/www.eel-fotografie.de\/wp2\/nitrolympix-2023\/#primaryimage"},"thumbnailUrl":"https:\/\/www.eel-fotografie.de\/wp2\/wp-content\/uploads\/nggallery_import\/DSC_7092.jpg","datePublished":"2023-08-30T19:48:24+00:00","dateModified":"2023-08-30T19:48:27+00:00","description":"NitrolympiX 2023 - Zum 36. Mal war die Europ\u00e4ische Drag-Racing-Elite zu Gast im Motodrom in Hockenheim. (49 Fotos)","breadcrumb":{"@id":"https:\/\/www.eel-fotografie.de\/wp2\/nitrolympix-2023\/#breadcrumb"},"inLanguage":"de","potentialAction":[{"@type":"ReadAction","target":["https:\/\/www.eel-fotografie.de\/wp2\/nitrolympix-2023\/"]}]},{"@type":"ImageObject","inLanguage":"de","@id":"https:\/\/www.eel-fotografie.de\/wp2\/nitrolympix-2023\/#primaryimage","url":"https:\/\/www.eel-fotografie.de\/wp2\/wp-content\/uploads\/nggallery_import\/DSC_7092.jpg","contentUrl":"https:\/\/www.eel-fotografie.de\/wp2\/wp-content\/uploads\/nggallery_import\/DSC_7092.jpg","width":1024,"height":681},{"@type":"BreadcrumbList","@id":"https:\/\/www.eel-fotografie.de\/wp2\/nitrolympix-2023\/#breadcrumb","itemListElement":[{"@type":"ListItem","position":1,"name":"Home","item":"https:\/\/www.eel-fotografie.de\/wp2\/"},{"@type":"ListItem","position":2,"name":"NitrolympiX 2023"}]},{"@type":"WebSite","@id":"https:\/\/www.eel-fotografie.de\/wp2\/#website","url":"https:\/\/www.eel-fotografie.de\/wp2\/","name":"eel-fotografie","description":"fotografie - bildagentur","publisher":{"@id":"https:\/\/www.eel-fotografie.de\/wp2\/#organization"},"potentialAction":[{"@type":"SearchAction","target":{"@type":"EntryPoint","urlTemplate":"https:\/\/www.eel-fotografie.de\/wp2\/?s={search_term_string}"},"query-input":{"@type":"PropertyValueSpecification","valueRequired":true,"valueName":"search_term_string"}}],"inLanguage":"de"},{"@type":"Organization","@id":"https:\/\/www.eel-fotografie.de\/wp2\/#organization","name":"eel-fotografie | fotografie - bildagentur","url":"https:\/\/www.eel-fotografie.de\/wp2\/","logo":{"@type":"ImageObject","inLanguage":"de","@id":"https:\/\/www.eel-fotografie.de\/wp2\/#\/schema\/logo\/image\/","url":"http:\/\/www.eel-fotografie.de\/wp2\/wp-content\/uploads\/eel-fotografie_logo_2_500x250.png","contentUrl":"http:\/\/www.eel-fotografie.de\/wp2\/wp-content\/uploads\/eel-fotografie_logo_2_500x250.png","width":500,"height":254,"caption":"eel-fotografie | fotografie - bildagentur"},"image":{"@id":"https:\/\/www.eel-fotografie.de\/wp2\/#\/schema\/logo\/image\/"},"sameAs":["https:\/\/www.instagram.com\/eelfotografie\/"]},{"@type":"Person","@id":"https:\/\/www.eel-fotografie.de\/wp2\/#\/schema\/person\/48b675d7a081d02af2929c3629214db0","name":"admin","image":{"@type":"ImageObject","inLanguage":"de","@id":"https:\/\/www.eel-fotografie.de\/wp2\/#\/schema\/person\/image\/","url":"https:\/\/secure.gravatar.com\/avatar\/0238886d5b298e452983f5d971ee0c60774f53da880f3705d3087707fa31096c?s=96&d=mm&r=g","contentUrl":"https:\/\/secure.gravatar.com\/avatar\/0238886d5b298e452983f5d971ee0c60774f53da880f3705d3087707fa31096c?s=96&d=mm&r=g","caption":"admin"},"description":"Head of eel-fotografie | fotografie-bildagentur","sameAs":["http:\/\/www.eel-fotografie.de"],"url":"https:\/\/www.eel-fotografie.de\/wp2\/author\/admin\/"}]}},"_links":{"self":[{"href":"https:\/\/www.eel-fotografie.de\/wp2\/wp-json\/wp\/v2\/posts\/19357","targetHints":{"allow":["GET"]}}],"collection":[{"href":"https:\/\/www.eel-fotografie.de\/wp2\/wp-json\/wp\/v2\/posts"}],"about":[{"href":"https:\/\/www.eel-fotografie.de\/wp2\/wp-json\/wp\/v2\/types\/post"}],"author":[{"embeddable":true,"href":"https:\/\/www.eel-fotografie.de\/wp2\/wp-json\/wp\/v2\/users\/1"}],"replies":[{"embeddable":true,"href":"https:\/\/www.eel-fotografie.de\/wp2\/wp-json\/wp\/v2\/comments?post=19357"}],"version-history":[{"count":0,"href":"https:\/\/www.eel-fotografie.de\/wp2\/wp-json\/wp\/v2\/posts\/19357\/revisions"}],"wp:featuredmedia":[{"embeddable":true,"href":"https:\/\/www.eel-fotografie.de\/wp2\/wp-json\/wp\/v2\/media\/19359"}],"wp:attachment":[{"href":"https:\/\/www.eel-fotografie.de\/wp2\/wp-json\/wp\/v2\/media?parent=19357"}],"wp:term":[{"taxonomy":"category","embeddable":true,"href":"https:\/\/www.eel-fotografie.de\/wp2\/wp-json\/wp\/v2\/categories?post=19357"},{"taxonomy":"post_tag","embeddable":true,"href":"https:\/\/www.eel-fotografie.de\/wp2\/wp-json\/wp\/v2\/tags?post=19357"}],"curies":[{"name":"wp","href":"https:\/\/api.w.org\/{rel}","templated":true}]}}