{"id":19499,"date":"2023-11-28T16:32:24","date_gmt":"2023-11-28T15:32:24","guid":{"rendered":"https:\/\/www.eel-fotografie.de\/wp2\/?p=19499"},"modified":"2023-11-28T16:32:58","modified_gmt":"2023-11-28T15:32:58","slug":"eintracht-frankfurt-vfb-stuttgart-12","status":"publish","type":"post","link":"https:\/\/www.eel-fotografie.de\/wp2\/eintracht-frankfurt-vfb-stuttgart-12\/","title":{"rendered":"Eintracht Frankfurt &#8211; VFB Stuttgart 1:2"},"content":{"rendered":"\nngg_shortcode_0_placeholder\n\n\n\n<p><p style=\"text-align:justify\">Eintracht Frankfurt verliert v\u00f6llig verdient gegen die \u00fcber die gesamte Spielzeit besseren Stuttgarter. \u00dcberschattet wurde das Spiel von Ausschreitung zwischen Frankfurter Fans und der Polizei. Ebenfalls erw\u00e4hnenswert: Schiedsrichter Felix Brych musste w\u00e4hrend des Spiels wegen eines Kreuzbandrisses im rechten Knie verletzt aufgeben.<\/p>\n\n\n\n<p><\/p>\n\n\n\nngg_shortcode_1_placeholder\n\n\n\n<p>(18 Fotos)<\/p>\n","protected":false},"excerpt":{"rendered":"<p>Eintracht Frankfurt verliert v\u00f6llig verdient gegen die \u00fcber die gesamte Spielzeit besseren Stuttgarter. \u00dcberschattet wurde das Spiel von Ausschreitung zwischen Frankfurter Fans und der Polizei. Ebenfalls erw\u00e4hnenswert: Schiedsrichter Felix Brych musste w\u00e4hrend des Spiels wegen eines Kreuzbandrisses im rechten Knie verletzt aufgeben. (18 Fotos)<\/p>\n","protected":false},"author":1,"featured_media":19500,"comment_status":"closed","ping_status":"closed","sticky":false,"template":"","format":"standard","meta":{"_genesis_hide_title":false,"_genesis_hide_breadcrumbs":false,"_genesis_hide_singular_image":false,"_genesis_hide_footer_widgets":false,"_genesis_custom_body_class":"","_genesis_custom_post_class":"","_genesis_layout":"","ngg_post_thumbnail":2000000944,"footnotes":""},"categories":[23,17],"tags":[235,999,1298,35,1915,1922,846,101,36,19,1916,1926,22,1923,1920,1918,1928,1921,1924,1778,1927,1850,1975,1301,1930,133,1302,16,1299,1929,1925,59,1919,162],"class_list":{"0":"post-19499","1":"post","2":"type-post","3":"status-publish","4":"format-standard","5":"has-post-thumbnail","7":"category-fussball","8":"category-sport","9":"tag-action","10":"tag-aktion","11":"tag-ball","12":"tag-bundesliga","13":"tag-calcio","14":"tag-deutsche-bank-park","15":"tag-deutschland","16":"tag-dfb","17":"tag-dfl","18":"tag-eintracht-frankfurt","19":"tag-football","20":"tag-foul","21":"tag-fussball","22":"tag-fussballer","23":"tag-futbol","24":"tag-germany","25":"tag-kopfball","26":"tag-le-football","27":"tag-linenrichter","28":"tag-nikon-deutschland","29":"tag-nikon-z9","30":"tag-nikondach","31":"tag-saison-2023-2024","32":"tag-schiedsrichter","33":"tag-schuss","34":"tag-sge","35":"tag-spieler","36":"tag-sport","37":"tag-tor","38":"tag-torchance","39":"tag-trainer","40":"tag-vfb-stuttgart","41":"tag-voetball","42":"tag-zuschauer","43":"entry"},"yoast_head":"<!-- This site is optimized with the Yoast SEO plugin v26.5 - https:\/\/yoast.com\/wordpress\/plugins\/seo\/ -->\n<title>Eintracht Frankfurt - VFB Stuttgart 1:2 - eel-fotografie<\/title>\n<meta name=\"description\" content=\"Eintracht Frankfurt gegen VFB Stuttgart 1:2. Die bessere Mannschaft hat verdient gewonnen. Frankfurt entt\u00e4uschte. (18 Fotos)\" \/>\n<meta name=\"robots\" content=\"index, follow, max-snippet:-1, max-image-preview:large, max-video-preview:-1\" \/>\n<link rel=\"canonical\" href=\"https:\/\/www.eel-fotografie.de\/wp2\/eintracht-frankfurt-vfb-stuttgart-12\/\" \/>\n<meta name=\"twitter:label1\" content=\"Verfasst von\" \/>\n\t<meta name=\"twitter:data1\" content=\"admin\" \/>\n\t<meta name=\"twitter:label2\" content=\"Gesch\u00e4tzte Lesezeit\" \/>\n\t<meta name=\"twitter:data2\" content=\"1\u00a0Minute\" \/>\n<script type=\"application\/ld+json\" class=\"yoast-schema-graph\">{\"@context\":\"https:\/\/schema.org\",\"@graph\":[{\"@type\":\"Article\",\"@id\":\"https:\/\/www.eel-fotografie.de\/wp2\/eintracht-frankfurt-vfb-stuttgart-12\/#article\",\"isPartOf\":{\"@id\":\"https:\/\/www.eel-fotografie.de\/wp2\/eintracht-frankfurt-vfb-stuttgart-12\/\"},\"author\":{\"name\":\"admin\",\"@id\":\"http:\/\/www.eel-fotografie.de\/wp2\/#\/schema\/person\/48b675d7a081d02af2929c3629214db0\"},\"headline\":\"Eintracht Frankfurt &#8211; VFB Stuttgart 1:2\",\"datePublished\":\"2023-11-28T15:32:24+00:00\",\"dateModified\":\"2023-11-28T15:32:58+00:00\",\"mainEntityOfPage\":{\"@id\":\"https:\/\/www.eel-fotografie.de\/wp2\/eintracht-frankfurt-vfb-stuttgart-12\/\"},\"wordCount\":65,\"publisher\":{\"@id\":\"http:\/\/www.eel-fotografie.de\/wp2\/#organization\"},\"image\":{\"@id\":\"https:\/\/www.eel-fotografie.de\/wp2\/eintracht-frankfurt-vfb-stuttgart-12\/#primaryimage\"},\"thumbnailUrl\":\"https:\/\/www.eel-fotografie.de\/wp2\/wp-content\/uploads\/nggallery_import\/DSC_0491.jpg\",\"keywords\":[\"Action\",\"Aktion\",\"Ball\",\"Bundesliga\",\"Calcio\",\"Deutsche Bank Park\",\"Deutschland\",\"DFB\",\"DFL\",\"Eintracht Frankfurt\",\"Football\",\"Foul\",\"Fussball\",\"Fussballer\",\"Futbol\",\"Germany\",\"Kopfball\",\"Le Football\",\"Linenrichter\",\"Nikon Deutschland\",\"Nikon Z9\",\"Nikondach\",\"Saison 2023\/2024\",\"Schiedsrichter\",\"Schuss\",\"SGE\",\"Spieler\",\"Sport\",\"Tor\",\"Torchance\",\"Trainer\",\"VFB Stuttgart\",\"Voetball\",\"Zuschauer\"],\"articleSection\":[\"Fussball\",\"Sport\"],\"inLanguage\":\"de\"},{\"@type\":\"WebPage\",\"@id\":\"https:\/\/www.eel-fotografie.de\/wp2\/eintracht-frankfurt-vfb-stuttgart-12\/\",\"url\":\"https:\/\/www.eel-fotografie.de\/wp2\/eintracht-frankfurt-vfb-stuttgart-12\/\",\"name\":\"Eintracht Frankfurt - VFB Stuttgart 1:2 - eel-fotografie\",\"isPartOf\":{\"@id\":\"http:\/\/www.eel-fotografie.de\/wp2\/#website\"},\"primaryImageOfPage\":{\"@id\":\"https:\/\/www.eel-fotografie.de\/wp2\/eintracht-frankfurt-vfb-stuttgart-12\/#primaryimage\"},\"image\":{\"@id\":\"https:\/\/www.eel-fotografie.de\/wp2\/eintracht-frankfurt-vfb-stuttgart-12\/#primaryimage\"},\"thumbnailUrl\":\"https:\/\/www.eel-fotografie.de\/wp2\/wp-content\/uploads\/nggallery_import\/DSC_0491.jpg\",\"datePublished\":\"2023-11-28T15:32:24+00:00\",\"dateModified\":\"2023-11-28T15:32:58+00:00\",\"description\":\"Eintracht Frankfurt gegen VFB Stuttgart 1:2. Die bessere Mannschaft hat verdient gewonnen. Frankfurt entt\u00e4uschte. (18 Fotos)\",\"breadcrumb\":{\"@id\":\"https:\/\/www.eel-fotografie.de\/wp2\/eintracht-frankfurt-vfb-stuttgart-12\/#breadcrumb\"},\"inLanguage\":\"de\",\"potentialAction\":[{\"@type\":\"ReadAction\",\"target\":[\"https:\/\/www.eel-fotografie.de\/wp2\/eintracht-frankfurt-vfb-stuttgart-12\/\"]}]},{\"@type\":\"ImageObject\",\"inLanguage\":\"de\",\"@id\":\"https:\/\/www.eel-fotografie.de\/wp2\/eintracht-frankfurt-vfb-stuttgart-12\/#primaryimage\",\"url\":\"https:\/\/www.eel-fotografie.de\/wp2\/wp-content\/uploads\/nggallery_import\/DSC_0491.jpg\",\"contentUrl\":\"https:\/\/www.eel-fotografie.de\/wp2\/wp-content\/uploads\/nggallery_import\/DSC_0491.jpg\",\"width\":1024,\"height\":681},{\"@type\":\"BreadcrumbList\",\"@id\":\"https:\/\/www.eel-fotografie.de\/wp2\/eintracht-frankfurt-vfb-stuttgart-12\/#breadcrumb\",\"itemListElement\":[{\"@type\":\"ListItem\",\"position\":1,\"name\":\"Home\",\"item\":\"http:\/\/www.eel-fotografie.de\/wp2\/\"},{\"@type\":\"ListItem\",\"position\":2,\"name\":\"Eintracht Frankfurt &#8211; VFB Stuttgart 1:2\"}]},{\"@type\":\"WebSite\",\"@id\":\"http:\/\/www.eel-fotografie.de\/wp2\/#website\",\"url\":\"http:\/\/www.eel-fotografie.de\/wp2\/\",\"name\":\"eel-fotografie\",\"description\":\"fotografie - bildagentur\",\"publisher\":{\"@id\":\"http:\/\/www.eel-fotografie.de\/wp2\/#organization\"},\"potentialAction\":[{\"@type\":\"SearchAction\",\"target\":{\"@type\":\"EntryPoint\",\"urlTemplate\":\"http:\/\/www.eel-fotografie.de\/wp2\/?s={search_term_string}\"},\"query-input\":{\"@type\":\"PropertyValueSpecification\",\"valueRequired\":true,\"valueName\":\"search_term_string\"}}],\"inLanguage\":\"de\"},{\"@type\":\"Organization\",\"@id\":\"http:\/\/www.eel-fotografie.de\/wp2\/#organization\",\"name\":\"eel-fotografie | fotografie - bildagentur\",\"url\":\"http:\/\/www.eel-fotografie.de\/wp2\/\",\"logo\":{\"@type\":\"ImageObject\",\"inLanguage\":\"de\",\"@id\":\"http:\/\/www.eel-fotografie.de\/wp2\/#\/schema\/logo\/image\/\",\"url\":\"http:\/\/www.eel-fotografie.de\/wp2\/wp-content\/uploads\/eel-fotografie_logo_2_500x250.png\",\"contentUrl\":\"http:\/\/www.eel-fotografie.de\/wp2\/wp-content\/uploads\/eel-fotografie_logo_2_500x250.png\",\"width\":500,\"height\":254,\"caption\":\"eel-fotografie | fotografie - bildagentur\"},\"image\":{\"@id\":\"http:\/\/www.eel-fotografie.de\/wp2\/#\/schema\/logo\/image\/\"},\"sameAs\":[\"https:\/\/www.instagram.com\/eelfotografie\/\"]},{\"@type\":\"Person\",\"@id\":\"http:\/\/www.eel-fotografie.de\/wp2\/#\/schema\/person\/48b675d7a081d02af2929c3629214db0\",\"name\":\"admin\",\"image\":{\"@type\":\"ImageObject\",\"inLanguage\":\"de\",\"@id\":\"http:\/\/www.eel-fotografie.de\/wp2\/#\/schema\/person\/image\/\",\"url\":\"https:\/\/secure.gravatar.com\/avatar\/0238886d5b298e452983f5d971ee0c60774f53da880f3705d3087707fa31096c?s=96&d=mm&r=g\",\"contentUrl\":\"https:\/\/secure.gravatar.com\/avatar\/0238886d5b298e452983f5d971ee0c60774f53da880f3705d3087707fa31096c?s=96&d=mm&r=g\",\"caption\":\"admin\"},\"description\":\"Head of eel-fotografie | fotografie-bildagentur\",\"sameAs\":[\"http:\/\/www.eel-fotografie.de\"],\"url\":\"https:\/\/www.eel-fotografie.de\/wp2\/author\/admin\/\"}]}<\/script>\n<!-- \/ Yoast SEO plugin. -->","yoast_head_json":{"title":"Eintracht Frankfurt - VFB Stuttgart 1:2 - eel-fotografie","description":"Eintracht Frankfurt gegen VFB Stuttgart 1:2. Die bessere Mannschaft hat verdient gewonnen. Frankfurt entt\u00e4uschte. (18 Fotos)","robots":{"index":"index","follow":"follow","max-snippet":"max-snippet:-1","max-image-preview":"max-image-preview:large","max-video-preview":"max-video-preview:-1"},"canonical":"https:\/\/www.eel-fotografie.de\/wp2\/eintracht-frankfurt-vfb-stuttgart-12\/","twitter_misc":{"Verfasst von":"admin","Gesch\u00e4tzte Lesezeit":"1\u00a0Minute"},"schema":{"@context":"https:\/\/schema.org","@graph":[{"@type":"Article","@id":"https:\/\/www.eel-fotografie.de\/wp2\/eintracht-frankfurt-vfb-stuttgart-12\/#article","isPartOf":{"@id":"https:\/\/www.eel-fotografie.de\/wp2\/eintracht-frankfurt-vfb-stuttgart-12\/"},"author":{"name":"admin","@id":"http:\/\/www.eel-fotografie.de\/wp2\/#\/schema\/person\/48b675d7a081d02af2929c3629214db0"},"headline":"Eintracht Frankfurt &#8211; VFB Stuttgart 1:2","datePublished":"2023-11-28T15:32:24+00:00","dateModified":"2023-11-28T15:32:58+00:00","mainEntityOfPage":{"@id":"https:\/\/www.eel-fotografie.de\/wp2\/eintracht-frankfurt-vfb-stuttgart-12\/"},"wordCount":65,"publisher":{"@id":"http:\/\/www.eel-fotografie.de\/wp2\/#organization"},"image":{"@id":"https:\/\/www.eel-fotografie.de\/wp2\/eintracht-frankfurt-vfb-stuttgart-12\/#primaryimage"},"thumbnailUrl":"https:\/\/www.eel-fotografie.de\/wp2\/wp-content\/uploads\/nggallery_import\/DSC_0491.jpg","keywords":["Action","Aktion","Ball","Bundesliga","Calcio","Deutsche Bank Park","Deutschland","DFB","DFL","Eintracht Frankfurt","Football","Foul","Fussball","Fussballer","Futbol","Germany","Kopfball","Le Football","Linenrichter","Nikon Deutschland","Nikon Z9","Nikondach","Saison 2023\/2024","Schiedsrichter","Schuss","SGE","Spieler","Sport","Tor","Torchance","Trainer","VFB Stuttgart","Voetball","Zuschauer"],"articleSection":["Fussball","Sport"],"inLanguage":"de"},{"@type":"WebPage","@id":"https:\/\/www.eel-fotografie.de\/wp2\/eintracht-frankfurt-vfb-stuttgart-12\/","url":"https:\/\/www.eel-fotografie.de\/wp2\/eintracht-frankfurt-vfb-stuttgart-12\/","name":"Eintracht Frankfurt - VFB Stuttgart 1:2 - eel-fotografie","isPartOf":{"@id":"http:\/\/www.eel-fotografie.de\/wp2\/#website"},"primaryImageOfPage":{"@id":"https:\/\/www.eel-fotografie.de\/wp2\/eintracht-frankfurt-vfb-stuttgart-12\/#primaryimage"},"image":{"@id":"https:\/\/www.eel-fotografie.de\/wp2\/eintracht-frankfurt-vfb-stuttgart-12\/#primaryimage"},"thumbnailUrl":"https:\/\/www.eel-fotografie.de\/wp2\/wp-content\/uploads\/nggallery_import\/DSC_0491.jpg","datePublished":"2023-11-28T15:32:24+00:00","dateModified":"2023-11-28T15:32:58+00:00","description":"Eintracht Frankfurt gegen VFB Stuttgart 1:2. Die bessere Mannschaft hat verdient gewonnen. Frankfurt entt\u00e4uschte. (18 Fotos)","breadcrumb":{"@id":"https:\/\/www.eel-fotografie.de\/wp2\/eintracht-frankfurt-vfb-stuttgart-12\/#breadcrumb"},"inLanguage":"de","potentialAction":[{"@type":"ReadAction","target":["https:\/\/www.eel-fotografie.de\/wp2\/eintracht-frankfurt-vfb-stuttgart-12\/"]}]},{"@type":"ImageObject","inLanguage":"de","@id":"https:\/\/www.eel-fotografie.de\/wp2\/eintracht-frankfurt-vfb-stuttgart-12\/#primaryimage","url":"https:\/\/www.eel-fotografie.de\/wp2\/wp-content\/uploads\/nggallery_import\/DSC_0491.jpg","contentUrl":"https:\/\/www.eel-fotografie.de\/wp2\/wp-content\/uploads\/nggallery_import\/DSC_0491.jpg","width":1024,"height":681},{"@type":"BreadcrumbList","@id":"https:\/\/www.eel-fotografie.de\/wp2\/eintracht-frankfurt-vfb-stuttgart-12\/#breadcrumb","itemListElement":[{"@type":"ListItem","position":1,"name":"Home","item":"http:\/\/www.eel-fotografie.de\/wp2\/"},{"@type":"ListItem","position":2,"name":"Eintracht Frankfurt &#8211; VFB Stuttgart 1:2"}]},{"@type":"WebSite","@id":"http:\/\/www.eel-fotografie.de\/wp2\/#website","url":"http:\/\/www.eel-fotografie.de\/wp2\/","name":"eel-fotografie","description":"fotografie - bildagentur","publisher":{"@id":"http:\/\/www.eel-fotografie.de\/wp2\/#organization"},"potentialAction":[{"@type":"SearchAction","target":{"@type":"EntryPoint","urlTemplate":"http:\/\/www.eel-fotografie.de\/wp2\/?s={search_term_string}"},"query-input":{"@type":"PropertyValueSpecification","valueRequired":true,"valueName":"search_term_string"}}],"inLanguage":"de"},{"@type":"Organization","@id":"http:\/\/www.eel-fotografie.de\/wp2\/#organization","name":"eel-fotografie | fotografie - bildagentur","url":"http:\/\/www.eel-fotografie.de\/wp2\/","logo":{"@type":"ImageObject","inLanguage":"de","@id":"http:\/\/www.eel-fotografie.de\/wp2\/#\/schema\/logo\/image\/","url":"http:\/\/www.eel-fotografie.de\/wp2\/wp-content\/uploads\/eel-fotografie_logo_2_500x250.png","contentUrl":"http:\/\/www.eel-fotografie.de\/wp2\/wp-content\/uploads\/eel-fotografie_logo_2_500x250.png","width":500,"height":254,"caption":"eel-fotografie | fotografie - bildagentur"},"image":{"@id":"http:\/\/www.eel-fotografie.de\/wp2\/#\/schema\/logo\/image\/"},"sameAs":["https:\/\/www.instagram.com\/eelfotografie\/"]},{"@type":"Person","@id":"http:\/\/www.eel-fotografie.de\/wp2\/#\/schema\/person\/48b675d7a081d02af2929c3629214db0","name":"admin","image":{"@type":"ImageObject","inLanguage":"de","@id":"http:\/\/www.eel-fotografie.de\/wp2\/#\/schema\/person\/image\/","url":"https:\/\/secure.gravatar.com\/avatar\/0238886d5b298e452983f5d971ee0c60774f53da880f3705d3087707fa31096c?s=96&d=mm&r=g","contentUrl":"https:\/\/secure.gravatar.com\/avatar\/0238886d5b298e452983f5d971ee0c60774f53da880f3705d3087707fa31096c?s=96&d=mm&r=g","caption":"admin"},"description":"Head of eel-fotografie | fotografie-bildagentur","sameAs":["http:\/\/www.eel-fotografie.de"],"url":"https:\/\/www.eel-fotografie.de\/wp2\/author\/admin\/"}]}},"_links":{"self":[{"href":"https:\/\/www.eel-fotografie.de\/wp2\/wp-json\/wp\/v2\/posts\/19499","targetHints":{"allow":["GET"]}}],"collection":[{"href":"https:\/\/www.eel-fotografie.de\/wp2\/wp-json\/wp\/v2\/posts"}],"about":[{"href":"https:\/\/www.eel-fotografie.de\/wp2\/wp-json\/wp\/v2\/types\/post"}],"author":[{"embeddable":true,"href":"https:\/\/www.eel-fotografie.de\/wp2\/wp-json\/wp\/v2\/users\/1"}],"replies":[{"embeddable":true,"href":"https:\/\/www.eel-fotografie.de\/wp2\/wp-json\/wp\/v2\/comments?post=19499"}],"version-history":[{"count":0,"href":"https:\/\/www.eel-fotografie.de\/wp2\/wp-json\/wp\/v2\/posts\/19499\/revisions"}],"wp:featuredmedia":[{"embeddable":true,"href":"https:\/\/www.eel-fotografie.de\/wp2\/wp-json\/wp\/v2\/media\/19500"}],"wp:attachment":[{"href":"https:\/\/www.eel-fotografie.de\/wp2\/wp-json\/wp\/v2\/media?parent=19499"}],"wp:term":[{"taxonomy":"category","embeddable":true,"href":"https:\/\/www.eel-fotografie.de\/wp2\/wp-json\/wp\/v2\/categories?post=19499"},{"taxonomy":"post_tag","embeddable":true,"href":"https:\/\/www.eel-fotografie.de\/wp2\/wp-json\/wp\/v2\/tags?post=19499"}],"curies":[{"name":"wp","href":"https:\/\/api.w.org\/{rel}","templated":true}]}}