{"id":19972,"date":"2025-09-09T13:32:28","date_gmt":"2025-09-09T11:32:28","guid":{"rendered":"https:\/\/www.eel-fotografie.de\/wp2\/?p=19972"},"modified":"2025-09-16T13:37:20","modified_gmt":"2025-09-16T11:37:20","slug":"idm-2025-nuerburgring","status":"publish","type":"post","link":"https:\/\/www.eel-fotografie.de\/wp2\/idm-2025-nuerburgring\/","title":{"rendered":"IDM 2025 N\u00fcrburgring"},"content":{"rendered":"\nngg_shortcode_0_placeholder\n\n\n\n<p><p style=\"text-align:justify\">IDM 2025 N\u00fcrburgring. Lukas Tulovic (Ducati) gewinnt beide Rennl\u00e4ufe auf dem N\u00fcrburgring und hat nun beste Chancen bei den letzten beiden L\u00e4ufen auf dem Hockenheimring IDM Meister 2025 zu werden.<\/p>\n\n\n\nngg_shortcode_1_placeholder\n\n\n\n<p>(15 Fotos)<\/p>\n","protected":false},"excerpt":{"rendered":"<p>IDM 2025 N\u00fcrburgring. Lukas Tulovic (Ducati) gewinnt beide Rennl\u00e4ufe auf dem N\u00fcrburgring und hat nun beste Chancen bei den letzten beiden L\u00e4ufen auf dem Hockenheimring IDM Meister 2025 zu werden. (15 Fotos)<\/p>\n","protected":false},"author":1,"featured_media":19973,"comment_status":"closed","ping_status":"closed","sticky":false,"template":"","format":"standard","meta":{"_genesis_hide_title":false,"_genesis_hide_breadcrumbs":false,"_genesis_hide_singular_image":false,"_genesis_hide_footer_widgets":false,"_genesis_custom_body_class":"","_genesis_custom_post_class":"","_genesis_layout":"","ngg_post_thumbnail":2000001296,"footnotes":""},"categories":[135,185,17],"tags":[75,767,2023,771,6,7,204,770,134,2027,1864,1863,968,1862,768,24,2028,15,1736,1636,1786,1778,1965,1927,953,18,302,772,256,773,2026,16,11,769,1860,162],"class_list":{"0":"post-19972","1":"post","2":"type-post","3":"status-publish","4":"format-standard","5":"has-post-thumbnail","7":"category-idm","8":"category-motorsport","9":"category-sport","10":"tag-bmw","11":"tag-curbs","12":"tag-ducati","13":"tag-dynamik","14":"tag-eberhard-krieger","15":"tag-eel-fotografie","16":"tag-eel-fotografie-bildagentur","17":"tag-geschwindigkeit","18":"tag-idm","19":"tag-idm-2025","20":"tag-idm-meister","21":"tag-idm-meisterschaft","22":"tag-internationale-deutsche-motorradmeisterschaft","23":"tag-kawasaki","24":"tag-kurve","25":"tag-motorrad","26":"tag-motorradsport","27":"tag-motorsport","28":"tag-motorsportfotografie","29":"tag-nikon","30":"tag-nikon-dach","31":"tag-nikon-deutschland","32":"tag-nikon-europa","33":"tag-nikon-z9","34":"tag-nuerburg","35":"tag-nuerburgring","36":"tag-pilot","37":"tag-rennenstrecke","38":"tag-rennfahrer","39":"tag-rennfans","40":"tag-saison-2025","41":"tag-sport","42":"tag-sportfoto-krieger","43":"tag-start-und-ziel","44":"tag-yamaha","45":"tag-zuschauer","46":"entry"},"yoast_head":"<!-- This site is optimized with the Yoast SEO plugin v26.5 - https:\/\/yoast.com\/wordpress\/plugins\/seo\/ -->\n<title>IDM 2025 N\u00fcrburgring - eel-fotografie<\/title>\n<meta name=\"description\" content=\"IDM 2025 N\u00fcrburgring, Lukas Tulovic (Ducati Frankfurt) gewinnt beide Rennl\u00e4ufe auf dem Nuerburgring. (15 Fotos)\" \/>\n<meta name=\"robots\" content=\"index, follow, max-snippet:-1, max-image-preview:large, max-video-preview:-1\" \/>\n<link rel=\"canonical\" href=\"https:\/\/www.eel-fotografie.de\/wp2\/idm-2025-nuerburgring\/\" \/>\n<meta name=\"twitter:label1\" content=\"Verfasst von\" \/>\n\t<meta name=\"twitter:data1\" content=\"admin\" \/>\n\t<meta name=\"twitter:label2\" content=\"Gesch\u00e4tzte Lesezeit\" \/>\n\t<meta name=\"twitter:data2\" content=\"1\u00a0Minute\" \/>\n<script type=\"application\/ld+json\" class=\"yoast-schema-graph\">{\"@context\":\"https:\/\/schema.org\",\"@graph\":[{\"@type\":\"Article\",\"@id\":\"https:\/\/www.eel-fotografie.de\/wp2\/idm-2025-nuerburgring\/#article\",\"isPartOf\":{\"@id\":\"https:\/\/www.eel-fotografie.de\/wp2\/idm-2025-nuerburgring\/\"},\"author\":{\"name\":\"admin\",\"@id\":\"http:\/\/www.eel-fotografie.de\/wp2\/#\/schema\/person\/48b675d7a081d02af2929c3629214db0\"},\"headline\":\"IDM 2025 N\u00fcrburgring\",\"datePublished\":\"2025-09-09T11:32:28+00:00\",\"dateModified\":\"2025-09-16T11:37:20+00:00\",\"mainEntityOfPage\":{\"@id\":\"https:\/\/www.eel-fotografie.de\/wp2\/idm-2025-nuerburgring\/\"},\"wordCount\":50,\"publisher\":{\"@id\":\"http:\/\/www.eel-fotografie.de\/wp2\/#organization\"},\"image\":{\"@id\":\"https:\/\/www.eel-fotografie.de\/wp2\/idm-2025-nuerburgring\/#primaryimage\"},\"thumbnailUrl\":\"https:\/\/www.eel-fotografie.de\/wp2\/wp-content\/uploads\/nggallery_import\/DSC_7973_2.jpg\",\"keywords\":[\"BMW\",\"Curbs\",\"Ducati\",\"Dynamik\",\"Eberhard Krieger\",\"eel fotografie\",\"eel-fotografie bildagentur\",\"Geschwindigkeit\",\"IDM\",\"IDM 2025\",\"IDM Meister\",\"IDM Meisterschaft\",\"Internationale Deutsche Motorradmeisterschaft\",\"Kawasaki\",\"Kurve\",\"Motorrad\",\"Motorradsport\",\"Motorsport\",\"Motorsportfotografie\",\"Nikon\",\"Nikon Dach\",\"Nikon Deutschland\",\"Nikon Europa\",\"Nikon Z9\",\"N\u00fcrburg\",\"N\u00fcrburgring\",\"Pilot\",\"Rennenstrecke\",\"Rennfahrer\",\"Rennfans\",\"Saison 2025\",\"Sport\",\"sportfoto-krieger\",\"Start und Ziel\",\"Yamaha\",\"Zuschauer\"],\"articleSection\":[\"IDM\",\"Motorsport\",\"Sport\"],\"inLanguage\":\"de\"},{\"@type\":\"WebPage\",\"@id\":\"https:\/\/www.eel-fotografie.de\/wp2\/idm-2025-nuerburgring\/\",\"url\":\"https:\/\/www.eel-fotografie.de\/wp2\/idm-2025-nuerburgring\/\",\"name\":\"IDM 2025 N\u00fcrburgring - eel-fotografie\",\"isPartOf\":{\"@id\":\"http:\/\/www.eel-fotografie.de\/wp2\/#website\"},\"primaryImageOfPage\":{\"@id\":\"https:\/\/www.eel-fotografie.de\/wp2\/idm-2025-nuerburgring\/#primaryimage\"},\"image\":{\"@id\":\"https:\/\/www.eel-fotografie.de\/wp2\/idm-2025-nuerburgring\/#primaryimage\"},\"thumbnailUrl\":\"https:\/\/www.eel-fotografie.de\/wp2\/wp-content\/uploads\/nggallery_import\/DSC_7973_2.jpg\",\"datePublished\":\"2025-09-09T11:32:28+00:00\",\"dateModified\":\"2025-09-16T11:37:20+00:00\",\"description\":\"IDM 2025 N\u00fcrburgring, Lukas Tulovic (Ducati Frankfurt) gewinnt beide Rennl\u00e4ufe auf dem Nuerburgring. (15 Fotos)\",\"breadcrumb\":{\"@id\":\"https:\/\/www.eel-fotografie.de\/wp2\/idm-2025-nuerburgring\/#breadcrumb\"},\"inLanguage\":\"de\",\"potentialAction\":[{\"@type\":\"ReadAction\",\"target\":[\"https:\/\/www.eel-fotografie.de\/wp2\/idm-2025-nuerburgring\/\"]}]},{\"@type\":\"ImageObject\",\"inLanguage\":\"de\",\"@id\":\"https:\/\/www.eel-fotografie.de\/wp2\/idm-2025-nuerburgring\/#primaryimage\",\"url\":\"https:\/\/www.eel-fotografie.de\/wp2\/wp-content\/uploads\/nggallery_import\/DSC_7973_2.jpg\",\"contentUrl\":\"https:\/\/www.eel-fotografie.de\/wp2\/wp-content\/uploads\/nggallery_import\/DSC_7973_2.jpg\",\"width\":1120,\"height\":747},{\"@type\":\"BreadcrumbList\",\"@id\":\"https:\/\/www.eel-fotografie.de\/wp2\/idm-2025-nuerburgring\/#breadcrumb\",\"itemListElement\":[{\"@type\":\"ListItem\",\"position\":1,\"name\":\"Home\",\"item\":\"http:\/\/www.eel-fotografie.de\/wp2\/\"},{\"@type\":\"ListItem\",\"position\":2,\"name\":\"IDM 2025 N\u00fcrburgring\"}]},{\"@type\":\"WebSite\",\"@id\":\"http:\/\/www.eel-fotografie.de\/wp2\/#website\",\"url\":\"http:\/\/www.eel-fotografie.de\/wp2\/\",\"name\":\"eel-fotografie\",\"description\":\"fotografie - bildagentur\",\"publisher\":{\"@id\":\"http:\/\/www.eel-fotografie.de\/wp2\/#organization\"},\"potentialAction\":[{\"@type\":\"SearchAction\",\"target\":{\"@type\":\"EntryPoint\",\"urlTemplate\":\"http:\/\/www.eel-fotografie.de\/wp2\/?s={search_term_string}\"},\"query-input\":{\"@type\":\"PropertyValueSpecification\",\"valueRequired\":true,\"valueName\":\"search_term_string\"}}],\"inLanguage\":\"de\"},{\"@type\":\"Organization\",\"@id\":\"http:\/\/www.eel-fotografie.de\/wp2\/#organization\",\"name\":\"eel-fotografie | fotografie - bildagentur\",\"url\":\"http:\/\/www.eel-fotografie.de\/wp2\/\",\"logo\":{\"@type\":\"ImageObject\",\"inLanguage\":\"de\",\"@id\":\"http:\/\/www.eel-fotografie.de\/wp2\/#\/schema\/logo\/image\/\",\"url\":\"http:\/\/www.eel-fotografie.de\/wp2\/wp-content\/uploads\/eel-fotografie_logo_2_500x250.png\",\"contentUrl\":\"http:\/\/www.eel-fotografie.de\/wp2\/wp-content\/uploads\/eel-fotografie_logo_2_500x250.png\",\"width\":500,\"height\":254,\"caption\":\"eel-fotografie | fotografie - bildagentur\"},\"image\":{\"@id\":\"http:\/\/www.eel-fotografie.de\/wp2\/#\/schema\/logo\/image\/\"},\"sameAs\":[\"https:\/\/www.instagram.com\/eelfotografie\/\"]},{\"@type\":\"Person\",\"@id\":\"http:\/\/www.eel-fotografie.de\/wp2\/#\/schema\/person\/48b675d7a081d02af2929c3629214db0\",\"name\":\"admin\",\"image\":{\"@type\":\"ImageObject\",\"inLanguage\":\"de\",\"@id\":\"http:\/\/www.eel-fotografie.de\/wp2\/#\/schema\/person\/image\/\",\"url\":\"https:\/\/secure.gravatar.com\/avatar\/0238886d5b298e452983f5d971ee0c60774f53da880f3705d3087707fa31096c?s=96&d=mm&r=g\",\"contentUrl\":\"https:\/\/secure.gravatar.com\/avatar\/0238886d5b298e452983f5d971ee0c60774f53da880f3705d3087707fa31096c?s=96&d=mm&r=g\",\"caption\":\"admin\"},\"description\":\"Head of eel-fotografie | fotografie-bildagentur\",\"sameAs\":[\"http:\/\/www.eel-fotografie.de\"],\"url\":\"https:\/\/www.eel-fotografie.de\/wp2\/author\/admin\/\"}]}<\/script>\n<!-- \/ Yoast SEO plugin. -->","yoast_head_json":{"title":"IDM 2025 N\u00fcrburgring - eel-fotografie","description":"IDM 2025 N\u00fcrburgring, Lukas Tulovic (Ducati Frankfurt) gewinnt beide Rennl\u00e4ufe auf dem Nuerburgring. (15 Fotos)","robots":{"index":"index","follow":"follow","max-snippet":"max-snippet:-1","max-image-preview":"max-image-preview:large","max-video-preview":"max-video-preview:-1"},"canonical":"https:\/\/www.eel-fotografie.de\/wp2\/idm-2025-nuerburgring\/","twitter_misc":{"Verfasst von":"admin","Gesch\u00e4tzte Lesezeit":"1\u00a0Minute"},"schema":{"@context":"https:\/\/schema.org","@graph":[{"@type":"Article","@id":"https:\/\/www.eel-fotografie.de\/wp2\/idm-2025-nuerburgring\/#article","isPartOf":{"@id":"https:\/\/www.eel-fotografie.de\/wp2\/idm-2025-nuerburgring\/"},"author":{"name":"admin","@id":"http:\/\/www.eel-fotografie.de\/wp2\/#\/schema\/person\/48b675d7a081d02af2929c3629214db0"},"headline":"IDM 2025 N\u00fcrburgring","datePublished":"2025-09-09T11:32:28+00:00","dateModified":"2025-09-16T11:37:20+00:00","mainEntityOfPage":{"@id":"https:\/\/www.eel-fotografie.de\/wp2\/idm-2025-nuerburgring\/"},"wordCount":50,"publisher":{"@id":"http:\/\/www.eel-fotografie.de\/wp2\/#organization"},"image":{"@id":"https:\/\/www.eel-fotografie.de\/wp2\/idm-2025-nuerburgring\/#primaryimage"},"thumbnailUrl":"https:\/\/www.eel-fotografie.de\/wp2\/wp-content\/uploads\/nggallery_import\/DSC_7973_2.jpg","keywords":["BMW","Curbs","Ducati","Dynamik","Eberhard Krieger","eel fotografie","eel-fotografie bildagentur","Geschwindigkeit","IDM","IDM 2025","IDM Meister","IDM Meisterschaft","Internationale Deutsche Motorradmeisterschaft","Kawasaki","Kurve","Motorrad","Motorradsport","Motorsport","Motorsportfotografie","Nikon","Nikon Dach","Nikon Deutschland","Nikon Europa","Nikon Z9","N\u00fcrburg","N\u00fcrburgring","Pilot","Rennenstrecke","Rennfahrer","Rennfans","Saison 2025","Sport","sportfoto-krieger","Start und Ziel","Yamaha","Zuschauer"],"articleSection":["IDM","Motorsport","Sport"],"inLanguage":"de"},{"@type":"WebPage","@id":"https:\/\/www.eel-fotografie.de\/wp2\/idm-2025-nuerburgring\/","url":"https:\/\/www.eel-fotografie.de\/wp2\/idm-2025-nuerburgring\/","name":"IDM 2025 N\u00fcrburgring - eel-fotografie","isPartOf":{"@id":"http:\/\/www.eel-fotografie.de\/wp2\/#website"},"primaryImageOfPage":{"@id":"https:\/\/www.eel-fotografie.de\/wp2\/idm-2025-nuerburgring\/#primaryimage"},"image":{"@id":"https:\/\/www.eel-fotografie.de\/wp2\/idm-2025-nuerburgring\/#primaryimage"},"thumbnailUrl":"https:\/\/www.eel-fotografie.de\/wp2\/wp-content\/uploads\/nggallery_import\/DSC_7973_2.jpg","datePublished":"2025-09-09T11:32:28+00:00","dateModified":"2025-09-16T11:37:20+00:00","description":"IDM 2025 N\u00fcrburgring, Lukas Tulovic (Ducati Frankfurt) gewinnt beide Rennl\u00e4ufe auf dem Nuerburgring. (15 Fotos)","breadcrumb":{"@id":"https:\/\/www.eel-fotografie.de\/wp2\/idm-2025-nuerburgring\/#breadcrumb"},"inLanguage":"de","potentialAction":[{"@type":"ReadAction","target":["https:\/\/www.eel-fotografie.de\/wp2\/idm-2025-nuerburgring\/"]}]},{"@type":"ImageObject","inLanguage":"de","@id":"https:\/\/www.eel-fotografie.de\/wp2\/idm-2025-nuerburgring\/#primaryimage","url":"https:\/\/www.eel-fotografie.de\/wp2\/wp-content\/uploads\/nggallery_import\/DSC_7973_2.jpg","contentUrl":"https:\/\/www.eel-fotografie.de\/wp2\/wp-content\/uploads\/nggallery_import\/DSC_7973_2.jpg","width":1120,"height":747},{"@type":"BreadcrumbList","@id":"https:\/\/www.eel-fotografie.de\/wp2\/idm-2025-nuerburgring\/#breadcrumb","itemListElement":[{"@type":"ListItem","position":1,"name":"Home","item":"http:\/\/www.eel-fotografie.de\/wp2\/"},{"@type":"ListItem","position":2,"name":"IDM 2025 N\u00fcrburgring"}]},{"@type":"WebSite","@id":"http:\/\/www.eel-fotografie.de\/wp2\/#website","url":"http:\/\/www.eel-fotografie.de\/wp2\/","name":"eel-fotografie","description":"fotografie - bildagentur","publisher":{"@id":"http:\/\/www.eel-fotografie.de\/wp2\/#organization"},"potentialAction":[{"@type":"SearchAction","target":{"@type":"EntryPoint","urlTemplate":"http:\/\/www.eel-fotografie.de\/wp2\/?s={search_term_string}"},"query-input":{"@type":"PropertyValueSpecification","valueRequired":true,"valueName":"search_term_string"}}],"inLanguage":"de"},{"@type":"Organization","@id":"http:\/\/www.eel-fotografie.de\/wp2\/#organization","name":"eel-fotografie | fotografie - bildagentur","url":"http:\/\/www.eel-fotografie.de\/wp2\/","logo":{"@type":"ImageObject","inLanguage":"de","@id":"http:\/\/www.eel-fotografie.de\/wp2\/#\/schema\/logo\/image\/","url":"http:\/\/www.eel-fotografie.de\/wp2\/wp-content\/uploads\/eel-fotografie_logo_2_500x250.png","contentUrl":"http:\/\/www.eel-fotografie.de\/wp2\/wp-content\/uploads\/eel-fotografie_logo_2_500x250.png","width":500,"height":254,"caption":"eel-fotografie | fotografie - bildagentur"},"image":{"@id":"http:\/\/www.eel-fotografie.de\/wp2\/#\/schema\/logo\/image\/"},"sameAs":["https:\/\/www.instagram.com\/eelfotografie\/"]},{"@type":"Person","@id":"http:\/\/www.eel-fotografie.de\/wp2\/#\/schema\/person\/48b675d7a081d02af2929c3629214db0","name":"admin","image":{"@type":"ImageObject","inLanguage":"de","@id":"http:\/\/www.eel-fotografie.de\/wp2\/#\/schema\/person\/image\/","url":"https:\/\/secure.gravatar.com\/avatar\/0238886d5b298e452983f5d971ee0c60774f53da880f3705d3087707fa31096c?s=96&d=mm&r=g","contentUrl":"https:\/\/secure.gravatar.com\/avatar\/0238886d5b298e452983f5d971ee0c60774f53da880f3705d3087707fa31096c?s=96&d=mm&r=g","caption":"admin"},"description":"Head of eel-fotografie | fotografie-bildagentur","sameAs":["http:\/\/www.eel-fotografie.de"],"url":"https:\/\/www.eel-fotografie.de\/wp2\/author\/admin\/"}]}},"_links":{"self":[{"href":"https:\/\/www.eel-fotografie.de\/wp2\/wp-json\/wp\/v2\/posts\/19972","targetHints":{"allow":["GET"]}}],"collection":[{"href":"https:\/\/www.eel-fotografie.de\/wp2\/wp-json\/wp\/v2\/posts"}],"about":[{"href":"https:\/\/www.eel-fotografie.de\/wp2\/wp-json\/wp\/v2\/types\/post"}],"author":[{"embeddable":true,"href":"https:\/\/www.eel-fotografie.de\/wp2\/wp-json\/wp\/v2\/users\/1"}],"replies":[{"embeddable":true,"href":"https:\/\/www.eel-fotografie.de\/wp2\/wp-json\/wp\/v2\/comments?post=19972"}],"version-history":[{"count":5,"href":"https:\/\/www.eel-fotografie.de\/wp2\/wp-json\/wp\/v2\/posts\/19972\/revisions"}],"predecessor-version":[{"id":19980,"href":"https:\/\/www.eel-fotografie.de\/wp2\/wp-json\/wp\/v2\/posts\/19972\/revisions\/19980"}],"wp:featuredmedia":[{"embeddable":true,"href":"https:\/\/www.eel-fotografie.de\/wp2\/wp-json\/wp\/v2\/media\/19973"}],"wp:attachment":[{"href":"https:\/\/www.eel-fotografie.de\/wp2\/wp-json\/wp\/v2\/media?parent=19972"}],"wp:term":[{"taxonomy":"category","embeddable":true,"href":"https:\/\/www.eel-fotografie.de\/wp2\/wp-json\/wp\/v2\/categories?post=19972"},{"taxonomy":"post_tag","embeddable":true,"href":"https:\/\/www.eel-fotografie.de\/wp2\/wp-json\/wp\/v2\/tags?post=19972"}],"curies":[{"name":"wp","href":"https:\/\/api.w.org\/{rel}","templated":true}]}}