{"id":20090,"date":"2025-10-07T22:41:41","date_gmt":"2025-10-07T20:41:41","guid":{"rendered":"https:\/\/www.eel-fotografie.de\/wp2\/?p=20090"},"modified":"2025-10-07T22:41:42","modified_gmt":"2025-10-07T20:41:42","slug":"dtm-saisonfinale-2025-hockenheim","status":"publish","type":"post","link":"https:\/\/www.eel-fotografie.de\/wp2\/dtm-saisonfinale-2025-hockenheim\/","title":{"rendered":"DTM Saisonfinale 2025 Hockenheim"},"content":{"rendered":"\nngg_shortcode_0_placeholder\n\n\n\n<p><p style=\"text-align:justify\">DTM Saisonfinale 2025 Hockenheim. Ayhancan G\u00fcven (Porsche) hei\u00dft der neue DTM Meister 2025. Vizemeister wurde Lukas Auer (Mercedes). Die Entscheidung zugunsten G\u00fcvens fiel in der letzten Runde des Sonntagsrennens. <\/p>\n\n\n\nngg_shortcode_1_placeholder\n\n\n\nngg_shortcode_2_placeholder\n\n\n\n<p>(35 Fotos)<\/p>\n","protected":false},"excerpt":{"rendered":"<p>DTM Saisonfinale 2025 Hockenheim. Ayhancan G\u00fcven (Porsche) hei\u00dft der neue DTM Meister 2025. Vizemeister wurde Lukas Auer (Mercedes). Die Entscheidung zugunsten G\u00fcvens fiel in der letzten Runde des Sonntagsrennens. (35 Fotos)<\/p>\n","protected":false},"author":1,"featured_media":20093,"comment_status":"closed","ping_status":"closed","sticky":false,"template":"","format":"standard","meta":{"_genesis_hide_title":false,"_genesis_hide_breadcrumbs":false,"_genesis_hide_singular_image":false,"_genesis_hide_footer_widgets":false,"_genesis_custom_body_class":"","_genesis_custom_post_class":"","_genesis_layout":"","ngg_post_thumbnail":2000001366,"footnotes":""},"categories":[13,185,17],"tags":[2048,144,74,2068,75,767,87,12,2051,1199,2050,771,6,7,204,40,2049,770,935,768,756,136,1200,140,77,1960,15,1736,1636,1786,1778,18,107,302,89,1265,255,772,256,773,131,2026,16,11,769,2069,1264,162],"class_list":{"0":"post-20090","1":"post","2":"type-post","3":"status-publish","4":"format-standard","5":"has-post-thumbnail","7":"category-dtm","8":"category-motorsport","9":"category-sport","10":"tag-2048","11":"tag-adac","12":"tag-audi","13":"tag-ayhancan-gueven","14":"tag-bmw","15":"tag-curbs","16":"tag-deutsche-tourenwagen-masters","17":"tag-dtm","18":"tag-dtm-2025","19":"tag-dtm-meister","20":"tag-dtm-meisterschaft-2025","21":"tag-dynamik","22":"tag-eberhard-krieger","23":"tag-eel-fotografie","24":"tag-eel-fotografie-bildagentur","25":"tag-ferrari","26":"tag-ford","27":"tag-geschwindigkeit","28":"tag-hockenheimring","29":"tag-kurve","30":"tag-lamborghini","31":"tag-lausitzring","32":"tag-lucas-auer","33":"tag-marco-wittmann","34":"tag-mercedes","35":"tag-mirko-bortolotti","36":"tag-motorsport","37":"tag-motorsportfotografie","38":"tag-nikon","39":"tag-nikon-dach","40":"tag-nikon-deutschland","41":"tag-nuerburgring","42":"tag-oscherleben","43":"tag-pilot","44":"tag-porsche","45":"tag-rene-rast","46":"tag-rennauto","47":"tag-rennenstrecke","48":"tag-rennfahrer","49":"tag-rennfans","50":"tag-rennwagen","51":"tag-saison-2025","52":"tag-sport","53":"tag-sportfoto-krieger","54":"tag-start-und-ziel","55":"tag-thomas-preining","56":"tag-timo-glock","57":"tag-zuschauer","58":"entry"},"yoast_head":"<!-- This site is optimized with the Yoast SEO plugin v26.5 - https:\/\/yoast.com\/wordpress\/plugins\/seo\/ -->\n<title>DTM Saisonfinale 2025 Hockenheim - eel-fotografie<\/title>\n<meta name=\"description\" content=\"DTM Saisonfinale 2025 Hockenheim. Ayhancan G\u00fcven (Manthey Porsche) hei\u00dft der neue DTM Meister 2025. (35 Fotos)\" \/>\n<meta name=\"robots\" content=\"index, follow, max-snippet:-1, max-image-preview:large, max-video-preview:-1\" \/>\n<link rel=\"canonical\" href=\"http:\/\/www.eel-fotografie.de\/wp2\/dtm-saisonfinale-2025-hockenheim\/\" \/>\n<meta name=\"twitter:label1\" content=\"Verfasst von\" \/>\n\t<meta name=\"twitter:data1\" content=\"admin\" \/>\n\t<meta name=\"twitter:label2\" content=\"Gesch\u00e4tzte Lesezeit\" \/>\n\t<meta name=\"twitter:data2\" content=\"1\u00a0Minute\" \/>\n<script type=\"application\/ld+json\" class=\"yoast-schema-graph\">{\"@context\":\"https:\/\/schema.org\",\"@graph\":[{\"@type\":\"Article\",\"@id\":\"http:\/\/www.eel-fotografie.de\/wp2\/dtm-saisonfinale-2025-hockenheim\/#article\",\"isPartOf\":{\"@id\":\"http:\/\/www.eel-fotografie.de\/wp2\/dtm-saisonfinale-2025-hockenheim\/\"},\"author\":{\"name\":\"admin\",\"@id\":\"http:\/\/www.eel-fotografie.de\/wp2\/#\/schema\/person\/48b675d7a081d02af2929c3629214db0\"},\"headline\":\"DTM Saisonfinale 2025 Hockenheim\",\"datePublished\":\"2025-10-07T20:41:41+00:00\",\"dateModified\":\"2025-10-07T20:41:42+00:00\",\"mainEntityOfPage\":{\"@id\":\"http:\/\/www.eel-fotografie.de\/wp2\/dtm-saisonfinale-2025-hockenheim\/\"},\"wordCount\":56,\"publisher\":{\"@id\":\"http:\/\/www.eel-fotografie.de\/wp2\/#organization\"},\"image\":{\"@id\":\"http:\/\/www.eel-fotografie.de\/wp2\/dtm-saisonfinale-2025-hockenheim\/#primaryimage\"},\"thumbnailUrl\":\"https:\/\/www.eel-fotografie.de\/wp2\/wp-content\/uploads\/nggallery_import\/DSC_1849.jpg\",\"keywords\":[\"2025\",\"ADAC\",\"Audi\",\"Ayhancan G\u00fcven\",\"BMW\",\"Curbs\",\"Deutsche Tourenwagen Masters\",\"DTM\",\"DTM 2025\",\"DTM Meister\",\"DTM Meisterschaft 2025\",\"Dynamik\",\"Eberhard Krieger\",\"eel fotografie\",\"eel-fotografie bildagentur\",\"Ferrari\",\"Ford\",\"Geschwindigkeit\",\"Hockenheimring\",\"Kurve\",\"Lamborghini\",\"Lausitzring\",\"Lucas Auer\",\"Marco Wittmann\",\"Mercedes\",\"Mirko Bortolotti\",\"Motorsport\",\"Motorsportfotografie\",\"Nikon\",\"Nikon Dach\",\"Nikon Deutschland\",\"N\u00fcrburgring\",\"Oscherleben\",\"Pilot\",\"Porsche\",\"Rene Rast\",\"Rennauto\",\"Rennenstrecke\",\"Rennfahrer\",\"Rennfans\",\"Rennwagen\",\"Saison 2025\",\"Sport\",\"sportfoto-krieger\",\"Start und Ziel\",\"Thomas Preining\",\"Timo Glock\",\"Zuschauer\"],\"articleSection\":[\"DTM\",\"Motorsport\",\"Sport\"],\"inLanguage\":\"de\"},{\"@type\":\"WebPage\",\"@id\":\"http:\/\/www.eel-fotografie.de\/wp2\/dtm-saisonfinale-2025-hockenheim\/\",\"url\":\"http:\/\/www.eel-fotografie.de\/wp2\/dtm-saisonfinale-2025-hockenheim\/\",\"name\":\"DTM Saisonfinale 2025 Hockenheim - eel-fotografie\",\"isPartOf\":{\"@id\":\"http:\/\/www.eel-fotografie.de\/wp2\/#website\"},\"primaryImageOfPage\":{\"@id\":\"http:\/\/www.eel-fotografie.de\/wp2\/dtm-saisonfinale-2025-hockenheim\/#primaryimage\"},\"image\":{\"@id\":\"http:\/\/www.eel-fotografie.de\/wp2\/dtm-saisonfinale-2025-hockenheim\/#primaryimage\"},\"thumbnailUrl\":\"https:\/\/www.eel-fotografie.de\/wp2\/wp-content\/uploads\/nggallery_import\/DSC_1849.jpg\",\"datePublished\":\"2025-10-07T20:41:41+00:00\",\"dateModified\":\"2025-10-07T20:41:42+00:00\",\"description\":\"DTM Saisonfinale 2025 Hockenheim. Ayhancan G\u00fcven (Manthey Porsche) hei\u00dft der neue DTM Meister 2025. (35 Fotos)\",\"breadcrumb\":{\"@id\":\"http:\/\/www.eel-fotografie.de\/wp2\/dtm-saisonfinale-2025-hockenheim\/#breadcrumb\"},\"inLanguage\":\"de\",\"potentialAction\":[{\"@type\":\"ReadAction\",\"target\":[\"http:\/\/www.eel-fotografie.de\/wp2\/dtm-saisonfinale-2025-hockenheim\/\"]}]},{\"@type\":\"ImageObject\",\"inLanguage\":\"de\",\"@id\":\"http:\/\/www.eel-fotografie.de\/wp2\/dtm-saisonfinale-2025-hockenheim\/#primaryimage\",\"url\":\"https:\/\/www.eel-fotografie.de\/wp2\/wp-content\/uploads\/nggallery_import\/DSC_1849.jpg\",\"contentUrl\":\"https:\/\/www.eel-fotografie.de\/wp2\/wp-content\/uploads\/nggallery_import\/DSC_1849.jpg\",\"width\":1024,\"height\":683},{\"@type\":\"BreadcrumbList\",\"@id\":\"http:\/\/www.eel-fotografie.de\/wp2\/dtm-saisonfinale-2025-hockenheim\/#breadcrumb\",\"itemListElement\":[{\"@type\":\"ListItem\",\"position\":1,\"name\":\"Home\",\"item\":\"http:\/\/www.eel-fotografie.de\/wp2\/\"},{\"@type\":\"ListItem\",\"position\":2,\"name\":\"DTM Saisonfinale 2025 Hockenheim\"}]},{\"@type\":\"WebSite\",\"@id\":\"http:\/\/www.eel-fotografie.de\/wp2\/#website\",\"url\":\"http:\/\/www.eel-fotografie.de\/wp2\/\",\"name\":\"eel-fotografie\",\"description\":\"fotografie - bildagentur\",\"publisher\":{\"@id\":\"http:\/\/www.eel-fotografie.de\/wp2\/#organization\"},\"potentialAction\":[{\"@type\":\"SearchAction\",\"target\":{\"@type\":\"EntryPoint\",\"urlTemplate\":\"http:\/\/www.eel-fotografie.de\/wp2\/?s={search_term_string}\"},\"query-input\":{\"@type\":\"PropertyValueSpecification\",\"valueRequired\":true,\"valueName\":\"search_term_string\"}}],\"inLanguage\":\"de\"},{\"@type\":\"Organization\",\"@id\":\"http:\/\/www.eel-fotografie.de\/wp2\/#organization\",\"name\":\"eel-fotografie | fotografie - bildagentur\",\"url\":\"http:\/\/www.eel-fotografie.de\/wp2\/\",\"logo\":{\"@type\":\"ImageObject\",\"inLanguage\":\"de\",\"@id\":\"http:\/\/www.eel-fotografie.de\/wp2\/#\/schema\/logo\/image\/\",\"url\":\"http:\/\/www.eel-fotografie.de\/wp2\/wp-content\/uploads\/eel-fotografie_logo_2_500x250.png\",\"contentUrl\":\"http:\/\/www.eel-fotografie.de\/wp2\/wp-content\/uploads\/eel-fotografie_logo_2_500x250.png\",\"width\":500,\"height\":254,\"caption\":\"eel-fotografie | fotografie - bildagentur\"},\"image\":{\"@id\":\"http:\/\/www.eel-fotografie.de\/wp2\/#\/schema\/logo\/image\/\"},\"sameAs\":[\"https:\/\/www.instagram.com\/eelfotografie\/\"]},{\"@type\":\"Person\",\"@id\":\"http:\/\/www.eel-fotografie.de\/wp2\/#\/schema\/person\/48b675d7a081d02af2929c3629214db0\",\"name\":\"admin\",\"image\":{\"@type\":\"ImageObject\",\"inLanguage\":\"de\",\"@id\":\"http:\/\/www.eel-fotografie.de\/wp2\/#\/schema\/person\/image\/\",\"url\":\"https:\/\/secure.gravatar.com\/avatar\/0238886d5b298e452983f5d971ee0c60774f53da880f3705d3087707fa31096c?s=96&d=mm&r=g\",\"contentUrl\":\"https:\/\/secure.gravatar.com\/avatar\/0238886d5b298e452983f5d971ee0c60774f53da880f3705d3087707fa31096c?s=96&d=mm&r=g\",\"caption\":\"admin\"},\"description\":\"Head of eel-fotografie | fotografie-bildagentur\",\"sameAs\":[\"http:\/\/www.eel-fotografie.de\"],\"url\":\"https:\/\/www.eel-fotografie.de\/wp2\/author\/admin\/\"}]}<\/script>\n<!-- \/ Yoast SEO plugin. -->","yoast_head_json":{"title":"DTM Saisonfinale 2025 Hockenheim - eel-fotografie","description":"DTM Saisonfinale 2025 Hockenheim. Ayhancan G\u00fcven (Manthey Porsche) hei\u00dft der neue DTM Meister 2025. (35 Fotos)","robots":{"index":"index","follow":"follow","max-snippet":"max-snippet:-1","max-image-preview":"max-image-preview:large","max-video-preview":"max-video-preview:-1"},"canonical":"http:\/\/www.eel-fotografie.de\/wp2\/dtm-saisonfinale-2025-hockenheim\/","twitter_misc":{"Verfasst von":"admin","Gesch\u00e4tzte Lesezeit":"1\u00a0Minute"},"schema":{"@context":"https:\/\/schema.org","@graph":[{"@type":"Article","@id":"http:\/\/www.eel-fotografie.de\/wp2\/dtm-saisonfinale-2025-hockenheim\/#article","isPartOf":{"@id":"http:\/\/www.eel-fotografie.de\/wp2\/dtm-saisonfinale-2025-hockenheim\/"},"author":{"name":"admin","@id":"http:\/\/www.eel-fotografie.de\/wp2\/#\/schema\/person\/48b675d7a081d02af2929c3629214db0"},"headline":"DTM Saisonfinale 2025 Hockenheim","datePublished":"2025-10-07T20:41:41+00:00","dateModified":"2025-10-07T20:41:42+00:00","mainEntityOfPage":{"@id":"http:\/\/www.eel-fotografie.de\/wp2\/dtm-saisonfinale-2025-hockenheim\/"},"wordCount":56,"publisher":{"@id":"http:\/\/www.eel-fotografie.de\/wp2\/#organization"},"image":{"@id":"http:\/\/www.eel-fotografie.de\/wp2\/dtm-saisonfinale-2025-hockenheim\/#primaryimage"},"thumbnailUrl":"https:\/\/www.eel-fotografie.de\/wp2\/wp-content\/uploads\/nggallery_import\/DSC_1849.jpg","keywords":["2025","ADAC","Audi","Ayhancan G\u00fcven","BMW","Curbs","Deutsche Tourenwagen Masters","DTM","DTM 2025","DTM Meister","DTM Meisterschaft 2025","Dynamik","Eberhard Krieger","eel fotografie","eel-fotografie bildagentur","Ferrari","Ford","Geschwindigkeit","Hockenheimring","Kurve","Lamborghini","Lausitzring","Lucas Auer","Marco Wittmann","Mercedes","Mirko Bortolotti","Motorsport","Motorsportfotografie","Nikon","Nikon Dach","Nikon Deutschland","N\u00fcrburgring","Oscherleben","Pilot","Porsche","Rene Rast","Rennauto","Rennenstrecke","Rennfahrer","Rennfans","Rennwagen","Saison 2025","Sport","sportfoto-krieger","Start und Ziel","Thomas Preining","Timo Glock","Zuschauer"],"articleSection":["DTM","Motorsport","Sport"],"inLanguage":"de"},{"@type":"WebPage","@id":"http:\/\/www.eel-fotografie.de\/wp2\/dtm-saisonfinale-2025-hockenheim\/","url":"http:\/\/www.eel-fotografie.de\/wp2\/dtm-saisonfinale-2025-hockenheim\/","name":"DTM Saisonfinale 2025 Hockenheim - eel-fotografie","isPartOf":{"@id":"http:\/\/www.eel-fotografie.de\/wp2\/#website"},"primaryImageOfPage":{"@id":"http:\/\/www.eel-fotografie.de\/wp2\/dtm-saisonfinale-2025-hockenheim\/#primaryimage"},"image":{"@id":"http:\/\/www.eel-fotografie.de\/wp2\/dtm-saisonfinale-2025-hockenheim\/#primaryimage"},"thumbnailUrl":"https:\/\/www.eel-fotografie.de\/wp2\/wp-content\/uploads\/nggallery_import\/DSC_1849.jpg","datePublished":"2025-10-07T20:41:41+00:00","dateModified":"2025-10-07T20:41:42+00:00","description":"DTM Saisonfinale 2025 Hockenheim. Ayhancan G\u00fcven (Manthey Porsche) hei\u00dft der neue DTM Meister 2025. (35 Fotos)","breadcrumb":{"@id":"http:\/\/www.eel-fotografie.de\/wp2\/dtm-saisonfinale-2025-hockenheim\/#breadcrumb"},"inLanguage":"de","potentialAction":[{"@type":"ReadAction","target":["http:\/\/www.eel-fotografie.de\/wp2\/dtm-saisonfinale-2025-hockenheim\/"]}]},{"@type":"ImageObject","inLanguage":"de","@id":"http:\/\/www.eel-fotografie.de\/wp2\/dtm-saisonfinale-2025-hockenheim\/#primaryimage","url":"https:\/\/www.eel-fotografie.de\/wp2\/wp-content\/uploads\/nggallery_import\/DSC_1849.jpg","contentUrl":"https:\/\/www.eel-fotografie.de\/wp2\/wp-content\/uploads\/nggallery_import\/DSC_1849.jpg","width":1024,"height":683},{"@type":"BreadcrumbList","@id":"http:\/\/www.eel-fotografie.de\/wp2\/dtm-saisonfinale-2025-hockenheim\/#breadcrumb","itemListElement":[{"@type":"ListItem","position":1,"name":"Home","item":"http:\/\/www.eel-fotografie.de\/wp2\/"},{"@type":"ListItem","position":2,"name":"DTM Saisonfinale 2025 Hockenheim"}]},{"@type":"WebSite","@id":"http:\/\/www.eel-fotografie.de\/wp2\/#website","url":"http:\/\/www.eel-fotografie.de\/wp2\/","name":"eel-fotografie","description":"fotografie - bildagentur","publisher":{"@id":"http:\/\/www.eel-fotografie.de\/wp2\/#organization"},"potentialAction":[{"@type":"SearchAction","target":{"@type":"EntryPoint","urlTemplate":"http:\/\/www.eel-fotografie.de\/wp2\/?s={search_term_string}"},"query-input":{"@type":"PropertyValueSpecification","valueRequired":true,"valueName":"search_term_string"}}],"inLanguage":"de"},{"@type":"Organization","@id":"http:\/\/www.eel-fotografie.de\/wp2\/#organization","name":"eel-fotografie | fotografie - bildagentur","url":"http:\/\/www.eel-fotografie.de\/wp2\/","logo":{"@type":"ImageObject","inLanguage":"de","@id":"http:\/\/www.eel-fotografie.de\/wp2\/#\/schema\/logo\/image\/","url":"http:\/\/www.eel-fotografie.de\/wp2\/wp-content\/uploads\/eel-fotografie_logo_2_500x250.png","contentUrl":"http:\/\/www.eel-fotografie.de\/wp2\/wp-content\/uploads\/eel-fotografie_logo_2_500x250.png","width":500,"height":254,"caption":"eel-fotografie | fotografie - bildagentur"},"image":{"@id":"http:\/\/www.eel-fotografie.de\/wp2\/#\/schema\/logo\/image\/"},"sameAs":["https:\/\/www.instagram.com\/eelfotografie\/"]},{"@type":"Person","@id":"http:\/\/www.eel-fotografie.de\/wp2\/#\/schema\/person\/48b675d7a081d02af2929c3629214db0","name":"admin","image":{"@type":"ImageObject","inLanguage":"de","@id":"http:\/\/www.eel-fotografie.de\/wp2\/#\/schema\/person\/image\/","url":"https:\/\/secure.gravatar.com\/avatar\/0238886d5b298e452983f5d971ee0c60774f53da880f3705d3087707fa31096c?s=96&d=mm&r=g","contentUrl":"https:\/\/secure.gravatar.com\/avatar\/0238886d5b298e452983f5d971ee0c60774f53da880f3705d3087707fa31096c?s=96&d=mm&r=g","caption":"admin"},"description":"Head of eel-fotografie | fotografie-bildagentur","sameAs":["http:\/\/www.eel-fotografie.de"],"url":"https:\/\/www.eel-fotografie.de\/wp2\/author\/admin\/"}]}},"_links":{"self":[{"href":"https:\/\/www.eel-fotografie.de\/wp2\/wp-json\/wp\/v2\/posts\/20090","targetHints":{"allow":["GET"]}}],"collection":[{"href":"https:\/\/www.eel-fotografie.de\/wp2\/wp-json\/wp\/v2\/posts"}],"about":[{"href":"https:\/\/www.eel-fotografie.de\/wp2\/wp-json\/wp\/v2\/types\/post"}],"author":[{"embeddable":true,"href":"https:\/\/www.eel-fotografie.de\/wp2\/wp-json\/wp\/v2\/users\/1"}],"replies":[{"embeddable":true,"href":"https:\/\/www.eel-fotografie.de\/wp2\/wp-json\/wp\/v2\/comments?post=20090"}],"version-history":[{"count":4,"href":"https:\/\/www.eel-fotografie.de\/wp2\/wp-json\/wp\/v2\/posts\/20090\/revisions"}],"predecessor-version":[{"id":20095,"href":"https:\/\/www.eel-fotografie.de\/wp2\/wp-json\/wp\/v2\/posts\/20090\/revisions\/20095"}],"wp:featuredmedia":[{"embeddable":true,"href":"https:\/\/www.eel-fotografie.de\/wp2\/wp-json\/wp\/v2\/media\/20093"}],"wp:attachment":[{"href":"https:\/\/www.eel-fotografie.de\/wp2\/wp-json\/wp\/v2\/media?parent=20090"}],"wp:term":[{"taxonomy":"category","embeddable":true,"href":"https:\/\/www.eel-fotografie.de\/wp2\/wp-json\/wp\/v2\/categories?post=20090"},{"taxonomy":"post_tag","embeddable":true,"href":"https:\/\/www.eel-fotografie.de\/wp2\/wp-json\/wp\/v2\/tags?post=20090"}],"curies":[{"name":"wp","href":"https:\/\/api.w.org\/{rel}","templated":true}]}}