{"id":4077,"date":"2014-07-22T18:04:01","date_gmt":"2014-07-22T16:04:01","guid":{"rendered":"http:\/\/www.eel-fotografie.de\/?p=4077"},"modified":"2016-11-14T13:18:31","modified_gmt":"2016-11-14T12:18:31","slug":"peenemuende","status":"publish","type":"post","link":"https:\/\/www.eel-fotografie.de\/wp2\/peenemuende\/","title":{"rendered":"Peenem\u00fcnde"},"content":{"rendered":"<p style=\"text-align: justify;\">Ein paar Tage frei &#8211; Kamera dabei! Das Historisch-technische Museum Peenem\u00fcnde in dramatischer Gewitterstimmung.<\/p>\n<p style=\"text-align: justify;\"><div class=\"nextgen_pro_blog_gallery\" id=\"displayed_gallery_c69db7854e25201c5e8566483a6e5c15\">\n            <div id=\"ngg-image-displayed_gallery_c69db7854e25201c5e8566483a6e5c15-0\" class=\"image-wrapper\" style=\"width: 798px\">\n                                    <a href=\"https:\/\/www.eel-fotografie.de\/wp2\/wp-content\/gallery\/post_21_07_2014_peenemuende\/Urlaub_07_2014.jpg\"\n               title=\"\u00a9 eel-fotografie\"\n               data-src=\"https:\/\/www.eel-fotografie.de\/wp2\/wp-content\/gallery\/post_21_07_2014_peenemuende\/Urlaub_07_2014.jpg\"\n               data-thumbnail=\"https:\/\/www.eel-fotografie.de\/wp2\/wp-content\/gallery\/post_21_07_2014_peenemuende\/thumbs\/thumbs_Urlaub_07_2014.jpg\"\n               data-image-id=\"1276\"\n               data-title=\"\u00a9 eel-fotografie | fotografie - grafik - internet\"\n               data-description=\"\u00a9 eel-fotografie\"\n               class=\"shutterset_c69db7854e25201c5e8566483a6e5c15\" data-ngg-protect=\"1\">\n                <picture>\n\t\n<source srcset='https:\/\/www.eel-fotografie.de\/wp2\/wp-content\/gallery\/post_21_07_2014_peenemuende\/Urlaub_07_2014.jpg' media=''>\n<img width=\"798\" title=\"\u00a9 eel-fotografie | fotografie - grafik - internet\" alt=\"\u00a9 eel-fotografie | fotografie - grafik - internet\" style=\"max-width:798px;max-height:px\" src=\"https:\/\/www.eel-fotografie.de\/wp2\/wp-content\/gallery\/post_21_07_2014_peenemuende\/Urlaub_07_2014.jpg\" srcset=\"https:\/\/www.eel-fotografie.de\/wp2\/wp-content\/gallery\/post_21_07_2014_peenemuende\/Urlaub_07_2014.jpg\" onerror=\"nggRetryFailedImage(this);\"\/>\n<\/picture>            <\/a>\n                                <\/div>\n        <div class=\"ngg-clear\"><\/div>\n        <\/div>\n<\/p>\n","protected":false},"excerpt":{"rendered":"<p>Ein paar Tage frei &#8211; Kamera dabei! Das Historisch-technische Museum Peenem\u00fcnde in dramatischer Gewitterstimmung.<\/p>\n","protected":false},"author":1,"featured_media":9200,"comment_status":"closed","ping_status":"closed","sticky":false,"template":"","format":"standard","meta":{"_genesis_hide_title":false,"_genesis_hide_breadcrumbs":false,"_genesis_hide_singular_image":false,"_genesis_hide_footer_widgets":false,"_genesis_custom_body_class":"","_genesis_custom_post_class":"","_genesis_layout":"","ngg_post_thumbnail":0,"footnotes":""},"categories":[1],"tags":[6,7,10,111,112,11,113],"class_list":{"0":"post-4077","1":"post","2":"type-post","3":"status-publish","4":"format-standard","5":"has-post-thumbnail","7":"category-allgemein","8":"tag-eberhard-krieger","9":"tag-eel-fotografie","10":"tag-foto-krieger","11":"tag-historisch-technisches-informationszentrum-peenemuende","12":"tag-peenemuende","13":"tag-sportfoto-krieger","14":"tag-wolken","15":"entry"},"yoast_head":"<!-- This site is optimized with the Yoast SEO plugin v26.5 - https:\/\/yoast.com\/wordpress\/plugins\/seo\/ -->\n<title>Peenem\u00fcnde - eel-fotografie<\/title>\n<meta name=\"description\" content=\"Peenem\u00fcnde - Panoramaaufnahme Historisch-Technisches Museum Peenem\u00fcnde.\" \/>\n<meta name=\"robots\" content=\"index, follow, max-snippet:-1, max-image-preview:large, max-video-preview:-1\" \/>\n<link rel=\"canonical\" href=\"http:\/\/www.eel-fotografie.de\/wp2\/peenemuende\/\" \/>\n<meta name=\"twitter:label1\" content=\"Verfasst von\" \/>\n\t<meta name=\"twitter:data1\" content=\"admin\" \/>\n<script type=\"application\/ld+json\" class=\"yoast-schema-graph\">{\"@context\":\"https:\/\/schema.org\",\"@graph\":[{\"@type\":\"Article\",\"@id\":\"http:\/\/www.eel-fotografie.de\/wp2\/peenemuende\/#article\",\"isPartOf\":{\"@id\":\"http:\/\/www.eel-fotografie.de\/wp2\/peenemuende\/\"},\"author\":{\"name\":\"admin\",\"@id\":\"http:\/\/www.eel-fotografie.de\/wp2\/#\/schema\/person\/48b675d7a081d02af2929c3629214db0\"},\"headline\":\"Peenem\u00fcnde\",\"datePublished\":\"2014-07-22T16:04:01+00:00\",\"dateModified\":\"2016-11-14T12:18:31+00:00\",\"mainEntityOfPage\":{\"@id\":\"http:\/\/www.eel-fotografie.de\/wp2\/peenemuende\/\"},\"wordCount\":17,\"publisher\":{\"@id\":\"http:\/\/www.eel-fotografie.de\/wp2\/#organization\"},\"image\":{\"@id\":\"http:\/\/www.eel-fotografie.de\/wp2\/peenemuende\/#primaryimage\"},\"thumbnailUrl\":\"https:\/\/www.eel-fotografie.de\/wp2\/wp-content\/uploads\/Urlaub_07_2014.jpg\",\"keywords\":[\"Eberhard Krieger\",\"eel fotografie\",\"foto-krieger\",\"Historisch-technisches Informationszentrum Peenem\u00fcnde\",\"Peenemuende\",\"sportfoto-krieger\",\"Wolken\"],\"inLanguage\":\"de\"},{\"@type\":\"WebPage\",\"@id\":\"http:\/\/www.eel-fotografie.de\/wp2\/peenemuende\/\",\"url\":\"http:\/\/www.eel-fotografie.de\/wp2\/peenemuende\/\",\"name\":\"Peenem\u00fcnde - eel-fotografie\",\"isPartOf\":{\"@id\":\"http:\/\/www.eel-fotografie.de\/wp2\/#website\"},\"primaryImageOfPage\":{\"@id\":\"http:\/\/www.eel-fotografie.de\/wp2\/peenemuende\/#primaryimage\"},\"image\":{\"@id\":\"http:\/\/www.eel-fotografie.de\/wp2\/peenemuende\/#primaryimage\"},\"thumbnailUrl\":\"https:\/\/www.eel-fotografie.de\/wp2\/wp-content\/uploads\/Urlaub_07_2014.jpg\",\"datePublished\":\"2014-07-22T16:04:01+00:00\",\"dateModified\":\"2016-11-14T12:18:31+00:00\",\"description\":\"Peenem\u00fcnde - Panoramaaufnahme Historisch-Technisches Museum Peenem\u00fcnde.\",\"breadcrumb\":{\"@id\":\"http:\/\/www.eel-fotografie.de\/wp2\/peenemuende\/#breadcrumb\"},\"inLanguage\":\"de\",\"potentialAction\":[{\"@type\":\"ReadAction\",\"target\":[\"http:\/\/www.eel-fotografie.de\/wp2\/peenemuende\/\"]}]},{\"@type\":\"ImageObject\",\"inLanguage\":\"de\",\"@id\":\"http:\/\/www.eel-fotografie.de\/wp2\/peenemuende\/#primaryimage\",\"url\":\"https:\/\/www.eel-fotografie.de\/wp2\/wp-content\/uploads\/Urlaub_07_2014.jpg\",\"contentUrl\":\"https:\/\/www.eel-fotografie.de\/wp2\/wp-content\/uploads\/Urlaub_07_2014.jpg\",\"width\":1024,\"height\":481,\"caption\":\"eel-fotografie|fotografie - bildagentur\"},{\"@type\":\"BreadcrumbList\",\"@id\":\"http:\/\/www.eel-fotografie.de\/wp2\/peenemuende\/#breadcrumb\",\"itemListElement\":[{\"@type\":\"ListItem\",\"position\":1,\"name\":\"Home\",\"item\":\"http:\/\/www.eel-fotografie.de\/wp2\/\"},{\"@type\":\"ListItem\",\"position\":2,\"name\":\"Peenem\u00fcnde\"}]},{\"@type\":\"WebSite\",\"@id\":\"http:\/\/www.eel-fotografie.de\/wp2\/#website\",\"url\":\"http:\/\/www.eel-fotografie.de\/wp2\/\",\"name\":\"eel-fotografie\",\"description\":\"fotografie - bildagentur\",\"publisher\":{\"@id\":\"http:\/\/www.eel-fotografie.de\/wp2\/#organization\"},\"potentialAction\":[{\"@type\":\"SearchAction\",\"target\":{\"@type\":\"EntryPoint\",\"urlTemplate\":\"http:\/\/www.eel-fotografie.de\/wp2\/?s={search_term_string}\"},\"query-input\":{\"@type\":\"PropertyValueSpecification\",\"valueRequired\":true,\"valueName\":\"search_term_string\"}}],\"inLanguage\":\"de\"},{\"@type\":\"Organization\",\"@id\":\"http:\/\/www.eel-fotografie.de\/wp2\/#organization\",\"name\":\"eel-fotografie | fotografie - bildagentur\",\"url\":\"http:\/\/www.eel-fotografie.de\/wp2\/\",\"logo\":{\"@type\":\"ImageObject\",\"inLanguage\":\"de\",\"@id\":\"http:\/\/www.eel-fotografie.de\/wp2\/#\/schema\/logo\/image\/\",\"url\":\"http:\/\/www.eel-fotografie.de\/wp2\/wp-content\/uploads\/eel-fotografie_logo_2_500x250.png\",\"contentUrl\":\"http:\/\/www.eel-fotografie.de\/wp2\/wp-content\/uploads\/eel-fotografie_logo_2_500x250.png\",\"width\":500,\"height\":254,\"caption\":\"eel-fotografie | fotografie - bildagentur\"},\"image\":{\"@id\":\"http:\/\/www.eel-fotografie.de\/wp2\/#\/schema\/logo\/image\/\"},\"sameAs\":[\"https:\/\/www.instagram.com\/eelfotografie\/\"]},{\"@type\":\"Person\",\"@id\":\"http:\/\/www.eel-fotografie.de\/wp2\/#\/schema\/person\/48b675d7a081d02af2929c3629214db0\",\"name\":\"admin\",\"image\":{\"@type\":\"ImageObject\",\"inLanguage\":\"de\",\"@id\":\"http:\/\/www.eel-fotografie.de\/wp2\/#\/schema\/person\/image\/\",\"url\":\"https:\/\/secure.gravatar.com\/avatar\/0238886d5b298e452983f5d971ee0c60774f53da880f3705d3087707fa31096c?s=96&d=mm&r=g\",\"contentUrl\":\"https:\/\/secure.gravatar.com\/avatar\/0238886d5b298e452983f5d971ee0c60774f53da880f3705d3087707fa31096c?s=96&d=mm&r=g\",\"caption\":\"admin\"},\"description\":\"Head of eel-fotografie | fotografie-bildagentur\",\"sameAs\":[\"http:\/\/www.eel-fotografie.de\"],\"url\":\"https:\/\/www.eel-fotografie.de\/wp2\/author\/admin\/\"}]}<\/script>\n<!-- \/ Yoast SEO plugin. -->","yoast_head_json":{"title":"Peenem\u00fcnde - eel-fotografie","description":"Peenem\u00fcnde - Panoramaaufnahme Historisch-Technisches Museum Peenem\u00fcnde.","robots":{"index":"index","follow":"follow","max-snippet":"max-snippet:-1","max-image-preview":"max-image-preview:large","max-video-preview":"max-video-preview:-1"},"canonical":"http:\/\/www.eel-fotografie.de\/wp2\/peenemuende\/","twitter_misc":{"Verfasst von":"admin"},"schema":{"@context":"https:\/\/schema.org","@graph":[{"@type":"Article","@id":"http:\/\/www.eel-fotografie.de\/wp2\/peenemuende\/#article","isPartOf":{"@id":"http:\/\/www.eel-fotografie.de\/wp2\/peenemuende\/"},"author":{"name":"admin","@id":"http:\/\/www.eel-fotografie.de\/wp2\/#\/schema\/person\/48b675d7a081d02af2929c3629214db0"},"headline":"Peenem\u00fcnde","datePublished":"2014-07-22T16:04:01+00:00","dateModified":"2016-11-14T12:18:31+00:00","mainEntityOfPage":{"@id":"http:\/\/www.eel-fotografie.de\/wp2\/peenemuende\/"},"wordCount":17,"publisher":{"@id":"http:\/\/www.eel-fotografie.de\/wp2\/#organization"},"image":{"@id":"http:\/\/www.eel-fotografie.de\/wp2\/peenemuende\/#primaryimage"},"thumbnailUrl":"https:\/\/www.eel-fotografie.de\/wp2\/wp-content\/uploads\/Urlaub_07_2014.jpg","keywords":["Eberhard Krieger","eel fotografie","foto-krieger","Historisch-technisches Informationszentrum Peenem\u00fcnde","Peenemuende","sportfoto-krieger","Wolken"],"inLanguage":"de"},{"@type":"WebPage","@id":"http:\/\/www.eel-fotografie.de\/wp2\/peenemuende\/","url":"http:\/\/www.eel-fotografie.de\/wp2\/peenemuende\/","name":"Peenem\u00fcnde - eel-fotografie","isPartOf":{"@id":"http:\/\/www.eel-fotografie.de\/wp2\/#website"},"primaryImageOfPage":{"@id":"http:\/\/www.eel-fotografie.de\/wp2\/peenemuende\/#primaryimage"},"image":{"@id":"http:\/\/www.eel-fotografie.de\/wp2\/peenemuende\/#primaryimage"},"thumbnailUrl":"https:\/\/www.eel-fotografie.de\/wp2\/wp-content\/uploads\/Urlaub_07_2014.jpg","datePublished":"2014-07-22T16:04:01+00:00","dateModified":"2016-11-14T12:18:31+00:00","description":"Peenem\u00fcnde - Panoramaaufnahme Historisch-Technisches Museum Peenem\u00fcnde.","breadcrumb":{"@id":"http:\/\/www.eel-fotografie.de\/wp2\/peenemuende\/#breadcrumb"},"inLanguage":"de","potentialAction":[{"@type":"ReadAction","target":["http:\/\/www.eel-fotografie.de\/wp2\/peenemuende\/"]}]},{"@type":"ImageObject","inLanguage":"de","@id":"http:\/\/www.eel-fotografie.de\/wp2\/peenemuende\/#primaryimage","url":"https:\/\/www.eel-fotografie.de\/wp2\/wp-content\/uploads\/Urlaub_07_2014.jpg","contentUrl":"https:\/\/www.eel-fotografie.de\/wp2\/wp-content\/uploads\/Urlaub_07_2014.jpg","width":1024,"height":481,"caption":"eel-fotografie|fotografie - bildagentur"},{"@type":"BreadcrumbList","@id":"http:\/\/www.eel-fotografie.de\/wp2\/peenemuende\/#breadcrumb","itemListElement":[{"@type":"ListItem","position":1,"name":"Home","item":"http:\/\/www.eel-fotografie.de\/wp2\/"},{"@type":"ListItem","position":2,"name":"Peenem\u00fcnde"}]},{"@type":"WebSite","@id":"http:\/\/www.eel-fotografie.de\/wp2\/#website","url":"http:\/\/www.eel-fotografie.de\/wp2\/","name":"eel-fotografie","description":"fotografie - bildagentur","publisher":{"@id":"http:\/\/www.eel-fotografie.de\/wp2\/#organization"},"potentialAction":[{"@type":"SearchAction","target":{"@type":"EntryPoint","urlTemplate":"http:\/\/www.eel-fotografie.de\/wp2\/?s={search_term_string}"},"query-input":{"@type":"PropertyValueSpecification","valueRequired":true,"valueName":"search_term_string"}}],"inLanguage":"de"},{"@type":"Organization","@id":"http:\/\/www.eel-fotografie.de\/wp2\/#organization","name":"eel-fotografie | fotografie - bildagentur","url":"http:\/\/www.eel-fotografie.de\/wp2\/","logo":{"@type":"ImageObject","inLanguage":"de","@id":"http:\/\/www.eel-fotografie.de\/wp2\/#\/schema\/logo\/image\/","url":"http:\/\/www.eel-fotografie.de\/wp2\/wp-content\/uploads\/eel-fotografie_logo_2_500x250.png","contentUrl":"http:\/\/www.eel-fotografie.de\/wp2\/wp-content\/uploads\/eel-fotografie_logo_2_500x250.png","width":500,"height":254,"caption":"eel-fotografie | fotografie - bildagentur"},"image":{"@id":"http:\/\/www.eel-fotografie.de\/wp2\/#\/schema\/logo\/image\/"},"sameAs":["https:\/\/www.instagram.com\/eelfotografie\/"]},{"@type":"Person","@id":"http:\/\/www.eel-fotografie.de\/wp2\/#\/schema\/person\/48b675d7a081d02af2929c3629214db0","name":"admin","image":{"@type":"ImageObject","inLanguage":"de","@id":"http:\/\/www.eel-fotografie.de\/wp2\/#\/schema\/person\/image\/","url":"https:\/\/secure.gravatar.com\/avatar\/0238886d5b298e452983f5d971ee0c60774f53da880f3705d3087707fa31096c?s=96&d=mm&r=g","contentUrl":"https:\/\/secure.gravatar.com\/avatar\/0238886d5b298e452983f5d971ee0c60774f53da880f3705d3087707fa31096c?s=96&d=mm&r=g","caption":"admin"},"description":"Head of eel-fotografie | fotografie-bildagentur","sameAs":["http:\/\/www.eel-fotografie.de"],"url":"https:\/\/www.eel-fotografie.de\/wp2\/author\/admin\/"}]}},"_links":{"self":[{"href":"https:\/\/www.eel-fotografie.de\/wp2\/wp-json\/wp\/v2\/posts\/4077","targetHints":{"allow":["GET"]}}],"collection":[{"href":"https:\/\/www.eel-fotografie.de\/wp2\/wp-json\/wp\/v2\/posts"}],"about":[{"href":"https:\/\/www.eel-fotografie.de\/wp2\/wp-json\/wp\/v2\/types\/post"}],"author":[{"embeddable":true,"href":"https:\/\/www.eel-fotografie.de\/wp2\/wp-json\/wp\/v2\/users\/1"}],"replies":[{"embeddable":true,"href":"https:\/\/www.eel-fotografie.de\/wp2\/wp-json\/wp\/v2\/comments?post=4077"}],"version-history":[{"count":0,"href":"https:\/\/www.eel-fotografie.de\/wp2\/wp-json\/wp\/v2\/posts\/4077\/revisions"}],"wp:featuredmedia":[{"embeddable":true,"href":"https:\/\/www.eel-fotografie.de\/wp2\/wp-json\/wp\/v2\/media\/9200"}],"wp:attachment":[{"href":"https:\/\/www.eel-fotografie.de\/wp2\/wp-json\/wp\/v2\/media?parent=4077"}],"wp:term":[{"taxonomy":"category","embeddable":true,"href":"https:\/\/www.eel-fotografie.de\/wp2\/wp-json\/wp\/v2\/categories?post=4077"},{"taxonomy":"post_tag","embeddable":true,"href":"https:\/\/www.eel-fotografie.de\/wp2\/wp-json\/wp\/v2\/tags?post=4077"}],"curies":[{"name":"wp","href":"https:\/\/api.w.org\/{rel}","templated":true}]}}