{"id":5147,"date":"2014-12-08T19:10:47","date_gmt":"2014-12-08T18:10:47","guid":{"rendered":"http:\/\/www.eel-fotografie.de\/?p=5147"},"modified":"2016-11-11T11:22:50","modified_gmt":"2016-11-11T10:22:50","slug":"eintracht-frankfurt-sv-werder-bremen-52","status":"publish","type":"post","link":"https:\/\/www.eel-fotografie.de\/wp2\/eintracht-frankfurt-sv-werder-bremen-52\/","title":{"rendered":"Eintracht Frankfurt &#8211; SV Werder Bremen 5:2"},"content":{"rendered":"<p style=\"text-align: justify;\">In einer tor- und ereignisreichen Partie siegte Eintracht Frankfurt gegen Werder Bremen mit 5:2. Trotz der beiden Tore hatten die Bremer an diesem Abend keine Chance gegen eine starke Frankfurter Mannschaft. F\u00fcnf der sieben Tore vielen nach der Pause. Die Torsch\u00fctzen f\u00fcr Frankfurt: Alexander Meier (2x), Haris Seferovic, Stefan Aigner und Marc Stendera. F\u00fcr Bremen trafen Theo Gebre Selassie und Luca Caldirola.<\/p>\n<p style=\"text-align: justify;\"><div class=\"nextgen_pro_thumbnail_grid\" id=\"displayed_gallery_0da40b0b0466d7a400fea4af11b88df9\"><div id=\"ngg-image-0\" class=\"image-wrapper\"><a href=\"https:\/\/www.eel-fotografie.de\/wp2\/wp-content\/gallery\/post_08_12_2014_sge_werder_bremen\/DSC_8657.jpg\"\n               title=\"&lt;font&gt;\u00a9 eel-fotografie&lt;\/font&gt;\"\n               data-src=\"https:\/\/www.eel-fotografie.de\/wp2\/wp-content\/gallery\/post_08_12_2014_sge_werder_bremen\/DSC_8657.jpg\"\n               data-thumbnail=\"https:\/\/www.eel-fotografie.de\/wp2\/wp-content\/gallery\/post_08_12_2014_sge_werder_bremen\/thumbs\/thumbs_DSC_8657.jpg\"\n               data-image-id=\"1601\"\n               data-title=\"DSC_8657 | \u00a9 eel-fotografie\"\n               data-description=\"&lt;font&gt;\u00a9 eel-fotografie&lt;\/font&gt;\"\n               class=\"shutterset_0da40b0b0466d7a400fea4af11b88df9\" data-ngg-protect=\"1\"><picture><source srcset='https:\/\/www.eel-fotografie.de\/wp2\/wp-content\/gallery\/post_08_12_2014_sge_werder_bremen\/cache\/DSC_8657.jpg-nggid041601-ngg0dyn-120x90x100-00f0w010c011r110f110r010t010.jpg' media=''><img title=\"DSC_8657 | \u00a9 eel-fotografie\" alt=\"DSC_8657 | \u00a9 eel-fotografie\" width=\"120\" height=\"90\" style=\"max-width:120px;max-height:90px\" src=\"https:\/\/www.eel-fotografie.de\/wp2\/wp-content\/gallery\/post_08_12_2014_sge_werder_bremen\/cache\/DSC_8657.jpg-nggid041601-ngg0dyn-120x90x100-00f0w010c011r110f110r010t010.jpg\" srcset=\"https:\/\/www.eel-fotografie.de\/wp2\/wp-content\/gallery\/post_08_12_2014_sge_werder_bremen\/cache\/DSC_8657.jpg-nggid041601-ngg0dyn-120x90x100-00f0w010c011r110f110r010t010.jpg\" onerror=\"nggRetryFailedImage(this);\"\/><\/picture>                <noscript><img src=\"https:\/\/www.eel-fotografie.de\/wp2\/wp-content\/gallery\/post_08_12_2014_sge_werder_bremen\/cache\/DSC_8657.jpg-nggid041601-ngg0dyn-120x90x100-00f0w010c011r110f110r010t010.jpg\"\n                         title=\"DSC_8657 | \u00a9 eel-fotografie\"\n                         alt=\"DSC_8657 | \u00a9 eel-fotografie\"\n                         width=\"120\"\n                         height=\"90\"\n                         style=\"max-width:100%; height: auto;\"\/><\/noscript><\/a><\/div><div id=\"ngg-image-1\" class=\"image-wrapper\"><a href=\"https:\/\/www.eel-fotografie.de\/wp2\/wp-content\/gallery\/post_08_12_2014_sge_werder_bremen\/DSC_8732.jpg\"\n               title=\"&lt;font&gt;\u00a9 eel-fotografie&lt;\/font&gt;\"\n               data-src=\"https:\/\/www.eel-fotografie.de\/wp2\/wp-content\/gallery\/post_08_12_2014_sge_werder_bremen\/DSC_8732.jpg\"\n               data-thumbnail=\"https:\/\/www.eel-fotografie.de\/wp2\/wp-content\/gallery\/post_08_12_2014_sge_werder_bremen\/thumbs\/thumbs_DSC_8732.jpg\"\n               data-image-id=\"1603\"\n               data-title=\"DSC_8732 | \u00a9 eel-fotografie\"\n               data-description=\"&lt;font&gt;\u00a9 eel-fotografie&lt;\/font&gt;\"\n               class=\"shutterset_0da40b0b0466d7a400fea4af11b88df9\" data-ngg-protect=\"1\"><picture><source srcset='https:\/\/www.eel-fotografie.de\/wp2\/wp-content\/gallery\/post_08_12_2014_sge_werder_bremen\/cache\/DSC_8732.jpg-nggid041603-ngg0dyn-120x90x100-00f0w010c011r110f110r010t010.jpg' media=''><img title=\"DSC_8732 | \u00a9 eel-fotografie\" alt=\"DSC_8732 | \u00a9 eel-fotografie\" width=\"120\" height=\"90\" style=\"max-width:120px;max-height:90px\" src=\"https:\/\/www.eel-fotografie.de\/wp2\/wp-content\/gallery\/post_08_12_2014_sge_werder_bremen\/cache\/DSC_8732.jpg-nggid041603-ngg0dyn-120x90x100-00f0w010c011r110f110r010t010.jpg\" srcset=\"https:\/\/www.eel-fotografie.de\/wp2\/wp-content\/gallery\/post_08_12_2014_sge_werder_bremen\/cache\/DSC_8732.jpg-nggid041603-ngg0dyn-120x90x100-00f0w010c011r110f110r010t010.jpg\" onerror=\"nggRetryFailedImage(this);\"\/><\/picture>                <noscript><img src=\"https:\/\/www.eel-fotografie.de\/wp2\/wp-content\/gallery\/post_08_12_2014_sge_werder_bremen\/cache\/DSC_8732.jpg-nggid041603-ngg0dyn-120x90x100-00f0w010c011r110f110r010t010.jpg\"\n                         title=\"DSC_8732 | \u00a9 eel-fotografie\"\n                         alt=\"DSC_8732 | \u00a9 eel-fotografie\"\n                         width=\"120\"\n                         height=\"90\"\n                         style=\"max-width:100%; height: auto;\"\/><\/noscript><\/a><\/div><div id=\"ngg-image-2\" class=\"image-wrapper\"><a href=\"https:\/\/www.eel-fotografie.de\/wp2\/wp-content\/gallery\/post_08_12_2014_sge_werder_bremen\/DSC_8773.jpg\"\n               title=\"&lt;font&gt;\u00a9 eel-fotografie&lt;\/font&gt;\"\n               data-src=\"https:\/\/www.eel-fotografie.de\/wp2\/wp-content\/gallery\/post_08_12_2014_sge_werder_bremen\/DSC_8773.jpg\"\n               data-thumbnail=\"https:\/\/www.eel-fotografie.de\/wp2\/wp-content\/gallery\/post_08_12_2014_sge_werder_bremen\/thumbs\/thumbs_DSC_8773.jpg\"\n               data-image-id=\"1604\"\n               data-title=\"DSC_8773 | \u00a9 eel-fotografie\"\n               data-description=\"&lt;font&gt;\u00a9 eel-fotografie&lt;\/font&gt;\"\n               class=\"shutterset_0da40b0b0466d7a400fea4af11b88df9\" data-ngg-protect=\"1\"><picture><source srcset='https:\/\/www.eel-fotografie.de\/wp2\/wp-content\/gallery\/post_08_12_2014_sge_werder_bremen\/cache\/DSC_8773.jpg-nggid041604-ngg0dyn-120x90x100-00f0w010c011r110f110r010t010.jpg' media=''><img title=\"DSC_8773 | \u00a9 eel-fotografie\" alt=\"DSC_8773 | \u00a9 eel-fotografie\" width=\"120\" height=\"90\" style=\"max-width:120px;max-height:90px\" src=\"https:\/\/www.eel-fotografie.de\/wp2\/wp-content\/gallery\/post_08_12_2014_sge_werder_bremen\/cache\/DSC_8773.jpg-nggid041604-ngg0dyn-120x90x100-00f0w010c011r110f110r010t010.jpg\" srcset=\"https:\/\/www.eel-fotografie.de\/wp2\/wp-content\/gallery\/post_08_12_2014_sge_werder_bremen\/cache\/DSC_8773.jpg-nggid041604-ngg0dyn-120x90x100-00f0w010c011r110f110r010t010.jpg\" onerror=\"nggRetryFailedImage(this);\"\/><\/picture>                <noscript><img src=\"https:\/\/www.eel-fotografie.de\/wp2\/wp-content\/gallery\/post_08_12_2014_sge_werder_bremen\/cache\/DSC_8773.jpg-nggid041604-ngg0dyn-120x90x100-00f0w010c011r110f110r010t010.jpg\"\n                         title=\"DSC_8773 | \u00a9 eel-fotografie\"\n                         alt=\"DSC_8773 | \u00a9 eel-fotografie\"\n                         width=\"120\"\n                         height=\"90\"\n                         style=\"max-width:100%; height: auto;\"\/><\/noscript><\/a><\/div><div id=\"ngg-image-3\" class=\"image-wrapper\"><a href=\"https:\/\/www.eel-fotografie.de\/wp2\/wp-content\/gallery\/post_08_12_2014_sge_werder_bremen\/DSC_8863.jpg\"\n               title=\"&lt;font&gt;\u00a9 eel-fotografie&lt;\/font&gt;\"\n               data-src=\"https:\/\/www.eel-fotografie.de\/wp2\/wp-content\/gallery\/post_08_12_2014_sge_werder_bremen\/DSC_8863.jpg\"\n               data-thumbnail=\"https:\/\/www.eel-fotografie.de\/wp2\/wp-content\/gallery\/post_08_12_2014_sge_werder_bremen\/thumbs\/thumbs_DSC_8863.jpg\"\n               data-image-id=\"1605\"\n               data-title=\"DSC_8863 | \u00a9 eel-fotografie\"\n               data-description=\"&lt;font&gt;\u00a9 eel-fotografie&lt;\/font&gt;\"\n               class=\"shutterset_0da40b0b0466d7a400fea4af11b88df9\" data-ngg-protect=\"1\"><picture><source srcset='https:\/\/www.eel-fotografie.de\/wp2\/wp-content\/gallery\/post_08_12_2014_sge_werder_bremen\/cache\/DSC_8863.jpg-nggid041605-ngg0dyn-120x90x100-00f0w010c011r110f110r010t010.jpg' media=''><img title=\"DSC_8863 | \u00a9 eel-fotografie\" alt=\"DSC_8863 | \u00a9 eel-fotografie\" width=\"120\" height=\"90\" style=\"max-width:120px;max-height:90px\" src=\"https:\/\/www.eel-fotografie.de\/wp2\/wp-content\/gallery\/post_08_12_2014_sge_werder_bremen\/cache\/DSC_8863.jpg-nggid041605-ngg0dyn-120x90x100-00f0w010c011r110f110r010t010.jpg\" srcset=\"https:\/\/www.eel-fotografie.de\/wp2\/wp-content\/gallery\/post_08_12_2014_sge_werder_bremen\/cache\/DSC_8863.jpg-nggid041605-ngg0dyn-120x90x100-00f0w010c011r110f110r010t010.jpg\" onerror=\"nggRetryFailedImage(this);\"\/><\/picture>                <noscript><img src=\"https:\/\/www.eel-fotografie.de\/wp2\/wp-content\/gallery\/post_08_12_2014_sge_werder_bremen\/cache\/DSC_8863.jpg-nggid041605-ngg0dyn-120x90x100-00f0w010c011r110f110r010t010.jpg\"\n                         title=\"DSC_8863 | \u00a9 eel-fotografie\"\n                         alt=\"DSC_8863 | \u00a9 eel-fotografie\"\n                         width=\"120\"\n                         height=\"90\"\n                         style=\"max-width:100%; height: auto;\"\/><\/noscript><\/a><\/div><br style='clear: both'\/><div id=\"ngg-image-4\" class=\"image-wrapper\"><a href=\"https:\/\/www.eel-fotografie.de\/wp2\/wp-content\/gallery\/post_08_12_2014_sge_werder_bremen\/DSC_8886.jpg\"\n               title=\"&lt;font&gt;\u00a9 eel-fotografie&lt;\/font&gt;\"\n               data-src=\"https:\/\/www.eel-fotografie.de\/wp2\/wp-content\/gallery\/post_08_12_2014_sge_werder_bremen\/DSC_8886.jpg\"\n               data-thumbnail=\"https:\/\/www.eel-fotografie.de\/wp2\/wp-content\/gallery\/post_08_12_2014_sge_werder_bremen\/thumbs\/thumbs_DSC_8886.jpg\"\n               data-image-id=\"1606\"\n               data-title=\"DSC_8886 | \u00a9 eel-fotografie\"\n               data-description=\"&lt;font&gt;\u00a9 eel-fotografie&lt;\/font&gt;\"\n               class=\"shutterset_0da40b0b0466d7a400fea4af11b88df9\" data-ngg-protect=\"1\"><picture><source srcset='https:\/\/www.eel-fotografie.de\/wp2\/wp-content\/gallery\/post_08_12_2014_sge_werder_bremen\/cache\/DSC_8886.jpg-nggid041606-ngg0dyn-120x90x100-00f0w010c011r110f110r010t010.jpg' media=''><img title=\"DSC_8886 | \u00a9 eel-fotografie\" alt=\"DSC_8886 | \u00a9 eel-fotografie\" width=\"120\" height=\"90\" style=\"max-width:120px;max-height:90px\" src=\"https:\/\/www.eel-fotografie.de\/wp2\/wp-content\/gallery\/post_08_12_2014_sge_werder_bremen\/cache\/DSC_8886.jpg-nggid041606-ngg0dyn-120x90x100-00f0w010c011r110f110r010t010.jpg\" srcset=\"https:\/\/www.eel-fotografie.de\/wp2\/wp-content\/gallery\/post_08_12_2014_sge_werder_bremen\/cache\/DSC_8886.jpg-nggid041606-ngg0dyn-120x90x100-00f0w010c011r110f110r010t010.jpg\" onerror=\"nggRetryFailedImage(this);\"\/><\/picture>                <noscript><img src=\"https:\/\/www.eel-fotografie.de\/wp2\/wp-content\/gallery\/post_08_12_2014_sge_werder_bremen\/cache\/DSC_8886.jpg-nggid041606-ngg0dyn-120x90x100-00f0w010c011r110f110r010t010.jpg\"\n                         title=\"DSC_8886 | \u00a9 eel-fotografie\"\n                         alt=\"DSC_8886 | \u00a9 eel-fotografie\"\n                         width=\"120\"\n                         height=\"90\"\n                         style=\"max-width:100%; height: auto;\"\/><\/noscript><\/a><\/div><div id=\"ngg-image-5\" class=\"image-wrapper\"><a href=\"https:\/\/www.eel-fotografie.de\/wp2\/wp-content\/gallery\/post_08_12_2014_sge_werder_bremen\/DSC_8897.jpg\"\n               title=\"&lt;font&gt;\u00a9 eel-fotografie&lt;\/font&gt;\"\n               data-src=\"https:\/\/www.eel-fotografie.de\/wp2\/wp-content\/gallery\/post_08_12_2014_sge_werder_bremen\/DSC_8897.jpg\"\n               data-thumbnail=\"https:\/\/www.eel-fotografie.de\/wp2\/wp-content\/gallery\/post_08_12_2014_sge_werder_bremen\/thumbs\/thumbs_DSC_8897.jpg\"\n               data-image-id=\"1607\"\n               data-title=\"DSC_8897 | \u00a9 eel-fotografie\"\n               data-description=\"&lt;font&gt;\u00a9 eel-fotografie&lt;\/font&gt;\"\n               class=\"shutterset_0da40b0b0466d7a400fea4af11b88df9\" data-ngg-protect=\"1\"><picture><source srcset='https:\/\/www.eel-fotografie.de\/wp2\/wp-content\/gallery\/post_08_12_2014_sge_werder_bremen\/cache\/DSC_8897.jpg-nggid041607-ngg0dyn-120x90x100-00f0w010c011r110f110r010t010.jpg' media=''><img title=\"DSC_8897 | \u00a9 eel-fotografie\" alt=\"DSC_8897 | \u00a9 eel-fotografie\" width=\"120\" height=\"90\" style=\"max-width:120px;max-height:90px\" src=\"https:\/\/www.eel-fotografie.de\/wp2\/wp-content\/gallery\/post_08_12_2014_sge_werder_bremen\/cache\/DSC_8897.jpg-nggid041607-ngg0dyn-120x90x100-00f0w010c011r110f110r010t010.jpg\" srcset=\"https:\/\/www.eel-fotografie.de\/wp2\/wp-content\/gallery\/post_08_12_2014_sge_werder_bremen\/cache\/DSC_8897.jpg-nggid041607-ngg0dyn-120x90x100-00f0w010c011r110f110r010t010.jpg\" onerror=\"nggRetryFailedImage(this);\"\/><\/picture>                <noscript><img src=\"https:\/\/www.eel-fotografie.de\/wp2\/wp-content\/gallery\/post_08_12_2014_sge_werder_bremen\/cache\/DSC_8897.jpg-nggid041607-ngg0dyn-120x90x100-00f0w010c011r110f110r010t010.jpg\"\n                         title=\"DSC_8897 | \u00a9 eel-fotografie\"\n                         alt=\"DSC_8897 | \u00a9 eel-fotografie\"\n                         width=\"120\"\n                         height=\"90\"\n                         style=\"max-width:100%; height: auto;\"\/><\/noscript><\/a><\/div><div id=\"ngg-image-6\" class=\"image-wrapper\"><a href=\"https:\/\/www.eel-fotografie.de\/wp2\/wp-content\/gallery\/post_08_12_2014_sge_werder_bremen\/DSC_8934.jpg\"\n               title=\"&lt;font&gt;\u00a9 eel-fotografie&lt;\/font&gt;\"\n               data-src=\"https:\/\/www.eel-fotografie.de\/wp2\/wp-content\/gallery\/post_08_12_2014_sge_werder_bremen\/DSC_8934.jpg\"\n               data-thumbnail=\"https:\/\/www.eel-fotografie.de\/wp2\/wp-content\/gallery\/post_08_12_2014_sge_werder_bremen\/thumbs\/thumbs_DSC_8934.jpg\"\n               data-image-id=\"1609\"\n               data-title=\"DSC_8934 | \u00a9 eel-fotografie\"\n               data-description=\"&lt;font&gt;\u00a9 eel-fotografie&lt;\/font&gt;\"\n               class=\"shutterset_0da40b0b0466d7a400fea4af11b88df9\" data-ngg-protect=\"1\"><picture><source srcset='https:\/\/www.eel-fotografie.de\/wp2\/wp-content\/gallery\/post_08_12_2014_sge_werder_bremen\/cache\/DSC_8934.jpg-nggid041609-ngg0dyn-120x90x100-00f0w010c011r110f110r010t010.jpg' media=''><img title=\"DSC_8934 | \u00a9 eel-fotografie\" alt=\"DSC_8934 | \u00a9 eel-fotografie\" width=\"120\" height=\"90\" style=\"max-width:120px;max-height:90px\" src=\"https:\/\/www.eel-fotografie.de\/wp2\/wp-content\/gallery\/post_08_12_2014_sge_werder_bremen\/cache\/DSC_8934.jpg-nggid041609-ngg0dyn-120x90x100-00f0w010c011r110f110r010t010.jpg\" srcset=\"https:\/\/www.eel-fotografie.de\/wp2\/wp-content\/gallery\/post_08_12_2014_sge_werder_bremen\/cache\/DSC_8934.jpg-nggid041609-ngg0dyn-120x90x100-00f0w010c011r110f110r010t010.jpg\" onerror=\"nggRetryFailedImage(this);\"\/><\/picture>                <noscript><img src=\"https:\/\/www.eel-fotografie.de\/wp2\/wp-content\/gallery\/post_08_12_2014_sge_werder_bremen\/cache\/DSC_8934.jpg-nggid041609-ngg0dyn-120x90x100-00f0w010c011r110f110r010t010.jpg\"\n                         title=\"DSC_8934 | \u00a9 eel-fotografie\"\n                         alt=\"DSC_8934 | \u00a9 eel-fotografie\"\n                         width=\"120\"\n                         height=\"90\"\n                         style=\"max-width:100%; height: auto;\"\/><\/noscript><\/a><\/div><div id=\"ngg-image-7\" class=\"image-wrapper\"><a href=\"https:\/\/www.eel-fotografie.de\/wp2\/wp-content\/gallery\/post_08_12_2014_sge_werder_bremen\/DSC_8903.jpg\"\n               title=\"&lt;font&gt;\u00a9 eel-fotografie&lt;\/font&gt;\"\n               data-src=\"https:\/\/www.eel-fotografie.de\/wp2\/wp-content\/gallery\/post_08_12_2014_sge_werder_bremen\/DSC_8903.jpg\"\n               data-thumbnail=\"https:\/\/www.eel-fotografie.de\/wp2\/wp-content\/gallery\/post_08_12_2014_sge_werder_bremen\/thumbs\/thumbs_DSC_8903.jpg\"\n               data-image-id=\"1608\"\n               data-title=\"DSC_8903 | \u00a9 eel-fotografie\"\n               data-description=\"&lt;font&gt;\u00a9 eel-fotografie&lt;\/font&gt;\"\n               class=\"shutterset_0da40b0b0466d7a400fea4af11b88df9\" data-ngg-protect=\"1\"><picture><source srcset='https:\/\/www.eel-fotografie.de\/wp2\/wp-content\/gallery\/post_08_12_2014_sge_werder_bremen\/cache\/DSC_8903.jpg-nggid041608-ngg0dyn-120x90x100-00f0w010c011r110f110r010t010.jpg' media=''><img title=\"DSC_8903 | \u00a9 eel-fotografie\" alt=\"DSC_8903 | \u00a9 eel-fotografie\" width=\"120\" height=\"90\" style=\"max-width:120px;max-height:90px\" src=\"https:\/\/www.eel-fotografie.de\/wp2\/wp-content\/gallery\/post_08_12_2014_sge_werder_bremen\/cache\/DSC_8903.jpg-nggid041608-ngg0dyn-120x90x100-00f0w010c011r110f110r010t010.jpg\" srcset=\"https:\/\/www.eel-fotografie.de\/wp2\/wp-content\/gallery\/post_08_12_2014_sge_werder_bremen\/cache\/DSC_8903.jpg-nggid041608-ngg0dyn-120x90x100-00f0w010c011r110f110r010t010.jpg\" onerror=\"nggRetryFailedImage(this);\"\/><\/picture>                <noscript><img src=\"https:\/\/www.eel-fotografie.de\/wp2\/wp-content\/gallery\/post_08_12_2014_sge_werder_bremen\/cache\/DSC_8903.jpg-nggid041608-ngg0dyn-120x90x100-00f0w010c011r110f110r010t010.jpg\"\n                         title=\"DSC_8903 | \u00a9 eel-fotografie\"\n                         alt=\"DSC_8903 | \u00a9 eel-fotografie\"\n                         width=\"120\"\n                         height=\"90\"\n                         style=\"max-width:100%; height: auto;\"\/><\/noscript><\/a><\/div><br style='clear: both'\/><div id=\"ngg-image-8\" class=\"image-wrapper\"><a href=\"https:\/\/www.eel-fotografie.de\/wp2\/wp-content\/gallery\/post_08_12_2014_sge_werder_bremen\/DSC_9084.jpg\"\n               title=\"&lt;font&gt;\u00a9 eel-fotografie&lt;\/font&gt;\"\n               data-src=\"https:\/\/www.eel-fotografie.de\/wp2\/wp-content\/gallery\/post_08_12_2014_sge_werder_bremen\/DSC_9084.jpg\"\n               data-thumbnail=\"https:\/\/www.eel-fotografie.de\/wp2\/wp-content\/gallery\/post_08_12_2014_sge_werder_bremen\/thumbs\/thumbs_DSC_9084.jpg\"\n               data-image-id=\"1615\"\n               data-title=\"DSC_9084 | \u00a9 eel-fotografie\"\n               data-description=\"&lt;font&gt;\u00a9 eel-fotografie&lt;\/font&gt;\"\n               class=\"shutterset_0da40b0b0466d7a400fea4af11b88df9\" data-ngg-protect=\"1\"><picture><source srcset='https:\/\/www.eel-fotografie.de\/wp2\/wp-content\/gallery\/post_08_12_2014_sge_werder_bremen\/cache\/DSC_9084.jpg-nggid041615-ngg0dyn-120x90x100-00f0w010c011r110f110r010t010.jpg' media=''><img title=\"DSC_9084 | \u00a9 eel-fotografie\" alt=\"DSC_9084 | \u00a9 eel-fotografie\" width=\"120\" height=\"90\" style=\"max-width:120px;max-height:90px\" src=\"https:\/\/www.eel-fotografie.de\/wp2\/wp-content\/gallery\/post_08_12_2014_sge_werder_bremen\/cache\/DSC_9084.jpg-nggid041615-ngg0dyn-120x90x100-00f0w010c011r110f110r010t010.jpg\" srcset=\"https:\/\/www.eel-fotografie.de\/wp2\/wp-content\/gallery\/post_08_12_2014_sge_werder_bremen\/cache\/DSC_9084.jpg-nggid041615-ngg0dyn-120x90x100-00f0w010c011r110f110r010t010.jpg\" onerror=\"nggRetryFailedImage(this);\"\/><\/picture>                <noscript><img src=\"https:\/\/www.eel-fotografie.de\/wp2\/wp-content\/gallery\/post_08_12_2014_sge_werder_bremen\/cache\/DSC_9084.jpg-nggid041615-ngg0dyn-120x90x100-00f0w010c011r110f110r010t010.jpg\"\n                         title=\"DSC_9084 | \u00a9 eel-fotografie\"\n                         alt=\"DSC_9084 | \u00a9 eel-fotografie\"\n                         width=\"120\"\n                         height=\"90\"\n                         style=\"max-width:100%; height: auto;\"\/><\/noscript><\/a><\/div><div id=\"ngg-image-9\" class=\"image-wrapper\"><a href=\"https:\/\/www.eel-fotografie.de\/wp2\/wp-content\/gallery\/post_08_12_2014_sge_werder_bremen\/DSC_8950.jpg\"\n               title=\"&lt;font&gt;\u00a9 eel-fotografie&lt;\/font&gt;\"\n               data-src=\"https:\/\/www.eel-fotografie.de\/wp2\/wp-content\/gallery\/post_08_12_2014_sge_werder_bremen\/DSC_8950.jpg\"\n               data-thumbnail=\"https:\/\/www.eel-fotografie.de\/wp2\/wp-content\/gallery\/post_08_12_2014_sge_werder_bremen\/thumbs\/thumbs_DSC_8950.jpg\"\n               data-image-id=\"1610\"\n               data-title=\"DSC_8950 | \u00a9 eel-fotografie\"\n               data-description=\"&lt;font&gt;\u00a9 eel-fotografie&lt;\/font&gt;\"\n               class=\"shutterset_0da40b0b0466d7a400fea4af11b88df9\" data-ngg-protect=\"1\"><picture><source srcset='https:\/\/www.eel-fotografie.de\/wp2\/wp-content\/gallery\/post_08_12_2014_sge_werder_bremen\/cache\/DSC_8950.jpg-nggid041610-ngg0dyn-120x90x100-00f0w010c011r110f110r010t010.jpg' media=''><img title=\"DSC_8950 | \u00a9 eel-fotografie\" alt=\"DSC_8950 | \u00a9 eel-fotografie\" width=\"120\" height=\"90\" style=\"max-width:120px;max-height:90px\" src=\"https:\/\/www.eel-fotografie.de\/wp2\/wp-content\/gallery\/post_08_12_2014_sge_werder_bremen\/cache\/DSC_8950.jpg-nggid041610-ngg0dyn-120x90x100-00f0w010c011r110f110r010t010.jpg\" srcset=\"https:\/\/www.eel-fotografie.de\/wp2\/wp-content\/gallery\/post_08_12_2014_sge_werder_bremen\/cache\/DSC_8950.jpg-nggid041610-ngg0dyn-120x90x100-00f0w010c011r110f110r010t010.jpg\" onerror=\"nggRetryFailedImage(this);\"\/><\/picture>                <noscript><img src=\"https:\/\/www.eel-fotografie.de\/wp2\/wp-content\/gallery\/post_08_12_2014_sge_werder_bremen\/cache\/DSC_8950.jpg-nggid041610-ngg0dyn-120x90x100-00f0w010c011r110f110r010t010.jpg\"\n                         title=\"DSC_8950 | \u00a9 eel-fotografie\"\n                         alt=\"DSC_8950 | \u00a9 eel-fotografie\"\n                         width=\"120\"\n                         height=\"90\"\n                         style=\"max-width:100%; height: auto;\"\/><\/noscript><\/a><\/div><div id=\"ngg-image-10\" class=\"image-wrapper\"><a href=\"https:\/\/www.eel-fotografie.de\/wp2\/wp-content\/gallery\/post_08_12_2014_sge_werder_bremen\/DSC_8981.jpg\"\n               title=\"&lt;font&gt;\u00a9 eel-fotografie&lt;\/font&gt;\"\n               data-src=\"https:\/\/www.eel-fotografie.de\/wp2\/wp-content\/gallery\/post_08_12_2014_sge_werder_bremen\/DSC_8981.jpg\"\n               data-thumbnail=\"https:\/\/www.eel-fotografie.de\/wp2\/wp-content\/gallery\/post_08_12_2014_sge_werder_bremen\/thumbs\/thumbs_DSC_8981.jpg\"\n               data-image-id=\"1611\"\n               data-title=\"DSC_8981 | \u00a9 eel-fotografie\"\n               data-description=\"&lt;font&gt;\u00a9 eel-fotografie&lt;\/font&gt;\"\n               class=\"shutterset_0da40b0b0466d7a400fea4af11b88df9\" data-ngg-protect=\"1\"><picture><source srcset='https:\/\/www.eel-fotografie.de\/wp2\/wp-content\/gallery\/post_08_12_2014_sge_werder_bremen\/cache\/DSC_8981.jpg-nggid041611-ngg0dyn-120x90x100-00f0w010c011r110f110r010t010.jpg' media=''><img title=\"DSC_8981 | \u00a9 eel-fotografie\" alt=\"DSC_8981 | \u00a9 eel-fotografie\" width=\"120\" height=\"90\" style=\"max-width:120px;max-height:90px\" src=\"https:\/\/www.eel-fotografie.de\/wp2\/wp-content\/gallery\/post_08_12_2014_sge_werder_bremen\/cache\/DSC_8981.jpg-nggid041611-ngg0dyn-120x90x100-00f0w010c011r110f110r010t010.jpg\" srcset=\"https:\/\/www.eel-fotografie.de\/wp2\/wp-content\/gallery\/post_08_12_2014_sge_werder_bremen\/cache\/DSC_8981.jpg-nggid041611-ngg0dyn-120x90x100-00f0w010c011r110f110r010t010.jpg\" onerror=\"nggRetryFailedImage(this);\"\/><\/picture>                <noscript><img src=\"https:\/\/www.eel-fotografie.de\/wp2\/wp-content\/gallery\/post_08_12_2014_sge_werder_bremen\/cache\/DSC_8981.jpg-nggid041611-ngg0dyn-120x90x100-00f0w010c011r110f110r010t010.jpg\"\n                         title=\"DSC_8981 | \u00a9 eel-fotografie\"\n                         alt=\"DSC_8981 | \u00a9 eel-fotografie\"\n                         width=\"120\"\n                         height=\"90\"\n                         style=\"max-width:100%; height: auto;\"\/><\/noscript><\/a><\/div><div id=\"ngg-image-11\" class=\"image-wrapper\"><a href=\"https:\/\/www.eel-fotografie.de\/wp2\/wp-content\/gallery\/post_08_12_2014_sge_werder_bremen\/DSC_9071.jpg\"\n               title=\"&lt;font&gt;\u00a9 eel-fotografie&lt;\/font&gt;\"\n               data-src=\"https:\/\/www.eel-fotografie.de\/wp2\/wp-content\/gallery\/post_08_12_2014_sge_werder_bremen\/DSC_9071.jpg\"\n               data-thumbnail=\"https:\/\/www.eel-fotografie.de\/wp2\/wp-content\/gallery\/post_08_12_2014_sge_werder_bremen\/thumbs\/thumbs_DSC_9071.jpg\"\n               data-image-id=\"1614\"\n               data-title=\"DSC_9071 | \u00a9 eel-fotografie\"\n               data-description=\"&lt;font&gt;\u00a9 eel-fotografie&lt;\/font&gt;\"\n               class=\"shutterset_0da40b0b0466d7a400fea4af11b88df9\" data-ngg-protect=\"1\"><picture><source srcset='https:\/\/www.eel-fotografie.de\/wp2\/wp-content\/gallery\/post_08_12_2014_sge_werder_bremen\/cache\/DSC_9071.jpg-nggid041614-ngg0dyn-120x90x100-00f0w010c011r110f110r010t010.jpg' media=''><img title=\"DSC_9071 | \u00a9 eel-fotografie\" alt=\"DSC_9071 | \u00a9 eel-fotografie\" width=\"120\" height=\"90\" style=\"max-width:120px;max-height:90px\" src=\"https:\/\/www.eel-fotografie.de\/wp2\/wp-content\/gallery\/post_08_12_2014_sge_werder_bremen\/cache\/DSC_9071.jpg-nggid041614-ngg0dyn-120x90x100-00f0w010c011r110f110r010t010.jpg\" srcset=\"https:\/\/www.eel-fotografie.de\/wp2\/wp-content\/gallery\/post_08_12_2014_sge_werder_bremen\/cache\/DSC_9071.jpg-nggid041614-ngg0dyn-120x90x100-00f0w010c011r110f110r010t010.jpg\" onerror=\"nggRetryFailedImage(this);\"\/><\/picture>                <noscript><img src=\"https:\/\/www.eel-fotografie.de\/wp2\/wp-content\/gallery\/post_08_12_2014_sge_werder_bremen\/cache\/DSC_9071.jpg-nggid041614-ngg0dyn-120x90x100-00f0w010c011r110f110r010t010.jpg\"\n                         title=\"DSC_9071 | \u00a9 eel-fotografie\"\n                         alt=\"DSC_9071 | \u00a9 eel-fotografie\"\n                         width=\"120\"\n                         height=\"90\"\n                         style=\"max-width:100%; height: auto;\"\/><\/noscript><\/a><\/div><br style='clear: both'\/><div id=\"ngg-image-12\" class=\"image-wrapper\"><a href=\"https:\/\/www.eel-fotografie.de\/wp2\/wp-content\/gallery\/post_08_12_2014_sge_werder_bremen\/DSC_9049.jpg\"\n               title=\"&lt;font&gt;\u00a9 eel-fotografie&lt;\/font&gt;\"\n               data-src=\"https:\/\/www.eel-fotografie.de\/wp2\/wp-content\/gallery\/post_08_12_2014_sge_werder_bremen\/DSC_9049.jpg\"\n               data-thumbnail=\"https:\/\/www.eel-fotografie.de\/wp2\/wp-content\/gallery\/post_08_12_2014_sge_werder_bremen\/thumbs\/thumbs_DSC_9049.jpg\"\n               data-image-id=\"1612\"\n               data-title=\"DSC_9049 | \u00a9 eel-fotografie\"\n               data-description=\"&lt;font&gt;\u00a9 eel-fotografie&lt;\/font&gt;\"\n               class=\"shutterset_0da40b0b0466d7a400fea4af11b88df9\" data-ngg-protect=\"1\"><picture><source srcset='https:\/\/www.eel-fotografie.de\/wp2\/wp-content\/gallery\/post_08_12_2014_sge_werder_bremen\/cache\/DSC_9049.jpg-nggid041612-ngg0dyn-120x90x100-00f0w010c011r110f110r010t010.jpg' media=''><img title=\"DSC_9049 | \u00a9 eel-fotografie\" alt=\"DSC_9049 | \u00a9 eel-fotografie\" width=\"120\" height=\"90\" style=\"max-width:120px;max-height:90px\" src=\"https:\/\/www.eel-fotografie.de\/wp2\/wp-content\/gallery\/post_08_12_2014_sge_werder_bremen\/cache\/DSC_9049.jpg-nggid041612-ngg0dyn-120x90x100-00f0w010c011r110f110r010t010.jpg\" srcset=\"https:\/\/www.eel-fotografie.de\/wp2\/wp-content\/gallery\/post_08_12_2014_sge_werder_bremen\/cache\/DSC_9049.jpg-nggid041612-ngg0dyn-120x90x100-00f0w010c011r110f110r010t010.jpg\" onerror=\"nggRetryFailedImage(this);\"\/><\/picture>                <noscript><img src=\"https:\/\/www.eel-fotografie.de\/wp2\/wp-content\/gallery\/post_08_12_2014_sge_werder_bremen\/cache\/DSC_9049.jpg-nggid041612-ngg0dyn-120x90x100-00f0w010c011r110f110r010t010.jpg\"\n                         title=\"DSC_9049 | \u00a9 eel-fotografie\"\n                         alt=\"DSC_9049 | \u00a9 eel-fotografie\"\n                         width=\"120\"\n                         height=\"90\"\n                         style=\"max-width:100%; height: auto;\"\/><\/noscript><\/a><\/div><div id=\"ngg-image-13\" class=\"image-wrapper\"><a href=\"https:\/\/www.eel-fotografie.de\/wp2\/wp-content\/gallery\/post_08_12_2014_sge_werder_bremen\/DSC_9058.jpg\"\n               title=\"&lt;font&gt;\u00a9 eel-fotografie&lt;\/font&gt;\"\n               data-src=\"https:\/\/www.eel-fotografie.de\/wp2\/wp-content\/gallery\/post_08_12_2014_sge_werder_bremen\/DSC_9058.jpg\"\n               data-thumbnail=\"https:\/\/www.eel-fotografie.de\/wp2\/wp-content\/gallery\/post_08_12_2014_sge_werder_bremen\/thumbs\/thumbs_DSC_9058.jpg\"\n               data-image-id=\"1613\"\n               data-title=\"DSC_9058 | \u00a9 eel-fotografie\"\n               data-description=\"&lt;font&gt;\u00a9 eel-fotografie&lt;\/font&gt;\"\n               class=\"shutterset_0da40b0b0466d7a400fea4af11b88df9\" data-ngg-protect=\"1\"><picture><source srcset='https:\/\/www.eel-fotografie.de\/wp2\/wp-content\/gallery\/post_08_12_2014_sge_werder_bremen\/cache\/DSC_9058.jpg-nggid041613-ngg0dyn-120x90x100-00f0w010c011r110f110r010t010.jpg' media=''><img title=\"DSC_9058 | \u00a9 eel-fotografie\" alt=\"DSC_9058 | \u00a9 eel-fotografie\" width=\"120\" height=\"90\" style=\"max-width:120px;max-height:90px\" src=\"https:\/\/www.eel-fotografie.de\/wp2\/wp-content\/gallery\/post_08_12_2014_sge_werder_bremen\/cache\/DSC_9058.jpg-nggid041613-ngg0dyn-120x90x100-00f0w010c011r110f110r010t010.jpg\" srcset=\"https:\/\/www.eel-fotografie.de\/wp2\/wp-content\/gallery\/post_08_12_2014_sge_werder_bremen\/cache\/DSC_9058.jpg-nggid041613-ngg0dyn-120x90x100-00f0w010c011r110f110r010t010.jpg\" onerror=\"nggRetryFailedImage(this);\"\/><\/picture>                <noscript><img src=\"https:\/\/www.eel-fotografie.de\/wp2\/wp-content\/gallery\/post_08_12_2014_sge_werder_bremen\/cache\/DSC_9058.jpg-nggid041613-ngg0dyn-120x90x100-00f0w010c011r110f110r010t010.jpg\"\n                         title=\"DSC_9058 | \u00a9 eel-fotografie\"\n                         alt=\"DSC_9058 | \u00a9 eel-fotografie\"\n                         width=\"120\"\n                         height=\"90\"\n                         style=\"max-width:100%; height: auto;\"\/><\/noscript><\/a><\/div><div id=\"ngg-image-14\" class=\"image-wrapper\"><a href=\"https:\/\/www.eel-fotografie.de\/wp2\/wp-content\/gallery\/post_08_12_2014_sge_werder_bremen\/DSC_8678.jpg\"\n               title=\"&lt;font&gt;\u00a9 eel-fotografie&lt;\/font&gt;\"\n               data-src=\"https:\/\/www.eel-fotografie.de\/wp2\/wp-content\/gallery\/post_08_12_2014_sge_werder_bremen\/DSC_8678.jpg\"\n               data-thumbnail=\"https:\/\/www.eel-fotografie.de\/wp2\/wp-content\/gallery\/post_08_12_2014_sge_werder_bremen\/thumbs\/thumbs_DSC_8678.jpg\"\n               data-image-id=\"1621\"\n               data-title=\"DSC_8678 | \u00a9 eel-fotografie\"\n               data-description=\"&lt;font&gt;\u00a9 eel-fotografie&lt;\/font&gt;\"\n               class=\"shutterset_0da40b0b0466d7a400fea4af11b88df9\" data-ngg-protect=\"1\"><picture><source srcset='https:\/\/www.eel-fotografie.de\/wp2\/wp-content\/gallery\/post_08_12_2014_sge_werder_bremen\/cache\/DSC_8678.jpg-nggid041621-ngg0dyn-120x90x100-00f0w010c011r110f110r010t010.jpg' media=''><img title=\"DSC_8678 | \u00a9 eel-fotografie\" alt=\"DSC_8678 | \u00a9 eel-fotografie\" width=\"120\" height=\"90\" style=\"max-width:120px;max-height:90px\" src=\"https:\/\/www.eel-fotografie.de\/wp2\/wp-content\/gallery\/post_08_12_2014_sge_werder_bremen\/cache\/DSC_8678.jpg-nggid041621-ngg0dyn-120x90x100-00f0w010c011r110f110r010t010.jpg\" srcset=\"https:\/\/www.eel-fotografie.de\/wp2\/wp-content\/gallery\/post_08_12_2014_sge_werder_bremen\/cache\/DSC_8678.jpg-nggid041621-ngg0dyn-120x90x100-00f0w010c011r110f110r010t010.jpg\" onerror=\"nggRetryFailedImage(this);\"\/><\/picture>                <noscript><img src=\"https:\/\/www.eel-fotografie.de\/wp2\/wp-content\/gallery\/post_08_12_2014_sge_werder_bremen\/cache\/DSC_8678.jpg-nggid041621-ngg0dyn-120x90x100-00f0w010c011r110f110r010t010.jpg\"\n                         title=\"DSC_8678 | \u00a9 eel-fotografie\"\n                         alt=\"DSC_8678 | \u00a9 eel-fotografie\"\n                         width=\"120\"\n                         height=\"90\"\n                         style=\"max-width:100%; height: auto;\"\/><\/noscript><\/a><\/div><div id=\"ngg-image-15\" class=\"image-wrapper\"><a href=\"https:\/\/www.eel-fotografie.de\/wp2\/wp-content\/gallery\/post_08_12_2014_sge_werder_bremen\/DSC_9245.jpg\"\n               title=\"&lt;font&gt;\u00a9 eel-fotografie&lt;\/font&gt;\"\n               data-src=\"https:\/\/www.eel-fotografie.de\/wp2\/wp-content\/gallery\/post_08_12_2014_sge_werder_bremen\/DSC_9245.jpg\"\n               data-thumbnail=\"https:\/\/www.eel-fotografie.de\/wp2\/wp-content\/gallery\/post_08_12_2014_sge_werder_bremen\/thumbs\/thumbs_DSC_9245.jpg\"\n               data-image-id=\"1620\"\n               data-title=\"DSC_9245 | \u00a9 eel-fotografie\"\n               data-description=\"&lt;font&gt;\u00a9 eel-fotografie&lt;\/font&gt;\"\n               class=\"shutterset_0da40b0b0466d7a400fea4af11b88df9\" data-ngg-protect=\"1\"><picture><source srcset='https:\/\/www.eel-fotografie.de\/wp2\/wp-content\/gallery\/post_08_12_2014_sge_werder_bremen\/cache\/DSC_9245.jpg-nggid041620-ngg0dyn-120x90x100-00f0w010c011r110f110r010t010.jpg' media=''><img title=\"DSC_9245 | \u00a9 eel-fotografie\" alt=\"DSC_9245 | \u00a9 eel-fotografie\" width=\"120\" height=\"90\" style=\"max-width:120px;max-height:90px\" src=\"https:\/\/www.eel-fotografie.de\/wp2\/wp-content\/gallery\/post_08_12_2014_sge_werder_bremen\/cache\/DSC_9245.jpg-nggid041620-ngg0dyn-120x90x100-00f0w010c011r110f110r010t010.jpg\" srcset=\"https:\/\/www.eel-fotografie.de\/wp2\/wp-content\/gallery\/post_08_12_2014_sge_werder_bremen\/cache\/DSC_9245.jpg-nggid041620-ngg0dyn-120x90x100-00f0w010c011r110f110r010t010.jpg\" onerror=\"nggRetryFailedImage(this);\"\/><\/picture>                <noscript><img src=\"https:\/\/www.eel-fotografie.de\/wp2\/wp-content\/gallery\/post_08_12_2014_sge_werder_bremen\/cache\/DSC_9245.jpg-nggid041620-ngg0dyn-120x90x100-00f0w010c011r110f110r010t010.jpg\"\n                         title=\"DSC_9245 | \u00a9 eel-fotografie\"\n                         alt=\"DSC_9245 | \u00a9 eel-fotografie\"\n                         width=\"120\"\n                         height=\"90\"\n                         style=\"max-width:100%; height: auto;\"\/><\/noscript><\/a><\/div><br style='clear: both'\/><div id=\"ngg-image-16\" class=\"image-wrapper\"><a href=\"https:\/\/www.eel-fotografie.de\/wp2\/wp-content\/gallery\/post_08_12_2014_sge_werder_bremen\/DSC_9220.jpg\"\n               title=\"&lt;font&gt;\u00a9 eel-fotografie&lt;\/font&gt;\"\n               data-src=\"https:\/\/www.eel-fotografie.de\/wp2\/wp-content\/gallery\/post_08_12_2014_sge_werder_bremen\/DSC_9220.jpg\"\n               data-thumbnail=\"https:\/\/www.eel-fotografie.de\/wp2\/wp-content\/gallery\/post_08_12_2014_sge_werder_bremen\/thumbs\/thumbs_DSC_9220.jpg\"\n               data-image-id=\"1618\"\n               data-title=\"DSC_9220 | \u00a9 eel-fotografie\"\n               data-description=\"&lt;font&gt;\u00a9 eel-fotografie&lt;\/font&gt;\"\n               class=\"shutterset_0da40b0b0466d7a400fea4af11b88df9\" data-ngg-protect=\"1\"><picture><source srcset='https:\/\/www.eel-fotografie.de\/wp2\/wp-content\/gallery\/post_08_12_2014_sge_werder_bremen\/cache\/DSC_9220.jpg-nggid041618-ngg0dyn-120x90x100-00f0w010c011r110f110r010t010.jpg' media=''><img title=\"DSC_9220 | \u00a9 eel-fotografie\" alt=\"DSC_9220 | \u00a9 eel-fotografie\" width=\"120\" height=\"90\" style=\"max-width:120px;max-height:90px\" src=\"https:\/\/www.eel-fotografie.de\/wp2\/wp-content\/gallery\/post_08_12_2014_sge_werder_bremen\/cache\/DSC_9220.jpg-nggid041618-ngg0dyn-120x90x100-00f0w010c011r110f110r010t010.jpg\" srcset=\"https:\/\/www.eel-fotografie.de\/wp2\/wp-content\/gallery\/post_08_12_2014_sge_werder_bremen\/cache\/DSC_9220.jpg-nggid041618-ngg0dyn-120x90x100-00f0w010c011r110f110r010t010.jpg\" onerror=\"nggRetryFailedImage(this);\"\/><\/picture>                <noscript><img src=\"https:\/\/www.eel-fotografie.de\/wp2\/wp-content\/gallery\/post_08_12_2014_sge_werder_bremen\/cache\/DSC_9220.jpg-nggid041618-ngg0dyn-120x90x100-00f0w010c011r110f110r010t010.jpg\"\n                         title=\"DSC_9220 | \u00a9 eel-fotografie\"\n                         alt=\"DSC_9220 | \u00a9 eel-fotografie\"\n                         width=\"120\"\n                         height=\"90\"\n                         style=\"max-width:100%; height: auto;\"\/><\/noscript><\/a><\/div><div id=\"ngg-image-17\" class=\"image-wrapper\"><a href=\"https:\/\/www.eel-fotografie.de\/wp2\/wp-content\/gallery\/post_08_12_2014_sge_werder_bremen\/DSC_9166.jpg\"\n               title=\"&lt;font&gt;\u00a9 eel-fotografie&lt;\/font&gt;\"\n               data-src=\"https:\/\/www.eel-fotografie.de\/wp2\/wp-content\/gallery\/post_08_12_2014_sge_werder_bremen\/DSC_9166.jpg\"\n               data-thumbnail=\"https:\/\/www.eel-fotografie.de\/wp2\/wp-content\/gallery\/post_08_12_2014_sge_werder_bremen\/thumbs\/thumbs_DSC_9166.jpg\"\n               data-image-id=\"1616\"\n               data-title=\"DSC_9166 | \u00a9 eel-fotografie\"\n               data-description=\"&lt;font&gt;\u00a9 eel-fotografie&lt;\/font&gt;\"\n               class=\"shutterset_0da40b0b0466d7a400fea4af11b88df9\" data-ngg-protect=\"1\"><picture><source srcset='https:\/\/www.eel-fotografie.de\/wp2\/wp-content\/gallery\/post_08_12_2014_sge_werder_bremen\/cache\/DSC_9166.jpg-nggid041616-ngg0dyn-120x90x100-00f0w010c011r110f110r010t010.jpg' media=''><img title=\"DSC_9166 | \u00a9 eel-fotografie\" alt=\"DSC_9166 | \u00a9 eel-fotografie\" width=\"120\" height=\"90\" style=\"max-width:120px;max-height:90px\" src=\"https:\/\/www.eel-fotografie.de\/wp2\/wp-content\/gallery\/post_08_12_2014_sge_werder_bremen\/cache\/DSC_9166.jpg-nggid041616-ngg0dyn-120x90x100-00f0w010c011r110f110r010t010.jpg\" srcset=\"https:\/\/www.eel-fotografie.de\/wp2\/wp-content\/gallery\/post_08_12_2014_sge_werder_bremen\/cache\/DSC_9166.jpg-nggid041616-ngg0dyn-120x90x100-00f0w010c011r110f110r010t010.jpg\" onerror=\"nggRetryFailedImage(this);\"\/><\/picture>                <noscript><img src=\"https:\/\/www.eel-fotografie.de\/wp2\/wp-content\/gallery\/post_08_12_2014_sge_werder_bremen\/cache\/DSC_9166.jpg-nggid041616-ngg0dyn-120x90x100-00f0w010c011r110f110r010t010.jpg\"\n                         title=\"DSC_9166 | \u00a9 eel-fotografie\"\n                         alt=\"DSC_9166 | \u00a9 eel-fotografie\"\n                         width=\"120\"\n                         height=\"90\"\n                         style=\"max-width:100%; height: auto;\"\/><\/noscript><\/a><\/div><div id=\"ngg-image-18\" class=\"image-wrapper\"><a href=\"https:\/\/www.eel-fotografie.de\/wp2\/wp-content\/gallery\/post_08_12_2014_sge_werder_bremen\/DSC_9204.jpg\"\n               title=\"&lt;font&gt;\u00a9 eel-fotografie&lt;\/font&gt;\"\n               data-src=\"https:\/\/www.eel-fotografie.de\/wp2\/wp-content\/gallery\/post_08_12_2014_sge_werder_bremen\/DSC_9204.jpg\"\n               data-thumbnail=\"https:\/\/www.eel-fotografie.de\/wp2\/wp-content\/gallery\/post_08_12_2014_sge_werder_bremen\/thumbs\/thumbs_DSC_9204.jpg\"\n               data-image-id=\"1617\"\n               data-title=\"DSC_9204 | \u00a9 eel-fotografie\"\n               data-description=\"&lt;font&gt;\u00a9 eel-fotografie&lt;\/font&gt;\"\n               class=\"shutterset_0da40b0b0466d7a400fea4af11b88df9\" data-ngg-protect=\"1\"><picture><source srcset='https:\/\/www.eel-fotografie.de\/wp2\/wp-content\/gallery\/post_08_12_2014_sge_werder_bremen\/cache\/DSC_9204.jpg-nggid041617-ngg0dyn-120x90x100-00f0w010c011r110f110r010t010.jpg' media=''><img title=\"DSC_9204 | \u00a9 eel-fotografie\" alt=\"DSC_9204 | \u00a9 eel-fotografie\" width=\"120\" height=\"90\" style=\"max-width:120px;max-height:90px\" src=\"https:\/\/www.eel-fotografie.de\/wp2\/wp-content\/gallery\/post_08_12_2014_sge_werder_bremen\/cache\/DSC_9204.jpg-nggid041617-ngg0dyn-120x90x100-00f0w010c011r110f110r010t010.jpg\" srcset=\"https:\/\/www.eel-fotografie.de\/wp2\/wp-content\/gallery\/post_08_12_2014_sge_werder_bremen\/cache\/DSC_9204.jpg-nggid041617-ngg0dyn-120x90x100-00f0w010c011r110f110r010t010.jpg\" onerror=\"nggRetryFailedImage(this);\"\/><\/picture>                <noscript><img src=\"https:\/\/www.eel-fotografie.de\/wp2\/wp-content\/gallery\/post_08_12_2014_sge_werder_bremen\/cache\/DSC_9204.jpg-nggid041617-ngg0dyn-120x90x100-00f0w010c011r110f110r010t010.jpg\"\n                         title=\"DSC_9204 | \u00a9 eel-fotografie\"\n                         alt=\"DSC_9204 | \u00a9 eel-fotografie\"\n                         width=\"120\"\n                         height=\"90\"\n                         style=\"max-width:100%; height: auto;\"\/><\/noscript><\/a><\/div><div id=\"ngg-image-19\" class=\"image-wrapper\"><a href=\"https:\/\/www.eel-fotografie.de\/wp2\/wp-content\/gallery\/post_08_12_2014_sge_werder_bremen\/DSC_9240.jpg\"\n               title=\"&lt;font&gt;\u00a9 eel-fotografie&lt;\/font&gt;\"\n               data-src=\"https:\/\/www.eel-fotografie.de\/wp2\/wp-content\/gallery\/post_08_12_2014_sge_werder_bremen\/DSC_9240.jpg\"\n               data-thumbnail=\"https:\/\/www.eel-fotografie.de\/wp2\/wp-content\/gallery\/post_08_12_2014_sge_werder_bremen\/thumbs\/thumbs_DSC_9240.jpg\"\n               data-image-id=\"1619\"\n               data-title=\"DSC_9240 | \u00a9 eel-fotografie\"\n               data-description=\"&lt;font&gt;\u00a9 eel-fotografie&lt;\/font&gt;\"\n               class=\"shutterset_0da40b0b0466d7a400fea4af11b88df9\" data-ngg-protect=\"1\"><picture><source srcset='https:\/\/www.eel-fotografie.de\/wp2\/wp-content\/gallery\/post_08_12_2014_sge_werder_bremen\/cache\/DSC_9240.jpg-nggid041619-ngg0dyn-120x90x100-00f0w010c011r110f110r010t010.jpg' media=''><img title=\"DSC_9240 | \u00a9 eel-fotografie\" alt=\"DSC_9240 | \u00a9 eel-fotografie\" width=\"120\" height=\"90\" style=\"max-width:120px;max-height:90px\" src=\"https:\/\/www.eel-fotografie.de\/wp2\/wp-content\/gallery\/post_08_12_2014_sge_werder_bremen\/cache\/DSC_9240.jpg-nggid041619-ngg0dyn-120x90x100-00f0w010c011r110f110r010t010.jpg\" srcset=\"https:\/\/www.eel-fotografie.de\/wp2\/wp-content\/gallery\/post_08_12_2014_sge_werder_bremen\/cache\/DSC_9240.jpg-nggid041619-ngg0dyn-120x90x100-00f0w010c011r110f110r010t010.jpg\" onerror=\"nggRetryFailedImage(this);\"\/><\/picture>                <noscript><img src=\"https:\/\/www.eel-fotografie.de\/wp2\/wp-content\/gallery\/post_08_12_2014_sge_werder_bremen\/cache\/DSC_9240.jpg-nggid041619-ngg0dyn-120x90x100-00f0w010c011r110f110r010t010.jpg\"\n                         title=\"DSC_9240 | \u00a9 eel-fotografie\"\n                         alt=\"DSC_9240 | \u00a9 eel-fotografie\"\n                         width=\"120\"\n                         height=\"90\"\n                         style=\"max-width:100%; height: auto;\"\/><\/noscript><\/a><\/div><br style='clear: both'\/><div class='ngg-clear'><\/div><\/div>\n<\/p>\n<p style=\"text-align: justify;\">(20 Fotos)<\/p>\n","protected":false},"excerpt":{"rendered":"<p>In einer tor- und ereignisreichen Partie siegte Eintracht Frankfurt gegen Werder Bremen mit 5:2. Trotz der beiden Tore hatten die Bremer an diesem Abend keine Chance gegen eine starke Frankfurter Mannschaft. F\u00fcnf der sieben Tore vielen nach der Pause. Die Torsch\u00fctzen f\u00fcr Frankfurt: Alexander Meier (2x), Haris Seferovic, Stefan Aigner und Marc Stendera. F\u00fcr Bremen [&hellip;]<\/p>\n","protected":false},"author":1,"featured_media":9177,"comment_status":"closed","ping_status":"closed","sticky":false,"template":"","format":"standard","meta":{"_genesis_hide_title":false,"_genesis_hide_breadcrumbs":false,"_genesis_hide_singular_image":false,"_genesis_hide_footer_widgets":false,"_genesis_custom_body_class":"","_genesis_custom_post_class":"","_genesis_layout":"","ngg_post_thumbnail":0,"footnotes":""},"categories":[23,17],"tags":[35,101,36,6,7,19,10,22,133,16,11,98],"class_list":{"0":"post-5147","1":"post","2":"type-post","3":"status-publish","4":"format-standard","5":"has-post-thumbnail","7":"category-fussball","8":"category-sport","9":"tag-bundesliga","10":"tag-dfb","11":"tag-dfl","12":"tag-eberhard-krieger","13":"tag-eel-fotografie","14":"tag-eintracht-frankfurt","15":"tag-foto-krieger","16":"tag-fussball","17":"tag-sge","18":"tag-sport","19":"tag-sportfoto-krieger","20":"tag-sv-werder-bremen","21":"entry"},"yoast_head":"<!-- This site is optimized with the Yoast SEO plugin v26.5 - https:\/\/yoast.com\/wordpress\/plugins\/seo\/ -->\n<title>Eintracht Frankfurt - SV Werder Bremen 5:2 - eel-fotografie<\/title>\n<meta name=\"description\" content=\"Eintracht Frankfurt - SV Werder Bremen 5:2. (20 Fotos))\" \/>\n<meta name=\"robots\" content=\"index, follow, max-snippet:-1, max-image-preview:large, max-video-preview:-1\" \/>\n<link rel=\"canonical\" href=\"https:\/\/www.eel-fotografie.de\/wp2\/eintracht-frankfurt-sv-werder-bremen-52\/\" \/>\n<meta name=\"twitter:label1\" content=\"Verfasst von\" \/>\n\t<meta name=\"twitter:data1\" content=\"admin\" \/>\n<script type=\"application\/ld+json\" class=\"yoast-schema-graph\">{\"@context\":\"https:\/\/schema.org\",\"@graph\":[{\"@type\":\"Article\",\"@id\":\"https:\/\/www.eel-fotografie.de\/wp2\/eintracht-frankfurt-sv-werder-bremen-52\/#article\",\"isPartOf\":{\"@id\":\"https:\/\/www.eel-fotografie.de\/wp2\/eintracht-frankfurt-sv-werder-bremen-52\/\"},\"author\":{\"name\":\"admin\",\"@id\":\"http:\/\/www.eel-fotografie.de\/wp2\/#\/schema\/person\/48b675d7a081d02af2929c3629214db0\"},\"headline\":\"Eintracht Frankfurt &#8211; SV Werder Bremen 5:2\",\"datePublished\":\"2014-12-08T18:10:47+00:00\",\"dateModified\":\"2016-11-11T10:22:50+00:00\",\"mainEntityOfPage\":{\"@id\":\"https:\/\/www.eel-fotografie.de\/wp2\/eintracht-frankfurt-sv-werder-bremen-52\/\"},\"wordCount\":72,\"publisher\":{\"@id\":\"http:\/\/www.eel-fotografie.de\/wp2\/#organization\"},\"image\":{\"@id\":\"https:\/\/www.eel-fotografie.de\/wp2\/eintracht-frankfurt-sv-werder-bremen-52\/#primaryimage\"},\"thumbnailUrl\":\"https:\/\/www.eel-fotografie.de\/wp2\/wp-content\/uploads\/DSC_8897.jpg\",\"keywords\":[\"Bundesliga\",\"DFB\",\"DFL\",\"Eberhard Krieger\",\"eel fotografie\",\"Eintracht Frankfurt\",\"foto-krieger\",\"Fussball\",\"SGE\",\"Sport\",\"sportfoto-krieger\",\"SV Werder Bremen\"],\"articleSection\":[\"Fussball\",\"Sport\"],\"inLanguage\":\"de\"},{\"@type\":\"WebPage\",\"@id\":\"https:\/\/www.eel-fotografie.de\/wp2\/eintracht-frankfurt-sv-werder-bremen-52\/\",\"url\":\"https:\/\/www.eel-fotografie.de\/wp2\/eintracht-frankfurt-sv-werder-bremen-52\/\",\"name\":\"Eintracht Frankfurt - SV Werder Bremen 5:2 - eel-fotografie\",\"isPartOf\":{\"@id\":\"http:\/\/www.eel-fotografie.de\/wp2\/#website\"},\"primaryImageOfPage\":{\"@id\":\"https:\/\/www.eel-fotografie.de\/wp2\/eintracht-frankfurt-sv-werder-bremen-52\/#primaryimage\"},\"image\":{\"@id\":\"https:\/\/www.eel-fotografie.de\/wp2\/eintracht-frankfurt-sv-werder-bremen-52\/#primaryimage\"},\"thumbnailUrl\":\"https:\/\/www.eel-fotografie.de\/wp2\/wp-content\/uploads\/DSC_8897.jpg\",\"datePublished\":\"2014-12-08T18:10:47+00:00\",\"dateModified\":\"2016-11-11T10:22:50+00:00\",\"description\":\"Eintracht Frankfurt - SV Werder Bremen 5:2. (20 Fotos))\",\"breadcrumb\":{\"@id\":\"https:\/\/www.eel-fotografie.de\/wp2\/eintracht-frankfurt-sv-werder-bremen-52\/#breadcrumb\"},\"inLanguage\":\"de\",\"potentialAction\":[{\"@type\":\"ReadAction\",\"target\":[\"https:\/\/www.eel-fotografie.de\/wp2\/eintracht-frankfurt-sv-werder-bremen-52\/\"]}]},{\"@type\":\"ImageObject\",\"inLanguage\":\"de\",\"@id\":\"https:\/\/www.eel-fotografie.de\/wp2\/eintracht-frankfurt-sv-werder-bremen-52\/#primaryimage\",\"url\":\"https:\/\/www.eel-fotografie.de\/wp2\/wp-content\/uploads\/DSC_8897.jpg\",\"contentUrl\":\"https:\/\/www.eel-fotografie.de\/wp2\/wp-content\/uploads\/DSC_8897.jpg\",\"width\":1024,\"height\":681,\"caption\":\"eel-fotografie|fotografie - bildagentur\"},{\"@type\":\"BreadcrumbList\",\"@id\":\"https:\/\/www.eel-fotografie.de\/wp2\/eintracht-frankfurt-sv-werder-bremen-52\/#breadcrumb\",\"itemListElement\":[{\"@type\":\"ListItem\",\"position\":1,\"name\":\"Home\",\"item\":\"http:\/\/www.eel-fotografie.de\/wp2\/\"},{\"@type\":\"ListItem\",\"position\":2,\"name\":\"Eintracht Frankfurt &#8211; SV Werder Bremen 5:2\"}]},{\"@type\":\"WebSite\",\"@id\":\"http:\/\/www.eel-fotografie.de\/wp2\/#website\",\"url\":\"http:\/\/www.eel-fotografie.de\/wp2\/\",\"name\":\"eel-fotografie\",\"description\":\"fotografie - bildagentur\",\"publisher\":{\"@id\":\"http:\/\/www.eel-fotografie.de\/wp2\/#organization\"},\"potentialAction\":[{\"@type\":\"SearchAction\",\"target\":{\"@type\":\"EntryPoint\",\"urlTemplate\":\"http:\/\/www.eel-fotografie.de\/wp2\/?s={search_term_string}\"},\"query-input\":{\"@type\":\"PropertyValueSpecification\",\"valueRequired\":true,\"valueName\":\"search_term_string\"}}],\"inLanguage\":\"de\"},{\"@type\":\"Organization\",\"@id\":\"http:\/\/www.eel-fotografie.de\/wp2\/#organization\",\"name\":\"eel-fotografie | fotografie - bildagentur\",\"url\":\"http:\/\/www.eel-fotografie.de\/wp2\/\",\"logo\":{\"@type\":\"ImageObject\",\"inLanguage\":\"de\",\"@id\":\"http:\/\/www.eel-fotografie.de\/wp2\/#\/schema\/logo\/image\/\",\"url\":\"http:\/\/www.eel-fotografie.de\/wp2\/wp-content\/uploads\/eel-fotografie_logo_2_500x250.png\",\"contentUrl\":\"http:\/\/www.eel-fotografie.de\/wp2\/wp-content\/uploads\/eel-fotografie_logo_2_500x250.png\",\"width\":500,\"height\":254,\"caption\":\"eel-fotografie | fotografie - bildagentur\"},\"image\":{\"@id\":\"http:\/\/www.eel-fotografie.de\/wp2\/#\/schema\/logo\/image\/\"},\"sameAs\":[\"https:\/\/www.instagram.com\/eelfotografie\/\"]},{\"@type\":\"Person\",\"@id\":\"http:\/\/www.eel-fotografie.de\/wp2\/#\/schema\/person\/48b675d7a081d02af2929c3629214db0\",\"name\":\"admin\",\"image\":{\"@type\":\"ImageObject\",\"inLanguage\":\"de\",\"@id\":\"http:\/\/www.eel-fotografie.de\/wp2\/#\/schema\/person\/image\/\",\"url\":\"https:\/\/secure.gravatar.com\/avatar\/0238886d5b298e452983f5d971ee0c60774f53da880f3705d3087707fa31096c?s=96&d=mm&r=g\",\"contentUrl\":\"https:\/\/secure.gravatar.com\/avatar\/0238886d5b298e452983f5d971ee0c60774f53da880f3705d3087707fa31096c?s=96&d=mm&r=g\",\"caption\":\"admin\"},\"description\":\"Head of eel-fotografie | fotografie-bildagentur\",\"sameAs\":[\"http:\/\/www.eel-fotografie.de\"],\"url\":\"https:\/\/www.eel-fotografie.de\/wp2\/author\/admin\/\"}]}<\/script>\n<!-- \/ Yoast SEO plugin. -->","yoast_head_json":{"title":"Eintracht Frankfurt - SV Werder Bremen 5:2 - eel-fotografie","description":"Eintracht Frankfurt - SV Werder Bremen 5:2. (20 Fotos))","robots":{"index":"index","follow":"follow","max-snippet":"max-snippet:-1","max-image-preview":"max-image-preview:large","max-video-preview":"max-video-preview:-1"},"canonical":"https:\/\/www.eel-fotografie.de\/wp2\/eintracht-frankfurt-sv-werder-bremen-52\/","twitter_misc":{"Verfasst von":"admin"},"schema":{"@context":"https:\/\/schema.org","@graph":[{"@type":"Article","@id":"https:\/\/www.eel-fotografie.de\/wp2\/eintracht-frankfurt-sv-werder-bremen-52\/#article","isPartOf":{"@id":"https:\/\/www.eel-fotografie.de\/wp2\/eintracht-frankfurt-sv-werder-bremen-52\/"},"author":{"name":"admin","@id":"http:\/\/www.eel-fotografie.de\/wp2\/#\/schema\/person\/48b675d7a081d02af2929c3629214db0"},"headline":"Eintracht Frankfurt &#8211; SV Werder Bremen 5:2","datePublished":"2014-12-08T18:10:47+00:00","dateModified":"2016-11-11T10:22:50+00:00","mainEntityOfPage":{"@id":"https:\/\/www.eel-fotografie.de\/wp2\/eintracht-frankfurt-sv-werder-bremen-52\/"},"wordCount":72,"publisher":{"@id":"http:\/\/www.eel-fotografie.de\/wp2\/#organization"},"image":{"@id":"https:\/\/www.eel-fotografie.de\/wp2\/eintracht-frankfurt-sv-werder-bremen-52\/#primaryimage"},"thumbnailUrl":"https:\/\/www.eel-fotografie.de\/wp2\/wp-content\/uploads\/DSC_8897.jpg","keywords":["Bundesliga","DFB","DFL","Eberhard Krieger","eel fotografie","Eintracht Frankfurt","foto-krieger","Fussball","SGE","Sport","sportfoto-krieger","SV Werder Bremen"],"articleSection":["Fussball","Sport"],"inLanguage":"de"},{"@type":"WebPage","@id":"https:\/\/www.eel-fotografie.de\/wp2\/eintracht-frankfurt-sv-werder-bremen-52\/","url":"https:\/\/www.eel-fotografie.de\/wp2\/eintracht-frankfurt-sv-werder-bremen-52\/","name":"Eintracht Frankfurt - SV Werder Bremen 5:2 - eel-fotografie","isPartOf":{"@id":"http:\/\/www.eel-fotografie.de\/wp2\/#website"},"primaryImageOfPage":{"@id":"https:\/\/www.eel-fotografie.de\/wp2\/eintracht-frankfurt-sv-werder-bremen-52\/#primaryimage"},"image":{"@id":"https:\/\/www.eel-fotografie.de\/wp2\/eintracht-frankfurt-sv-werder-bremen-52\/#primaryimage"},"thumbnailUrl":"https:\/\/www.eel-fotografie.de\/wp2\/wp-content\/uploads\/DSC_8897.jpg","datePublished":"2014-12-08T18:10:47+00:00","dateModified":"2016-11-11T10:22:50+00:00","description":"Eintracht Frankfurt - SV Werder Bremen 5:2. (20 Fotos))","breadcrumb":{"@id":"https:\/\/www.eel-fotografie.de\/wp2\/eintracht-frankfurt-sv-werder-bremen-52\/#breadcrumb"},"inLanguage":"de","potentialAction":[{"@type":"ReadAction","target":["https:\/\/www.eel-fotografie.de\/wp2\/eintracht-frankfurt-sv-werder-bremen-52\/"]}]},{"@type":"ImageObject","inLanguage":"de","@id":"https:\/\/www.eel-fotografie.de\/wp2\/eintracht-frankfurt-sv-werder-bremen-52\/#primaryimage","url":"https:\/\/www.eel-fotografie.de\/wp2\/wp-content\/uploads\/DSC_8897.jpg","contentUrl":"https:\/\/www.eel-fotografie.de\/wp2\/wp-content\/uploads\/DSC_8897.jpg","width":1024,"height":681,"caption":"eel-fotografie|fotografie - bildagentur"},{"@type":"BreadcrumbList","@id":"https:\/\/www.eel-fotografie.de\/wp2\/eintracht-frankfurt-sv-werder-bremen-52\/#breadcrumb","itemListElement":[{"@type":"ListItem","position":1,"name":"Home","item":"http:\/\/www.eel-fotografie.de\/wp2\/"},{"@type":"ListItem","position":2,"name":"Eintracht Frankfurt &#8211; SV Werder Bremen 5:2"}]},{"@type":"WebSite","@id":"http:\/\/www.eel-fotografie.de\/wp2\/#website","url":"http:\/\/www.eel-fotografie.de\/wp2\/","name":"eel-fotografie","description":"fotografie - bildagentur","publisher":{"@id":"http:\/\/www.eel-fotografie.de\/wp2\/#organization"},"potentialAction":[{"@type":"SearchAction","target":{"@type":"EntryPoint","urlTemplate":"http:\/\/www.eel-fotografie.de\/wp2\/?s={search_term_string}"},"query-input":{"@type":"PropertyValueSpecification","valueRequired":true,"valueName":"search_term_string"}}],"inLanguage":"de"},{"@type":"Organization","@id":"http:\/\/www.eel-fotografie.de\/wp2\/#organization","name":"eel-fotografie | fotografie - bildagentur","url":"http:\/\/www.eel-fotografie.de\/wp2\/","logo":{"@type":"ImageObject","inLanguage":"de","@id":"http:\/\/www.eel-fotografie.de\/wp2\/#\/schema\/logo\/image\/","url":"http:\/\/www.eel-fotografie.de\/wp2\/wp-content\/uploads\/eel-fotografie_logo_2_500x250.png","contentUrl":"http:\/\/www.eel-fotografie.de\/wp2\/wp-content\/uploads\/eel-fotografie_logo_2_500x250.png","width":500,"height":254,"caption":"eel-fotografie | fotografie - bildagentur"},"image":{"@id":"http:\/\/www.eel-fotografie.de\/wp2\/#\/schema\/logo\/image\/"},"sameAs":["https:\/\/www.instagram.com\/eelfotografie\/"]},{"@type":"Person","@id":"http:\/\/www.eel-fotografie.de\/wp2\/#\/schema\/person\/48b675d7a081d02af2929c3629214db0","name":"admin","image":{"@type":"ImageObject","inLanguage":"de","@id":"http:\/\/www.eel-fotografie.de\/wp2\/#\/schema\/person\/image\/","url":"https:\/\/secure.gravatar.com\/avatar\/0238886d5b298e452983f5d971ee0c60774f53da880f3705d3087707fa31096c?s=96&d=mm&r=g","contentUrl":"https:\/\/secure.gravatar.com\/avatar\/0238886d5b298e452983f5d971ee0c60774f53da880f3705d3087707fa31096c?s=96&d=mm&r=g","caption":"admin"},"description":"Head of eel-fotografie | fotografie-bildagentur","sameAs":["http:\/\/www.eel-fotografie.de"],"url":"https:\/\/www.eel-fotografie.de\/wp2\/author\/admin\/"}]}},"_links":{"self":[{"href":"https:\/\/www.eel-fotografie.de\/wp2\/wp-json\/wp\/v2\/posts\/5147","targetHints":{"allow":["GET"]}}],"collection":[{"href":"https:\/\/www.eel-fotografie.de\/wp2\/wp-json\/wp\/v2\/posts"}],"about":[{"href":"https:\/\/www.eel-fotografie.de\/wp2\/wp-json\/wp\/v2\/types\/post"}],"author":[{"embeddable":true,"href":"https:\/\/www.eel-fotografie.de\/wp2\/wp-json\/wp\/v2\/users\/1"}],"replies":[{"embeddable":true,"href":"https:\/\/www.eel-fotografie.de\/wp2\/wp-json\/wp\/v2\/comments?post=5147"}],"version-history":[{"count":0,"href":"https:\/\/www.eel-fotografie.de\/wp2\/wp-json\/wp\/v2\/posts\/5147\/revisions"}],"wp:featuredmedia":[{"embeddable":true,"href":"https:\/\/www.eel-fotografie.de\/wp2\/wp-json\/wp\/v2\/media\/9177"}],"wp:attachment":[{"href":"https:\/\/www.eel-fotografie.de\/wp2\/wp-json\/wp\/v2\/media?parent=5147"}],"wp:term":[{"taxonomy":"category","embeddable":true,"href":"https:\/\/www.eel-fotografie.de\/wp2\/wp-json\/wp\/v2\/categories?post=5147"},{"taxonomy":"post_tag","embeddable":true,"href":"https:\/\/www.eel-fotografie.de\/wp2\/wp-json\/wp\/v2\/tags?post=5147"}],"curies":[{"name":"wp","href":"https:\/\/api.w.org\/{rel}","templated":true}]}}