{"id":5243,"date":"2014-12-25T13:56:49","date_gmt":"2014-12-25T12:56:49","guid":{"rendered":"http:\/\/www.eel-fotografie.de\/?p=5243"},"modified":"2016-11-11T11:20:42","modified_gmt":"2016-11-11T10:20:42","slug":"leipzig-weihnachten-2014","status":"publish","type":"post","link":"https:\/\/www.eel-fotografie.de\/wp2\/leipzig-weihnachten-2014\/","title":{"rendered":"Leipzig Weihnachten 2014"},"content":{"rendered":"<p style=\"text-align: justify;\">Leipzig ist sch\u00f6n&#8230;..und hat einen Weihnachtsmarkt! Ist es eigentlich noch m\u00f6glich die Weihnachtsm\u00e4rkte auseinander zu halten?<\/p>\n<p style=\"text-align: justify;\"><div class=\"nextgen_pro_thumbnail_grid\" id=\"displayed_gallery_7be539946038ea5101e6fa6647fe73c8\"><div id=\"ngg-image-0\" class=\"image-wrapper\"><a href=\"https:\/\/www.eel-fotografie.de\/wp2\/wp-content\/gallery\/post_25_12_2014_leipzig_weihnachten\/DSC_0110.jpg\"\n               title=\"&lt;font&gt;\u00a9 eel-fotografie&lt;\/font&gt;\"\n               data-src=\"https:\/\/www.eel-fotografie.de\/wp2\/wp-content\/gallery\/post_25_12_2014_leipzig_weihnachten\/DSC_0110.jpg\"\n               data-thumbnail=\"https:\/\/www.eel-fotografie.de\/wp2\/wp-content\/gallery\/post_25_12_2014_leipzig_weihnachten\/thumbs\/thumbs_DSC_0110.jpg\"\n               data-image-id=\"1645\"\n               data-title=\"DSC_0110 | \u00a9 eel-fotografie\"\n               data-description=\"&lt;font&gt;\u00a9 eel-fotografie&lt;\/font&gt;\"\n               class=\"shutterset_7be539946038ea5101e6fa6647fe73c8\" data-ngg-protect=\"1\"><picture><source srcset='https:\/\/www.eel-fotografie.de\/wp2\/wp-content\/gallery\/post_25_12_2014_leipzig_weihnachten\/cache\/DSC_0110.jpg-nggid041645-ngg0dyn-120x90x100-00f0w010c011r110f110r010t010.jpg' media=''><img title=\"DSC_0110 | \u00a9 eel-fotografie\" alt=\"DSC_0110 | \u00a9 eel-fotografie\" width=\"120\" height=\"90\" style=\"max-width:120px;max-height:90px\" src=\"https:\/\/www.eel-fotografie.de\/wp2\/wp-content\/gallery\/post_25_12_2014_leipzig_weihnachten\/cache\/DSC_0110.jpg-nggid041645-ngg0dyn-120x90x100-00f0w010c011r110f110r010t010.jpg\" srcset=\"https:\/\/www.eel-fotografie.de\/wp2\/wp-content\/gallery\/post_25_12_2014_leipzig_weihnachten\/cache\/DSC_0110.jpg-nggid041645-ngg0dyn-120x90x100-00f0w010c011r110f110r010t010.jpg\" onerror=\"nggRetryFailedImage(this);\"\/><\/picture>                <noscript><img src=\"https:\/\/www.eel-fotografie.de\/wp2\/wp-content\/gallery\/post_25_12_2014_leipzig_weihnachten\/cache\/DSC_0110.jpg-nggid041645-ngg0dyn-120x90x100-00f0w010c011r110f110r010t010.jpg\"\n                         title=\"DSC_0110 | \u00a9 eel-fotografie\"\n                         alt=\"DSC_0110 | \u00a9 eel-fotografie\"\n                         width=\"120\"\n                         height=\"90\"\n                         style=\"max-width:100%; height: auto;\"\/><\/noscript><\/a><\/div><div id=\"ngg-image-1\" class=\"image-wrapper\"><a href=\"https:\/\/www.eel-fotografie.de\/wp2\/wp-content\/gallery\/post_25_12_2014_leipzig_weihnachten\/DSC_0101.jpg\"\n               title=\"&lt;font&gt;\u00a9 eel-fotografie&lt;\/font&gt;\"\n               data-src=\"https:\/\/www.eel-fotografie.de\/wp2\/wp-content\/gallery\/post_25_12_2014_leipzig_weihnachten\/DSC_0101.jpg\"\n               data-thumbnail=\"https:\/\/www.eel-fotografie.de\/wp2\/wp-content\/gallery\/post_25_12_2014_leipzig_weihnachten\/thumbs\/thumbs_DSC_0101.jpg\"\n               data-image-id=\"1644\"\n               data-title=\"DSC_0101 | \u00a9 eel-fotografie\"\n               data-description=\"&lt;font&gt;\u00a9 eel-fotografie&lt;\/font&gt;\"\n               class=\"shutterset_7be539946038ea5101e6fa6647fe73c8\" data-ngg-protect=\"1\"><picture><source srcset='https:\/\/www.eel-fotografie.de\/wp2\/wp-content\/gallery\/post_25_12_2014_leipzig_weihnachten\/cache\/DSC_0101.jpg-nggid041644-ngg0dyn-120x90x100-00f0w010c011r110f110r010t010.jpg' media=''><img title=\"DSC_0101 | \u00a9 eel-fotografie\" alt=\"DSC_0101 | \u00a9 eel-fotografie\" width=\"120\" height=\"90\" style=\"max-width:120px;max-height:90px\" src=\"https:\/\/www.eel-fotografie.de\/wp2\/wp-content\/gallery\/post_25_12_2014_leipzig_weihnachten\/cache\/DSC_0101.jpg-nggid041644-ngg0dyn-120x90x100-00f0w010c011r110f110r010t010.jpg\" srcset=\"https:\/\/www.eel-fotografie.de\/wp2\/wp-content\/gallery\/post_25_12_2014_leipzig_weihnachten\/cache\/DSC_0101.jpg-nggid041644-ngg0dyn-120x90x100-00f0w010c011r110f110r010t010.jpg\" onerror=\"nggRetryFailedImage(this);\"\/><\/picture>                <noscript><img src=\"https:\/\/www.eel-fotografie.de\/wp2\/wp-content\/gallery\/post_25_12_2014_leipzig_weihnachten\/cache\/DSC_0101.jpg-nggid041644-ngg0dyn-120x90x100-00f0w010c011r110f110r010t010.jpg\"\n                         title=\"DSC_0101 | \u00a9 eel-fotografie\"\n                         alt=\"DSC_0101 | \u00a9 eel-fotografie\"\n                         width=\"120\"\n                         height=\"90\"\n                         style=\"max-width:100%; height: auto;\"\/><\/noscript><\/a><\/div><div id=\"ngg-image-2\" class=\"image-wrapper\"><a href=\"https:\/\/www.eel-fotografie.de\/wp2\/wp-content\/gallery\/post_25_12_2014_leipzig_weihnachten\/DSC_0141.jpg\"\n               title=\"&lt;font&gt;\u00a9 eel-fotografie&lt;\/font&gt;\"\n               data-src=\"https:\/\/www.eel-fotografie.de\/wp2\/wp-content\/gallery\/post_25_12_2014_leipzig_weihnachten\/DSC_0141.jpg\"\n               data-thumbnail=\"https:\/\/www.eel-fotografie.de\/wp2\/wp-content\/gallery\/post_25_12_2014_leipzig_weihnachten\/thumbs\/thumbs_DSC_0141.jpg\"\n               data-image-id=\"1646\"\n               data-title=\"DSC_0141 | \u00a9 eel-fotografie\"\n               data-description=\"&lt;font&gt;\u00a9 eel-fotografie&lt;\/font&gt;\"\n               class=\"shutterset_7be539946038ea5101e6fa6647fe73c8\" data-ngg-protect=\"1\"><picture><source srcset='https:\/\/www.eel-fotografie.de\/wp2\/wp-content\/gallery\/post_25_12_2014_leipzig_weihnachten\/cache\/DSC_0141.jpg-nggid041646-ngg0dyn-120x90x100-00f0w010c011r110f110r010t010.jpg' media=''><img title=\"DSC_0141 | \u00a9 eel-fotografie\" alt=\"DSC_0141 | \u00a9 eel-fotografie\" width=\"120\" height=\"90\" style=\"max-width:120px;max-height:90px\" src=\"https:\/\/www.eel-fotografie.de\/wp2\/wp-content\/gallery\/post_25_12_2014_leipzig_weihnachten\/cache\/DSC_0141.jpg-nggid041646-ngg0dyn-120x90x100-00f0w010c011r110f110r010t010.jpg\" srcset=\"https:\/\/www.eel-fotografie.de\/wp2\/wp-content\/gallery\/post_25_12_2014_leipzig_weihnachten\/cache\/DSC_0141.jpg-nggid041646-ngg0dyn-120x90x100-00f0w010c011r110f110r010t010.jpg\" onerror=\"nggRetryFailedImage(this);\"\/><\/picture>                <noscript><img src=\"https:\/\/www.eel-fotografie.de\/wp2\/wp-content\/gallery\/post_25_12_2014_leipzig_weihnachten\/cache\/DSC_0141.jpg-nggid041646-ngg0dyn-120x90x100-00f0w010c011r110f110r010t010.jpg\"\n                         title=\"DSC_0141 | \u00a9 eel-fotografie\"\n                         alt=\"DSC_0141 | \u00a9 eel-fotografie\"\n                         width=\"120\"\n                         height=\"90\"\n                         style=\"max-width:100%; height: auto;\"\/><\/noscript><\/a><\/div><div id=\"ngg-image-3\" class=\"image-wrapper\"><a href=\"https:\/\/www.eel-fotografie.de\/wp2\/wp-content\/gallery\/post_25_12_2014_leipzig_weihnachten\/DSC_0087.jpg\"\n               title=\"&lt;font&gt;\u00a9 eel-fotografie&lt;\/font&gt;\"\n               data-src=\"https:\/\/www.eel-fotografie.de\/wp2\/wp-content\/gallery\/post_25_12_2014_leipzig_weihnachten\/DSC_0087.jpg\"\n               data-thumbnail=\"https:\/\/www.eel-fotografie.de\/wp2\/wp-content\/gallery\/post_25_12_2014_leipzig_weihnachten\/thumbs\/thumbs_DSC_0087.jpg\"\n               data-image-id=\"1643\"\n               data-title=\"DSC_0087 | \u00a9 eel-fotografie\"\n               data-description=\"&lt;font&gt;\u00a9 eel-fotografie&lt;\/font&gt;\"\n               class=\"shutterset_7be539946038ea5101e6fa6647fe73c8\" data-ngg-protect=\"1\"><picture><source srcset='https:\/\/www.eel-fotografie.de\/wp2\/wp-content\/gallery\/post_25_12_2014_leipzig_weihnachten\/cache\/DSC_0087.jpg-nggid041643-ngg0dyn-120x90x100-00f0w010c011r110f110r010t010.jpg' media=''><img title=\"DSC_0087 | \u00a9 eel-fotografie\" alt=\"DSC_0087 | \u00a9 eel-fotografie\" width=\"120\" height=\"90\" style=\"max-width:120px;max-height:90px\" src=\"https:\/\/www.eel-fotografie.de\/wp2\/wp-content\/gallery\/post_25_12_2014_leipzig_weihnachten\/cache\/DSC_0087.jpg-nggid041643-ngg0dyn-120x90x100-00f0w010c011r110f110r010t010.jpg\" srcset=\"https:\/\/www.eel-fotografie.de\/wp2\/wp-content\/gallery\/post_25_12_2014_leipzig_weihnachten\/cache\/DSC_0087.jpg-nggid041643-ngg0dyn-120x90x100-00f0w010c011r110f110r010t010.jpg\" onerror=\"nggRetryFailedImage(this);\"\/><\/picture>                <noscript><img src=\"https:\/\/www.eel-fotografie.de\/wp2\/wp-content\/gallery\/post_25_12_2014_leipzig_weihnachten\/cache\/DSC_0087.jpg-nggid041643-ngg0dyn-120x90x100-00f0w010c011r110f110r010t010.jpg\"\n                         title=\"DSC_0087 | \u00a9 eel-fotografie\"\n                         alt=\"DSC_0087 | \u00a9 eel-fotografie\"\n                         width=\"120\"\n                         height=\"90\"\n                         style=\"max-width:100%; height: auto;\"\/><\/noscript><\/a><\/div><br style='clear: both'\/><div class='ngg-clear'><\/div><\/div>\n<\/p>\n<p style=\"text-align: justify;\">(4 Fotos)<\/p>\n","protected":false},"excerpt":{"rendered":"<p>Leipzig ist sch\u00f6n&#8230;..und hat einen Weihnachtsmarkt! Ist es eigentlich noch m\u00f6glich die Weihnachtsm\u00e4rkte auseinander zu halten? (4 Fotos)<\/p>\n","protected":false},"author":1,"featured_media":9106,"comment_status":"closed","ping_status":"closed","sticky":false,"template":"","format":"standard","meta":{"_genesis_hide_title":false,"_genesis_hide_breadcrumbs":false,"_genesis_hide_singular_image":false,"_genesis_hide_footer_widgets":false,"_genesis_custom_body_class":"","_genesis_custom_post_class":"","_genesis_layout":"","ngg_post_thumbnail":0,"footnotes":""},"categories":[1],"tags":[168,6,7,10,169,170,171],"class_list":{"0":"post-5243","1":"post","2":"type-post","3":"status-publish","4":"format-standard","5":"has-post-thumbnail","7":"category-allgemein","8":"tag-bahnhof-leipzig","9":"tag-eberhard-krieger","10":"tag-eel-fotografie","11":"tag-foto-krieger","12":"tag-leipzig","13":"tag-weihnachten","14":"tag-weihnachtsmarkt","15":"entry"},"yoast_head":"<!-- This site is optimized with the Yoast SEO plugin v26.5 - https:\/\/yoast.com\/wordpress\/plugins\/seo\/ -->\n<title>Leipzig Weihnachten 2014 - eel-fotografie<\/title>\n<meta name=\"description\" content=\"Leipzig Weihnachten 2014.\" \/>\n<meta name=\"robots\" content=\"index, follow, max-snippet:-1, max-image-preview:large, max-video-preview:-1\" \/>\n<link rel=\"canonical\" href=\"http:\/\/www.eel-fotografie.de\/wp2\/leipzig-weihnachten-2014\/\" \/>\n<meta name=\"twitter:label1\" content=\"Verfasst von\" \/>\n\t<meta name=\"twitter:data1\" content=\"admin\" \/>\n<script type=\"application\/ld+json\" class=\"yoast-schema-graph\">{\"@context\":\"https:\/\/schema.org\",\"@graph\":[{\"@type\":\"Article\",\"@id\":\"http:\/\/www.eel-fotografie.de\/wp2\/leipzig-weihnachten-2014\/#article\",\"isPartOf\":{\"@id\":\"http:\/\/www.eel-fotografie.de\/wp2\/leipzig-weihnachten-2014\/\"},\"author\":{\"name\":\"admin\",\"@id\":\"https:\/\/www.eel-fotografie.de\/wp2\/#\/schema\/person\/48b675d7a081d02af2929c3629214db0\"},\"headline\":\"Leipzig Weihnachten 2014\",\"datePublished\":\"2014-12-25T12:56:49+00:00\",\"dateModified\":\"2016-11-11T10:20:42+00:00\",\"mainEntityOfPage\":{\"@id\":\"http:\/\/www.eel-fotografie.de\/wp2\/leipzig-weihnachten-2014\/\"},\"wordCount\":23,\"publisher\":{\"@id\":\"https:\/\/www.eel-fotografie.de\/wp2\/#organization\"},\"image\":{\"@id\":\"http:\/\/www.eel-fotografie.de\/wp2\/leipzig-weihnachten-2014\/#primaryimage\"},\"thumbnailUrl\":\"https:\/\/www.eel-fotografie.de\/wp2\/wp-content\/uploads\/DSC_0087.jpg\",\"keywords\":[\"Bahnhof Leipzig\",\"Eberhard Krieger\",\"eel fotografie\",\"foto-krieger\",\"Leipzig\",\"Weihnachten\",\"Weihnachtsmarkt\"],\"inLanguage\":\"de\"},{\"@type\":\"WebPage\",\"@id\":\"http:\/\/www.eel-fotografie.de\/wp2\/leipzig-weihnachten-2014\/\",\"url\":\"http:\/\/www.eel-fotografie.de\/wp2\/leipzig-weihnachten-2014\/\",\"name\":\"Leipzig Weihnachten 2014 - eel-fotografie\",\"isPartOf\":{\"@id\":\"https:\/\/www.eel-fotografie.de\/wp2\/#website\"},\"primaryImageOfPage\":{\"@id\":\"http:\/\/www.eel-fotografie.de\/wp2\/leipzig-weihnachten-2014\/#primaryimage\"},\"image\":{\"@id\":\"http:\/\/www.eel-fotografie.de\/wp2\/leipzig-weihnachten-2014\/#primaryimage\"},\"thumbnailUrl\":\"https:\/\/www.eel-fotografie.de\/wp2\/wp-content\/uploads\/DSC_0087.jpg\",\"datePublished\":\"2014-12-25T12:56:49+00:00\",\"dateModified\":\"2016-11-11T10:20:42+00:00\",\"description\":\"Leipzig Weihnachten 2014.\",\"breadcrumb\":{\"@id\":\"http:\/\/www.eel-fotografie.de\/wp2\/leipzig-weihnachten-2014\/#breadcrumb\"},\"inLanguage\":\"de\",\"potentialAction\":[{\"@type\":\"ReadAction\",\"target\":[\"http:\/\/www.eel-fotografie.de\/wp2\/leipzig-weihnachten-2014\/\"]}]},{\"@type\":\"ImageObject\",\"inLanguage\":\"de\",\"@id\":\"http:\/\/www.eel-fotografie.de\/wp2\/leipzig-weihnachten-2014\/#primaryimage\",\"url\":\"https:\/\/www.eel-fotografie.de\/wp2\/wp-content\/uploads\/DSC_0087.jpg\",\"contentUrl\":\"https:\/\/www.eel-fotografie.de\/wp2\/wp-content\/uploads\/DSC_0087.jpg\",\"width\":1024,\"height\":682,\"caption\":\"eel-fotografie|fotografie - bildagentur\"},{\"@type\":\"BreadcrumbList\",\"@id\":\"http:\/\/www.eel-fotografie.de\/wp2\/leipzig-weihnachten-2014\/#breadcrumb\",\"itemListElement\":[{\"@type\":\"ListItem\",\"position\":1,\"name\":\"Home\",\"item\":\"https:\/\/www.eel-fotografie.de\/wp2\/\"},{\"@type\":\"ListItem\",\"position\":2,\"name\":\"Leipzig Weihnachten 2014\"}]},{\"@type\":\"WebSite\",\"@id\":\"https:\/\/www.eel-fotografie.de\/wp2\/#website\",\"url\":\"https:\/\/www.eel-fotografie.de\/wp2\/\",\"name\":\"eel-fotografie\",\"description\":\"fotografie - bildagentur\",\"publisher\":{\"@id\":\"https:\/\/www.eel-fotografie.de\/wp2\/#organization\"},\"potentialAction\":[{\"@type\":\"SearchAction\",\"target\":{\"@type\":\"EntryPoint\",\"urlTemplate\":\"https:\/\/www.eel-fotografie.de\/wp2\/?s={search_term_string}\"},\"query-input\":{\"@type\":\"PropertyValueSpecification\",\"valueRequired\":true,\"valueName\":\"search_term_string\"}}],\"inLanguage\":\"de\"},{\"@type\":\"Organization\",\"@id\":\"https:\/\/www.eel-fotografie.de\/wp2\/#organization\",\"name\":\"eel-fotografie | fotografie - bildagentur\",\"url\":\"https:\/\/www.eel-fotografie.de\/wp2\/\",\"logo\":{\"@type\":\"ImageObject\",\"inLanguage\":\"de\",\"@id\":\"https:\/\/www.eel-fotografie.de\/wp2\/#\/schema\/logo\/image\/\",\"url\":\"http:\/\/www.eel-fotografie.de\/wp2\/wp-content\/uploads\/eel-fotografie_logo_2_500x250.png\",\"contentUrl\":\"http:\/\/www.eel-fotografie.de\/wp2\/wp-content\/uploads\/eel-fotografie_logo_2_500x250.png\",\"width\":500,\"height\":254,\"caption\":\"eel-fotografie | fotografie - bildagentur\"},\"image\":{\"@id\":\"https:\/\/www.eel-fotografie.de\/wp2\/#\/schema\/logo\/image\/\"},\"sameAs\":[\"https:\/\/www.instagram.com\/eelfotografie\/\"]},{\"@type\":\"Person\",\"@id\":\"https:\/\/www.eel-fotografie.de\/wp2\/#\/schema\/person\/48b675d7a081d02af2929c3629214db0\",\"name\":\"admin\",\"image\":{\"@type\":\"ImageObject\",\"inLanguage\":\"de\",\"@id\":\"https:\/\/www.eel-fotografie.de\/wp2\/#\/schema\/person\/image\/\",\"url\":\"https:\/\/secure.gravatar.com\/avatar\/0238886d5b298e452983f5d971ee0c60774f53da880f3705d3087707fa31096c?s=96&d=mm&r=g\",\"contentUrl\":\"https:\/\/secure.gravatar.com\/avatar\/0238886d5b298e452983f5d971ee0c60774f53da880f3705d3087707fa31096c?s=96&d=mm&r=g\",\"caption\":\"admin\"},\"description\":\"Head of eel-fotografie | fotografie-bildagentur\",\"sameAs\":[\"http:\/\/www.eel-fotografie.de\"],\"url\":\"https:\/\/www.eel-fotografie.de\/wp2\/author\/admin\/\"}]}<\/script>\n<!-- \/ Yoast SEO plugin. -->","yoast_head_json":{"title":"Leipzig Weihnachten 2014 - eel-fotografie","description":"Leipzig Weihnachten 2014.","robots":{"index":"index","follow":"follow","max-snippet":"max-snippet:-1","max-image-preview":"max-image-preview:large","max-video-preview":"max-video-preview:-1"},"canonical":"http:\/\/www.eel-fotografie.de\/wp2\/leipzig-weihnachten-2014\/","twitter_misc":{"Verfasst von":"admin"},"schema":{"@context":"https:\/\/schema.org","@graph":[{"@type":"Article","@id":"http:\/\/www.eel-fotografie.de\/wp2\/leipzig-weihnachten-2014\/#article","isPartOf":{"@id":"http:\/\/www.eel-fotografie.de\/wp2\/leipzig-weihnachten-2014\/"},"author":{"name":"admin","@id":"https:\/\/www.eel-fotografie.de\/wp2\/#\/schema\/person\/48b675d7a081d02af2929c3629214db0"},"headline":"Leipzig Weihnachten 2014","datePublished":"2014-12-25T12:56:49+00:00","dateModified":"2016-11-11T10:20:42+00:00","mainEntityOfPage":{"@id":"http:\/\/www.eel-fotografie.de\/wp2\/leipzig-weihnachten-2014\/"},"wordCount":23,"publisher":{"@id":"https:\/\/www.eel-fotografie.de\/wp2\/#organization"},"image":{"@id":"http:\/\/www.eel-fotografie.de\/wp2\/leipzig-weihnachten-2014\/#primaryimage"},"thumbnailUrl":"https:\/\/www.eel-fotografie.de\/wp2\/wp-content\/uploads\/DSC_0087.jpg","keywords":["Bahnhof Leipzig","Eberhard Krieger","eel fotografie","foto-krieger","Leipzig","Weihnachten","Weihnachtsmarkt"],"inLanguage":"de"},{"@type":"WebPage","@id":"http:\/\/www.eel-fotografie.de\/wp2\/leipzig-weihnachten-2014\/","url":"http:\/\/www.eel-fotografie.de\/wp2\/leipzig-weihnachten-2014\/","name":"Leipzig Weihnachten 2014 - eel-fotografie","isPartOf":{"@id":"https:\/\/www.eel-fotografie.de\/wp2\/#website"},"primaryImageOfPage":{"@id":"http:\/\/www.eel-fotografie.de\/wp2\/leipzig-weihnachten-2014\/#primaryimage"},"image":{"@id":"http:\/\/www.eel-fotografie.de\/wp2\/leipzig-weihnachten-2014\/#primaryimage"},"thumbnailUrl":"https:\/\/www.eel-fotografie.de\/wp2\/wp-content\/uploads\/DSC_0087.jpg","datePublished":"2014-12-25T12:56:49+00:00","dateModified":"2016-11-11T10:20:42+00:00","description":"Leipzig Weihnachten 2014.","breadcrumb":{"@id":"http:\/\/www.eel-fotografie.de\/wp2\/leipzig-weihnachten-2014\/#breadcrumb"},"inLanguage":"de","potentialAction":[{"@type":"ReadAction","target":["http:\/\/www.eel-fotografie.de\/wp2\/leipzig-weihnachten-2014\/"]}]},{"@type":"ImageObject","inLanguage":"de","@id":"http:\/\/www.eel-fotografie.de\/wp2\/leipzig-weihnachten-2014\/#primaryimage","url":"https:\/\/www.eel-fotografie.de\/wp2\/wp-content\/uploads\/DSC_0087.jpg","contentUrl":"https:\/\/www.eel-fotografie.de\/wp2\/wp-content\/uploads\/DSC_0087.jpg","width":1024,"height":682,"caption":"eel-fotografie|fotografie - bildagentur"},{"@type":"BreadcrumbList","@id":"http:\/\/www.eel-fotografie.de\/wp2\/leipzig-weihnachten-2014\/#breadcrumb","itemListElement":[{"@type":"ListItem","position":1,"name":"Home","item":"https:\/\/www.eel-fotografie.de\/wp2\/"},{"@type":"ListItem","position":2,"name":"Leipzig Weihnachten 2014"}]},{"@type":"WebSite","@id":"https:\/\/www.eel-fotografie.de\/wp2\/#website","url":"https:\/\/www.eel-fotografie.de\/wp2\/","name":"eel-fotografie","description":"fotografie - bildagentur","publisher":{"@id":"https:\/\/www.eel-fotografie.de\/wp2\/#organization"},"potentialAction":[{"@type":"SearchAction","target":{"@type":"EntryPoint","urlTemplate":"https:\/\/www.eel-fotografie.de\/wp2\/?s={search_term_string}"},"query-input":{"@type":"PropertyValueSpecification","valueRequired":true,"valueName":"search_term_string"}}],"inLanguage":"de"},{"@type":"Organization","@id":"https:\/\/www.eel-fotografie.de\/wp2\/#organization","name":"eel-fotografie | fotografie - bildagentur","url":"https:\/\/www.eel-fotografie.de\/wp2\/","logo":{"@type":"ImageObject","inLanguage":"de","@id":"https:\/\/www.eel-fotografie.de\/wp2\/#\/schema\/logo\/image\/","url":"http:\/\/www.eel-fotografie.de\/wp2\/wp-content\/uploads\/eel-fotografie_logo_2_500x250.png","contentUrl":"http:\/\/www.eel-fotografie.de\/wp2\/wp-content\/uploads\/eel-fotografie_logo_2_500x250.png","width":500,"height":254,"caption":"eel-fotografie | fotografie - bildagentur"},"image":{"@id":"https:\/\/www.eel-fotografie.de\/wp2\/#\/schema\/logo\/image\/"},"sameAs":["https:\/\/www.instagram.com\/eelfotografie\/"]},{"@type":"Person","@id":"https:\/\/www.eel-fotografie.de\/wp2\/#\/schema\/person\/48b675d7a081d02af2929c3629214db0","name":"admin","image":{"@type":"ImageObject","inLanguage":"de","@id":"https:\/\/www.eel-fotografie.de\/wp2\/#\/schema\/person\/image\/","url":"https:\/\/secure.gravatar.com\/avatar\/0238886d5b298e452983f5d971ee0c60774f53da880f3705d3087707fa31096c?s=96&d=mm&r=g","contentUrl":"https:\/\/secure.gravatar.com\/avatar\/0238886d5b298e452983f5d971ee0c60774f53da880f3705d3087707fa31096c?s=96&d=mm&r=g","caption":"admin"},"description":"Head of eel-fotografie | fotografie-bildagentur","sameAs":["http:\/\/www.eel-fotografie.de"],"url":"https:\/\/www.eel-fotografie.de\/wp2\/author\/admin\/"}]}},"_links":{"self":[{"href":"https:\/\/www.eel-fotografie.de\/wp2\/wp-json\/wp\/v2\/posts\/5243","targetHints":{"allow":["GET"]}}],"collection":[{"href":"https:\/\/www.eel-fotografie.de\/wp2\/wp-json\/wp\/v2\/posts"}],"about":[{"href":"https:\/\/www.eel-fotografie.de\/wp2\/wp-json\/wp\/v2\/types\/post"}],"author":[{"embeddable":true,"href":"https:\/\/www.eel-fotografie.de\/wp2\/wp-json\/wp\/v2\/users\/1"}],"replies":[{"embeddable":true,"href":"https:\/\/www.eel-fotografie.de\/wp2\/wp-json\/wp\/v2\/comments?post=5243"}],"version-history":[{"count":0,"href":"https:\/\/www.eel-fotografie.de\/wp2\/wp-json\/wp\/v2\/posts\/5243\/revisions"}],"wp:featuredmedia":[{"embeddable":true,"href":"https:\/\/www.eel-fotografie.de\/wp2\/wp-json\/wp\/v2\/media\/9106"}],"wp:attachment":[{"href":"https:\/\/www.eel-fotografie.de\/wp2\/wp-json\/wp\/v2\/media?parent=5243"}],"wp:term":[{"taxonomy":"category","embeddable":true,"href":"https:\/\/www.eel-fotografie.de\/wp2\/wp-json\/wp\/v2\/categories?post=5243"},{"taxonomy":"post_tag","embeddable":true,"href":"https:\/\/www.eel-fotografie.de\/wp2\/wp-json\/wp\/v2\/tags?post=5243"}],"curies":[{"name":"wp","href":"https:\/\/api.w.org\/{rel}","templated":true}]}}