{"id":6172,"date":"2015-05-26T18:32:53","date_gmt":"2015-05-26T16:32:53","guid":{"rendered":"http:\/\/www.eel-fotografie.de\/?p=6172"},"modified":"2016-11-11T10:57:33","modified_gmt":"2016-11-11T09:57:33","slug":"torschuetzenkoenig-alexander-meier","status":"publish","type":"post","link":"https:\/\/www.eel-fotografie.de\/wp2\/torschuetzenkoenig-alexander-meier\/","title":{"rendered":"Torsch\u00fctzenk\u00f6nig Alexander Meier"},"content":{"rendered":"<p style=\"text-align: justify;\">Torsch\u00fctzenk\u00f6nig Alexander Meier. Man mag es kaum glauben: der diesj\u00e4hrige Torsch\u00fctzenk\u00f6nig der Fu\u00dfballbundesliga hei\u00dft Alex Meier und spielt bei Eintracht Frankfurt. Um so \u00fcberraschender, ist doch Eintracht Frankfurt weder im oberen Tabellenbereich zu finden, noch sonderlich bekannt daf\u00fcr, Bayern M\u00fcnchens Torj\u00e4gern eine solche Krone zu stibitzen. Um so h\u00f6her ist diese Leistung einzuordnen. Gratuliere, Herr Meier!<\/p>\n<p><div class=\"nextgen_pro_thumbnail_grid\" id=\"displayed_gallery_b2da82345918ef162d693d2abda5f99f\"><div id=\"ngg-image-0\" class=\"image-wrapper\"><a href=\"https:\/\/www.eel-fotografie.de\/wp2\/wp-content\/gallery\/post_26_05_2015_torjaeger_alex_meier\/Torschuetzenkoenig_2014_2015_Fussballbundesliga_001.jpg\"\n               title=\"&lt;font&gt;\u00a9 eel-fotografie&lt;\/font&gt;\"\n               data-src=\"https:\/\/www.eel-fotografie.de\/wp2\/wp-content\/gallery\/post_26_05_2015_torjaeger_alex_meier\/Torschuetzenkoenig_2014_2015_Fussballbundesliga_001.jpg\"\n               data-thumbnail=\"https:\/\/www.eel-fotografie.de\/wp2\/wp-content\/gallery\/post_26_05_2015_torjaeger_alex_meier\/thumbs\/thumbs_Torschuetzenkoenig_2014_2015_Fussballbundesliga_001.jpg\"\n               data-image-id=\"1983\"\n               data-title=\"Torschuetzenkoenig_2014_2015_Fussballbundesliga_001 | \u00a9 eel-fotografie\"\n               data-description=\"&lt;font&gt;\u00a9 eel-fotografie&lt;\/font&gt;\"\n               class=\"shutterset_b2da82345918ef162d693d2abda5f99f\" data-ngg-protect=\"1\"><picture><source srcset='https:\/\/www.eel-fotografie.de\/wp2\/wp-content\/gallery\/post_26_05_2015_torjaeger_alex_meier\/cache\/Torschuetzenkoenig_2014_2015_Fussballbundesliga_001.jpg-nggid041983-ngg0dyn-120x90x100-00f0w010c011r110f110r010t010.jpg' media=''><img title=\"Torschuetzenkoenig_2014_2015_Fussballbundesliga_001 | \u00a9 eel-fotografie\" alt=\"Torschuetzenkoenig_2014_2015_Fussballbundesliga_001 | \u00a9 eel-fotografie\" width=\"120\" height=\"90\" style=\"max-width:120px;max-height:90px\" src=\"https:\/\/www.eel-fotografie.de\/wp2\/wp-content\/gallery\/post_26_05_2015_torjaeger_alex_meier\/cache\/Torschuetzenkoenig_2014_2015_Fussballbundesliga_001.jpg-nggid041983-ngg0dyn-120x90x100-00f0w010c011r110f110r010t010.jpg\" srcset=\"https:\/\/www.eel-fotografie.de\/wp2\/wp-content\/gallery\/post_26_05_2015_torjaeger_alex_meier\/cache\/Torschuetzenkoenig_2014_2015_Fussballbundesliga_001.jpg-nggid041983-ngg0dyn-120x90x100-00f0w010c011r110f110r010t010.jpg\" onerror=\"nggRetryFailedImage(this);\"\/><\/picture>                <noscript><img src=\"https:\/\/www.eel-fotografie.de\/wp2\/wp-content\/gallery\/post_26_05_2015_torjaeger_alex_meier\/cache\/Torschuetzenkoenig_2014_2015_Fussballbundesliga_001.jpg-nggid041983-ngg0dyn-120x90x100-00f0w010c011r110f110r010t010.jpg\"\n                         title=\"Torschuetzenkoenig_2014_2015_Fussballbundesliga_001 | \u00a9 eel-fotografie\"\n                         alt=\"Torschuetzenkoenig_2014_2015_Fussballbundesliga_001 | \u00a9 eel-fotografie\"\n                         width=\"120\"\n                         height=\"90\"\n                         style=\"max-width:100%; height: auto;\"\/><\/noscript><\/a><\/div><div id=\"ngg-image-1\" class=\"image-wrapper\"><a href=\"https:\/\/www.eel-fotografie.de\/wp2\/wp-content\/gallery\/post_26_05_2015_torjaeger_alex_meier\/Torschuetzenkoenig_2014_2015_Fussballbundesliga_005.jpg\"\n               title=\"&lt;font&gt;\u00a9 eel-fotografie&lt;\/font&gt;\"\n               data-src=\"https:\/\/www.eel-fotografie.de\/wp2\/wp-content\/gallery\/post_26_05_2015_torjaeger_alex_meier\/Torschuetzenkoenig_2014_2015_Fussballbundesliga_005.jpg\"\n               data-thumbnail=\"https:\/\/www.eel-fotografie.de\/wp2\/wp-content\/gallery\/post_26_05_2015_torjaeger_alex_meier\/thumbs\/thumbs_Torschuetzenkoenig_2014_2015_Fussballbundesliga_005.jpg\"\n               data-image-id=\"1984\"\n               data-title=\"Torschuetzenkoenig_2014_2015_Fussballbundesliga_005 | \u00a9 eel-fotografie\"\n               data-description=\"&lt;font&gt;\u00a9 eel-fotografie&lt;\/font&gt;\"\n               class=\"shutterset_b2da82345918ef162d693d2abda5f99f\" data-ngg-protect=\"1\"><picture><source srcset='https:\/\/www.eel-fotografie.de\/wp2\/wp-content\/gallery\/post_26_05_2015_torjaeger_alex_meier\/cache\/Torschuetzenkoenig_2014_2015_Fussballbundesliga_005.jpg-nggid041984-ngg0dyn-120x90x100-00f0w010c011r110f110r010t010.jpg' media=''><img title=\"Torschuetzenkoenig_2014_2015_Fussballbundesliga_005 | \u00a9 eel-fotografie\" alt=\"Torschuetzenkoenig_2014_2015_Fussballbundesliga_005 | \u00a9 eel-fotografie\" width=\"120\" height=\"90\" style=\"max-width:120px;max-height:90px\" src=\"https:\/\/www.eel-fotografie.de\/wp2\/wp-content\/gallery\/post_26_05_2015_torjaeger_alex_meier\/cache\/Torschuetzenkoenig_2014_2015_Fussballbundesliga_005.jpg-nggid041984-ngg0dyn-120x90x100-00f0w010c011r110f110r010t010.jpg\" srcset=\"https:\/\/www.eel-fotografie.de\/wp2\/wp-content\/gallery\/post_26_05_2015_torjaeger_alex_meier\/cache\/Torschuetzenkoenig_2014_2015_Fussballbundesliga_005.jpg-nggid041984-ngg0dyn-120x90x100-00f0w010c011r110f110r010t010.jpg\" onerror=\"nggRetryFailedImage(this);\"\/><\/picture>                <noscript><img src=\"https:\/\/www.eel-fotografie.de\/wp2\/wp-content\/gallery\/post_26_05_2015_torjaeger_alex_meier\/cache\/Torschuetzenkoenig_2014_2015_Fussballbundesliga_005.jpg-nggid041984-ngg0dyn-120x90x100-00f0w010c011r110f110r010t010.jpg\"\n                         title=\"Torschuetzenkoenig_2014_2015_Fussballbundesliga_005 | \u00a9 eel-fotografie\"\n                         alt=\"Torschuetzenkoenig_2014_2015_Fussballbundesliga_005 | \u00a9 eel-fotografie\"\n                         width=\"120\"\n                         height=\"90\"\n                         style=\"max-width:100%; height: auto;\"\/><\/noscript><\/a><\/div><div id=\"ngg-image-2\" class=\"image-wrapper\"><a href=\"https:\/\/www.eel-fotografie.de\/wp2\/wp-content\/gallery\/post_26_05_2015_torjaeger_alex_meier\/Torschuetzenkoenig_2014_2015_Fussballbundesliga_008.jpg\"\n               title=\"&lt;font&gt;\u00a9 eel-fotografie&lt;\/font&gt;\"\n               data-src=\"https:\/\/www.eel-fotografie.de\/wp2\/wp-content\/gallery\/post_26_05_2015_torjaeger_alex_meier\/Torschuetzenkoenig_2014_2015_Fussballbundesliga_008.jpg\"\n               data-thumbnail=\"https:\/\/www.eel-fotografie.de\/wp2\/wp-content\/gallery\/post_26_05_2015_torjaeger_alex_meier\/thumbs\/thumbs_Torschuetzenkoenig_2014_2015_Fussballbundesliga_008.jpg\"\n               data-image-id=\"1985\"\n               data-title=\"Torschuetzenkoenig_2014_2015_Fussballbundesliga_008 | \u00a9 eel-fotografie\"\n               data-description=\"&lt;font&gt;\u00a9 eel-fotografie&lt;\/font&gt;\"\n               class=\"shutterset_b2da82345918ef162d693d2abda5f99f\" data-ngg-protect=\"1\"><picture><source srcset='https:\/\/www.eel-fotografie.de\/wp2\/wp-content\/gallery\/post_26_05_2015_torjaeger_alex_meier\/cache\/Torschuetzenkoenig_2014_2015_Fussballbundesliga_008.jpg-nggid041985-ngg0dyn-120x90x100-00f0w010c011r110f110r010t010.jpg' media=''><img title=\"Torschuetzenkoenig_2014_2015_Fussballbundesliga_008 | \u00a9 eel-fotografie\" alt=\"Torschuetzenkoenig_2014_2015_Fussballbundesliga_008 | \u00a9 eel-fotografie\" width=\"120\" height=\"90\" style=\"max-width:120px;max-height:90px\" src=\"https:\/\/www.eel-fotografie.de\/wp2\/wp-content\/gallery\/post_26_05_2015_torjaeger_alex_meier\/cache\/Torschuetzenkoenig_2014_2015_Fussballbundesliga_008.jpg-nggid041985-ngg0dyn-120x90x100-00f0w010c011r110f110r010t010.jpg\" srcset=\"https:\/\/www.eel-fotografie.de\/wp2\/wp-content\/gallery\/post_26_05_2015_torjaeger_alex_meier\/cache\/Torschuetzenkoenig_2014_2015_Fussballbundesliga_008.jpg-nggid041985-ngg0dyn-120x90x100-00f0w010c011r110f110r010t010.jpg\" onerror=\"nggRetryFailedImage(this);\"\/><\/picture>                <noscript><img src=\"https:\/\/www.eel-fotografie.de\/wp2\/wp-content\/gallery\/post_26_05_2015_torjaeger_alex_meier\/cache\/Torschuetzenkoenig_2014_2015_Fussballbundesliga_008.jpg-nggid041985-ngg0dyn-120x90x100-00f0w010c011r110f110r010t010.jpg\"\n                         title=\"Torschuetzenkoenig_2014_2015_Fussballbundesliga_008 | \u00a9 eel-fotografie\"\n                         alt=\"Torschuetzenkoenig_2014_2015_Fussballbundesliga_008 | \u00a9 eel-fotografie\"\n                         width=\"120\"\n                         height=\"90\"\n                         style=\"max-width:100%; height: auto;\"\/><\/noscript><\/a><\/div><div id=\"ngg-image-3\" class=\"image-wrapper\"><a href=\"https:\/\/www.eel-fotografie.de\/wp2\/wp-content\/gallery\/post_26_05_2015_torjaeger_alex_meier\/Torschuetzenkoenig_2014_2015_Fussballbundesliga_010.jpg\"\n               title=\"&lt;font&gt;\u00a9 eel-fotografie&lt;\/font&gt;\"\n               data-src=\"https:\/\/www.eel-fotografie.de\/wp2\/wp-content\/gallery\/post_26_05_2015_torjaeger_alex_meier\/Torschuetzenkoenig_2014_2015_Fussballbundesliga_010.jpg\"\n               data-thumbnail=\"https:\/\/www.eel-fotografie.de\/wp2\/wp-content\/gallery\/post_26_05_2015_torjaeger_alex_meier\/thumbs\/thumbs_Torschuetzenkoenig_2014_2015_Fussballbundesliga_010.jpg\"\n               data-image-id=\"1986\"\n               data-title=\"Torschuetzenkoenig_2014_2015_Fussballbundesliga_010 | \u00a9 eel-fotografie\"\n               data-description=\"&lt;font&gt;\u00a9 eel-fotografie&lt;\/font&gt;\"\n               class=\"shutterset_b2da82345918ef162d693d2abda5f99f\" data-ngg-protect=\"1\"><picture><source srcset='https:\/\/www.eel-fotografie.de\/wp2\/wp-content\/gallery\/post_26_05_2015_torjaeger_alex_meier\/cache\/Torschuetzenkoenig_2014_2015_Fussballbundesliga_010.jpg-nggid041986-ngg0dyn-120x90x100-00f0w010c011r110f110r010t010.jpg' media=''><img title=\"Torschuetzenkoenig_2014_2015_Fussballbundesliga_010 | \u00a9 eel-fotografie\" alt=\"Torschuetzenkoenig_2014_2015_Fussballbundesliga_010 | \u00a9 eel-fotografie\" width=\"120\" height=\"90\" style=\"max-width:120px;max-height:90px\" src=\"https:\/\/www.eel-fotografie.de\/wp2\/wp-content\/gallery\/post_26_05_2015_torjaeger_alex_meier\/cache\/Torschuetzenkoenig_2014_2015_Fussballbundesliga_010.jpg-nggid041986-ngg0dyn-120x90x100-00f0w010c011r110f110r010t010.jpg\" srcset=\"https:\/\/www.eel-fotografie.de\/wp2\/wp-content\/gallery\/post_26_05_2015_torjaeger_alex_meier\/cache\/Torschuetzenkoenig_2014_2015_Fussballbundesliga_010.jpg-nggid041986-ngg0dyn-120x90x100-00f0w010c011r110f110r010t010.jpg\" onerror=\"nggRetryFailedImage(this);\"\/><\/picture>                <noscript><img src=\"https:\/\/www.eel-fotografie.de\/wp2\/wp-content\/gallery\/post_26_05_2015_torjaeger_alex_meier\/cache\/Torschuetzenkoenig_2014_2015_Fussballbundesliga_010.jpg-nggid041986-ngg0dyn-120x90x100-00f0w010c011r110f110r010t010.jpg\"\n                         title=\"Torschuetzenkoenig_2014_2015_Fussballbundesliga_010 | \u00a9 eel-fotografie\"\n                         alt=\"Torschuetzenkoenig_2014_2015_Fussballbundesliga_010 | \u00a9 eel-fotografie\"\n                         width=\"120\"\n                         height=\"90\"\n                         style=\"max-width:100%; height: auto;\"\/><\/noscript><\/a><\/div><br style='clear: both'\/><div id=\"ngg-image-4\" class=\"image-wrapper\"><a href=\"https:\/\/www.eel-fotografie.de\/wp2\/wp-content\/gallery\/post_26_05_2015_torjaeger_alex_meier\/Torschuetzenkoenig_2014_2015_Fussballbundesliga_012.jpg\"\n               title=\"&lt;font&gt;\u00a9 eel-fotografie&lt;\/font&gt;\"\n               data-src=\"https:\/\/www.eel-fotografie.de\/wp2\/wp-content\/gallery\/post_26_05_2015_torjaeger_alex_meier\/Torschuetzenkoenig_2014_2015_Fussballbundesliga_012.jpg\"\n               data-thumbnail=\"https:\/\/www.eel-fotografie.de\/wp2\/wp-content\/gallery\/post_26_05_2015_torjaeger_alex_meier\/thumbs\/thumbs_Torschuetzenkoenig_2014_2015_Fussballbundesliga_012.jpg\"\n               data-image-id=\"1987\"\n               data-title=\"Torschuetzenkoenig_2014_2015_Fussballbundesliga_012 | \u00a9 eel-fotografie\"\n               data-description=\"&lt;font&gt;\u00a9 eel-fotografie&lt;\/font&gt;\"\n               class=\"shutterset_b2da82345918ef162d693d2abda5f99f\" data-ngg-protect=\"1\"><picture><source srcset='https:\/\/www.eel-fotografie.de\/wp2\/wp-content\/gallery\/post_26_05_2015_torjaeger_alex_meier\/cache\/Torschuetzenkoenig_2014_2015_Fussballbundesliga_012.jpg-nggid041987-ngg0dyn-120x90x100-00f0w010c011r110f110r010t010.jpg' media=''><img title=\"Torschuetzenkoenig_2014_2015_Fussballbundesliga_012 | \u00a9 eel-fotografie\" alt=\"Torschuetzenkoenig_2014_2015_Fussballbundesliga_012 | \u00a9 eel-fotografie\" width=\"120\" height=\"90\" style=\"max-width:120px;max-height:90px\" src=\"https:\/\/www.eel-fotografie.de\/wp2\/wp-content\/gallery\/post_26_05_2015_torjaeger_alex_meier\/cache\/Torschuetzenkoenig_2014_2015_Fussballbundesliga_012.jpg-nggid041987-ngg0dyn-120x90x100-00f0w010c011r110f110r010t010.jpg\" srcset=\"https:\/\/www.eel-fotografie.de\/wp2\/wp-content\/gallery\/post_26_05_2015_torjaeger_alex_meier\/cache\/Torschuetzenkoenig_2014_2015_Fussballbundesliga_012.jpg-nggid041987-ngg0dyn-120x90x100-00f0w010c011r110f110r010t010.jpg\" onerror=\"nggRetryFailedImage(this);\"\/><\/picture>                <noscript><img src=\"https:\/\/www.eel-fotografie.de\/wp2\/wp-content\/gallery\/post_26_05_2015_torjaeger_alex_meier\/cache\/Torschuetzenkoenig_2014_2015_Fussballbundesliga_012.jpg-nggid041987-ngg0dyn-120x90x100-00f0w010c011r110f110r010t010.jpg\"\n                         title=\"Torschuetzenkoenig_2014_2015_Fussballbundesliga_012 | \u00a9 eel-fotografie\"\n                         alt=\"Torschuetzenkoenig_2014_2015_Fussballbundesliga_012 | \u00a9 eel-fotografie\"\n                         width=\"120\"\n                         height=\"90\"\n                         style=\"max-width:100%; height: auto;\"\/><\/noscript><\/a><\/div><div id=\"ngg-image-5\" class=\"image-wrapper\"><a href=\"https:\/\/www.eel-fotografie.de\/wp2\/wp-content\/gallery\/post_26_05_2015_torjaeger_alex_meier\/Torschuetzenkoenig_2014_2015_Fussballbundesliga_021.jpg\"\n               title=\"&lt;font&gt;\u00a9 eel-fotografie&lt;\/font&gt;\"\n               data-src=\"https:\/\/www.eel-fotografie.de\/wp2\/wp-content\/gallery\/post_26_05_2015_torjaeger_alex_meier\/Torschuetzenkoenig_2014_2015_Fussballbundesliga_021.jpg\"\n               data-thumbnail=\"https:\/\/www.eel-fotografie.de\/wp2\/wp-content\/gallery\/post_26_05_2015_torjaeger_alex_meier\/thumbs\/thumbs_Torschuetzenkoenig_2014_2015_Fussballbundesliga_021.jpg\"\n               data-image-id=\"1988\"\n               data-title=\"Torschuetzenkoenig_2014_2015_Fussballbundesliga_021 | \u00a9 eel-fotografie\"\n               data-description=\"&lt;font&gt;\u00a9 eel-fotografie&lt;\/font&gt;\"\n               class=\"shutterset_b2da82345918ef162d693d2abda5f99f\" data-ngg-protect=\"1\"><picture><source srcset='https:\/\/www.eel-fotografie.de\/wp2\/wp-content\/gallery\/post_26_05_2015_torjaeger_alex_meier\/cache\/Torschuetzenkoenig_2014_2015_Fussballbundesliga_021.jpg-nggid041988-ngg0dyn-120x90x100-00f0w010c011r110f110r010t010.jpg' media=''><img title=\"Torschuetzenkoenig_2014_2015_Fussballbundesliga_021 | \u00a9 eel-fotografie\" alt=\"Torschuetzenkoenig_2014_2015_Fussballbundesliga_021 | \u00a9 eel-fotografie\" width=\"120\" height=\"90\" style=\"max-width:120px;max-height:90px\" src=\"https:\/\/www.eel-fotografie.de\/wp2\/wp-content\/gallery\/post_26_05_2015_torjaeger_alex_meier\/cache\/Torschuetzenkoenig_2014_2015_Fussballbundesliga_021.jpg-nggid041988-ngg0dyn-120x90x100-00f0w010c011r110f110r010t010.jpg\" srcset=\"https:\/\/www.eel-fotografie.de\/wp2\/wp-content\/gallery\/post_26_05_2015_torjaeger_alex_meier\/cache\/Torschuetzenkoenig_2014_2015_Fussballbundesliga_021.jpg-nggid041988-ngg0dyn-120x90x100-00f0w010c011r110f110r010t010.jpg\" onerror=\"nggRetryFailedImage(this);\"\/><\/picture>                <noscript><img src=\"https:\/\/www.eel-fotografie.de\/wp2\/wp-content\/gallery\/post_26_05_2015_torjaeger_alex_meier\/cache\/Torschuetzenkoenig_2014_2015_Fussballbundesliga_021.jpg-nggid041988-ngg0dyn-120x90x100-00f0w010c011r110f110r010t010.jpg\"\n                         title=\"Torschuetzenkoenig_2014_2015_Fussballbundesliga_021 | \u00a9 eel-fotografie\"\n                         alt=\"Torschuetzenkoenig_2014_2015_Fussballbundesliga_021 | \u00a9 eel-fotografie\"\n                         width=\"120\"\n                         height=\"90\"\n                         style=\"max-width:100%; height: auto;\"\/><\/noscript><\/a><\/div><div id=\"ngg-image-6\" class=\"image-wrapper\"><a href=\"https:\/\/www.eel-fotografie.de\/wp2\/wp-content\/gallery\/post_26_05_2015_torjaeger_alex_meier\/Torschuetzenkoenig_2014_2015_Fussballbundesliga_026.jpg\"\n               title=\"&lt;font&gt;\u00a9 eel-fotografie&lt;\/font&gt;\"\n               data-src=\"https:\/\/www.eel-fotografie.de\/wp2\/wp-content\/gallery\/post_26_05_2015_torjaeger_alex_meier\/Torschuetzenkoenig_2014_2015_Fussballbundesliga_026.jpg\"\n               data-thumbnail=\"https:\/\/www.eel-fotografie.de\/wp2\/wp-content\/gallery\/post_26_05_2015_torjaeger_alex_meier\/thumbs\/thumbs_Torschuetzenkoenig_2014_2015_Fussballbundesliga_026.jpg\"\n               data-image-id=\"1990\"\n               data-title=\"Torschuetzenkoenig_2014_2015_Fussballbundesliga_026 | \u00a9 eel-fotografie\"\n               data-description=\"&lt;font&gt;\u00a9 eel-fotografie&lt;\/font&gt;\"\n               class=\"shutterset_b2da82345918ef162d693d2abda5f99f\" data-ngg-protect=\"1\"><picture><source srcset='https:\/\/www.eel-fotografie.de\/wp2\/wp-content\/gallery\/post_26_05_2015_torjaeger_alex_meier\/cache\/Torschuetzenkoenig_2014_2015_Fussballbundesliga_026.jpg-nggid041990-ngg0dyn-120x90x100-00f0w010c011r110f110r010t010.jpg' media=''><img title=\"Torschuetzenkoenig_2014_2015_Fussballbundesliga_026 | \u00a9 eel-fotografie\" alt=\"Torschuetzenkoenig_2014_2015_Fussballbundesliga_026 | \u00a9 eel-fotografie\" width=\"120\" height=\"90\" style=\"max-width:120px;max-height:90px\" src=\"https:\/\/www.eel-fotografie.de\/wp2\/wp-content\/gallery\/post_26_05_2015_torjaeger_alex_meier\/cache\/Torschuetzenkoenig_2014_2015_Fussballbundesliga_026.jpg-nggid041990-ngg0dyn-120x90x100-00f0w010c011r110f110r010t010.jpg\" srcset=\"https:\/\/www.eel-fotografie.de\/wp2\/wp-content\/gallery\/post_26_05_2015_torjaeger_alex_meier\/cache\/Torschuetzenkoenig_2014_2015_Fussballbundesliga_026.jpg-nggid041990-ngg0dyn-120x90x100-00f0w010c011r110f110r010t010.jpg\" onerror=\"nggRetryFailedImage(this);\"\/><\/picture>                <noscript><img src=\"https:\/\/www.eel-fotografie.de\/wp2\/wp-content\/gallery\/post_26_05_2015_torjaeger_alex_meier\/cache\/Torschuetzenkoenig_2014_2015_Fussballbundesliga_026.jpg-nggid041990-ngg0dyn-120x90x100-00f0w010c011r110f110r010t010.jpg\"\n                         title=\"Torschuetzenkoenig_2014_2015_Fussballbundesliga_026 | \u00a9 eel-fotografie\"\n                         alt=\"Torschuetzenkoenig_2014_2015_Fussballbundesliga_026 | \u00a9 eel-fotografie\"\n                         width=\"120\"\n                         height=\"90\"\n                         style=\"max-width:100%; height: auto;\"\/><\/noscript><\/a><\/div><div id=\"ngg-image-7\" class=\"image-wrapper\"><a href=\"https:\/\/www.eel-fotografie.de\/wp2\/wp-content\/gallery\/post_26_05_2015_torjaeger_alex_meier\/Torschuetzenkoenig_2014_2015_Fussballbundesliga_025.jpg\"\n               title=\"&lt;font&gt;\u00a9 eel-fotografie&lt;\/font&gt;\"\n               data-src=\"https:\/\/www.eel-fotografie.de\/wp2\/wp-content\/gallery\/post_26_05_2015_torjaeger_alex_meier\/Torschuetzenkoenig_2014_2015_Fussballbundesliga_025.jpg\"\n               data-thumbnail=\"https:\/\/www.eel-fotografie.de\/wp2\/wp-content\/gallery\/post_26_05_2015_torjaeger_alex_meier\/thumbs\/thumbs_Torschuetzenkoenig_2014_2015_Fussballbundesliga_025.jpg\"\n               data-image-id=\"1989\"\n               data-title=\"Torschuetzenkoenig_2014_2015_Fussballbundesliga_025 | \u00a9 eel-fotografie\"\n               data-description=\"&lt;font&gt;\u00a9 eel-fotografie&lt;\/font&gt;\"\n               class=\"shutterset_b2da82345918ef162d693d2abda5f99f\" data-ngg-protect=\"1\"><picture><source srcset='https:\/\/www.eel-fotografie.de\/wp2\/wp-content\/gallery\/post_26_05_2015_torjaeger_alex_meier\/cache\/Torschuetzenkoenig_2014_2015_Fussballbundesliga_025.jpg-nggid041989-ngg0dyn-120x90x100-00f0w010c011r110f110r010t010.jpg' media=''><img title=\"Torschuetzenkoenig_2014_2015_Fussballbundesliga_025 | \u00a9 eel-fotografie\" alt=\"Torschuetzenkoenig_2014_2015_Fussballbundesliga_025 | \u00a9 eel-fotografie\" width=\"120\" height=\"90\" style=\"max-width:120px;max-height:90px\" src=\"https:\/\/www.eel-fotografie.de\/wp2\/wp-content\/gallery\/post_26_05_2015_torjaeger_alex_meier\/cache\/Torschuetzenkoenig_2014_2015_Fussballbundesliga_025.jpg-nggid041989-ngg0dyn-120x90x100-00f0w010c011r110f110r010t010.jpg\" srcset=\"https:\/\/www.eel-fotografie.de\/wp2\/wp-content\/gallery\/post_26_05_2015_torjaeger_alex_meier\/cache\/Torschuetzenkoenig_2014_2015_Fussballbundesliga_025.jpg-nggid041989-ngg0dyn-120x90x100-00f0w010c011r110f110r010t010.jpg\" onerror=\"nggRetryFailedImage(this);\"\/><\/picture>                <noscript><img src=\"https:\/\/www.eel-fotografie.de\/wp2\/wp-content\/gallery\/post_26_05_2015_torjaeger_alex_meier\/cache\/Torschuetzenkoenig_2014_2015_Fussballbundesliga_025.jpg-nggid041989-ngg0dyn-120x90x100-00f0w010c011r110f110r010t010.jpg\"\n                         title=\"Torschuetzenkoenig_2014_2015_Fussballbundesliga_025 | \u00a9 eel-fotografie\"\n                         alt=\"Torschuetzenkoenig_2014_2015_Fussballbundesliga_025 | \u00a9 eel-fotografie\"\n                         width=\"120\"\n                         height=\"90\"\n                         style=\"max-width:100%; height: auto;\"\/><\/noscript><\/a><\/div><br style='clear: both'\/><div class='ngg-clear'><\/div><\/div>\n<\/p>\n<p>(8 Fotos)<\/p>\n<p>&nbsp;<\/p>\n","protected":false},"excerpt":{"rendered":"<p>Torsch\u00fctzenk\u00f6nig Alexander Meier. Man mag es kaum glauben: der diesj\u00e4hrige Torsch\u00fctzenk\u00f6nig der Fu\u00dfballbundesliga hei\u00dft Alex Meier und spielt bei Eintracht Frankfurt. Um so \u00fcberraschender, ist doch Eintracht Frankfurt weder im oberen Tabellenbereich zu finden, noch sonderlich bekannt daf\u00fcr, Bayern M\u00fcnchens Torj\u00e4gern eine solche Krone zu stibitzen. Um so h\u00f6her ist diese Leistung einzuordnen. Gratuliere, Herr [&hellip;]<\/p>\n","protected":false},"author":1,"featured_media":9199,"comment_status":"closed","ping_status":"closed","sticky":false,"template":"","format":"standard","meta":{"_genesis_hide_title":false,"_genesis_hide_breadcrumbs":false,"_genesis_hide_singular_image":false,"_genesis_hide_footer_widgets":false,"_genesis_custom_body_class":"","_genesis_custom_post_class":"","_genesis_layout":"","ngg_post_thumbnail":0,"footnotes":""},"categories":[23,17],"tags":[212,213,35,101,6,7,19,10,22,133,16,11,214],"class_list":{"0":"post-6172","1":"post","2":"type-post","3":"status-publish","4":"format-standard","5":"has-post-thumbnail","7":"category-fussball","8":"category-sport","9":"tag-alex-meier","10":"tag-alexander-meier","11":"tag-bundesliga","12":"tag-dfb","13":"tag-eberhard-krieger","14":"tag-eel-fotografie","15":"tag-eintracht-frankfurt","16":"tag-foto-krieger","17":"tag-fussball","18":"tag-sge","19":"tag-sport","20":"tag-sportfoto-krieger","21":"tag-torschuetzenkoenig-20142015","22":"entry"},"yoast_head":"<!-- This site is optimized with the Yoast SEO plugin v26.5 - https:\/\/yoast.com\/wordpress\/plugins\/seo\/ -->\n<title>Torsch\u00fctzenk\u00f6nig Alexander Meier - eel-fotografie<\/title>\n<meta name=\"description\" content=\"Torsch\u00fctzenk\u00f6nig Alexander Meier, Eintracht Frankfurt.\" \/>\n<meta name=\"robots\" content=\"index, follow, max-snippet:-1, max-image-preview:large, max-video-preview:-1\" \/>\n<link rel=\"canonical\" href=\"http:\/\/www.eel-fotografie.de\/wp2\/torschuetzenkoenig-alexander-meier\/\" \/>\n<meta name=\"twitter:label1\" content=\"Verfasst von\" \/>\n\t<meta name=\"twitter:data1\" content=\"admin\" \/>\n<script type=\"application\/ld+json\" class=\"yoast-schema-graph\">{\"@context\":\"https:\/\/schema.org\",\"@graph\":[{\"@type\":\"Article\",\"@id\":\"http:\/\/www.eel-fotografie.de\/wp2\/torschuetzenkoenig-alexander-meier\/#article\",\"isPartOf\":{\"@id\":\"http:\/\/www.eel-fotografie.de\/wp2\/torschuetzenkoenig-alexander-meier\/\"},\"author\":{\"name\":\"admin\",\"@id\":\"http:\/\/www.eel-fotografie.de\/wp2\/#\/schema\/person\/48b675d7a081d02af2929c3629214db0\"},\"headline\":\"Torsch\u00fctzenk\u00f6nig Alexander Meier\",\"datePublished\":\"2015-05-26T16:32:53+00:00\",\"dateModified\":\"2016-11-11T09:57:33+00:00\",\"mainEntityOfPage\":{\"@id\":\"http:\/\/www.eel-fotografie.de\/wp2\/torschuetzenkoenig-alexander-meier\/\"},\"wordCount\":74,\"publisher\":{\"@id\":\"http:\/\/www.eel-fotografie.de\/wp2\/#organization\"},\"image\":{\"@id\":\"http:\/\/www.eel-fotografie.de\/wp2\/torschuetzenkoenig-alexander-meier\/#primaryimage\"},\"thumbnailUrl\":\"https:\/\/www.eel-fotografie.de\/wp2\/wp-content\/uploads\/Torschuetzenkoenig_2014_2015_Fussballbundesliga_012.jpg\",\"keywords\":[\"Alex Meier\",\"Alexander Meier\",\"Bundesliga\",\"DFB\",\"Eberhard Krieger\",\"eel fotografie\",\"Eintracht Frankfurt\",\"foto-krieger\",\"Fussball\",\"SGE\",\"Sport\",\"sportfoto-krieger\",\"Torsch\u00fctzenk\u00f6nig 2014\/2015\"],\"articleSection\":[\"Fussball\",\"Sport\"],\"inLanguage\":\"de\"},{\"@type\":\"WebPage\",\"@id\":\"http:\/\/www.eel-fotografie.de\/wp2\/torschuetzenkoenig-alexander-meier\/\",\"url\":\"http:\/\/www.eel-fotografie.de\/wp2\/torschuetzenkoenig-alexander-meier\/\",\"name\":\"Torsch\u00fctzenk\u00f6nig Alexander Meier - eel-fotografie\",\"isPartOf\":{\"@id\":\"http:\/\/www.eel-fotografie.de\/wp2\/#website\"},\"primaryImageOfPage\":{\"@id\":\"http:\/\/www.eel-fotografie.de\/wp2\/torschuetzenkoenig-alexander-meier\/#primaryimage\"},\"image\":{\"@id\":\"http:\/\/www.eel-fotografie.de\/wp2\/torschuetzenkoenig-alexander-meier\/#primaryimage\"},\"thumbnailUrl\":\"https:\/\/www.eel-fotografie.de\/wp2\/wp-content\/uploads\/Torschuetzenkoenig_2014_2015_Fussballbundesliga_012.jpg\",\"datePublished\":\"2015-05-26T16:32:53+00:00\",\"dateModified\":\"2016-11-11T09:57:33+00:00\",\"description\":\"Torsch\u00fctzenk\u00f6nig Alexander Meier, Eintracht Frankfurt.\",\"breadcrumb\":{\"@id\":\"http:\/\/www.eel-fotografie.de\/wp2\/torschuetzenkoenig-alexander-meier\/#breadcrumb\"},\"inLanguage\":\"de\",\"potentialAction\":[{\"@type\":\"ReadAction\",\"target\":[\"http:\/\/www.eel-fotografie.de\/wp2\/torschuetzenkoenig-alexander-meier\/\"]}]},{\"@type\":\"ImageObject\",\"inLanguage\":\"de\",\"@id\":\"http:\/\/www.eel-fotografie.de\/wp2\/torschuetzenkoenig-alexander-meier\/#primaryimage\",\"url\":\"https:\/\/www.eel-fotografie.de\/wp2\/wp-content\/uploads\/Torschuetzenkoenig_2014_2015_Fussballbundesliga_012.jpg\",\"contentUrl\":\"https:\/\/www.eel-fotografie.de\/wp2\/wp-content\/uploads\/Torschuetzenkoenig_2014_2015_Fussballbundesliga_012.jpg\",\"width\":533,\"height\":800,\"caption\":\"eel-fotografie|fotografie - bildagentur\"},{\"@type\":\"BreadcrumbList\",\"@id\":\"http:\/\/www.eel-fotografie.de\/wp2\/torschuetzenkoenig-alexander-meier\/#breadcrumb\",\"itemListElement\":[{\"@type\":\"ListItem\",\"position\":1,\"name\":\"Home\",\"item\":\"http:\/\/www.eel-fotografie.de\/wp2\/\"},{\"@type\":\"ListItem\",\"position\":2,\"name\":\"Torsch\u00fctzenk\u00f6nig Alexander Meier\"}]},{\"@type\":\"WebSite\",\"@id\":\"http:\/\/www.eel-fotografie.de\/wp2\/#website\",\"url\":\"http:\/\/www.eel-fotografie.de\/wp2\/\",\"name\":\"eel-fotografie\",\"description\":\"fotografie - bildagentur\",\"publisher\":{\"@id\":\"http:\/\/www.eel-fotografie.de\/wp2\/#organization\"},\"potentialAction\":[{\"@type\":\"SearchAction\",\"target\":{\"@type\":\"EntryPoint\",\"urlTemplate\":\"http:\/\/www.eel-fotografie.de\/wp2\/?s={search_term_string}\"},\"query-input\":{\"@type\":\"PropertyValueSpecification\",\"valueRequired\":true,\"valueName\":\"search_term_string\"}}],\"inLanguage\":\"de\"},{\"@type\":\"Organization\",\"@id\":\"http:\/\/www.eel-fotografie.de\/wp2\/#organization\",\"name\":\"eel-fotografie | fotografie - bildagentur\",\"url\":\"http:\/\/www.eel-fotografie.de\/wp2\/\",\"logo\":{\"@type\":\"ImageObject\",\"inLanguage\":\"de\",\"@id\":\"http:\/\/www.eel-fotografie.de\/wp2\/#\/schema\/logo\/image\/\",\"url\":\"http:\/\/www.eel-fotografie.de\/wp2\/wp-content\/uploads\/eel-fotografie_logo_2_500x250.png\",\"contentUrl\":\"http:\/\/www.eel-fotografie.de\/wp2\/wp-content\/uploads\/eel-fotografie_logo_2_500x250.png\",\"width\":500,\"height\":254,\"caption\":\"eel-fotografie | fotografie - bildagentur\"},\"image\":{\"@id\":\"http:\/\/www.eel-fotografie.de\/wp2\/#\/schema\/logo\/image\/\"},\"sameAs\":[\"https:\/\/www.instagram.com\/eelfotografie\/\"]},{\"@type\":\"Person\",\"@id\":\"http:\/\/www.eel-fotografie.de\/wp2\/#\/schema\/person\/48b675d7a081d02af2929c3629214db0\",\"name\":\"admin\",\"image\":{\"@type\":\"ImageObject\",\"inLanguage\":\"de\",\"@id\":\"http:\/\/www.eel-fotografie.de\/wp2\/#\/schema\/person\/image\/\",\"url\":\"https:\/\/secure.gravatar.com\/avatar\/0238886d5b298e452983f5d971ee0c60774f53da880f3705d3087707fa31096c?s=96&d=mm&r=g\",\"contentUrl\":\"https:\/\/secure.gravatar.com\/avatar\/0238886d5b298e452983f5d971ee0c60774f53da880f3705d3087707fa31096c?s=96&d=mm&r=g\",\"caption\":\"admin\"},\"description\":\"Head of eel-fotografie | fotografie-bildagentur\",\"sameAs\":[\"http:\/\/www.eel-fotografie.de\"],\"url\":\"https:\/\/www.eel-fotografie.de\/wp2\/author\/admin\/\"}]}<\/script>\n<!-- \/ Yoast SEO plugin. -->","yoast_head_json":{"title":"Torsch\u00fctzenk\u00f6nig Alexander Meier - eel-fotografie","description":"Torsch\u00fctzenk\u00f6nig Alexander Meier, Eintracht Frankfurt.","robots":{"index":"index","follow":"follow","max-snippet":"max-snippet:-1","max-image-preview":"max-image-preview:large","max-video-preview":"max-video-preview:-1"},"canonical":"http:\/\/www.eel-fotografie.de\/wp2\/torschuetzenkoenig-alexander-meier\/","twitter_misc":{"Verfasst von":"admin"},"schema":{"@context":"https:\/\/schema.org","@graph":[{"@type":"Article","@id":"http:\/\/www.eel-fotografie.de\/wp2\/torschuetzenkoenig-alexander-meier\/#article","isPartOf":{"@id":"http:\/\/www.eel-fotografie.de\/wp2\/torschuetzenkoenig-alexander-meier\/"},"author":{"name":"admin","@id":"http:\/\/www.eel-fotografie.de\/wp2\/#\/schema\/person\/48b675d7a081d02af2929c3629214db0"},"headline":"Torsch\u00fctzenk\u00f6nig Alexander Meier","datePublished":"2015-05-26T16:32:53+00:00","dateModified":"2016-11-11T09:57:33+00:00","mainEntityOfPage":{"@id":"http:\/\/www.eel-fotografie.de\/wp2\/torschuetzenkoenig-alexander-meier\/"},"wordCount":74,"publisher":{"@id":"http:\/\/www.eel-fotografie.de\/wp2\/#organization"},"image":{"@id":"http:\/\/www.eel-fotografie.de\/wp2\/torschuetzenkoenig-alexander-meier\/#primaryimage"},"thumbnailUrl":"https:\/\/www.eel-fotografie.de\/wp2\/wp-content\/uploads\/Torschuetzenkoenig_2014_2015_Fussballbundesliga_012.jpg","keywords":["Alex Meier","Alexander Meier","Bundesliga","DFB","Eberhard Krieger","eel fotografie","Eintracht Frankfurt","foto-krieger","Fussball","SGE","Sport","sportfoto-krieger","Torsch\u00fctzenk\u00f6nig 2014\/2015"],"articleSection":["Fussball","Sport"],"inLanguage":"de"},{"@type":"WebPage","@id":"http:\/\/www.eel-fotografie.de\/wp2\/torschuetzenkoenig-alexander-meier\/","url":"http:\/\/www.eel-fotografie.de\/wp2\/torschuetzenkoenig-alexander-meier\/","name":"Torsch\u00fctzenk\u00f6nig Alexander Meier - eel-fotografie","isPartOf":{"@id":"http:\/\/www.eel-fotografie.de\/wp2\/#website"},"primaryImageOfPage":{"@id":"http:\/\/www.eel-fotografie.de\/wp2\/torschuetzenkoenig-alexander-meier\/#primaryimage"},"image":{"@id":"http:\/\/www.eel-fotografie.de\/wp2\/torschuetzenkoenig-alexander-meier\/#primaryimage"},"thumbnailUrl":"https:\/\/www.eel-fotografie.de\/wp2\/wp-content\/uploads\/Torschuetzenkoenig_2014_2015_Fussballbundesliga_012.jpg","datePublished":"2015-05-26T16:32:53+00:00","dateModified":"2016-11-11T09:57:33+00:00","description":"Torsch\u00fctzenk\u00f6nig Alexander Meier, Eintracht Frankfurt.","breadcrumb":{"@id":"http:\/\/www.eel-fotografie.de\/wp2\/torschuetzenkoenig-alexander-meier\/#breadcrumb"},"inLanguage":"de","potentialAction":[{"@type":"ReadAction","target":["http:\/\/www.eel-fotografie.de\/wp2\/torschuetzenkoenig-alexander-meier\/"]}]},{"@type":"ImageObject","inLanguage":"de","@id":"http:\/\/www.eel-fotografie.de\/wp2\/torschuetzenkoenig-alexander-meier\/#primaryimage","url":"https:\/\/www.eel-fotografie.de\/wp2\/wp-content\/uploads\/Torschuetzenkoenig_2014_2015_Fussballbundesliga_012.jpg","contentUrl":"https:\/\/www.eel-fotografie.de\/wp2\/wp-content\/uploads\/Torschuetzenkoenig_2014_2015_Fussballbundesliga_012.jpg","width":533,"height":800,"caption":"eel-fotografie|fotografie - bildagentur"},{"@type":"BreadcrumbList","@id":"http:\/\/www.eel-fotografie.de\/wp2\/torschuetzenkoenig-alexander-meier\/#breadcrumb","itemListElement":[{"@type":"ListItem","position":1,"name":"Home","item":"http:\/\/www.eel-fotografie.de\/wp2\/"},{"@type":"ListItem","position":2,"name":"Torsch\u00fctzenk\u00f6nig Alexander Meier"}]},{"@type":"WebSite","@id":"http:\/\/www.eel-fotografie.de\/wp2\/#website","url":"http:\/\/www.eel-fotografie.de\/wp2\/","name":"eel-fotografie","description":"fotografie - bildagentur","publisher":{"@id":"http:\/\/www.eel-fotografie.de\/wp2\/#organization"},"potentialAction":[{"@type":"SearchAction","target":{"@type":"EntryPoint","urlTemplate":"http:\/\/www.eel-fotografie.de\/wp2\/?s={search_term_string}"},"query-input":{"@type":"PropertyValueSpecification","valueRequired":true,"valueName":"search_term_string"}}],"inLanguage":"de"},{"@type":"Organization","@id":"http:\/\/www.eel-fotografie.de\/wp2\/#organization","name":"eel-fotografie | fotografie - bildagentur","url":"http:\/\/www.eel-fotografie.de\/wp2\/","logo":{"@type":"ImageObject","inLanguage":"de","@id":"http:\/\/www.eel-fotografie.de\/wp2\/#\/schema\/logo\/image\/","url":"http:\/\/www.eel-fotografie.de\/wp2\/wp-content\/uploads\/eel-fotografie_logo_2_500x250.png","contentUrl":"http:\/\/www.eel-fotografie.de\/wp2\/wp-content\/uploads\/eel-fotografie_logo_2_500x250.png","width":500,"height":254,"caption":"eel-fotografie | fotografie - bildagentur"},"image":{"@id":"http:\/\/www.eel-fotografie.de\/wp2\/#\/schema\/logo\/image\/"},"sameAs":["https:\/\/www.instagram.com\/eelfotografie\/"]},{"@type":"Person","@id":"http:\/\/www.eel-fotografie.de\/wp2\/#\/schema\/person\/48b675d7a081d02af2929c3629214db0","name":"admin","image":{"@type":"ImageObject","inLanguage":"de","@id":"http:\/\/www.eel-fotografie.de\/wp2\/#\/schema\/person\/image\/","url":"https:\/\/secure.gravatar.com\/avatar\/0238886d5b298e452983f5d971ee0c60774f53da880f3705d3087707fa31096c?s=96&d=mm&r=g","contentUrl":"https:\/\/secure.gravatar.com\/avatar\/0238886d5b298e452983f5d971ee0c60774f53da880f3705d3087707fa31096c?s=96&d=mm&r=g","caption":"admin"},"description":"Head of eel-fotografie | fotografie-bildagentur","sameAs":["http:\/\/www.eel-fotografie.de"],"url":"https:\/\/www.eel-fotografie.de\/wp2\/author\/admin\/"}]}},"_links":{"self":[{"href":"https:\/\/www.eel-fotografie.de\/wp2\/wp-json\/wp\/v2\/posts\/6172","targetHints":{"allow":["GET"]}}],"collection":[{"href":"https:\/\/www.eel-fotografie.de\/wp2\/wp-json\/wp\/v2\/posts"}],"about":[{"href":"https:\/\/www.eel-fotografie.de\/wp2\/wp-json\/wp\/v2\/types\/post"}],"author":[{"embeddable":true,"href":"https:\/\/www.eel-fotografie.de\/wp2\/wp-json\/wp\/v2\/users\/1"}],"replies":[{"embeddable":true,"href":"https:\/\/www.eel-fotografie.de\/wp2\/wp-json\/wp\/v2\/comments?post=6172"}],"version-history":[{"count":0,"href":"https:\/\/www.eel-fotografie.de\/wp2\/wp-json\/wp\/v2\/posts\/6172\/revisions"}],"wp:featuredmedia":[{"embeddable":true,"href":"https:\/\/www.eel-fotografie.de\/wp2\/wp-json\/wp\/v2\/media\/9199"}],"wp:attachment":[{"href":"https:\/\/www.eel-fotografie.de\/wp2\/wp-json\/wp\/v2\/media?parent=6172"}],"wp:term":[{"taxonomy":"category","embeddable":true,"href":"https:\/\/www.eel-fotografie.de\/wp2\/wp-json\/wp\/v2\/categories?post=6172"},{"taxonomy":"post_tag","embeddable":true,"href":"https:\/\/www.eel-fotografie.de\/wp2\/wp-json\/wp\/v2\/tags?post=6172"}],"curies":[{"name":"wp","href":"https:\/\/api.w.org\/{rel}","templated":true}]}}