{"id":8257,"date":"2016-04-12T18:12:20","date_gmt":"2016-04-12T16:12:20","guid":{"rendered":"http:\/\/www.eel-fotografie.de\/?p=8257"},"modified":"2016-12-04T16:39:31","modified_gmt":"2016-12-04T15:39:31","slug":"dtm-mediatag-2016","status":"publish","type":"post","link":"https:\/\/www.eel-fotografie.de\/wp2\/dtm-mediatag-2016\/","title":{"rendered":"DTM Mediatag 2016"},"content":{"rendered":"<p style=\"text-align: justify;\"><div class=\"nextgen_pro_blog_gallery\" id=\"displayed_gallery_6620be244185b9c9e5cf78fb955cfae3\">\n            <div id=\"ngg-image-displayed_gallery_6620be244185b9c9e5cf78fb955cfae3-0\" class=\"image-wrapper\" style=\"width: 800px\">\n                                    <a href=\"https:\/\/www.eel-fotografie.de\/wp2\/wp-content\/gallery\/post_12_04_2016_DTM_Mediatag_Teaser\/DTM_Panorama-1.jpg\"\n               title=\"&lt;font&gt;\u00a9 eel-fotografie&lt;\/font&gt;\"\n               data-src=\"https:\/\/www.eel-fotografie.de\/wp2\/wp-content\/gallery\/post_12_04_2016_DTM_Mediatag_Teaser\/DTM_Panorama-1.jpg\"\n               data-thumbnail=\"https:\/\/www.eel-fotografie.de\/wp2\/wp-content\/gallery\/post_12_04_2016_DTM_Mediatag_Teaser\/thumbs\/thumbs_DTM_Panorama-1.jpg\"\n               data-image-id=\"2714\"\n               data-title=\"DTM_Panorama | \u00a9 eel-fotografie\"\n               data-description=\"&lt;font&gt;\u00a9 eel-fotografie&lt;\/font&gt;\"\n               class=\"shutterset_6620be244185b9c9e5cf78fb955cfae3\" data-ngg-protect=\"1\">\n                <picture>\n\t\n<source srcset='https:\/\/www.eel-fotografie.de\/wp2\/wp-content\/gallery\/post_12_04_2016_DTM_Mediatag_Teaser\/DTM_Panorama-1.jpg' media=''>\n<img width=\"800\" title=\"DTM_Panorama | \u00a9 eel-fotografie\" alt=\"DTM_Panorama | \u00a9 eel-fotografie\" style=\"max-width:800px;max-height:px\" src=\"https:\/\/www.eel-fotografie.de\/wp2\/wp-content\/gallery\/post_12_04_2016_DTM_Mediatag_Teaser\/DTM_Panorama-1.jpg\" srcset=\"https:\/\/www.eel-fotografie.de\/wp2\/wp-content\/gallery\/post_12_04_2016_DTM_Mediatag_Teaser\/DTM_Panorama-1.jpg\" onerror=\"nggRetryFailedImage(this);\"\/>\n<\/picture>            <\/a>\n                                <\/div>\n        <div class=\"ngg-clear\"><\/div>\n        <\/div>\n<\/p>\n<p style=\"text-align: justify;\">Der DTM Mediatag fand wie jedes Jahr in Hockenheim statt. Neben Pressegespr\u00e4chen, Interviews und Fahrerfotos wurde das neue Technische Reglement f\u00fcr 2016 vorgestellt. W\u00e4hrend sich bei BMW und Audi nicht viel \u00e4nderte, wechselt Mercedes f\u00fcr 2016 das Model. Die Stuttgarter gehen diese Saison mit einem &#8222;<span class=\"mbc-nowrap\"><span class=\"mbc-nowrap\">Mercedes-AMG<\/span> <span class=\"mbc-nowrap\">C 63<\/span><\/span> Coup\u00e9 DTM&#8220; an den Start.<\/p>\n<p style=\"text-align: justify;\"><div class=\"nextgen_pro_thumbnail_grid\" id=\"displayed_gallery_b78810814fd4c140101b2b4ea4a93cf9\"><div id=\"ngg-image-0\" class=\"image-wrapper\"><a href=\"https:\/\/www.eel-fotografie.de\/wp2\/wp-content\/gallery\/post_12_04_2016_DTM_Mediatag_2016\/DSC_5992.jpg\"\n               title=\"&lt;font&gt;\u00a9 eel-fotografie&lt;\/font&gt;\"\n               data-src=\"https:\/\/www.eel-fotografie.de\/wp2\/wp-content\/gallery\/post_12_04_2016_DTM_Mediatag_2016\/DSC_5992.jpg\"\n               data-thumbnail=\"https:\/\/www.eel-fotografie.de\/wp2\/wp-content\/gallery\/post_12_04_2016_DTM_Mediatag_2016\/thumbs\/thumbs_DSC_5992.jpg\"\n               data-image-id=\"2724\"\n               data-title=\"DSC_5992 | \u00a9 eel-fotografie\"\n               data-description=\"&lt;font&gt;\u00a9 eel-fotografie&lt;\/font&gt;\"\n               class=\"shutterset_b78810814fd4c140101b2b4ea4a93cf9\" data-ngg-protect=\"1\"><picture><source srcset='https:\/\/www.eel-fotografie.de\/wp2\/wp-content\/gallery\/post_12_04_2016_DTM_Mediatag_2016\/thumbs\/thumbs_DSC_5992.jpg' media=''><img title=\"DSC_5992 | \u00a9 eel-fotografie\" alt=\"DSC_5992 | \u00a9 eel-fotografie\" width=\"120\" height=\"90\" style=\"max-width:120px;max-height:90px\" src=\"https:\/\/www.eel-fotografie.de\/wp2\/wp-content\/gallery\/post_12_04_2016_DTM_Mediatag_2016\/thumbs\/thumbs_DSC_5992.jpg\" srcset=\"https:\/\/www.eel-fotografie.de\/wp2\/wp-content\/gallery\/post_12_04_2016_DTM_Mediatag_2016\/thumbs\/thumbs_DSC_5992.jpg\" onerror=\"nggRetryFailedImage(this);\"\/><\/picture>                <noscript><img src=\"https:\/\/www.eel-fotografie.de\/wp2\/wp-content\/gallery\/post_12_04_2016_DTM_Mediatag_2016\/thumbs\/thumbs_DSC_5992.jpg\"\n                         title=\"DSC_5992 | \u00a9 eel-fotografie\"\n                         alt=\"DSC_5992 | \u00a9 eel-fotografie\"\n                         width=\"120\"\n                         height=\"90\"\n                         style=\"max-width:100%; height: auto;\"\/><\/noscript><\/a><\/div><div id=\"ngg-image-1\" class=\"image-wrapper\"><a href=\"https:\/\/www.eel-fotografie.de\/wp2\/wp-content\/gallery\/post_12_04_2016_DTM_Mediatag_2016\/DSC_0577.jpg\"\n               title=\"&lt;font&gt;\u00a9 eel-fotografie&lt;\/font&gt;\"\n               data-src=\"https:\/\/www.eel-fotografie.de\/wp2\/wp-content\/gallery\/post_12_04_2016_DTM_Mediatag_2016\/DSC_0577.jpg\"\n               data-thumbnail=\"https:\/\/www.eel-fotografie.de\/wp2\/wp-content\/gallery\/post_12_04_2016_DTM_Mediatag_2016\/thumbs\/thumbs_DSC_0577.jpg\"\n               data-image-id=\"2715\"\n               data-title=\"DSC_0577 | \u00a9 eel-fotografie\"\n               data-description=\"&lt;font&gt;\u00a9 eel-fotografie&lt;\/font&gt;\"\n               class=\"shutterset_b78810814fd4c140101b2b4ea4a93cf9\" data-ngg-protect=\"1\"><picture><source srcset='https:\/\/www.eel-fotografie.de\/wp2\/wp-content\/gallery\/post_12_04_2016_DTM_Mediatag_2016\/thumbs\/thumbs_DSC_0577.jpg' media=''><img title=\"DSC_0577 | \u00a9 eel-fotografie\" alt=\"DSC_0577 | \u00a9 eel-fotografie\" width=\"120\" height=\"90\" style=\"max-width:120px;max-height:90px\" src=\"https:\/\/www.eel-fotografie.de\/wp2\/wp-content\/gallery\/post_12_04_2016_DTM_Mediatag_2016\/thumbs\/thumbs_DSC_0577.jpg\" srcset=\"https:\/\/www.eel-fotografie.de\/wp2\/wp-content\/gallery\/post_12_04_2016_DTM_Mediatag_2016\/thumbs\/thumbs_DSC_0577.jpg\" onerror=\"nggRetryFailedImage(this);\"\/><\/picture>                <noscript><img src=\"https:\/\/www.eel-fotografie.de\/wp2\/wp-content\/gallery\/post_12_04_2016_DTM_Mediatag_2016\/thumbs\/thumbs_DSC_0577.jpg\"\n                         title=\"DSC_0577 | \u00a9 eel-fotografie\"\n                         alt=\"DSC_0577 | \u00a9 eel-fotografie\"\n                         width=\"120\"\n                         height=\"90\"\n                         style=\"max-width:100%; height: auto;\"\/><\/noscript><\/a><\/div><div id=\"ngg-image-2\" class=\"image-wrapper\"><a href=\"https:\/\/www.eel-fotografie.de\/wp2\/wp-content\/gallery\/post_12_04_2016_DTM_Mediatag_2016\/DSC_5984.jpg\"\n               title=\"&lt;font&gt;\u00a9 eel-fotografie&lt;\/font&gt;\"\n               data-src=\"https:\/\/www.eel-fotografie.de\/wp2\/wp-content\/gallery\/post_12_04_2016_DTM_Mediatag_2016\/DSC_5984.jpg\"\n               data-thumbnail=\"https:\/\/www.eel-fotografie.de\/wp2\/wp-content\/gallery\/post_12_04_2016_DTM_Mediatag_2016\/thumbs\/thumbs_DSC_5984.jpg\"\n               data-image-id=\"2723\"\n               data-title=\"DSC_5984 | \u00a9 eel-fotografie\"\n               data-description=\"&lt;font&gt;\u00a9 eel-fotografie&lt;\/font&gt;\"\n               class=\"shutterset_b78810814fd4c140101b2b4ea4a93cf9\" data-ngg-protect=\"1\"><picture><source srcset='https:\/\/www.eel-fotografie.de\/wp2\/wp-content\/gallery\/post_12_04_2016_DTM_Mediatag_2016\/thumbs\/thumbs_DSC_5984.jpg' media=''><img title=\"DSC_5984 | \u00a9 eel-fotografie\" alt=\"DSC_5984 | \u00a9 eel-fotografie\" width=\"120\" height=\"90\" style=\"max-width:120px;max-height:90px\" src=\"https:\/\/www.eel-fotografie.de\/wp2\/wp-content\/gallery\/post_12_04_2016_DTM_Mediatag_2016\/thumbs\/thumbs_DSC_5984.jpg\" srcset=\"https:\/\/www.eel-fotografie.de\/wp2\/wp-content\/gallery\/post_12_04_2016_DTM_Mediatag_2016\/thumbs\/thumbs_DSC_5984.jpg\" onerror=\"nggRetryFailedImage(this);\"\/><\/picture>                <noscript><img src=\"https:\/\/www.eel-fotografie.de\/wp2\/wp-content\/gallery\/post_12_04_2016_DTM_Mediatag_2016\/thumbs\/thumbs_DSC_5984.jpg\"\n                         title=\"DSC_5984 | \u00a9 eel-fotografie\"\n                         alt=\"DSC_5984 | \u00a9 eel-fotografie\"\n                         width=\"120\"\n                         height=\"90\"\n                         style=\"max-width:100%; height: auto;\"\/><\/noscript><\/a><\/div><div id=\"ngg-image-3\" class=\"image-wrapper\"><a href=\"https:\/\/www.eel-fotografie.de\/wp2\/wp-content\/gallery\/post_12_04_2016_DTM_Mediatag_2016\/DSC_6003.jpg\"\n               title=\"&lt;font&gt;\u00a9 eel-fotografie&lt;\/font&gt;\"\n               data-src=\"https:\/\/www.eel-fotografie.de\/wp2\/wp-content\/gallery\/post_12_04_2016_DTM_Mediatag_2016\/DSC_6003.jpg\"\n               data-thumbnail=\"https:\/\/www.eel-fotografie.de\/wp2\/wp-content\/gallery\/post_12_04_2016_DTM_Mediatag_2016\/thumbs\/thumbs_DSC_6003.jpg\"\n               data-image-id=\"2725\"\n               data-title=\"DSC_6003 | \u00a9 eel-fotografie\"\n               data-description=\"&lt;font&gt;\u00a9 eel-fotografie&lt;\/font&gt;\"\n               class=\"shutterset_b78810814fd4c140101b2b4ea4a93cf9\" data-ngg-protect=\"1\"><picture><source srcset='https:\/\/www.eel-fotografie.de\/wp2\/wp-content\/gallery\/post_12_04_2016_DTM_Mediatag_2016\/thumbs\/thumbs_DSC_6003.jpg' media=''><img title=\"DSC_6003 | \u00a9 eel-fotografie\" alt=\"DSC_6003 | \u00a9 eel-fotografie\" width=\"120\" height=\"90\" style=\"max-width:120px;max-height:90px\" src=\"https:\/\/www.eel-fotografie.de\/wp2\/wp-content\/gallery\/post_12_04_2016_DTM_Mediatag_2016\/thumbs\/thumbs_DSC_6003.jpg\" srcset=\"https:\/\/www.eel-fotografie.de\/wp2\/wp-content\/gallery\/post_12_04_2016_DTM_Mediatag_2016\/thumbs\/thumbs_DSC_6003.jpg\" onerror=\"nggRetryFailedImage(this);\"\/><\/picture>                <noscript><img src=\"https:\/\/www.eel-fotografie.de\/wp2\/wp-content\/gallery\/post_12_04_2016_DTM_Mediatag_2016\/thumbs\/thumbs_DSC_6003.jpg\"\n                         title=\"DSC_6003 | \u00a9 eel-fotografie\"\n                         alt=\"DSC_6003 | \u00a9 eel-fotografie\"\n                         width=\"120\"\n                         height=\"90\"\n                         style=\"max-width:100%; height: auto;\"\/><\/noscript><\/a><\/div><br style='clear: both'\/><div id=\"ngg-image-4\" class=\"image-wrapper\"><a href=\"https:\/\/www.eel-fotografie.de\/wp2\/wp-content\/gallery\/post_12_04_2016_DTM_Mediatag_2016\/DSC_0591.jpg\"\n               title=\"&lt;font&gt;\u00a9 eel-fotografie&lt;\/font&gt;\"\n               data-src=\"https:\/\/www.eel-fotografie.de\/wp2\/wp-content\/gallery\/post_12_04_2016_DTM_Mediatag_2016\/DSC_0591.jpg\"\n               data-thumbnail=\"https:\/\/www.eel-fotografie.de\/wp2\/wp-content\/gallery\/post_12_04_2016_DTM_Mediatag_2016\/thumbs\/thumbs_DSC_0591.jpg\"\n               data-image-id=\"2716\"\n               data-title=\"DSC_0591 | \u00a9 eel-fotografie\"\n               data-description=\"&lt;font&gt;\u00a9 eel-fotografie&lt;\/font&gt;\"\n               class=\"shutterset_b78810814fd4c140101b2b4ea4a93cf9\" data-ngg-protect=\"1\"><picture><source srcset='https:\/\/www.eel-fotografie.de\/wp2\/wp-content\/gallery\/post_12_04_2016_DTM_Mediatag_2016\/thumbs\/thumbs_DSC_0591.jpg' media=''><img title=\"DSC_0591 | \u00a9 eel-fotografie\" alt=\"DSC_0591 | \u00a9 eel-fotografie\" width=\"120\" height=\"90\" style=\"max-width:120px;max-height:90px\" src=\"https:\/\/www.eel-fotografie.de\/wp2\/wp-content\/gallery\/post_12_04_2016_DTM_Mediatag_2016\/thumbs\/thumbs_DSC_0591.jpg\" srcset=\"https:\/\/www.eel-fotografie.de\/wp2\/wp-content\/gallery\/post_12_04_2016_DTM_Mediatag_2016\/thumbs\/thumbs_DSC_0591.jpg\" onerror=\"nggRetryFailedImage(this);\"\/><\/picture>                <noscript><img src=\"https:\/\/www.eel-fotografie.de\/wp2\/wp-content\/gallery\/post_12_04_2016_DTM_Mediatag_2016\/thumbs\/thumbs_DSC_0591.jpg\"\n                         title=\"DSC_0591 | \u00a9 eel-fotografie\"\n                         alt=\"DSC_0591 | \u00a9 eel-fotografie\"\n                         width=\"120\"\n                         height=\"90\"\n                         style=\"max-width:100%; height: auto;\"\/><\/noscript><\/a><\/div><div id=\"ngg-image-5\" class=\"image-wrapper\"><a href=\"https:\/\/www.eel-fotografie.de\/wp2\/wp-content\/gallery\/post_12_04_2016_DTM_Mediatag_2016\/DSC_5871.jpg\"\n               title=\"&lt;font&gt;\u00a9 eel-fotografie&lt;\/font&gt;\"\n               data-src=\"https:\/\/www.eel-fotografie.de\/wp2\/wp-content\/gallery\/post_12_04_2016_DTM_Mediatag_2016\/DSC_5871.jpg\"\n               data-thumbnail=\"https:\/\/www.eel-fotografie.de\/wp2\/wp-content\/gallery\/post_12_04_2016_DTM_Mediatag_2016\/thumbs\/thumbs_DSC_5871.jpg\"\n               data-image-id=\"2718\"\n               data-title=\"DSC_5871 | \u00a9 eel-fotografie\"\n               data-description=\"&lt;font&gt;\u00a9 eel-fotografie&lt;\/font&gt;\"\n               class=\"shutterset_b78810814fd4c140101b2b4ea4a93cf9\" data-ngg-protect=\"1\"><picture><source srcset='https:\/\/www.eel-fotografie.de\/wp2\/wp-content\/gallery\/post_12_04_2016_DTM_Mediatag_2016\/thumbs\/thumbs_DSC_5871.jpg' media=''><img title=\"DSC_5871 | \u00a9 eel-fotografie\" alt=\"DSC_5871 | \u00a9 eel-fotografie\" width=\"120\" height=\"90\" style=\"max-width:120px;max-height:90px\" src=\"https:\/\/www.eel-fotografie.de\/wp2\/wp-content\/gallery\/post_12_04_2016_DTM_Mediatag_2016\/thumbs\/thumbs_DSC_5871.jpg\" srcset=\"https:\/\/www.eel-fotografie.de\/wp2\/wp-content\/gallery\/post_12_04_2016_DTM_Mediatag_2016\/thumbs\/thumbs_DSC_5871.jpg\" onerror=\"nggRetryFailedImage(this);\"\/><\/picture>                <noscript><img src=\"https:\/\/www.eel-fotografie.de\/wp2\/wp-content\/gallery\/post_12_04_2016_DTM_Mediatag_2016\/thumbs\/thumbs_DSC_5871.jpg\"\n                         title=\"DSC_5871 | \u00a9 eel-fotografie\"\n                         alt=\"DSC_5871 | \u00a9 eel-fotografie\"\n                         width=\"120\"\n                         height=\"90\"\n                         style=\"max-width:100%; height: auto;\"\/><\/noscript><\/a><\/div><div id=\"ngg-image-6\" class=\"image-wrapper\"><a href=\"https:\/\/www.eel-fotografie.de\/wp2\/wp-content\/gallery\/post_12_04_2016_DTM_Mediatag_2016\/DSC_5900.jpg\"\n               title=\"&lt;font&gt;\u00a9 eel-fotografie&lt;\/font&gt;\"\n               data-src=\"https:\/\/www.eel-fotografie.de\/wp2\/wp-content\/gallery\/post_12_04_2016_DTM_Mediatag_2016\/DSC_5900.jpg\"\n               data-thumbnail=\"https:\/\/www.eel-fotografie.de\/wp2\/wp-content\/gallery\/post_12_04_2016_DTM_Mediatag_2016\/thumbs\/thumbs_DSC_5900.jpg\"\n               data-image-id=\"2719\"\n               data-title=\"DSC_5900 | \u00a9 eel-fotografie\"\n               data-description=\"&lt;font&gt;\u00a9 eel-fotografie&lt;\/font&gt;\"\n               class=\"shutterset_b78810814fd4c140101b2b4ea4a93cf9\" data-ngg-protect=\"1\"><picture><source srcset='https:\/\/www.eel-fotografie.de\/wp2\/wp-content\/gallery\/post_12_04_2016_DTM_Mediatag_2016\/thumbs\/thumbs_DSC_5900.jpg' media=''><img title=\"DSC_5900 | \u00a9 eel-fotografie\" alt=\"DSC_5900 | \u00a9 eel-fotografie\" width=\"120\" height=\"90\" style=\"max-width:120px;max-height:90px\" src=\"https:\/\/www.eel-fotografie.de\/wp2\/wp-content\/gallery\/post_12_04_2016_DTM_Mediatag_2016\/thumbs\/thumbs_DSC_5900.jpg\" srcset=\"https:\/\/www.eel-fotografie.de\/wp2\/wp-content\/gallery\/post_12_04_2016_DTM_Mediatag_2016\/thumbs\/thumbs_DSC_5900.jpg\" onerror=\"nggRetryFailedImage(this);\"\/><\/picture>                <noscript><img src=\"https:\/\/www.eel-fotografie.de\/wp2\/wp-content\/gallery\/post_12_04_2016_DTM_Mediatag_2016\/thumbs\/thumbs_DSC_5900.jpg\"\n                         title=\"DSC_5900 | \u00a9 eel-fotografie\"\n                         alt=\"DSC_5900 | \u00a9 eel-fotografie\"\n                         width=\"120\"\n                         height=\"90\"\n                         style=\"max-width:100%; height: auto;\"\/><\/noscript><\/a><\/div><div id=\"ngg-image-7\" class=\"image-wrapper\"><a href=\"https:\/\/www.eel-fotografie.de\/wp2\/wp-content\/gallery\/post_12_04_2016_DTM_Mediatag_2016\/DSC_0619.jpg\"\n               title=\"&lt;font&gt;\u00a9 eel-fotografie&lt;\/font&gt;\"\n               data-src=\"https:\/\/www.eel-fotografie.de\/wp2\/wp-content\/gallery\/post_12_04_2016_DTM_Mediatag_2016\/DSC_0619.jpg\"\n               data-thumbnail=\"https:\/\/www.eel-fotografie.de\/wp2\/wp-content\/gallery\/post_12_04_2016_DTM_Mediatag_2016\/thumbs\/thumbs_DSC_0619.jpg\"\n               data-image-id=\"2717\"\n               data-title=\"DSC_0619 | \u00a9 eel-fotografie\"\n               data-description=\"&lt;font&gt;\u00a9 eel-fotografie&lt;\/font&gt;\"\n               class=\"shutterset_b78810814fd4c140101b2b4ea4a93cf9\" data-ngg-protect=\"1\"><picture><source srcset='https:\/\/www.eel-fotografie.de\/wp2\/wp-content\/gallery\/post_12_04_2016_DTM_Mediatag_2016\/thumbs\/thumbs_DSC_0619.jpg' media=''><img title=\"DSC_0619 | \u00a9 eel-fotografie\" alt=\"DSC_0619 | \u00a9 eel-fotografie\" width=\"120\" height=\"90\" style=\"max-width:120px;max-height:90px\" src=\"https:\/\/www.eel-fotografie.de\/wp2\/wp-content\/gallery\/post_12_04_2016_DTM_Mediatag_2016\/thumbs\/thumbs_DSC_0619.jpg\" srcset=\"https:\/\/www.eel-fotografie.de\/wp2\/wp-content\/gallery\/post_12_04_2016_DTM_Mediatag_2016\/thumbs\/thumbs_DSC_0619.jpg\" onerror=\"nggRetryFailedImage(this);\"\/><\/picture>                <noscript><img src=\"https:\/\/www.eel-fotografie.de\/wp2\/wp-content\/gallery\/post_12_04_2016_DTM_Mediatag_2016\/thumbs\/thumbs_DSC_0619.jpg\"\n                         title=\"DSC_0619 | \u00a9 eel-fotografie\"\n                         alt=\"DSC_0619 | \u00a9 eel-fotografie\"\n                         width=\"120\"\n                         height=\"90\"\n                         style=\"max-width:100%; height: auto;\"\/><\/noscript><\/a><\/div><br style='clear: both'\/><div id=\"ngg-image-8\" class=\"image-wrapper\"><a href=\"https:\/\/www.eel-fotografie.de\/wp2\/wp-content\/gallery\/post_12_04_2016_DTM_Mediatag_2016\/DSC_5940.jpg\"\n               title=\"&lt;font&gt;\u00a9 eel-fotografie&lt;\/font&gt;\"\n               data-src=\"https:\/\/www.eel-fotografie.de\/wp2\/wp-content\/gallery\/post_12_04_2016_DTM_Mediatag_2016\/DSC_5940.jpg\"\n               data-thumbnail=\"https:\/\/www.eel-fotografie.de\/wp2\/wp-content\/gallery\/post_12_04_2016_DTM_Mediatag_2016\/thumbs\/thumbs_DSC_5940.jpg\"\n               data-image-id=\"2720\"\n               data-title=\"DSC_5940 | \u00a9 eel-fotografie\"\n               data-description=\"&lt;font&gt;\u00a9 eel-fotografie&lt;\/font&gt;\"\n               class=\"shutterset_b78810814fd4c140101b2b4ea4a93cf9\" data-ngg-protect=\"1\"><picture><source srcset='https:\/\/www.eel-fotografie.de\/wp2\/wp-content\/gallery\/post_12_04_2016_DTM_Mediatag_2016\/thumbs\/thumbs_DSC_5940.jpg' media=''><img title=\"DSC_5940 | \u00a9 eel-fotografie\" alt=\"DSC_5940 | \u00a9 eel-fotografie\" width=\"120\" height=\"90\" style=\"max-width:120px;max-height:90px\" src=\"https:\/\/www.eel-fotografie.de\/wp2\/wp-content\/gallery\/post_12_04_2016_DTM_Mediatag_2016\/thumbs\/thumbs_DSC_5940.jpg\" srcset=\"https:\/\/www.eel-fotografie.de\/wp2\/wp-content\/gallery\/post_12_04_2016_DTM_Mediatag_2016\/thumbs\/thumbs_DSC_5940.jpg\" onerror=\"nggRetryFailedImage(this);\"\/><\/picture>                <noscript><img src=\"https:\/\/www.eel-fotografie.de\/wp2\/wp-content\/gallery\/post_12_04_2016_DTM_Mediatag_2016\/thumbs\/thumbs_DSC_5940.jpg\"\n                         title=\"DSC_5940 | \u00a9 eel-fotografie\"\n                         alt=\"DSC_5940 | \u00a9 eel-fotografie\"\n                         width=\"120\"\n                         height=\"90\"\n                         style=\"max-width:100%; height: auto;\"\/><\/noscript><\/a><\/div><div id=\"ngg-image-9\" class=\"image-wrapper\"><a href=\"https:\/\/www.eel-fotografie.de\/wp2\/wp-content\/gallery\/post_12_04_2016_DTM_Mediatag_2016\/DSC_5954.jpg\"\n               title=\"&lt;font&gt;\u00a9 eel-fotografie&lt;\/font&gt;\"\n               data-src=\"https:\/\/www.eel-fotografie.de\/wp2\/wp-content\/gallery\/post_12_04_2016_DTM_Mediatag_2016\/DSC_5954.jpg\"\n               data-thumbnail=\"https:\/\/www.eel-fotografie.de\/wp2\/wp-content\/gallery\/post_12_04_2016_DTM_Mediatag_2016\/thumbs\/thumbs_DSC_5954.jpg\"\n               data-image-id=\"2722\"\n               data-title=\"DSC_5954 | \u00a9 eel-fotografie\"\n               data-description=\"&lt;font&gt;\u00a9 eel-fotografie&lt;\/font&gt;\"\n               class=\"shutterset_b78810814fd4c140101b2b4ea4a93cf9\" data-ngg-protect=\"1\"><picture><source srcset='https:\/\/www.eel-fotografie.de\/wp2\/wp-content\/gallery\/post_12_04_2016_DTM_Mediatag_2016\/thumbs\/thumbs_DSC_5954.jpg' media=''><img title=\"DSC_5954 | \u00a9 eel-fotografie\" alt=\"DSC_5954 | \u00a9 eel-fotografie\" width=\"120\" height=\"90\" style=\"max-width:120px;max-height:90px\" src=\"https:\/\/www.eel-fotografie.de\/wp2\/wp-content\/gallery\/post_12_04_2016_DTM_Mediatag_2016\/thumbs\/thumbs_DSC_5954.jpg\" srcset=\"https:\/\/www.eel-fotografie.de\/wp2\/wp-content\/gallery\/post_12_04_2016_DTM_Mediatag_2016\/thumbs\/thumbs_DSC_5954.jpg\" onerror=\"nggRetryFailedImage(this);\"\/><\/picture>                <noscript><img src=\"https:\/\/www.eel-fotografie.de\/wp2\/wp-content\/gallery\/post_12_04_2016_DTM_Mediatag_2016\/thumbs\/thumbs_DSC_5954.jpg\"\n                         title=\"DSC_5954 | \u00a9 eel-fotografie\"\n                         alt=\"DSC_5954 | \u00a9 eel-fotografie\"\n                         width=\"120\"\n                         height=\"90\"\n                         style=\"max-width:100%; height: auto;\"\/><\/noscript><\/a><\/div><div id=\"ngg-image-10\" class=\"image-wrapper\"><a href=\"https:\/\/www.eel-fotografie.de\/wp2\/wp-content\/gallery\/post_12_04_2016_DTM_Mediatag_2016\/DSC_6079.jpg\"\n               title=\"&lt;font color=&quot;#666666&quot;&gt;\u00a9 eel-fotografie&lt;\/font&gt;\"\n               data-src=\"https:\/\/www.eel-fotografie.de\/wp2\/wp-content\/gallery\/post_12_04_2016_DTM_Mediatag_2016\/DSC_6079.jpg\"\n               data-thumbnail=\"https:\/\/www.eel-fotografie.de\/wp2\/wp-content\/gallery\/post_12_04_2016_DTM_Mediatag_2016\/thumbs\/thumbs_DSC_6079.jpg\"\n               data-image-id=\"2726\"\n               data-title=\"DSC_6079 | \u00a9 eel-fotografie\"\n               data-description=\"&lt;font color=&quot;#666666&quot;&gt;\u00a9 eel-fotografie&lt;\/font&gt;\"\n               class=\"shutterset_b78810814fd4c140101b2b4ea4a93cf9\" data-ngg-protect=\"1\"><picture><source srcset='https:\/\/www.eel-fotografie.de\/wp2\/wp-content\/gallery\/post_12_04_2016_DTM_Mediatag_2016\/thumbs\/thumbs_DSC_6079.jpg' media=''><img title=\"DSC_6079 | \u00a9 eel-fotografie\" alt=\"DSC_6079 | \u00a9 eel-fotografie\" width=\"120\" height=\"90\" style=\"max-width:120px;max-height:90px\" src=\"https:\/\/www.eel-fotografie.de\/wp2\/wp-content\/gallery\/post_12_04_2016_DTM_Mediatag_2016\/thumbs\/thumbs_DSC_6079.jpg\" srcset=\"https:\/\/www.eel-fotografie.de\/wp2\/wp-content\/gallery\/post_12_04_2016_DTM_Mediatag_2016\/thumbs\/thumbs_DSC_6079.jpg\" onerror=\"nggRetryFailedImage(this);\"\/><\/picture>                <noscript><img src=\"https:\/\/www.eel-fotografie.de\/wp2\/wp-content\/gallery\/post_12_04_2016_DTM_Mediatag_2016\/thumbs\/thumbs_DSC_6079.jpg\"\n                         title=\"DSC_6079 | \u00a9 eel-fotografie\"\n                         alt=\"DSC_6079 | \u00a9 eel-fotografie\"\n                         width=\"120\"\n                         height=\"90\"\n                         style=\"max-width:100%; height: auto;\"\/><\/noscript><\/a><\/div><div id=\"ngg-image-11\" class=\"image-wrapper\"><a href=\"https:\/\/www.eel-fotografie.de\/wp2\/wp-content\/gallery\/post_12_04_2016_DTM_Mediatag_2016\/DSC_5947.jpg\"\n               title=\"&lt;font color=&quot;#666666&quot;&gt;\u00a9 eel-fotografie&lt;\/font&gt;\"\n               data-src=\"https:\/\/www.eel-fotografie.de\/wp2\/wp-content\/gallery\/post_12_04_2016_DTM_Mediatag_2016\/DSC_5947.jpg\"\n               data-thumbnail=\"https:\/\/www.eel-fotografie.de\/wp2\/wp-content\/gallery\/post_12_04_2016_DTM_Mediatag_2016\/thumbs\/thumbs_DSC_5947.jpg\"\n               data-image-id=\"2721\"\n               data-title=\"DSC_5947 | \u00a9 eel-fotografie\"\n               data-description=\"&lt;font color=&quot;#666666&quot;&gt;\u00a9 eel-fotografie&lt;\/font&gt;\"\n               class=\"shutterset_b78810814fd4c140101b2b4ea4a93cf9\" data-ngg-protect=\"1\"><picture><source srcset='https:\/\/www.eel-fotografie.de\/wp2\/wp-content\/gallery\/post_12_04_2016_DTM_Mediatag_2016\/thumbs\/thumbs_DSC_5947.jpg' media=''><img title=\"DSC_5947 | \u00a9 eel-fotografie\" alt=\"DSC_5947 | \u00a9 eel-fotografie\" width=\"120\" height=\"90\" style=\"max-width:120px;max-height:90px\" src=\"https:\/\/www.eel-fotografie.de\/wp2\/wp-content\/gallery\/post_12_04_2016_DTM_Mediatag_2016\/thumbs\/thumbs_DSC_5947.jpg\" srcset=\"https:\/\/www.eel-fotografie.de\/wp2\/wp-content\/gallery\/post_12_04_2016_DTM_Mediatag_2016\/thumbs\/thumbs_DSC_5947.jpg\" onerror=\"nggRetryFailedImage(this);\"\/><\/picture>                <noscript><img src=\"https:\/\/www.eel-fotografie.de\/wp2\/wp-content\/gallery\/post_12_04_2016_DTM_Mediatag_2016\/thumbs\/thumbs_DSC_5947.jpg\"\n                         title=\"DSC_5947 | \u00a9 eel-fotografie\"\n                         alt=\"DSC_5947 | \u00a9 eel-fotografie\"\n                         width=\"120\"\n                         height=\"90\"\n                         style=\"max-width:100%; height: auto;\"\/><\/noscript><\/a><\/div><br style='clear: both'\/><div class='ngg-clear'><\/div><\/div>\n<\/p>\n<p>(12 Fotos)<\/p>\n","protected":false},"excerpt":{"rendered":"<p>Der DTM Mediatag fand wie jedes Jahr in Hockenheim statt. Neben Pressegespr\u00e4chen, Interviews und Fahrerfotos wurde das neue Technische Reglement f\u00fcr 2016 vorgestellt. W\u00e4hrend sich bei BMW und Audi nicht viel \u00e4nderte, wechselt Mercedes f\u00fcr 2016 das Model. Die Stuttgarter gehen diese Saison mit einem &#8222;Mercedes-AMG C 63 Coup\u00e9 DTM&#8220; an den Start. (12 Fotos)<\/p>\n","protected":false},"author":1,"featured_media":9113,"comment_status":"closed","ping_status":"closed","sticky":false,"template":"","format":"standard","meta":{"_genesis_hide_title":false,"_genesis_hide_breadcrumbs":false,"_genesis_hide_singular_image":false,"_genesis_hide_footer_widgets":false,"_genesis_custom_body_class":"","_genesis_custom_post_class":"","_genesis_layout":"full-width-content","ngg_post_thumbnail":0,"footnotes":""},"categories":[13,185,17],"tags":[358,74,128,75,12,359,360,361,6,7,10,88,106,77,15,131,16,11],"class_list":{"0":"post-8257","1":"post","2":"type-post","3":"status-publish","4":"format-standard","5":"has-post-thumbnail","7":"category-dtm","8":"category-motorsport","9":"category-sport","10":"tag-358","11":"tag-audi","12":"tag-autorennen","13":"tag-bmw","14":"tag-dtm","15":"tag-dtm-2016","16":"tag-dtm-mediatag","17":"tag-dtm-medientag","18":"tag-eberhard-krieger","19":"tag-eel-fotografie","20":"tag-foto-krieger","21":"tag-hockenheim","22":"tag-itr","23":"tag-mercedes","24":"tag-motorsport","25":"tag-rennwagen","26":"tag-sport","27":"tag-sportfoto-krieger","28":"entry"},"yoast_head":"<!-- This site is optimized with the Yoast SEO plugin v26.5 - https:\/\/yoast.com\/wordpress\/plugins\/seo\/ -->\n<title>DTM Mediatag 2016 - eel-fotografie<\/title>\n<meta name=\"description\" content=\"DTM Mediatag 2016 in Hockenheim. Fahrer und Fahrzeugvorstellung f\u00fcr die Saison 2016.\" \/>\n<meta name=\"robots\" content=\"index, follow, max-snippet:-1, max-image-preview:large, max-video-preview:-1\" \/>\n<link rel=\"canonical\" href=\"https:\/\/www.eel-fotografie.de\/wp2\/dtm-mediatag-2016\/\" \/>\n<meta name=\"twitter:label1\" content=\"Verfasst von\" \/>\n\t<meta name=\"twitter:data1\" content=\"admin\" \/>\n<script type=\"application\/ld+json\" class=\"yoast-schema-graph\">{\"@context\":\"https:\/\/schema.org\",\"@graph\":[{\"@type\":\"Article\",\"@id\":\"https:\/\/www.eel-fotografie.de\/wp2\/dtm-mediatag-2016\/#article\",\"isPartOf\":{\"@id\":\"https:\/\/www.eel-fotografie.de\/wp2\/dtm-mediatag-2016\/\"},\"author\":{\"name\":\"admin\",\"@id\":\"http:\/\/www.eel-fotografie.de\/wp2\/#\/schema\/person\/48b675d7a081d02af2929c3629214db0\"},\"headline\":\"DTM Mediatag 2016\",\"datePublished\":\"2016-04-12T16:12:20+00:00\",\"dateModified\":\"2016-12-04T15:39:31+00:00\",\"mainEntityOfPage\":{\"@id\":\"https:\/\/www.eel-fotografie.de\/wp2\/dtm-mediatag-2016\/\"},\"wordCount\":57,\"publisher\":{\"@id\":\"http:\/\/www.eel-fotografie.de\/wp2\/#organization\"},\"image\":{\"@id\":\"https:\/\/www.eel-fotografie.de\/wp2\/dtm-mediatag-2016\/#primaryimage\"},\"thumbnailUrl\":\"https:\/\/www.eel-fotografie.de\/wp2\/wp-content\/uploads\/DSC_0577.jpg\",\"keywords\":[\"2016\",\"Audi\",\"Autorennen\",\"BMW\",\"DTM\",\"DTM 2016\",\"DTM Mediatag\",\"DTM Medientag\",\"Eberhard Krieger\",\"eel fotografie\",\"foto-krieger\",\"Hockenheim\",\"ITR\",\"Mercedes\",\"Motorsport\",\"Rennwagen\",\"Sport\",\"sportfoto-krieger\"],\"articleSection\":[\"DTM\",\"Motorsport\",\"Sport\"],\"inLanguage\":\"de\"},{\"@type\":\"WebPage\",\"@id\":\"https:\/\/www.eel-fotografie.de\/wp2\/dtm-mediatag-2016\/\",\"url\":\"https:\/\/www.eel-fotografie.de\/wp2\/dtm-mediatag-2016\/\",\"name\":\"DTM Mediatag 2016 - eel-fotografie\",\"isPartOf\":{\"@id\":\"http:\/\/www.eel-fotografie.de\/wp2\/#website\"},\"primaryImageOfPage\":{\"@id\":\"https:\/\/www.eel-fotografie.de\/wp2\/dtm-mediatag-2016\/#primaryimage\"},\"image\":{\"@id\":\"https:\/\/www.eel-fotografie.de\/wp2\/dtm-mediatag-2016\/#primaryimage\"},\"thumbnailUrl\":\"https:\/\/www.eel-fotografie.de\/wp2\/wp-content\/uploads\/DSC_0577.jpg\",\"datePublished\":\"2016-04-12T16:12:20+00:00\",\"dateModified\":\"2016-12-04T15:39:31+00:00\",\"description\":\"DTM Mediatag 2016 in Hockenheim. Fahrer und Fahrzeugvorstellung f\u00fcr die Saison 2016.\",\"breadcrumb\":{\"@id\":\"https:\/\/www.eel-fotografie.de\/wp2\/dtm-mediatag-2016\/#breadcrumb\"},\"inLanguage\":\"de\",\"potentialAction\":[{\"@type\":\"ReadAction\",\"target\":[\"https:\/\/www.eel-fotografie.de\/wp2\/dtm-mediatag-2016\/\"]}]},{\"@type\":\"ImageObject\",\"inLanguage\":\"de\",\"@id\":\"https:\/\/www.eel-fotografie.de\/wp2\/dtm-mediatag-2016\/#primaryimage\",\"url\":\"https:\/\/www.eel-fotografie.de\/wp2\/wp-content\/uploads\/DSC_0577.jpg\",\"contentUrl\":\"https:\/\/www.eel-fotografie.de\/wp2\/wp-content\/uploads\/DSC_0577.jpg\",\"width\":1024,\"height\":681,\"caption\":\"eel-fotografie|fotografie - bildagentur\"},{\"@type\":\"BreadcrumbList\",\"@id\":\"https:\/\/www.eel-fotografie.de\/wp2\/dtm-mediatag-2016\/#breadcrumb\",\"itemListElement\":[{\"@type\":\"ListItem\",\"position\":1,\"name\":\"Home\",\"item\":\"http:\/\/www.eel-fotografie.de\/wp2\/\"},{\"@type\":\"ListItem\",\"position\":2,\"name\":\"DTM Mediatag 2016\"}]},{\"@type\":\"WebSite\",\"@id\":\"http:\/\/www.eel-fotografie.de\/wp2\/#website\",\"url\":\"http:\/\/www.eel-fotografie.de\/wp2\/\",\"name\":\"eel-fotografie\",\"description\":\"fotografie - bildagentur\",\"publisher\":{\"@id\":\"http:\/\/www.eel-fotografie.de\/wp2\/#organization\"},\"potentialAction\":[{\"@type\":\"SearchAction\",\"target\":{\"@type\":\"EntryPoint\",\"urlTemplate\":\"http:\/\/www.eel-fotografie.de\/wp2\/?s={search_term_string}\"},\"query-input\":{\"@type\":\"PropertyValueSpecification\",\"valueRequired\":true,\"valueName\":\"search_term_string\"}}],\"inLanguage\":\"de\"},{\"@type\":\"Organization\",\"@id\":\"http:\/\/www.eel-fotografie.de\/wp2\/#organization\",\"name\":\"eel-fotografie | fotografie - bildagentur\",\"url\":\"http:\/\/www.eel-fotografie.de\/wp2\/\",\"logo\":{\"@type\":\"ImageObject\",\"inLanguage\":\"de\",\"@id\":\"http:\/\/www.eel-fotografie.de\/wp2\/#\/schema\/logo\/image\/\",\"url\":\"http:\/\/www.eel-fotografie.de\/wp2\/wp-content\/uploads\/eel-fotografie_logo_2_500x250.png\",\"contentUrl\":\"http:\/\/www.eel-fotografie.de\/wp2\/wp-content\/uploads\/eel-fotografie_logo_2_500x250.png\",\"width\":500,\"height\":254,\"caption\":\"eel-fotografie | fotografie - bildagentur\"},\"image\":{\"@id\":\"http:\/\/www.eel-fotografie.de\/wp2\/#\/schema\/logo\/image\/\"},\"sameAs\":[\"https:\/\/www.instagram.com\/eelfotografie\/\"]},{\"@type\":\"Person\",\"@id\":\"http:\/\/www.eel-fotografie.de\/wp2\/#\/schema\/person\/48b675d7a081d02af2929c3629214db0\",\"name\":\"admin\",\"image\":{\"@type\":\"ImageObject\",\"inLanguage\":\"de\",\"@id\":\"http:\/\/www.eel-fotografie.de\/wp2\/#\/schema\/person\/image\/\",\"url\":\"https:\/\/secure.gravatar.com\/avatar\/0238886d5b298e452983f5d971ee0c60774f53da880f3705d3087707fa31096c?s=96&d=mm&r=g\",\"contentUrl\":\"https:\/\/secure.gravatar.com\/avatar\/0238886d5b298e452983f5d971ee0c60774f53da880f3705d3087707fa31096c?s=96&d=mm&r=g\",\"caption\":\"admin\"},\"description\":\"Head of eel-fotografie | fotografie-bildagentur\",\"sameAs\":[\"http:\/\/www.eel-fotografie.de\"],\"url\":\"https:\/\/www.eel-fotografie.de\/wp2\/author\/admin\/\"}]}<\/script>\n<!-- \/ Yoast SEO plugin. -->","yoast_head_json":{"title":"DTM Mediatag 2016 - eel-fotografie","description":"DTM Mediatag 2016 in Hockenheim. Fahrer und Fahrzeugvorstellung f\u00fcr die Saison 2016.","robots":{"index":"index","follow":"follow","max-snippet":"max-snippet:-1","max-image-preview":"max-image-preview:large","max-video-preview":"max-video-preview:-1"},"canonical":"https:\/\/www.eel-fotografie.de\/wp2\/dtm-mediatag-2016\/","twitter_misc":{"Verfasst von":"admin"},"schema":{"@context":"https:\/\/schema.org","@graph":[{"@type":"Article","@id":"https:\/\/www.eel-fotografie.de\/wp2\/dtm-mediatag-2016\/#article","isPartOf":{"@id":"https:\/\/www.eel-fotografie.de\/wp2\/dtm-mediatag-2016\/"},"author":{"name":"admin","@id":"http:\/\/www.eel-fotografie.de\/wp2\/#\/schema\/person\/48b675d7a081d02af2929c3629214db0"},"headline":"DTM Mediatag 2016","datePublished":"2016-04-12T16:12:20+00:00","dateModified":"2016-12-04T15:39:31+00:00","mainEntityOfPage":{"@id":"https:\/\/www.eel-fotografie.de\/wp2\/dtm-mediatag-2016\/"},"wordCount":57,"publisher":{"@id":"http:\/\/www.eel-fotografie.de\/wp2\/#organization"},"image":{"@id":"https:\/\/www.eel-fotografie.de\/wp2\/dtm-mediatag-2016\/#primaryimage"},"thumbnailUrl":"https:\/\/www.eel-fotografie.de\/wp2\/wp-content\/uploads\/DSC_0577.jpg","keywords":["2016","Audi","Autorennen","BMW","DTM","DTM 2016","DTM Mediatag","DTM Medientag","Eberhard Krieger","eel fotografie","foto-krieger","Hockenheim","ITR","Mercedes","Motorsport","Rennwagen","Sport","sportfoto-krieger"],"articleSection":["DTM","Motorsport","Sport"],"inLanguage":"de"},{"@type":"WebPage","@id":"https:\/\/www.eel-fotografie.de\/wp2\/dtm-mediatag-2016\/","url":"https:\/\/www.eel-fotografie.de\/wp2\/dtm-mediatag-2016\/","name":"DTM Mediatag 2016 - eel-fotografie","isPartOf":{"@id":"http:\/\/www.eel-fotografie.de\/wp2\/#website"},"primaryImageOfPage":{"@id":"https:\/\/www.eel-fotografie.de\/wp2\/dtm-mediatag-2016\/#primaryimage"},"image":{"@id":"https:\/\/www.eel-fotografie.de\/wp2\/dtm-mediatag-2016\/#primaryimage"},"thumbnailUrl":"https:\/\/www.eel-fotografie.de\/wp2\/wp-content\/uploads\/DSC_0577.jpg","datePublished":"2016-04-12T16:12:20+00:00","dateModified":"2016-12-04T15:39:31+00:00","description":"DTM Mediatag 2016 in Hockenheim. Fahrer und Fahrzeugvorstellung f\u00fcr die Saison 2016.","breadcrumb":{"@id":"https:\/\/www.eel-fotografie.de\/wp2\/dtm-mediatag-2016\/#breadcrumb"},"inLanguage":"de","potentialAction":[{"@type":"ReadAction","target":["https:\/\/www.eel-fotografie.de\/wp2\/dtm-mediatag-2016\/"]}]},{"@type":"ImageObject","inLanguage":"de","@id":"https:\/\/www.eel-fotografie.de\/wp2\/dtm-mediatag-2016\/#primaryimage","url":"https:\/\/www.eel-fotografie.de\/wp2\/wp-content\/uploads\/DSC_0577.jpg","contentUrl":"https:\/\/www.eel-fotografie.de\/wp2\/wp-content\/uploads\/DSC_0577.jpg","width":1024,"height":681,"caption":"eel-fotografie|fotografie - bildagentur"},{"@type":"BreadcrumbList","@id":"https:\/\/www.eel-fotografie.de\/wp2\/dtm-mediatag-2016\/#breadcrumb","itemListElement":[{"@type":"ListItem","position":1,"name":"Home","item":"http:\/\/www.eel-fotografie.de\/wp2\/"},{"@type":"ListItem","position":2,"name":"DTM Mediatag 2016"}]},{"@type":"WebSite","@id":"http:\/\/www.eel-fotografie.de\/wp2\/#website","url":"http:\/\/www.eel-fotografie.de\/wp2\/","name":"eel-fotografie","description":"fotografie - bildagentur","publisher":{"@id":"http:\/\/www.eel-fotografie.de\/wp2\/#organization"},"potentialAction":[{"@type":"SearchAction","target":{"@type":"EntryPoint","urlTemplate":"http:\/\/www.eel-fotografie.de\/wp2\/?s={search_term_string}"},"query-input":{"@type":"PropertyValueSpecification","valueRequired":true,"valueName":"search_term_string"}}],"inLanguage":"de"},{"@type":"Organization","@id":"http:\/\/www.eel-fotografie.de\/wp2\/#organization","name":"eel-fotografie | fotografie - bildagentur","url":"http:\/\/www.eel-fotografie.de\/wp2\/","logo":{"@type":"ImageObject","inLanguage":"de","@id":"http:\/\/www.eel-fotografie.de\/wp2\/#\/schema\/logo\/image\/","url":"http:\/\/www.eel-fotografie.de\/wp2\/wp-content\/uploads\/eel-fotografie_logo_2_500x250.png","contentUrl":"http:\/\/www.eel-fotografie.de\/wp2\/wp-content\/uploads\/eel-fotografie_logo_2_500x250.png","width":500,"height":254,"caption":"eel-fotografie | fotografie - bildagentur"},"image":{"@id":"http:\/\/www.eel-fotografie.de\/wp2\/#\/schema\/logo\/image\/"},"sameAs":["https:\/\/www.instagram.com\/eelfotografie\/"]},{"@type":"Person","@id":"http:\/\/www.eel-fotografie.de\/wp2\/#\/schema\/person\/48b675d7a081d02af2929c3629214db0","name":"admin","image":{"@type":"ImageObject","inLanguage":"de","@id":"http:\/\/www.eel-fotografie.de\/wp2\/#\/schema\/person\/image\/","url":"https:\/\/secure.gravatar.com\/avatar\/0238886d5b298e452983f5d971ee0c60774f53da880f3705d3087707fa31096c?s=96&d=mm&r=g","contentUrl":"https:\/\/secure.gravatar.com\/avatar\/0238886d5b298e452983f5d971ee0c60774f53da880f3705d3087707fa31096c?s=96&d=mm&r=g","caption":"admin"},"description":"Head of eel-fotografie | fotografie-bildagentur","sameAs":["http:\/\/www.eel-fotografie.de"],"url":"https:\/\/www.eel-fotografie.de\/wp2\/author\/admin\/"}]}},"_links":{"self":[{"href":"https:\/\/www.eel-fotografie.de\/wp2\/wp-json\/wp\/v2\/posts\/8257","targetHints":{"allow":["GET"]}}],"collection":[{"href":"https:\/\/www.eel-fotografie.de\/wp2\/wp-json\/wp\/v2\/posts"}],"about":[{"href":"https:\/\/www.eel-fotografie.de\/wp2\/wp-json\/wp\/v2\/types\/post"}],"author":[{"embeddable":true,"href":"https:\/\/www.eel-fotografie.de\/wp2\/wp-json\/wp\/v2\/users\/1"}],"replies":[{"embeddable":true,"href":"https:\/\/www.eel-fotografie.de\/wp2\/wp-json\/wp\/v2\/comments?post=8257"}],"version-history":[{"count":0,"href":"https:\/\/www.eel-fotografie.de\/wp2\/wp-json\/wp\/v2\/posts\/8257\/revisions"}],"wp:featuredmedia":[{"embeddable":true,"href":"https:\/\/www.eel-fotografie.de\/wp2\/wp-json\/wp\/v2\/media\/9113"}],"wp:attachment":[{"href":"https:\/\/www.eel-fotografie.de\/wp2\/wp-json\/wp\/v2\/media?parent=8257"}],"wp:term":[{"taxonomy":"category","embeddable":true,"href":"https:\/\/www.eel-fotografie.de\/wp2\/wp-json\/wp\/v2\/categories?post=8257"},{"taxonomy":"post_tag","embeddable":true,"href":"https:\/\/www.eel-fotografie.de\/wp2\/wp-json\/wp\/v2\/tags?post=8257"}],"curies":[{"name":"wp","href":"https:\/\/api.w.org\/{rel}","templated":true}]}}